{"id":39694,"date":"2020-02-17T10:47:08","date_gmt":"2020-02-17T09:47:08","guid":{"rendered":"http:\/\/hyperbate.fr\/dernier\/?p=39694"},"modified":"2021-01-09T13:51:28","modified_gmt":"2021-01-09T12:51:28","slug":"litteratures-graphiques-contemporaines-9-3-antoine-sausverd","status":"publish","type":"post","link":"https:\/\/hyperbate.fr\/dernier\/?p=39694","title":{"rendered":"Litt\u00e9ratures graphiques contemporaines #9.3 : Antoine Sausverd"},"content":{"rendered":"\n<p>Vendredi 21 f\u00e9vrier 2019, le cycle de conf\u00e9rences <em><a href=\"https:\/\/hyperbate.fr\/dernier\/?p=39598\">Litt\u00e9ratures graphiques contemporaines<\/a><\/em> accueillera le chercheur Antoine Sausverd.<\/p>\n\n\n\n<figure class=\"wp-block-image\"><img decoding=\"async\" width=\"530\" height=\"313\" src=\"\/dernier\/files\/2020\/02\/topfferiana.jpg\" alt=\"\" class=\"wp-image-39696\"\/><\/figure>\n\n\n\n<p>Antoine Sausverd est le fondateur du site <em><a rel=\"noreferrer noopener\" aria-label=\"T\u00f6pfferiana (s\u2019ouvre dans un nouvel onglet)\" href=\"http:\/\/www.topfferiana.fr\/\" target=\"_blank\">T\u00f6pfferiana<\/a><\/em>, sur lequel il effectue un pr\u00e9cieux travail de red\u00e9couverte de l&rsquo;histoire et de la pr\u00e9histoire de la bande dessin\u00e9e, en commen\u00e7ant bien s\u00fbr par le genevois Rodolphe T\u00f6pffer, qui donne son nom au site.<\/p>\n\n\n\n<p>La rencontre aura lieu \u00e0 l\u2019<strong>Universit\u00e9 Paris 8<\/strong>&nbsp;(M\u00e9tro Saint-Denis Universit\u00e9), le&nbsp;<strong>vendredi 21 f\u00e9vrier \u00e0 15 heures, dans la salle A-1-175<\/strong>. Cette troisi\u00e8me s\u00e9ance de la neuvi\u00e8me ann\u00e9e du cycle de conf\u00e9rences est ouverte au public dans la limite des places disponibles.<\/p>\n","protected":false},"excerpt":{"rendered":"<p>Vendredi 21 f\u00e9vrier 2019, le cycle de conf\u00e9rences Litt\u00e9ratures graphiques contemporaines accueillera le chercheur Antoine Sausverd. Antoine Sausverd est le fondateur du site T\u00f6pfferiana, sur lequel il effectue un pr\u00e9cieux travail de red\u00e9couverte de l&rsquo;histoire et de la pr\u00e9histoire de la bande dessin\u00e9e, en commen\u00e7ant bien s\u00fbr par le genevois Rodolphe T\u00f6pffer, qui donne son [&hellip;]<\/p>\n","protected":false},"author":1,"featured_media":0,"comment_status":"open","ping_status":"open","sticky":false,"template":"","format":"standard","meta":{"footnotes":""},"categories":[53,102],"tags":[],"class_list":["post-39694","post","type-post","status-publish","format-standard","hentry","category-bande-dessinee","category-conferences"],"_links":{"self":[{"href":"https:\/\/hyperbate.fr\/dernier\/index.php?rest_route=\/wp\/v2\/posts\/39694","targetHints":{"allow":["GET"]}}],"collection":[{"href":"https:\/\/hyperbate.fr\/dernier\/index.php?rest_route=\/wp\/v2\/posts"}],"about":[{"href":"https:\/\/hyperbate.fr\/dernier\/index.php?rest_route=\/wp\/v2\/types\/post"}],"author":[{"embeddable":true,"href":"https:\/\/hyperbate.fr\/dernier\/index.php?rest_route=\/wp\/v2\/users\/1"}],"replies":[{"embeddable":true,"href":"https:\/\/hyperbate.fr\/dernier\/index.php?rest_route=%2Fwp%2Fv2%2Fcomments&post=39694"}],"version-history":[{"count":3,"href":"https:\/\/hyperbate.fr\/dernier\/index.php?rest_route=\/wp\/v2\/posts\/39694\/revisions"}],"predecessor-version":[{"id":39705,"href":"https:\/\/hyperbate.fr\/dernier\/index.php?rest_route=\/wp\/v2\/posts\/39694\/revisions\/39705"}],"wp:attachment":[{"href":"https:\/\/hyperbate.fr\/dernier\/index.php?rest_route=%2Fwp%2Fv2%2Fmedia&parent=39694"}],"wp:term":[{"taxonomy":"category","embeddable":true,"href":"https:\/\/hyperbate.fr\/dernier\/index.php?rest_route=%2Fwp%2Fv2%2Fcategories&post=39694"},{"taxonomy":"post_tag","embeddable":true,"href":"https:\/\/hyperbate.fr\/dernier\/index.php?rest_route=%2Fwp%2Fv2%2Ftags&post=39694"}],"curies":[{"name":"wp","href":"https:\/\/api.w.org\/{rel}","templated":true}]}}