{"id":395,"date":"2008-06-28T20:23:21","date_gmt":"2008-06-28T19:23:21","guid":{"rendered":"http:\/\/www.hyperbate.com\/dernier\/?p=395"},"modified":"2014-10-28T00:54:00","modified_gmt":"2014-10-27T23:54:00","slug":"ecole-dart-en-danger-2","status":"publish","type":"post","link":"https:\/\/hyperbate.fr\/dernier\/?p=395","title":{"rendered":"\u00c9cole d&rsquo;Art en danger (2)"},"content":{"rendered":"<p><img decoding=\"async\" class=\"imageadroite\" style=\"float: right\" src=\"\/dernier\/files\/2008\/06\/nemo_calamar.gif\" alt=\"\" width=\"220\" height=\"313\" \/>Je pourrais cr\u00e9er une cat\u00e9gorie d&rsquo;articles consacr\u00e9e au sujet des \u00e9coles d&rsquo;art en p\u00e9ril : les \u00e9lections sont pass\u00e9es (les d\u00e9cisions qui provoquent une grogne seront oubli\u00e9es d&rsquo;ici cinq ans, c&rsquo;est le bon moment), nous sommes au d\u00e9but de l&rsquo;\u00e9t\u00e9, le moment est parfait pour saborder les \u00e9coles d&rsquo;art, dont le budget semble \u00e0 certains bien trop important par rapport aux conservatoires de musique ou aux clubs de football.<\/p>\n<p>Cette fois-ci, il s&rsquo;agit de l&rsquo;\u00c9cole Sup\u00e9rieure d&rsquo;Art de Rueil-Malmaison, la seule \u00e9cole sup\u00e9rieure d&rsquo;art territoriale sous tutelle p\u00e9dagogique du minist\u00e8re de la culture en &lsquo;\u00cele-de-France si je ne m&rsquo;abuse\u00a0\u2014 les autres \u00e9coles \u00e9tant des \u00e9tablissement nationaux (Ensba, Ensad, Cergy) ou des \u00e9tablissements d\u00e9pendant de l&rsquo;\u00e9ducation nationale (Arts Appliqu\u00e9s). Je crois que c&rsquo;est aussi une des rares \u00e9coles publiques qui ait une classe de pr\u00e9paration aux \u00e9coles sup\u00e9rieures d&rsquo;art. Pour tout dire la situation me touche particuli\u00e8rement car ma grande fille vient d&rsquo;\u00eatre admise en ann\u00e9e de classe pr\u00e9paratoire.<\/p>\n<p>Parmi les enseignants \u00e0 l&rsquo;\u00c9cole Sup\u00e9rieure d&rsquo;Arts de Rueil, je note des noms comme Pierre de Mah\u00e9as (dont j&rsquo;ai vu une exposition int\u00e9ressante et dr\u00f4le il y a un si\u00e8cle \u00e0 Amiens), Jan Kopp, Jean-Pascal Princiaux, Roberto Martinez, Claude Rutault, B\u00e9atrice Duport (salut B\u00e9atrice) et\u00a0 Aude Du Pasquier (qui ne se rappellera pas de moi mais que j&rsquo;ai connue il y a pas loin de vingt ans, en pr\u00e9pa puis aux Beaux-Arts). L&rsquo;\u00e9cole a par ailleurs une activit\u00e9 d&rsquo;accueil d&rsquo;artistes en r\u00e9sidence et une activit\u00e9 d&rsquo;enseignement \u00ab ouvert \u00bb (ateliers publics). L&rsquo;\u00e9cole m\u00e8ne ses \u00e9tudiants jusqu&rsquo;au Dipl\u00f4me National d&rsquo;Arts Plastiques (3 ans).<\/p>\n<p>Je n&rsquo;ai aucun d\u00e9tail \u00e0 fournir sur la situation exacte dans laquelle se trouve cette \u00e9cole, voici l&rsquo;e-mail que j&rsquo;ai re\u00e7u :<\/p>\n<div class=\"citation\"><em>L\u2019\u00c9cole Sup\u00e9rieure d\u2019Art de Rueil-Malmaison a le regret de vous annoncer sa fin programm\u00e9e. Elle est \u00e9galement fi\u00e8re de vous faire conna\u00eetre sa d\u00e9termination \u00e0 r\u00e9sister, et vous invite \u00e0 l\u2019y aider.<\/em><em>Nous rappelons que cette \u00e9cole existait comme classe pr\u00e9paratoire publique avant d\u2019\u00eatre agr\u00e9\u00e9e par le minist\u00e8re en 2000 ; nous en sommes \u00e0 la cinqui\u00e8me session de dipl\u00f4me DNAP option art, avec des r\u00e9sultats que nous laisserons \u00e0 d\u2019autres le soin de commenter en d\u00e9tails, mais qui sont ordinairement consid\u00e9r\u00e9s comme tr\u00e8s bons (pour information, la session 2008 : 19 candidats, 19 re\u00e7us, \u20285 mentions, 5 f\u00e9licitations). Notre qualit\u00e9 de fonctionnement n\u2019est remise en question par personne.<\/em><\/p>\n<p><em>Pourtant, la mairie prend aujourd\u2019hui unilat\u00e9ralement la d\u00e9cision d\u2019un d\u00e9sengagement en arguant des raisons \u00e9conomiques ; le minist\u00e8re de la culture se borne \u00e0 d\u00e9plorer.<br \/>\nCette situation h\u00e9las risque de se propager \u00e0 l\u2019\u00e9chelle nationale, d\u2019autres liquidations suivront bient\u00f4t sans doute.<\/em><\/p>\n<p><em>Si cette d\u00e9cision \u00e9tait maintenue, ce serait l\u2019une des quatre \u00e9coles sup\u00e9rieures d\u2019art d\u2019\u00cele de France qui dispara\u00eetrait, ce qui constitue une aberration, vue l\u2019insuffisance d\u00e9j\u00e0 notoire de l\u2019offre par rapport \u00e0 la population des \u00e9tudiants concern\u00e9s.<\/em><\/p>\n<p style=\"text-align: left\"><em>Faites circuler cette information et envoyez-nous vos mails de soutien \u00e0 : urgence_ecoledartsderueil(at)yahoo.fr<\/em><\/p>\n<\/div>\n<p style=\"text-align: left\">J&rsquo;ai par ailleurs re\u00e7u l&rsquo;adresse d&rsquo;<a href=\"http:\/\/www.lapetition.com\/sign1.cfm?numero=1845\" target=\"_blank\">une p\u00e9tition \u00e0 signer<\/a>.<br \/>\nJ&rsquo;ajouterais sur cette page toute information suppl\u00e9mentaire qui me sera envoy\u00e9e.<\/p>\n<p style=\"text-align: left\"><em>Mise-\u00e0-jour 29\/06\/08 \u00e0 00:11. Il semble que la ville de Rueil-Malmaison (maire : Patrick Ollier, UMP, depuis 2004) envisage de se d\u00e9sengager totalement de l&rsquo;\u00e9cole. L&rsquo;\u00e9cole continuerait \u00e0 exister pour les \u00e9tudiants actuels mais plus aucun concours n&rsquo;aurait lieu \u00e0 l&rsquo;avenir \u00e0 moins que l&rsquo;\u00e9tablissement ne trouve un \u00ab\u00a0repreneur\u00a0\u00bb (conseil g\u00e9n\u00e9ral, r\u00e9gion,&#8230; ?).<\/em><\/p>\n<p style=\"text-align: left\"><em>Mise-\u00e0-jour 01\/07\/08 \u00e0 19:26. On me signale un site consacr\u00e9 \u00e0 faire circuler l&rsquo;information concernant les d\u00e9boires subis par l&rsquo;\u00e9cole d&rsquo;art de Rueil : <a href=\"http:\/\/www.esarueil.info\/\">http:\/\/www.esarueil.info<\/a><\/em><\/p>\n","protected":false},"excerpt":{"rendered":"<p>Je pourrais cr\u00e9er une cat\u00e9gorie d&rsquo;articles consacr\u00e9e au sujet des \u00e9coles d&rsquo;art en p\u00e9ril : les \u00e9lections sont pass\u00e9es (les d\u00e9cisions qui provoquent une grogne seront oubli\u00e9es d&rsquo;ici cinq ans, c&rsquo;est le bon moment), nous sommes au d\u00e9but de l&rsquo;\u00e9t\u00e9, le moment est parfait pour saborder les \u00e9coles d&rsquo;art, dont le budget semble \u00e0 certains [&hellip;]<\/p>\n","protected":false},"author":1,"featured_media":0,"comment_status":"open","ping_status":"open","sticky":false,"template":"","format":"standard","meta":{"footnotes":""},"categories":[10,38],"tags":[],"class_list":["post-395","post","type-post","status-publish","format-standard","hentry","category-dans-la-boite-aux-lettres","category-pas-gai"],"_links":{"self":[{"href":"https:\/\/hyperbate.fr\/dernier\/index.php?rest_route=\/wp\/v2\/posts\/395","targetHints":{"allow":["GET"]}}],"collection":[{"href":"https:\/\/hyperbate.fr\/dernier\/index.php?rest_route=\/wp\/v2\/posts"}],"about":[{"href":"https:\/\/hyperbate.fr\/dernier\/index.php?rest_route=\/wp\/v2\/types\/post"}],"author":[{"embeddable":true,"href":"https:\/\/hyperbate.fr\/dernier\/index.php?rest_route=\/wp\/v2\/users\/1"}],"replies":[{"embeddable":true,"href":"https:\/\/hyperbate.fr\/dernier\/index.php?rest_route=%2Fwp%2Fv2%2Fcomments&post=395"}],"version-history":[{"count":0,"href":"https:\/\/hyperbate.fr\/dernier\/index.php?rest_route=\/wp\/v2\/posts\/395\/revisions"}],"wp:attachment":[{"href":"https:\/\/hyperbate.fr\/dernier\/index.php?rest_route=%2Fwp%2Fv2%2Fmedia&parent=395"}],"wp:term":[{"taxonomy":"category","embeddable":true,"href":"https:\/\/hyperbate.fr\/dernier\/index.php?rest_route=%2Fwp%2Fv2%2Fcategories&post=395"},{"taxonomy":"post_tag","embeddable":true,"href":"https:\/\/hyperbate.fr\/dernier\/index.php?rest_route=%2Fwp%2Fv2%2Ftags&post=395"}],"curies":[{"name":"wp","href":"https:\/\/api.w.org\/{rel}","templated":true}]}}