{"id":39471,"date":"2019-03-25T09:13:06","date_gmt":"2019-03-25T08:13:06","guid":{"rendered":"http:\/\/hyperbate.fr\/dernier\/?p=39471"},"modified":"2019-03-25T09:13:08","modified_gmt":"2019-03-25T08:13:08","slug":"litteratures-graphiques-contemporaines-8-3-laetitia-coryn","status":"publish","type":"post","link":"https:\/\/hyperbate.fr\/dernier\/?p=39471","title":{"rendered":"Litt\u00e9ratures graphiques contemporaines #8.3 : Laetitia Coryn"},"content":{"rendered":"\n<p>Vendredi 29 mars 2019, le cycle de conf\u00e9rences <em><a href=\"https:\/\/hyperbate.fr\/dernier\/?p=38609\">Litt\u00e9ratures graphiques contemporaines<\/a><\/em> accueillera Laetitia Coryn.<\/p>\n\n\n\n<p>Laetitia Coryn, n\u00e9e en 1984, est issue d&rsquo;une famille d&rsquo;acteurs. Il lui arrive d&rsquo;ailleurs de faire du doublage pour le cin\u00e9ma et la t\u00e9l\u00e9vision, mais c&rsquo;est avant tout pour son \u0153uvre d&rsquo;autrice de bandes dessin\u00e9es, aux th\u00e8mes et aux graphismes \u00e9clectiques, que nous la rencontrerons.<\/p>\n\n\n\n<figure class=\"wp-block-image\"><img decoding=\"async\" width=\"530\" height=\"430\" src=\"\/dernier\/files\/2019\/03\/laetitia_coryn.jpg\" alt=\"\" class=\"wp-image-39476\"\/><\/figure>\n\n\n\n<p>La rencontre aura lieu \u00e0 l\u2019<strong>Universit\u00e9 Paris 8<\/strong> (M\u00e9tro Saint-Denis Universit\u00e9), le <strong>vendredi 29 mars \u00e0 15 heures, dans la salle A-1-175<\/strong>. Cette troisi\u00e8me s\u00e9ance de la huiti\u00e8me ann\u00e9e du cycle de conf\u00e9rences est ouverte au public dans la limite des places disponibles.<\/p>\n","protected":false},"excerpt":{"rendered":"<p>Vendredi 29 mars 2019, le cycle de conf\u00e9rences Litt\u00e9ratures graphiques contemporaines accueillera Laetitia Coryn. Laetitia Coryn, n\u00e9e en 1984, est issue d&rsquo;une famille d&rsquo;acteurs. Il lui arrive d&rsquo;ailleurs de faire du doublage pour le cin\u00e9ma et la t\u00e9l\u00e9vision, mais c&rsquo;est avant tout pour son \u0153uvre d&rsquo;autrice de bandes dessin\u00e9es, aux th\u00e8mes et aux graphismes \u00e9clectiques, [&hellip;]<\/p>\n","protected":false},"author":1,"featured_media":0,"comment_status":"open","ping_status":"open","sticky":false,"template":"","format":"standard","meta":{"footnotes":""},"categories":[1],"tags":[],"class_list":["post-39471","post","type-post","status-publish","format-standard","hentry","category-non-classe"],"_links":{"self":[{"href":"https:\/\/hyperbate.fr\/dernier\/index.php?rest_route=\/wp\/v2\/posts\/39471","targetHints":{"allow":["GET"]}}],"collection":[{"href":"https:\/\/hyperbate.fr\/dernier\/index.php?rest_route=\/wp\/v2\/posts"}],"about":[{"href":"https:\/\/hyperbate.fr\/dernier\/index.php?rest_route=\/wp\/v2\/types\/post"}],"author":[{"embeddable":true,"href":"https:\/\/hyperbate.fr\/dernier\/index.php?rest_route=\/wp\/v2\/users\/1"}],"replies":[{"embeddable":true,"href":"https:\/\/hyperbate.fr\/dernier\/index.php?rest_route=%2Fwp%2Fv2%2Fcomments&post=39471"}],"version-history":[{"count":3,"href":"https:\/\/hyperbate.fr\/dernier\/index.php?rest_route=\/wp\/v2\/posts\/39471\/revisions"}],"predecessor-version":[{"id":39477,"href":"https:\/\/hyperbate.fr\/dernier\/index.php?rest_route=\/wp\/v2\/posts\/39471\/revisions\/39477"}],"wp:attachment":[{"href":"https:\/\/hyperbate.fr\/dernier\/index.php?rest_route=%2Fwp%2Fv2%2Fmedia&parent=39471"}],"wp:term":[{"taxonomy":"category","embeddable":true,"href":"https:\/\/hyperbate.fr\/dernier\/index.php?rest_route=%2Fwp%2Fv2%2Fcategories&post=39471"},{"taxonomy":"post_tag","embeddable":true,"href":"https:\/\/hyperbate.fr\/dernier\/index.php?rest_route=%2Fwp%2Fv2%2Ftags&post=39471"}],"curies":[{"name":"wp","href":"https:\/\/api.w.org\/{rel}","templated":true}]}}