{"id":39462,"date":"2019-03-02T19:02:50","date_gmt":"2019-03-02T18:02:50","guid":{"rendered":"http:\/\/hyperbate.fr\/dernier\/?p=39462"},"modified":"2019-03-02T19:02:52","modified_gmt":"2019-03-02T18:02:52","slug":"litteratures-graphiques-contemporaines-8-2-thomas-ragon","status":"publish","type":"post","link":"https:\/\/hyperbate.fr\/dernier\/?p=39462","title":{"rendered":"Litt\u00e9ratures graphiques contemporaines #8.2 : Thomas Ragon"},"content":{"rendered":"\n<p>Vendredi 8 mars 2019, le cycle de conf\u00e9rences <em><a href=\"https:\/\/hyperbate.fr\/dernier\/?p=38609\">Litt\u00e9ratures graphiques contemporaines<\/a><\/em> accueillera Thomas Ragon.<\/p>\n\n\n\n<p>Thomas Ragon a \u00e9t\u00e9 employ\u00e9 par les \u00e9ditions Delcourt et est d\u00e9sormais directeur de collection pour les \u00e9ditions Dargaud. Il nous parlera de son rapport aux projets d&rsquo;\u00e9dition et \u00e0 leurs auteurs, nous permettant d&rsquo;en savoir plus sur son myst\u00e9rieux et m\u00e9connu m\u00e9tier : \u00e9diteur.<\/p>\n\n\n\n<div class=\"wp-block-image\"><figure class=\"aligncenter\"><img decoding=\"async\" width=\"530\" height=\"354\" src=\"\/dernier\/files\/2019\/03\/Thomas_ragon.jpg\" alt=\"\" class=\"wp-image-39466\"\/><\/figure><\/div>\n\n\n\n<p>La rencontre aura lieu \u00e0 l\u2019<strong>Universit\u00e9 Paris 8<\/strong> (M\u00e9tro Saint-Denis Universit\u00e9), le <strong>vendredi 8 mars \u00e0 15 heures, dans la salle A-1-175<\/strong>. Cette seconde s\u00e9ance de la huiti\u00e8me ann\u00e9e du cycle de conf\u00e9rences est ouverte au public dans la limite des places disponibles.<\/p>\n","protected":false},"excerpt":{"rendered":"<p>Vendredi 8 mars 2019, le cycle de conf\u00e9rences Litt\u00e9ratures graphiques contemporaines accueillera Thomas Ragon. Thomas Ragon a \u00e9t\u00e9 employ\u00e9 par les \u00e9ditions Delcourt et est d\u00e9sormais directeur de collection pour les \u00e9ditions Dargaud. Il nous parlera de son rapport aux projets d&rsquo;\u00e9dition et \u00e0 leurs auteurs, nous permettant d&rsquo;en savoir plus sur son myst\u00e9rieux et [&hellip;]<\/p>\n","protected":false},"author":1,"featured_media":0,"comment_status":"open","ping_status":"open","sticky":false,"template":"","format":"standard","meta":{"footnotes":""},"categories":[53,102],"tags":[],"class_list":["post-39462","post","type-post","status-publish","format-standard","hentry","category-bande-dessinee","category-conferences"],"_links":{"self":[{"href":"https:\/\/hyperbate.fr\/dernier\/index.php?rest_route=\/wp\/v2\/posts\/39462","targetHints":{"allow":["GET"]}}],"collection":[{"href":"https:\/\/hyperbate.fr\/dernier\/index.php?rest_route=\/wp\/v2\/posts"}],"about":[{"href":"https:\/\/hyperbate.fr\/dernier\/index.php?rest_route=\/wp\/v2\/types\/post"}],"author":[{"embeddable":true,"href":"https:\/\/hyperbate.fr\/dernier\/index.php?rest_route=\/wp\/v2\/users\/1"}],"replies":[{"embeddable":true,"href":"https:\/\/hyperbate.fr\/dernier\/index.php?rest_route=%2Fwp%2Fv2%2Fcomments&post=39462"}],"version-history":[{"count":3,"href":"https:\/\/hyperbate.fr\/dernier\/index.php?rest_route=\/wp\/v2\/posts\/39462\/revisions"}],"predecessor-version":[{"id":39469,"href":"https:\/\/hyperbate.fr\/dernier\/index.php?rest_route=\/wp\/v2\/posts\/39462\/revisions\/39469"}],"wp:attachment":[{"href":"https:\/\/hyperbate.fr\/dernier\/index.php?rest_route=%2Fwp%2Fv2%2Fmedia&parent=39462"}],"wp:term":[{"taxonomy":"category","embeddable":true,"href":"https:\/\/hyperbate.fr\/dernier\/index.php?rest_route=%2Fwp%2Fv2%2Fcategories&post=39462"},{"taxonomy":"post_tag","embeddable":true,"href":"https:\/\/hyperbate.fr\/dernier\/index.php?rest_route=%2Fwp%2Fv2%2Ftags&post=39462"}],"curies":[{"name":"wp","href":"https:\/\/api.w.org\/{rel}","templated":true}]}}