{"id":38841,"date":"2018-08-15T13:14:16","date_gmt":"2018-08-15T11:14:16","guid":{"rendered":"http:\/\/hyperbate.fr\/dernier\/?p=38841"},"modified":"2018-08-15T13:18:06","modified_gmt":"2018-08-15T11:18:06","slug":"lindividu-dans-la-foule","status":"publish","type":"post","link":"https:\/\/hyperbate.fr\/dernier\/?p=38841","title":{"rendered":"L&rsquo;individu dans la foule"},"content":{"rendered":"<p><em>(r\u00e9sumons le contexte pour ceux qui liront cet article dans quelques ann\u00e9es : en marge de l&rsquo;affaire Benalla [garde du corps du pr\u00e9sident film\u00e9 en train de brutaliser des manifestants alors qu&rsquo;il accompagnait les forces de l&rsquo;ordre en tant qu&rsquo;observateur], une \u00e9tude largement relay\u00e9e par les sympathisants du parti au pouvoir laissait penser (du moins dans sa pr\u00e9sentation m\u00e9diatique) que l&#8217;emballement qui a entour\u00e9 l&rsquo;affaire avait \u00e9t\u00e9 orchestr\u00e9 par des comptes r\u00e9put\u00e9s russophiles dans le but de d\u00e9stabiliser le pays. L&rsquo;organisme qui a produit l&rsquo;\u00e9tude a tent\u00e9 de justifier ses conclusions (moins tranch\u00e9es) en publiant des fichiers permettant de comprendre sa m\u00e9thodologie, cr\u00e9ant un nouveau choc pour de nombreux utilisateurs list\u00e9s, qui se sont sentis espionn\u00e9s, pist\u00e9s et se sont pos\u00e9 la question de la l\u00e9gitimit\u00e9 juridique du fichier&#8230;<\/em>)<\/p>\n<div id=\"attachment_38892\" style=\"width: 540px\" class=\"wp-caption aligncenter\"><img decoding=\"async\" aria-describedby=\"caption-attachment-38892\" class=\"size-full wp-image-38892\" src=\"\/dernier\/files\/2018\/08\/arrestation.jpg\" alt=\"\" width=\"530\" height=\"404\" \/><p id=\"caption-attachment-38892\" class=\"wp-caption-text\">La photo id\u00e9ale pour illustrer cet article. Diffus\u00e9e en 2013 par un blogueur, elle repr\u00e9sente l&rsquo;arrestation de Val\u00e9ri Terekhov, militant d\u00e9mocrate, \u00e0 Saint-Petersbourg en 1989. Certains ont reconnu en l&rsquo;homme de gauche celui qui allait diriger la Russie, Vladimir Poutine \u2014 venu observer et donner un coup de main, comme Alexandre Benalla ? Le Kremlin a ni\u00e9 cette possibilit\u00e9, <a href=\"https:\/\/www.7sur7.be\/7s7\/fr\/1505\/Monde\/article\/detail\/1676145\/2013\/07\/26\/Le-Kremlin-conteste-la-validite-d-une-photo-de-Poutine-arretant-un-dissident.dhtml\" target=\"_blank\" rel=\"noopener\">rappelant<\/a> qu&rsquo;\u00e0 l&rsquo;\u00e9poque de l&rsquo;arrestation, Vladimir Poutine se trouvait en Allemagne de l&rsquo;Est, dont il n&rsquo;est rentr\u00e9 que trois mois plus tard, et portant le doute sur la v\u00e9racit\u00e9 historique de l&rsquo;arrestation elle-m\u00eame. \u00c0 chacun de d\u00e9cider sa v\u00e9rit\u00e9 selon ses pr\u00e9jug\u00e9s et son envie de croire \u00e0 telle ou telle v\u00e9rit\u00e9, donc.<\/p><\/div>\n<p>Le chercheur Nicolas Vanderbiest<sup><a href=\"#footnote_1_38841\" id=\"identifier_1_38841\" class=\"footnote-link footnote-identifier-link\" title=\"Nicolas Vanderbiest est doctorant &agrave; l&rsquo;Universit&eacute; de Louvain. Ses d&eacute;tracteurs r&eacute;cents se sont ridiculis&eacute;s en l&rsquo;accusant de mentir sur ses qualifications universitaires, car ils confondaient doctorant (pr&eacute;parant une th&egrave;se de doctorat) et docteur.\">1<\/a><\/sup> s&rsquo;est fait en quelques ann\u00e9es une (plut\u00f4t bonne) r\u00e9putation en publiant sur son blog <em><a href=\"http:\/\/www.reputatiolab.com\/\" target=\"_blank\" rel=\"noopener\">ReputatioLab<\/a><\/em> des analyses de la diffusion des id\u00e9es et de l&rsquo;\u00e9volution des images de marque sur les r\u00e9seaux sociaux, notamment sous l&rsquo;angle de la manipulation. Jusqu&rsquo;ici je ne me souviens pas avoir lu quiconque s&rsquo;inqui\u00e9ter de la collecte de donn\u00e9es\u00a0nominales qu&rsquo;implique \u00e9videmment son travail.<br \/>\nNicolas Vanderbiest et quelques autres personnes ont fond\u00e9 une organisation non gouvernementale, <em><a href=\"http:\/\/www.disinfo.eu\/\" target=\"_blank\" rel=\"noopener\">EU Dinifolab<\/a><\/em>, qui se donne pour mission, en ces temps de soup\u00e7on g\u00e9n\u00e9ralis\u00e9, d&rsquo;\u00e9tudier les vecteurs de d\u00e9sinformation sur les r\u00e9seaux sociaux. Noble t\u00e2che qui a re\u00e7u le soutien financier d&rsquo;<em>Open Society Foundations<\/em> (seconde fondation philanthropique la plus g\u00e9n\u00e9reuse du monde, fond\u00e9e par Georges Soros) et de <em>Twitter<\/em>. Il faut dire que <em>Twitter<\/em> essuie de nombreuses critiques quant \u00e0 son r\u00f4le dans l&rsquo;\u00e9lection de Donald Trump et a tout int\u00e9r\u00eat \u00e0 faire preuve de bonne volont\u00e9 dans la traque aux <em>\u00ab\u00a0fake news\u00a0\u00bb<\/em>. Et comme on ne peut \u00eatre juge et partie, cette bonne volont\u00e9 passe par le fait de travailler avec des organismes ext\u00e9rieurs. J&rsquo;imagine que <em>Twitter<\/em> peut avoir une seconde motivation \u00e0 voir analyser la mani\u00e8re dont les id\u00e9es se diffusent sur sa plate-forme, puisque la rentabilit\u00e9 financi\u00e8re du r\u00e9seau social, qui repose sur la publicit\u00e9, est loin d&rsquo;\u00eatre acquise : pour vendre de l&rsquo;influence, il faut comprendre au mieux ses m\u00e9canismes.\u00a0<span style=\"font-weight: 300;\">Au passage, on notera que l&rsquo;ONG <em>EU Disinfolab<\/em> poss\u00e8de en grande partie le m\u00eame organigramme<sup><a href=\"#footnote_2_38841\" id=\"identifier_2_38841\" class=\"footnote-link footnote-identifier-link\" title=\"Gary Machado, Alexandre Alaphilippe et Nicolas Vanderbiest.\">2<\/a><\/sup> que la soci\u00e9t\u00e9 <\/span><em><a style=\"font-weight: 300;\" href=\"http:\/\/www.saper-vedere.eu\/\" target=\"_blank\" rel=\"noopener\">Saper Vedere<\/a><\/em><span style=\"font-weight: 300;\">, qui monnaye son expertise sur les m\u00eames sujets. L&rsquo;association \u00e0 but non lucratif servirait \u00e0 faire conna\u00eetre les m\u00e9thodes de la soci\u00e9t\u00e9 v\u00e9nale qui, elle, permettrait de financer ou de donner de la cr\u00e9dibilit\u00e9 \u00e0 l&rsquo;association ? Je ne sais pas trop quel est la mani\u00e8re dont ces gens voient les choses mais il n&rsquo;est pas absurde de redouter un m\u00e9lange des genres, voire un conflit d&rsquo;int\u00e9r\u00eat : \u00e9tude scientifique, activisme en faveur de la v\u00e9rit\u00e9 et prestations de service en relations publiques sont trois domaines qu&rsquo;il est risqu\u00e9 d&rsquo;associer, quand bien m\u00eame les structures (acad\u00e9mique, associative et commerciale) sont distinctes, car les personnes ne le sont pas. Casse-t\u00eate ironique pour des gens qui se passionnent pour l&rsquo;\u00e9tude des liens sociaux et dont le travail revient souvent \u00e0 dire que\u00a0<em>\u00ab\u00a0qui s&rsquo;assemble se ressemble\u00a0\u00bb<\/em>.<\/span><\/p>\n<div id=\"attachment_38948\" style=\"width: 540px\" class=\"wp-caption aligncenter\"><img decoding=\"async\" aria-describedby=\"caption-attachment-38948\" class=\"size-full wp-image-38948\" src=\"\/dernier\/files\/2018\/08\/carte.png\" alt=\"\" width=\"530\" height=\"530\" srcset=\"https:\/\/hyperbate.fr\/dernier\/files\/2018\/08\/carte.png 530w, https:\/\/hyperbate.fr\/dernier\/files\/2018\/08\/carte-180x180.png 180w\" sizes=\"(max-width: 530px) 100vw, 530px\" \/><p id=\"caption-attachment-38948\" class=\"wp-caption-text\">Les jolies repr\u00e9sentations de donn\u00e9es&#8230; Je ne suis ni statisticien ni politologue mais le d\u00e9coupage des utilisateurs de Twitter en quatre grands groupes d&rsquo;affiliation politique (vert d&rsquo;eau : droite souverainiste et manif pour tous ; vert de gris : droite souverainiste et manif pour tous ; Rouille terne : France Insoumise ; magenta : R\u00e9publique en marche, m\u00e9dias et sans opinion claire) me semble un peu douteux du fait de son caract\u00e8re auto-r\u00e9f\u00e9rentiel : les groupes sont observ\u00e9s en m\u00eame temps qu&rsquo;ils sont arbitrairement d\u00e9termin\u00e9s&#8230;<\/p><\/div>\n<p>En dehors du soutien financier de\u00a0<em>Twitter<\/em>\u00a0et d&rsquo;<em>Open Society Foundations<\/em>,\u00a0<em>DisinfoLab<\/em> b\u00e9n\u00e9ficie d&rsquo;un soutien de nature ind\u00e9finie de la part de l&rsquo;Union europ\u00e9enne, de la part du think-tank <a href=\"http:\/\/www.europeanvalues.net\/\" target=\"_blank\" rel=\"noopener\"><em>European values<\/em><\/a> (si quelqu&rsquo;un peut dire en quoi consistent les \u00ab\u00a0valeurs de l&rsquo;Europe\u00a0\u00bb en 2018&#8230; Si je me fie au site, il s&rsquo;agit surtout de surveiller le Kremlin), de l&rsquo;organisation <a href=\"https:\/\/defending-democracy.org\/about\/\" target=\"_blank\" rel=\"noopener\"><em>Defending democracy<\/em><\/a> (qui se donne pour unique mission de d\u00e9fendre le monde contre la Russie !) ou encore d&rsquo;<em><a href=\"https:\/\/en.wikipedia.org\/wiki\/Atlantic_Council\" target=\"_blank\" rel=\"noopener\">Atlantic Council<\/a><\/em>, un vieux et puissant groupe d&rsquo;influence destin\u00e9 \u00e0 promouvoir l&rsquo;id\u00e9ologie atlantiste dans le domaine politique et financier. Ce choix de partenaires n&rsquo;est pas tr\u00e8s judicieux, car la plupart n&rsquo;ont pas vraiment le c\u0153ur pur, si j&rsquo;ose dire, puisque ce qu&rsquo;ils appellent \u00ab\u00a0d\u00e9fense de la d\u00e9mocratie\u00a0\u00bb est avant tout une d\u00e9fense du bloc de l&rsquo;Ouest, et ce qu&rsquo;ils appellent \u00ab\u00a0mensonge\u00a0\u00bb ou \u00ab\u00a0propagande\u00a0\u00bb, c&rsquo;est le point de vue du bloc de l&rsquo;Est. Car \u00e0 l&rsquo;Ouest comme \u00e0 l&rsquo;Est, la Guerre froide est loin d&rsquo;\u00eatre termin\u00e9e. Il est certain qu&rsquo;il existe de nombreux m\u00e9dias de propagande destin\u00e9s \u00e0 soutenir les int\u00e9r\u00eats de tel ou tel pays, soit de mani\u00e8re grossi\u00e8re (l&rsquo;agence russe <em>Sputnik<\/em>, le r\u00e9seau <em>Voice of Amerca<\/em> pour les \u00c9tats-Unis,&#8230;), soit de mani\u00e8re plus fine et relativement honn\u00eate (RFI, BBC World, Al-Jazira), soit de mani\u00e8re plus fourbe<sup><a href=\"#footnote_3_38841\" id=\"identifier_3_38841\" class=\"footnote-link footnote-identifier-link\" title=\"Citons par exemple AWDnews, site multilingue financ&eacute; par une quelconque monarchie du Golfe, qui se fait passer pour une initiative spontan&eacute;e d&rsquo;&eacute;tudiants europ&eacute;ens passionn&eacute;s d&rsquo;information.\">3<\/a><\/sup>, et il est tr\u00e8s probable, ou plut\u00f4t il est \u00e9vident, que les r\u00e9seaux sociaux sont utilis\u00e9s insidieusement pour servir les relations publiques de tel ou tel \u00c9tat en appliquant des m\u00e9thodes d&rsquo;Edward Bernays ou en profitant des d\u00e9couvertes de la psychologie sociale quant \u00e0 la mani\u00e8re dont le groupe contribue \u00e0 fa\u00e7onner l&rsquo;opinion individuelle.<br \/>\nAnalyser ou \u00e9tudier ce ph\u00e9nom\u00e8ne me semble aussi important que l\u00e9gitime, mais pour toutes les raisons que je viens de dire, <em>EU Disinfolab<\/em>\u00a0peut difficilement esquiver les accusations de biais.<\/p>\n<div id=\"attachment_38966\" style=\"width: 540px\" class=\"wp-caption aligncenter\"><img decoding=\"async\" aria-describedby=\"caption-attachment-38966\" class=\"size-full wp-image-38966\" src=\"\/dernier\/files\/2018\/08\/vaccum_experiment.jpg\" alt=\"\" width=\"530\" height=\"397\" \/><p id=\"caption-attachment-38966\" class=\"wp-caption-text\"><em>An Experiment on a Bird in the Air Pump<\/em>, par\u00a0Joseph Wright of Derby (1768). La m\u00e9diation scientifique au XVIIIe si\u00e8cle : un savant passait dans les villages pour faire des d\u00e9monstrations de pompe \u00e0 vide en asphyxiant des oiseaux (ici un cacato\u00e8s), qui n&rsquo;y survivaient pas. Je ne vois pas vraiment le rapport avec l&rsquo;article, je me demande bien pourquoi j&rsquo;ai mis cette image.<\/p><\/div>\n<p>L&rsquo;\u00e9tude r\u00e9alis\u00e9e par <em>EU Disinfolab<\/em> sur l&rsquo;affaire Benalla se veut sans doute honn\u00eatement men\u00e9e, mais me semble entach\u00e9e de quelques pr\u00e9jug\u00e9s, notamment l&rsquo;id\u00e9e que l&rsquo;activit\u00e9 suscit\u00e9e par cette affaire sur <em>Twitter<\/em> \u00e9tait anormalement \u00e9lev\u00e9e<sup><a href=\"#footnote_4_38841\" id=\"identifier_4_38841\" class=\"footnote-link footnote-identifier-link\" title=\"L&rsquo;affaire Benalla a suscit&eacute; huit fois plus d&rsquo;activit&eacute; que #balanceTonPorc et deux fois plus que #JesuisCharlie. On notera que le hashtag #fichagePolitique (qui concerne non plus l&rsquo;affaire Benalla mais l&rsquo;affaire Disinfolab), a quant &agrave; lui suscit&eacute; plusieurs centaines de milliers de tweets.\">4<\/a><\/sup>, et le pr\u00e9jug\u00e9 que ceux qui se sont montr\u00e9s les plus actifs \u00e9taient particuli\u00e8rement \u00ab\u00a0pro-Russes\u00a0\u00bb. L&rsquo;activit\u00e9 s&rsquo;explique \u00e0 mon avis par bien des facteurs, \u00e0 commencer par le caract\u00e8re tout \u00e0 fait in\u00e9dit de l&rsquo;affaire (lanc\u00e9e, rappelons-le, par le journal <em>Le Monde<\/em> \u00e0 parti d&rsquo;une vid\u00e9o vieille de deux mois) : un proche du pr\u00e9sident qui descend dans la rue se battre, \u00e7a ne ressemble \u00e0 rien de connu, d&rsquo;autant qu&rsquo;il le fait incognito, il ne s&rsquo;agit pas de rouler publiquement des m\u00e9caniques comme Vladmir Poutine ou l&#8217;empereur romain Commode, \u00e7a ressemble plut\u00f4t \u00e0 une forme de perversion. Cela posait question, et la paralysie temporaire des sympathisants du parti au pouvoir au d\u00e9clenchement de l&rsquo;affaire montre qu&rsquo;il n&rsquo;est pas n\u00e9cessaire d&rsquo;\u00eatre un agent du KGB pour juger le fait \u00e9tonnant, intrigant, consternant. La sensibilit\u00e9 \u00ab\u00a0pro-Russe\u00a0\u00bb (distincte de \u00ab\u00a0\u00e0 la solde de la Russie\u00a0\u00bb) est explicit\u00e9e par les auteurs de l&rsquo;\u00e9tude<sup><a href=\"#footnote_5_38841\" id=\"identifier_5_38841\" class=\"footnote-link footnote-identifier-link\" title=\"Un russophile selon EU Disinfolab partage &laquo;&nbsp;publiquement et r&eacute;guli&egrave;rement des articles de RT et Sputnik, qui sont des m&eacute;dias financ&eacute;s par l&rsquo;&Eacute;tat russe. C&rsquo;est donc une sensibilit&eacute; aux narratifs pro-russes. Ce n&rsquo;est pas un jugement de valeur, mais un fait quantifiable selon une m&eacute;thodologie&nbsp;&raquo;.\">5<\/a><\/sup>, mais il est bien possible que, m\u00eame en s&rsquo;en d\u00e9fendant, l&rsquo;ONG amalgame le fait de critiquer l&rsquo;influence \u00e9tasunienne avec une forme d&rsquo;affiliation id\u00e9ologique ou sentimentale \u00e0 la Russie : si des m\u00e9dias comme <em>Russia Today<\/em> sont repris par des gens qui se consid\u00e8rent anti-am\u00e9ricains, c&rsquo;est aussi parce qu&rsquo;il n&rsquo;y a pas beaucoup d&rsquo;autres articles publi\u00e9s en Fran\u00e7ais pour soutenir une telle sensibilit\u00e9.<br \/>\n<a href=\"https:\/\/spark.adobe.com\/page\/Sa85zpU5Chi1a\/\" target=\"_blank\" rel=\"noopener\">L&rsquo;\u00e9tude elle-m\u00eame<\/a> s&rsquo;int\u00e9resse tout particuli\u00e8rement aux comptes qui se sont montr\u00e9s les plus actifs dans l&rsquo;affaire, et v\u00e9rifie leurs bizarreries : s&rsquo;abonnent-ils \u00e0 un nombre particuli\u00e8rement \u00e9lev\u00e9 de comptes ? Quand ont-ils \u00e9t\u00e9 cr\u00e9\u00e9s ? Sur quel genre de sujet et \u00e0 quel genre d&rsquo;occasions se montrent-ils les plus actifs ? Est-ce qu&rsquo;il s&rsquo;agit de gens habitu\u00e9s \u00e0 relayer les tweets de <em>Sputnik news<\/em> et <em>Russia Today<\/em> ? S&rsquo;agit-il de comptes appartenant \u00e0 des individus de chair et d&rsquo;os ? Les personnes sont-elles identifiables par leur nom, ou bien s&rsquo;agit-il au contraire de publications sous pseudonymes ? S&rsquo;agit-il de comptes qui publient vingt-quatre heures sur vingt-quatre ? Quelles sensibilit\u00e9s politiques se sont montr\u00e9es actives sur le sujet ? Quelles sont les particularit\u00e9s des comptes qui ont relay\u00e9 le plus d&rsquo;informations qui se sont av\u00e9r\u00e9es erron\u00e9es ensuite ?<br \/>\nTout \u00e7a est plut\u00f4t int\u00e9ressant, et au fond pas si mal r\u00e9alis\u00e9. La conclusion n&rsquo;est pas sp\u00e9cialement conspirationniste : <em>\u00ab\u00a0l\u2019affaire Benalla est un v\u00e9ritable sujet de discussion, et non pas un ph\u00e9nom\u00e8ne mont\u00e9 de toutes pi\u00e8ces par des r\u00e9seaux mal intentionn\u00e9s\u00a0\u00bb<\/em>.<\/p>\n<div id=\"attachment_38984\" style=\"width: 540px\" class=\"wp-caption aligncenter\"><img decoding=\"async\" aria-describedby=\"caption-attachment-38984\" class=\"wp-image-38984 size-full\" src=\"\/dernier\/files\/2018\/08\/pupper_masters.jpg\" alt=\"\" width=\"530\" height=\"203\" \/><p id=\"caption-attachment-38984\" class=\"wp-caption-text\">Image tir\u00e9e de <em>The Puppet Masters<\/em>, mauvais film de 1994 qui adapte un roman plut\u00f4t lisible mais pas incroyable de Robert Heinlein, publi\u00e9 en 1951. Dans cette histoire, des extra-terrestres prennent possession d&rsquo;humains. Ce livre est consid\u00e9r\u00e9 comme l&rsquo;inspiration de moult r\u00e9cits parano\u00efaques ult\u00e9rieurs dont les protagonistes se m\u00e9fient de leurs semblables, soit parce qu&rsquo;ils ne sont qu&rsquo;apparence, soit parce qu&rsquo;ils sont soumis \u00e0 un contr\u00f4le : <em>l&rsquo;Invasion ds profanateurs<\/em>, <em>les Envahisseurs<\/em>, etc.<\/p><\/div>\n<p>Malheureusement, les relais politiques favorables \u00e0 Emmanuel Macron<sup><a href=\"#footnote_6_38841\" id=\"identifier_6_38841\" class=\"footnote-link footnote-identifier-link\" title=\"Ou cherchant visiblement ses faveurs, comme Fr&eacute;d&eacute;ric Lefebvre dans un article o&ugrave; il qualifie le pr&eacute;sident de nouvel homme fort de l&rsquo;Europe, et dans un communiqu&eacute; o&ugrave; il appelle &agrave; la constitution d&rsquo;une commission d&rsquo;enqu&ecirc;te sur le sujet.\">6<\/a><\/sup> et les m\u00e9dias de masse ont r\u00e9sum\u00e9 l&rsquo;\u00e9tude d&rsquo;une toute autre mani\u00e8re, y lisant la preuve d&rsquo;une ing\u00e9rence russe manifeste et d&rsquo;une manipulation de masse orchestr\u00e9e par tel ou tel parti. Plut\u00f4t que de lire l&rsquo;\u00e9tude, ils semblent s&rsquo;\u00eatre content\u00e9s de la premi\u00e8re impression laiss\u00e9e par les tweets de Nicolas Vanderbiest avant publication et par la d\u00e9p\u00eache AFP intitul\u00e9e <em>Une minorit\u00e9 de comptes a inond\u00e9 Twitter pendant l&rsquo;affaire Benalla<\/em>, qui laisse entendre une manipulation. L&rsquo;AFP est revenue sur cette question avec une autre d\u00e9p\u00eache intitul\u00e9e\u00a0<em>Affaire Benalla : aucune preuve d&rsquo;ing\u00e9rence russe sur Twitter<\/em>, mais un peu tard, et puis on sait que dire <em>\u00ab\u00a0il n&rsquo;y a aucune preuve de&#8230;\u00a0\u00bb<\/em> peut tout \u00e0 fait \u00eatre entendu comme <em>\u00ab\u00a0l&rsquo;ennemi est tellement fourbe qu&rsquo;on n&rsquo;arrive pas \u00e0 prouver son implication&#8230;\u00a0\u00bb<\/em>.<br \/>\nVoil\u00e0 les chevaliers de l&rsquo;anti-Fake News qui v\u00e9hiculent eux-m\u00eames des informations inexactes, non parce qu&rsquo;ils ont \u00e9t\u00e9 intoxiqu\u00e9 par de la propagande mais juste parce que l&rsquo;information correspond \u00e0 ce qu&rsquo;ils ont envie ou besoin de croire \u00e0 un moment donn\u00e9. C&rsquo;est un biais auquel nous sommes tous soumis, et en ce moment peut-\u00eatre plus que jamais.<\/p>\n<p><img decoding=\"async\" class=\"aligncenter size-full wp-image-38970\" src=\"\/dernier\/files\/2018\/08\/siege_avec_vue.jpg\" alt=\"\" width=\"530\" height=\"398\" \/><\/p>\n<p>C\u00e9cile Ar\u00e8nes, biblioth\u00e9caire, racontait r\u00e9cemment cette savoureuse anecdote :<\/p>\n<blockquote class=\"extrait_Livre\"><p>exp\u00e9rience bizarre tout \u00e0 l&rsquo;heure dans le train entre Toulouse et les Pyr\u00e9n\u00e9es, 2h30 de retard \u00e0 cause d&rsquo;une panne de signalisation.<\/p>\n<p>Trois dames d&rsquo;un certain \u00e2ge autour de moi :<br \/>\n&#8211; la premi\u00e8re ne comprenait pas pourquoi la SNCF refusait de communiquer sur les travaux d&rsquo;\u00e9t\u00e9 qui retardaient les trains,<br \/>\n&#8211; la deuxi\u00e8me \u00e9tait persuad\u00e9e que c&rsquo;\u00e9tait une gr\u00e8ve d\u00e9guis\u00e9e,\u00a0<span class=\"text_exposed_show\"><br \/>\n&#8211; la derni\u00e8re avait aussi une th\u00e9orie bizarre que j&rsquo;ai d\u00e9j\u00e0 oubli\u00e9e.<\/span><\/p>\n<div class=\"text_exposed_show\">\n<p>Bref, aucune n&rsquo;a cru l&rsquo;explication qui nous \u00e9tait fournie.<br \/>\nGrand complot, quand tu nous tiens<\/p>\n<\/div>\n<\/blockquote>\n<p>Il me semble qu&rsquo;un tel degr\u00e9 de soup\u00e7on\u00a0\u2014 quand une banale annonce de la SNCF suscite des th\u00e9ories absurdement sophistiqu\u00e9es<sup><a href=\"#footnote_7_38841\" id=\"identifier_7_38841\" class=\"footnote-link footnote-identifier-link\" title=\"Rappelons le rasoir d&rsquo;Hanlon, inspir&eacute; du rasoir d&rsquo;Ockham : &laquo; Ne jamais attribuer &agrave; la malveillance ce que la b&ecirc;tise suffit &agrave; expliquer &raquo;.\">7<\/a><\/sup> \u2014, montre bien un climat g\u00e9n\u00e9ral de d\u00e9fiance vis \u00e0 vis de l&rsquo;information, et sans doute aussi la sourde certitude de vivre dans un environnement de malveillance et de mensonge. D\u00e8s lors, la seule v\u00e9rit\u00e9, ce n&rsquo;est ni ce que l&rsquo;on a exp\u00e9riment\u00e9 ni ce que l&rsquo;on a v\u00e9rifi\u00e9, c&rsquo;est ce que l&rsquo;on pense, ce que l&rsquo;on croit. Pas \u00e9tonnant que la religion, dont c&rsquo;est le principe m\u00eame, soit tellement \u00e0 la mode en ce moment. Si on veut croire ce qu&rsquo;on veut croire, on y arrive, et on n&rsquo;a pas de mal \u00e0 contredire ceux qui nous prouvent qu&rsquo;on se trompe puisqu&rsquo;ils font alors partie de la conjuration des aveugles ou de celle des menteurs.<\/p>\n<h4>Le scandale du fichage<\/h4>\n<p><em>EU Disinfolab<\/em>, mis en question, a eu l&rsquo;id\u00e9e tr\u00e8s curieuse d&rsquo;exposer sa m\u00e9thode en publiant, sans les anonymiser, les donn\u00e9es qui ont servi \u00e0 fonder son analyse, sous forme de deux fichiers Excel. Tout le monde (moi le premier) s&rsquo;est jet\u00e9 dessus pour v\u00e9rifier s&rsquo;il \u00e9tait cit\u00e9. C&rsquo;est ainsi que j&rsquo;ai d\u00e9couvert que j&rsquo;occupais la 13228e ligne (sur 55000) de la base de donn\u00e9es, pour avoir publi\u00e9 57 tweets contenant un mot-cl\u00e9 relatif \u00e0 l&rsquo;affaire Benalla :<\/p>\n<p><img decoding=\"async\" class=\"aligncenter size-full wp-image-38886\" src=\"\/dernier\/files\/2018\/08\/13228.png\" alt=\"\" width=\"530\" height=\"191\" \/><\/p>\n<p>\u00cates-vous choqu\u00e9 par ce que je viens de faire ? Je viens de publier neuf lignes d&rsquo;une base de donn\u00e9es sans anonymiser les personnes ! Vous savez d\u00e9sormais que x et y ont post\u00e9 cinquante-sept tweets en rapport avec l&rsquo;affaire Benalla. Pour moi ce n&rsquo;est pas exactement grave, cela ne nous dit pas si ces gens sont des sympathisants de Macron venus d\u00e9fendre leur pr\u00e9sident, si ce sont des \u00ab\u00a0insoumis\u00a0\u00bb ou des \u00ab\u00a0les R\u00e9publicains\u00a0\u00bb. Enfin on peut supposer le positionnement de deux des comptes :\u00a0@Infos_Juppe (un \u00ab\u00a0bot\u00a0\u00bb qui retweete chaque mention d&rsquo;Alain Jupp\u00e9) et @f_philippot (le compte officiel de Florian Philippot). Pour le reste \u00e7a ne dit rien, ce ne sont jamais que des nombres.<\/p>\n<p>Comme tout le monde j&rsquo;ai aussit\u00f4t ironis\u00e9, me vantant d&rsquo;\u00eatre un bot russe :<\/p>\n<p><img decoding=\"async\" class=\"aligncenter size-full wp-image-38889\" src=\"\/dernier\/files\/2018\/08\/bot_russophile.png\" alt=\"\" width=\"530\" height=\"251\" \/><\/p>\n<p>Je dis que \u00ab\u00a0comme tout le monde\u00a0\u00bb \u00e7a m&rsquo;a fait sourire, mais c&rsquo;est inexact car certains n&rsquo;ont pas vu mati\u00e8re \u00e0 rire, et ont commenc\u00e9 \u00e0 \u00e9voquer le recensement des juifs sous l&rsquo;occupation ou le matricule tatou\u00e9 sur le bras des d\u00e9port\u00e9s<sup><a href=\"#footnote_8_38841\" id=\"identifier_8_38841\" class=\"footnote-link footnote-identifier-link\" title=\"Celui de mon grand-p&egrave;re Andr&eacute;&nbsp;qui nous a quitt&eacute;s il y a un peu plus d&rsquo;un an &eacute;tait le&nbsp;53858, ai-je lu dans un article de Lib&eacute;&nbsp;&mdash; lui n&rsquo;en parlait pas.\">8<\/a><\/sup>. En assez peu de temps, l&rsquo;opinion majoritaire sur <em>Twitter<\/em> au sujet de ce fichier est pass\u00e9e d&rsquo;une joyeuse rigolade \u00e0 des invocations de la loi Informatique et libert\u00e9s et \u00e0 l&rsquo;indignation face \u00e0 ce travail intrusif.<br \/>\nIl n&rsquo;\u00e9tait certes pas tr\u00e8s avis\u00e9 de la part de <em>Disinfolab<\/em> de publier le fichier sans l&rsquo;anonymiser mais ce dernier n&rsquo;aurait vraiment plus eu aucun sens, si tant est qu&rsquo;il en ait un en l&rsquo;\u00e9tat.<br \/>\nUn second fichier plus int\u00e9ressant met en rapport des donn\u00e9es qualitatives et non seulement quantitatives. Cette fois je rature les noms :<\/p>\n<div class=\"text_exposed_show\">\n<p><img decoding=\"async\" class=\"aligncenter size-full wp-image-38895\" src=\"\/dernier\/files\/2018\/08\/fichier_2.png\" alt=\"\" width=\"530\" height=\"149\" \/><\/p>\n<\/div>\n<p>On y voit quelles personnes relaient les sites russes, ont \u00e9t\u00e9 actifs dans les <em>Macronleaks<\/em> (la diffusion, juste avant le jour de l&rsquo;\u00e9lection, de milliers d&rsquo;e-mails internes de six responsables de l&rsquo;\u00e9quipe de campagne d&rsquo;Emmanuel Macron par <em>Wikileaks<\/em>) et combien des rumeurs absurdes li\u00e9es \u00e0 l&rsquo;affaire Benalla ils ont diffus\u00e9. Cette liste l\u00e0 ne contient que 3800 comptes. Au passage, un seul compte, sur ces 3800, coche toutes les cases, c&rsquo;est \u00e0 dire est \u00e0 la fois pro-russe, vecteur de diffusion de rumeurs et a \u00e9t\u00e9 actif pendant les Macronleaks. J&rsquo;ai voulu aller voir ce que cette personne tweetait, et j&rsquo;ai d\u00e9couvert que je ne le pouvais pas car il m&rsquo;a bloqu\u00e9, sans doute il y a longtemps, car je n&rsquo;ai pas le moindre souvenir de son existence.<br \/>\nCette seconde liste est plus d\u00e9rangeante, parce qu&rsquo;elle met \u00e0 l&rsquo;index des comptes qui sont d\u00e9sign\u00e9s comme source de d\u00e9sinformation et dont les propri\u00e9taires sont, donc, soit des na\u00effs, soit des escrocs.<br \/>\nC&rsquo;\u00e9tait idiot de diffuser ce fichier en l&rsquo;\u00e9tat, bien entendu, mais je ne comprends pas ceux qui s&rsquo;insurgent non pas de sa publication mais de son existence : comment pensent-ils que l&rsquo;on peut analyser un corpus de tweets ? Pour ceux qui l&rsquo;ignorent, il est assez facile, en utilisant les outils fournis par Twitter (les \u00ab\u00a0APIs\u00a0\u00bb) ou non (Visibrain) de r\u00e9cup\u00e9rer et d&rsquo;analyser tous les tweets publics selon divers crit\u00e8res : personne, contenu, etc. Twitter est une agora, une place publique, et ce qui y est post\u00e9 est r\u00e9put\u00e9 l&rsquo;avoir \u00e9t\u00e9 volontairement. Le <a href=\"https:\/\/www.gdpr-expert.eu\/article.html?id=9#textesofficiels\" target=\"_blank\" rel=\"noopener\">r\u00e8glement europ\u00e9en sur la protection des donn\u00e9es<\/a> (RGPD), invoqu\u00e9 par de nombreuses personnes pour arguer de l&rsquo;ill\u00e9galit\u00e9 du fichier ne donne pas forc\u00e9ment raison \u00e0 ceux qui s&rsquo;indignent, car s&rsquo;il dit bien que :<\/p>\n<blockquote class=\"extrait_Livre\"><p>Les \u00c9tats membres interdisent le traitement des donn\u00e9es \u00e0 caract\u00e8re personnel qui r\u00e9v\u00e8lent l&rsquo;origine raciale ou ethnique, les opinions politiques, les convictions religieuses ou philosophiques, l&rsquo;appartenance syndicale, ainsi que le traitement des donn\u00e9es relatives \u00e0 la sant\u00e9 et \u00e0 la vie sexuelle.<\/p><\/blockquote>\n<p>&#8230;Il \u00e9num\u00e8re une s\u00e9rie d&rsquo;exception, notamment lorsque :<\/p>\n<blockquote class=\"extrait_Livre\"><p>(&#8230;) le traitement porte sur des donn\u00e9es manifestement rendues publiques par la personne concern\u00e9e (&#8230;)<\/p><\/blockquote>\n<p>Un tweet n&rsquo;est pas une lettre vol\u00e9e, une correspondance priv\u00e9e d\u00e9voil\u00e9, une conversation priv\u00e9e enregistr\u00e9e, c&rsquo;est un message public. Il n&rsquo;est m\u00eame pas \u00e9tonnant qu&rsquo;il soit archiv\u00e9 dans une base de donn\u00e9es puisque Twitter est pr\u00e9cis\u00e9ment une base de donn\u00e9es.<br \/>\nUn troisi\u00e8me document a \u00e9t\u00e9 pr\u00e9sent\u00e9, par Olivier Berruyer du site <em>Les Crises<\/em>, souvent accus\u00e9 de conspirationnisme :<\/p>\n<div id=\"attachment_38905\" style=\"width: 540px\" class=\"wp-caption aligncenter\"><img decoding=\"async\" aria-describedby=\"caption-attachment-38905\" class=\"wp-image-38905 size-full\" src=\"\/dernier\/files\/2018\/08\/Berruyer_espece_de_patate.png\" alt=\"\" width=\"530\" height=\"317\" \/><p id=\"caption-attachment-38905\" class=\"wp-caption-text\">Fichier sorti d&rsquo;un chapeau par Olivier Berruyer, que EU Disinfolab nie avoir diffus\u00e9. Les donn\u00e9es surlign\u00e9es, les pr\u00e9noms et noms et la localisation g\u00e9ographique (dont une absurde) sont le profil public des comptes, la mani\u00e8re que lest gens ont de se pr\u00e9senter eux-m\u00eames. Twitter ne force personne \u00e0 ce qu&rsquo;une seule de ses informations soit exacte, et les trolls politiques les renseignent assez syst\u00e9matiquement de mani\u00e8re mensong\u00e8re \u2014 j&rsquo;ai remarqu\u00e9 par exemple que les comptes d&rsquo;inspiration clairement fasciste utilisent souvent des profils f\u00e9minins (fausse photo, faux nom,&#8230; et erreurs d&rsquo;accord syst\u00e9matiques) et\/ou pr\u00e9tendument homosexuels, ou encore que certaines personnes se r\u00e9clament de tel ou tel parti pour le d\u00e9cr\u00e9dibiliser par des exc\u00e8s de langage ou des pseudo-\u00e9piphanies qu&rsquo;ils font passer pour de l&rsquo;honn\u00eatet\u00e9 (<em>\u00ab\u00a0je suis militant Insoumis et pourtant je trouve que la France est envahie par les \u00e9trangers\u00a0\u00bb<\/em>). .<\/p><\/div>\n<p>L\u00e0, la liste est tr\u00e8s choquante, \u00e9videmment : des listes de juifs, voil\u00e0 qui rappelle les heures sombres de notre pays, comme dit la formule. L&rsquo;auteur de la capture prend le soin de signaler que les noms sont \u00ab\u00a0masqu\u00e9s\u00a0\u00bb par lui mais ne signale pas que les appartenances ethniques, sexuelles, politiques, sont mises en exergue par lui aussi. En fait, pour cr\u00e9er une telle image, il a fallu que l&rsquo;auteur de la capture fasse une s\u00e9lection parmi les profils \u00ab\u00a0int\u00e9ressants\u00a0\u00bb, c&rsquo;est \u00e0 dire ceux dont l&rsquo;\u00e9vocation va imm\u00e9diatement convoquer le spectre du totalitarisme.<br \/>\nDans <a href=\"http:\/\/disinfo.eu\/2018\/08\/11\/11-08-2018-communique-de-presse-fausses-captures-decran\/\" target=\"_blank\" rel=\"noopener\">un communiqu\u00e9<\/a>, <em>EU Disinfolab<\/em> affirme ne rien avoir \u00e0 faire avec cette image, ce \u00e0 quoi Olivier Berruyer <a href=\"https:\/\/www.les-crises.fr\/eu-disinfolab-la-diffusion-scandaleuse-dun-dementi-mensonger\/\" target=\"_blank\" rel=\"noopener\">a r\u00e9pondu de mani\u00e8re un peu absconse<\/a>, en expliquant que ces donn\u00e9es sont incluses au fichier \u00ab\u00a0Visibrain\u00a0\u00bb utilis\u00e9 par <em>EU Disinfolab<\/em>, et que rien n&#8217;emp\u00eachait de les utiliser m\u00eame si ce ne sont pas celles qui ont \u00e9t\u00e9 diffus\u00e9es aupr\u00e8s du public. C&rsquo;est vrai, mais comme ces donn\u00e9es sont celles que les utilisateurs de Twitter r\u00e9digent eux-m\u00eames pour se pr\u00e9senter, rien n&#8217;emp\u00eache personne de les utiliser ! Selon certains ce papier a bien \u00e9t\u00e9 publi\u00e9 mais aussi vite retir\u00e9 au profit des deux autres&#8230; Je n&rsquo;en sais pas plus.<\/p>\n<p>Dans l&rsquo;histoire, il a exist\u00e9 bien des listes qui \u00e9quivalaient \u00e0 une mise \u00e0 mort. Listes de juifs, de protestants, d&rsquo;opposants politiques divers,&#8230;<br \/>\nLa culture fran\u00e7aise est dans le traumatisme de fichiers, des listes, depuis des si\u00e8cles, jusqu&rsquo;\u00e0 avoir cr\u00e9\u00e9 la Commission Informatique et libert\u00e9s au cours des ann\u00e9es 1970, lorsque la population a d\u00e9couvert l&rsquo;existence du projet SAFARI, port\u00e9 par le ministre de l&rsquo;int\u00e9rieur Jacques Chirac, qui permettait de mettre des fichiers divers en relation.<br \/>\nL&rsquo;affaire des fichiers de EU Disinfolab me semble d&rsquo;une nature assez diff\u00e9rente puisqu&rsquo;il s&rsquo;agit d&rsquo;une r\u00e9colte et du traitement de donn\u00e9es fournies volontairement par les personnes list\u00e9es. Twitter n&rsquo;oblige personne a utiliser un pseudonyme en rapport avec son vrai nom, ni de r\u00e9diger une biographie fiable, ni de tweeter, \u00e9videmment. Nous sommes loin de documents de s\u00e9curit\u00e9 sociale ou d&rsquo;\u00e9tat-civil, que nous sommes juridiquement forc\u00e9s de compl\u00e9ter.<br \/>\nMais bon, je veux bien comprendre l&rsquo;angoisse des listes, m\u00eame si dans ce cas je ne la partage pas, et que je suis m\u00eame \u00e9tonn\u00e9 des extrapolations qui en sont faites. Je ne dis pas \u00e7a parce que nous ne vivons pas sous Pinochet ou Assad, car \u00e7a c&rsquo;est une chose qui peut advenir en quelques mois, \u00e7a s&rsquo;est vu plus d&rsquo;une fois dans l&rsquo;histoire. Ce que je conteste c&rsquo;est que les listes d&rsquo;utilisateurs Twitter de <em>EU Disinfolab<\/em> aient la moindre utilit\u00e9 pour la police secr\u00e8te d&rsquo;une dictature quelconque..<br \/>\nJ&rsquo;ai lu des gens qui semblaient de bonne foi penser qu&rsquo;il s&rsquo;agissait d&rsquo;une travail de recensement des opposants politiques \u00e0 <em>La R\u00e9publique en marche<\/em>, \u00e0 des fins difficiles \u00e0 imaginer (intimidation ? Punition ?) avec la complicit\u00e9 active de soci\u00e9t\u00e9s informatiques californiennes \u2014 on m&rsquo;a ainsi fourni une photographie de Mark Zuckerberg \u00e0 c\u00f4t\u00e9 d&rsquo;Emmanuel Macron pour preuve d\u00e9finitive que le but de Twitter est de museler les opposants politiques \u00e0 l&rsquo;actuel pr\u00e9sident..<\/p>\n<div id=\"attachment_38944\" style=\"width: 540px\" class=\"wp-caption aligncenter\"><img decoding=\"async\" aria-describedby=\"caption-attachment-38944\" class=\"size-full wp-image-38944\" src=\"\/dernier\/files\/2018\/08\/tactiques.png\" alt=\"\" width=\"530\" height=\"268\" \/><p id=\"caption-attachment-38944\" class=\"wp-caption-text\">Bonne illustration par Samuel Laurent du raisonnement circulaire des gens \u00e0 qui <em>\u00ab\u00a0on ne la fait pas\u00a0\u00bb<\/em>.<\/p><\/div>\n<p>Je ne sais pas si <em>La R\u00e9publique en marche<\/em>\u00a0ou out autre parti font des listes ill\u00e9gales, c&rsquo;est tr\u00e8s possible. <a href=\"https:\/\/wikileaks.org\/macron-emails\/emailid\/25674\" target=\"_blank\" rel=\"noopener\">Un e-mail des c\u00e9l\u00e8bres <em>MacronLeaks<\/em><\/a> laissait penser que La R\u00e9publique en marche a eu l&rsquo;ambition de faire un usage un peu scientifique de <em>Twitter<\/em> en termes de profilage des utilisateurs, puisque ce r\u00e9seau s&rsquo;y pr\u00eate particuli\u00e8rement :<\/p>\n<blockquote class=\"extrait_Livre\"><p>Je n\u2019ai pas oubli\u00e9 notre conversation enrichissante du mois de septembre \u00e0 Bercy et si je me permets de te contacter c\u2019est que nous allons franchir un nouveau cap crucial sous peu. Tes outils et ton expertise nous seraient d\u2019une aide substantielle si ton emploi du temps te le permet et que tu d\u00e9sires toujours nous aider (&#8230;) Un robot qui pourrait aller scruter les publications en relation avec le mot \u00ab Macron \u00bb auquel on associerait une programmation afin de pouvoir qualifier les commentaires qui en sont fait. Le tout permettrait de mettre en \u00e9vidence les sympathisants ou bien les principaux d\u00e9tracteurs.<br \/>\n<span class=\"source_extrait_Livre\"><a href=\"https:\/\/wikileaks.org\/macron-emails\/emailid\/25674\" target=\"_blank\" rel=\"noopener\">Pierre P*, \u00e0 Albane G*, e-mail du 13 janvier 2016 07:51<\/a><\/span><\/p><\/blockquote>\n<p>Choquant ? J&rsquo;imagine mal que les partis concurrents, tout comme les soci\u00e9t\u00e9s commerciales d&rsquo;une certaine importance qui soignent leurs relations publiques<sup><a href=\"#footnote_9_38841\" id=\"identifier_9_38841\" class=\"footnote-link footnote-identifier-link\" title=\"Je ne sais pas si la soci&eacute;t&eacute; Monsanto-Bayer fait la liste de ceux qui ne l&rsquo;aiment pas &mdash; &ccedil;a risque d&rsquo;&ecirc;tre une longue liste &mdash;, mais on sait qu&rsquo;elle r&eacute;mun&egrave;re des internautes pour &eacute;branler les critiques &agrave; l&rsquo;aide d&rsquo;astuces connues de longue date : &laquo;&nbsp;je suis scientifique, et toi ?&nbsp;&raquo;, &laquo;&nbsp;je pensais comme toi jusqu&rsquo;&agrave; ce que j&rsquo;&eacute;tudie s&eacute;rieusement la question&nbsp;&raquo;, &laquo;&nbsp;aucune &eacute;tude ne montre de corr&eacute;lation entre l&rsquo;augmentation de 2000% des cancers professionnels d&rsquo;agriculteurs et le glyphosate qu&rsquo;ils utilisent quotidiennement&nbsp;&raquo;, etc.\">9<\/a><\/sup>, n&rsquo;en fassent pas autant. Le besoin est crucial, les outils sont disponibles et le caract\u00e8re ill\u00e9gal de la chose n&rsquo;est pas si \u00e9vident \u00e0 \u00e9tablir que beaucoup semblent l&rsquo;imaginer.<br \/>\nLe traitement d&rsquo;\u00e9normes quantit\u00e9s de donn\u00e9es est tr\u00e8s \u00e0 la mode, gr\u00e2ce \u00e0 des techniques diverses d&rsquo;analyse des donn\u00e9es, gr\u00e2ce aux progr\u00e8s en termes de puissance de calcul et de stockage, mais aussi gr\u00e2ce aux gigantesques bases de donn\u00e9es que nous constituons volontairement.<br \/>\nDans le domaine du num\u00e9rique, le probl\u00e8me de ce qui est \u00e0 la mode est aussi, souvent, la croyance que les commanditaires eux-m\u00eames ont du caract\u00e8re magique des outils \u00e0 disposition, et de la mani\u00e8re dont il est cens\u00e9 r\u00e9gler tous leurs probl\u00e8mes. Supposer qu&rsquo;une technologie automatis\u00e9e dispense de discernement, c&rsquo;est avant tout renoncer par avance au discernement, au profit d&rsquo;un hypoth\u00e9tique gri-gri num\u00e9rique.<\/p>\n<div id=\"attachment_38974\" style=\"width: 540px\" class=\"wp-caption aligncenter\"><img decoding=\"async\" aria-describedby=\"caption-attachment-38974\" class=\"size-full wp-image-38974\" src=\"\/dernier\/files\/2018\/08\/dragons.jpg\" alt=\"\" width=\"530\" height=\"384\" \/><p id=\"caption-attachment-38974\" class=\"wp-caption-text\">Si Louis XIV a eu l&rsquo;id\u00e9e tragique de relancer les conflits religieux en France, c&rsquo;est parce qu&rsquo;il avait \u00e9t\u00e9 intoxiqu\u00e9 par le big data de l&rsquo;\u00e9poque : des fausses listes de centaines de protestants ramen\u00e9s \u00e0 la foi catholique lui \u00e9taient fournies quotidiennement (en se d\u00e9clarant catholique, on payait moins d&rsquo;imp\u00f4ts), jusqu&rsquo;\u00e0 ce qu&rsquo;il juge que la religion r\u00e9form\u00e9e \u00e9tait devenue \u00e0 ce point n\u00e9gligeable que l&rsquo;\u00c9dit de Nantes n&rsquo;avait plus de raison d&rsquo;\u00eatre, menant \u00e0 se r\u00e9vocation. Les Dragons du roi ont alors repris la route pour convertir les derniers protestants dont ils avaient les listes, non plus par des incitations fiscales, mais par la torture. Les listes peuvent tuer, et la croyance dans la quantification des opinions peut faire commettre de funestes erreurs.<\/p><\/div>\n<p>J&rsquo;ai l&rsquo;impression que ce qui choque beaucoup de gens dans cette affaire de listes rendues publiques, c&rsquo;est moins les listes elles-m\u00eames que le fait de les voir, et c&rsquo;est moins la menace r\u00e9elle qu&rsquo;elles impliquent que le constat qu&rsquo;on ne peut pas si ais\u00e9ment se dissimuler parmi la foule des usagers de Twitter&#8230;. Je dois \u00eatre particuli\u00e8rement parano\u00efaque car je n&rsquo;y ai absolument jamais cru : tout finit par se voir, se savoir, Internet, comme les djinns des contes arabes, n&rsquo;oublie rien.<br \/>\nCette absence d&rsquo;oubli me semble redoutable non pas pour cette anecdotique suspicion de fichage (anecdotique car si demain la France devient un pays autoritaire, tous les fichiers qui peuvent \u00eatre utilis\u00e9s contre les citoyens seront disponibles, <a href=\"https:\/\/hyperbate.fr\/dernier\/?p=21082\">ils le sont d\u00e9j\u00e0<\/a>), mais dans un cas qui ne provoque pas autant de lev\u00e9es de boucliers : lorsqu&rsquo;une cabale est mont\u00e9e contre un individu unique, lorsqu&rsquo;on exhume tous les anciens tweets d&rsquo;une personne afin de s\u00e9lectionner, parmi ses 10 ou 100 000 messages, une poign\u00e9e qui, hors contexte, une fois compil\u00e9s et mis bout \u00e0 bout, permettront de fabriquer un personnage odieux qui pourra ensuite entre jet\u00e9 en p\u00e2ture au piranhas.<\/p>\n<div id=\"attachment_38921\" style=\"width: 540px\" class=\"wp-caption aligncenter\"><a href=\"https:\/\/twitter.com\/Ls01\/status\/1027964923354275843\"><img decoding=\"async\" aria-describedby=\"caption-attachment-38921\" class=\"wp-image-38921 size-full\" src=\"\/dernier\/files\/2018\/08\/six_tweets.png\" alt=\"\" width=\"530\" height=\"202\" \/><\/a><p id=\"caption-attachment-38921\" class=\"wp-caption-text\">(d&rsquo;apr\u00e8s Richelieu, bien s\u00fbr : <em>\u00ab\u00a0Qu&rsquo;on me donne six lignes \u00e9crites de la main du plus honn\u00eate homme, j&rsquo;y trouverai de quoi le faire pendre\u00a0\u00bb<\/em>)<\/p><\/div>\n<p>C&rsquo;est ce qui est arriv\u00e9 tout r\u00e9cemment au malheureux James Gunn, r\u00e9alisateur des <em>Gardiens de la Galaxie<\/em>, dont un \u00e9ditorialiste d&rsquo;extr\u00eame-droite est all\u00e9 chercher de vieux tweets qui faisaient de l&rsquo;humour provocateur et insensible sur des th\u00e8mes aussi d\u00e9rangeants que le viol ou la p\u00e9dophilie. Son employeur, Disney, a alors pris la d\u00e9cision de le renvoyer. D&rsquo;autres personnalit\u00e9s hollywoodiennes ont alors supprim\u00e9 en catastrophe tous leurs anciens tweets, sans prendre le temps de faire le tri, se doutant que ce qui est arriv\u00e9 \u00e0 leur infortun\u00e9 coll\u00e8gue pouvait leur arriver aussi, achevant leur carri\u00e8re d&rsquo;un claquement de doigts. Ce genre de cas, pour nous en France, est facile \u00e0 juger : un talentueux r\u00e9alisateur assassin\u00e9 avec ses propres tweets par l&rsquo;Am\u00e9rique puritaine de Trump, beurk ! Mais chez nous ce n&rsquo;est pas mieux, rappelons-nous la chanteuse Mennel Ibtissem, qui avait eu le mauvais go\u00fbt de porter un foulard et de chanter en partie en arabe une chanson de Leonard Cohen dans une \u00e9mission de t\u00e9l\u00e9-r\u00e9alit\u00e9, attirant l&rsquo;attention de ceux \u00e0 qui sa popularit\u00e9 (car elle chante assez bien) donnait des ulc\u00e8res, lesquels ont r\u00e9ussi \u00e0 la forcer \u00e0 quitter l&rsquo;\u00e9mission <em>The Voice<\/em> pour deux tweets publi\u00e9s apr\u00e8s des attentats, immatures et ironiques comme on peut en produire \u00e0 l&rsquo;\u00e2ge o\u00f9 elle l&rsquo;a fait.<br \/>\n\u00c7a reste sans doute inaudible aujourd&rsquo;hui mais l&rsquo;<a href=\"https:\/\/hyperbate.fr\/castagne\/2017\/02\/19\/faceties-et-chatiment\/\">affaire Mehdi Meklat<\/a> me semble tout aussi injuste. Ce jeune journaliste et \u00e9crivain prometteur a vu sa carri\u00e8re pulv\u00e9ris\u00e9e parce que le tribunal populaire d&rsquo;Internet a choisi de croire que son absurde personnage parodique \u00ab\u00a0Marcelin Deschamps\u00a0\u00bb (\u00e0 la fois fran\u00e7ais-de-souche frontiste et islamophile, pour r\u00e9sumer), pouvait \u00eatre confondu avec son auteur. <a href=\"https:\/\/hyperbate.fr\/castagne\/2017\/02\/22\/laffaire-mehdi-meklat-suite\/\">Une page de son premier roman<\/a> avait m\u00eame \u00e9t\u00e9 produite pour preuve de ses m\u00e9faits, comme si aucun \u00e9crivain n&rsquo;avait le droit d&rsquo;inventer des personnages malfaisants ! Je parle du tribunal populaire de l&rsquo;Internet, mais celui-ci d\u00e9borde toujours, jusqu&rsquo;\u00e0 Alain Finkielkraut\u00a0\u2013 l&rsquo;homme le moins connect\u00e9 de France \u2013 qui, selon un raisonnement circulaire assez typique de sa pens\u00e9e, voyait ses pr\u00e9jug\u00e9s racistes ou du moins son refus de la <em>\u00ab\u00a0diversit\u00e9 rayonnante\u00a0\u00bb<\/em> (je reprends ses mots) confirm\u00e9s par des phrases prof\u00e9r\u00e9es dans un contexte qu&rsquo;il n&rsquo;a pourtant pas les moyens d&rsquo;\u00e9valuer, puisqu&rsquo;il n&rsquo;est ni usager de Twitter ni c\u00e9l\u00e8bre pour sa ma\u00eetrise du second degr\u00e9.<br \/>\nUne s\u00e9lection de tweets, c&rsquo;est fourbe, car ce que publie un compte <em>Twitter<\/em> s&rsquo;inscrit dans un r\u00e9cit, on ne peut pas dire grand chose d&rsquo;un tweet si on ignore celui qui pr\u00e9c\u00e8de et celui qui suit.<br \/>\nIl y a aussi eu l&rsquo;affaire Agathe Auproux, jeune chroniqueuse de l&rsquo;\u00e9mission Touche pas \u00e0 Mon Poste. L\u00e0 je n&rsquo;ai pas suivi mais c&rsquo;est plut\u00f4t le fait de travailler pour Cyril Hanouna que je condamnerais, si on me demandait mon avis (humour ! Faut tout expliquer ?). Enfin elle semble avoir surv\u00e9cu, elle.<br \/>\nIl y en aura d&rsquo;autres.<\/p>\n<div id=\"attachment_38934\" style=\"width: 540px\" class=\"wp-caption aligncenter\"><img decoding=\"async\" aria-describedby=\"caption-attachment-38934\" class=\"size-full wp-image-38934\" src=\"\/dernier\/files\/2018\/08\/stanton_piranhas.png\" alt=\"\" width=\"530\" height=\"653\" \/><p id=\"caption-attachment-38934\" class=\"wp-caption-text\">Des Piranhas pour faire dispara\u00eetre une personne, par Eric Stanton, dans <em><a href=\"https:\/\/commons.wikimedia.org\/wiki\/File:Bizarre_Museum_16.jpg\" target=\"_blank\" rel=\"noopener\">Bizarre museum #16<\/a><\/em> (image libre car copyright non-renouvel\u00e9)<\/p><\/div>\n<p>Dans une attaque en masse, chaque piranha peut\u00a0arguer qu&rsquo;il n&rsquo;a jamais donn\u00e9 qu&rsquo;un coup de dent. C&rsquo;est ce que font aussi les \u00ab\u00a0haters\u00a0\u00bb qui, en masses g\u00e9n\u00e9ralement spontan\u00e9es (pas besoin de coterie, m\u00eame si \u00e7a arrive aussi), viennent insulter, au cul de chacun de ses tweets les plus banals, telle personnalit\u00e9 ou tel ministre. On sent chez certains un besoin de revanche, ou une envie de faire mal, d&rsquo;avoir un effet sur des personnes \u00ab\u00a0en vue\u00a0\u00bb, d&rsquo;exister en insultant, en humiliant. Et comme c&rsquo;est g\u00e9n\u00e9ralement d&rsquo;eux-m\u00eames qu&rsquo;ils donnent une image piteuse et mesquine, \u00e7a ne fonctionne pas et leur col\u00e8re d\u00e9cuple. Les femmes constituent des cibles r\u00e9currentes pour ce genre de \u00ab\u00a0trolls\u00a0\u00bb : en d\u00e9roulant par exemple les tweets qui r\u00e9pondent \u00e0 ceux de Najat Vallaud-Belkacem ou de Marl\u00e8ne Schiappa, on admire la temp\u00e9rance de ces femmes face au flot d&rsquo;injures qu&rsquo;elles re\u00e7oivent et aux fantasmes qu&rsquo;elles suscitent<sup><a href=\"#footnote_10_38841\" id=\"identifier_10_38841\" class=\"footnote-link footnote-identifier-link\" title=\"La premi&egrave;re &eacute;tait accus&eacute;e d&rsquo;imposer le Coran &agrave; l&rsquo;&eacute;cole primaire, la seconde est &agrave; pr&eacute;sent accus&eacute;e de l&eacute;galiser la p&eacute;dophilie ! Deux accusations, il va sans dire, aussi absurdes que mensong&egrave;res.\">10<\/a><\/sup>.<\/p>\n<p>Je m&rsquo;\u00e9tonne, en fait, que la publication d&rsquo;une inoffensive liste de donn\u00e9es parfaitement publiques choque \u00e0 ce point tandis que je ne vois jamais beaucoup de r\u00e9actions face aux attaques \u00e0 mille contre un. Je ne parle pas de la d\u00e9fense des personnes attaqu\u00e9es pour ce qu&rsquo;elles ont dit ou fait, mais de l&rsquo;attaque elle-m\u00eame : cela semble normal.<br \/>\nJ&rsquo;ai l&rsquo;horrible impression de voir un lien entre les deux : la l\u00e2chet\u00e9 de la foule.<\/p>\n<div id=\"attachment_38936\" style=\"width: 540px\" class=\"wp-caption aligncenter\"><img decoding=\"async\" aria-describedby=\"caption-attachment-38936\" class=\"wp-image-38936 size-full\" src=\"\/dernier\/files\/2018\/08\/piranha.jpg\" alt=\"\" width=\"530\" height=\"290\" \/><p id=\"caption-attachment-38936\" class=\"wp-caption-text\">Une fois tout seul et hors de l&rsquo;eau, le piranha fait moins le malin (<a href=\"https:\/\/commons.wikimedia.org\/wiki\/Category:Serrasalminae#\/media\/File:FMIB_38627_Myletes_pacu;_Native_of_the_Essequibo,_Guiana.jpeg\" target=\"_blank\" rel=\"noopener\">Wikim\u00e9dia Commons<\/a>)<\/p><\/div>\n<p>Je m&rsquo;en voudrais d&rsquo;avoir l&rsquo;air d&rsquo;un donneur de le\u00e7ons, et je suis certain d&rsquo;avoir plus d&rsquo;une fois fait partie des piranhas, des hy\u00e8nes, des chiens, des loups, qui sans l&rsquo;avoir d\u00e9cid\u00e9 constituent spontan\u00e9ment une multitude de harceleurs ou de ricaneurs. Mais je m&rsquo;impose souvent d&rsquo;\u00eatre l&rsquo;avocat du diable, c&rsquo;est presque un enjeu en terme d&rsquo;estime de soi, ou d&rsquo;orgeil :\u00a0<span style=\"font-weight: 300;\">je d\u00e9teste me voir en pleutre qui tire sa force de celle du groupe dans lequel il se cache, qui tire sa puissance non du fait d&rsquo;\u00eatre intelligent et convaincant mais au contraire, du fait de suivre le courant. Alors j&rsquo;essaie de parler en mon propre nom, en tant qu&rsquo;individu, pas en tant qu&rsquo;agent sans devoirs et sans responsabilit\u00e9s. Et j&rsquo;essaie de m&rsquo;adresser aux autres en les consid\u00e9rant aussi comme des personnes et non comme les membres de groupes, quand bien m\u00eame ce sont des adversaires.\u00a0<\/span><\/p>\n<p>On parle beaucoup d&rsquo;une crise actuelle de la d\u00e9mocratie. Je ne sais pas exactement ce qu&rsquo;est la d\u00e9mocratie id\u00e9ale et je ne sais pas \u00e0 quel point ce sentiment de crise est justifi\u00e9 ou in\u00e9dit, mais je me demande parfois si notre mode dit \u00ab\u00a0repr\u00e9sentatif\u00a0\u00bb n&rsquo;est pas l\u00e0 encore un moyen de se cacher. Bien \u00e0 l&rsquo;abri (des pressions ext\u00e9rieures mais aussi des responsabilit\u00e9s) dans l\u2019isoloir, on d\u00e9signe un chef \u00e0 qui on d\u00e9l\u00e8gue nos pouvoirs, afin de n&rsquo;\u00eatre responsable de rien mais juge de tout. On \u00e9lit une personne \u00e0 qui l&rsquo;on pourra reprocher ce qui ne va pas \u2014 que cela soit de son ressort ou non, parfois \u2014, et dont la statue sera d\u00e9boulonn\u00e9e par ceux-l\u00e0 m\u00eame qui l&rsquo;auront \u00e9difi\u00e9e, une fois qu&rsquo;ils se seront lass\u00e9s.<br \/>\nSans doute la veulerie fait-elle partie de la nature humaine, mais le courage aussi, je pense. \u00c0 chacun de choisir comment il veut se voir.<br \/>\n<span style=\"font-weight: 300;\">Oui, bon, finalement je suis un peu donneur de le\u00e7ons, l\u00e0.<\/span><\/p>\n<p><small><em>(nota : j&rsquo;ai demand\u00e9 \u00e0 C\u00e9cile Ar\u00e8nes, Samuel Laurent et Laurent tout court la permission de reproduire leurs textes, mais il est bien entendu qu&rsquo;ils ne sont pas associ\u00e9s \u00e0 mes propos, dont ils n&rsquo;ont pas \u00e9t\u00e9 avis\u00e9s.)<\/em><\/small><\/p>\n<ol class=\"footnotes\"><li id=\"footnote_1_38841\" class=\"footnote\">Nicolas Vanderbiest est doctorant \u00e0 l&rsquo;Universit\u00e9 de Louvain. Ses d\u00e9tracteurs r\u00e9cents se sont ridiculis\u00e9s en l&rsquo;accusant de mentir sur ses qualifications universitaires, car ils confondaient doctorant (pr\u00e9parant une th\u00e8se de doctorat) et docteur. <span class=\"footnote-back-link-wrapper\"> [<a href=\"#identifier_1_38841\" class=\"footnote-link footnote-back-link\">&#8617;<\/a>]<\/span><\/li><li id=\"footnote_2_38841\" class=\"footnote\">Gary Machado, Alexandre Alaphilippe et Nicolas Vanderbiest. <span class=\"footnote-back-link-wrapper\"> [<a href=\"#identifier_2_38841\" class=\"footnote-link footnote-back-link\">&#8617;<\/a>]<\/span><\/li><li id=\"footnote_3_38841\" class=\"footnote\">Citons par exemple <em><a href=\"https:\/\/hyperbate.fr\/dernier\/?p=36978\">AWDnews<\/a><\/em>, site multilingue financ\u00e9 par une quelconque monarchie du Golfe, qui se fait passer pour une initiative spontan\u00e9e d&rsquo;\u00e9tudiants europ\u00e9ens passionn\u00e9s d&rsquo;information. <span class=\"footnote-back-link-wrapper\"> [<a href=\"#identifier_3_38841\" class=\"footnote-link footnote-back-link\">&#8617;<\/a>]<\/span><\/li><li id=\"footnote_4_38841\" class=\"footnote\">L&rsquo;affaire Benalla a suscit\u00e9 huit fois plus d&rsquo;activit\u00e9 que #balanceTonPorc et deux fois plus que #JesuisCharlie. On notera que le hashtag #fichagePolitique (qui concerne non plus l&rsquo;affaire Benalla mais l&rsquo;affaire Disinfolab), a quant \u00e0 lui suscit\u00e9 plusieurs centaines de milliers de tweets. <span class=\"footnote-back-link-wrapper\"> [<a href=\"#identifier_4_38841\" class=\"footnote-link footnote-back-link\">&#8617;<\/a>]<\/span><\/li><li id=\"footnote_5_38841\" class=\"footnote\">Un russophile selon <em>EU Disinfolab<\/em> partage <em>\u00ab\u00a0publiquement et r\u00e9guli\u00e8rement des articles de RT et Sputnik, qui sont des m\u00e9dias financ\u00e9s par l\u2019\u00c9tat russe. C\u2019est donc une sensibilit\u00e9 aux narratifs pro-russes. Ce n\u2019est pas un jugement de valeur, mais un fait quantifiable selon une m\u00e9thodologie\u00a0\u00bb<\/em>. <span class=\"footnote-back-link-wrapper\"> [<a href=\"#identifier_5_38841\" class=\"footnote-link footnote-back-link\">&#8617;<\/a>]<\/span><\/li><li id=\"footnote_6_38841\" class=\"footnote\">Ou cherchant visiblement ses faveurs, comme Fr\u00e9d\u00e9ric Lefebvre <a href=\"https:\/\/www.lesfrancais.press\/_europe_attaqu_e\" target=\"_blank\" rel=\"noopener\">dans un article<\/a> o\u00f9 il qualifie le pr\u00e9sident de nouvel homme fort de l&rsquo;Europe, et dans un communiqu\u00e9 o\u00f9 il appelle \u00e0 la constitution d&rsquo;une commission d&rsquo;enqu\u00eate sur le sujet. <span class=\"footnote-back-link-wrapper\"> [<a href=\"#identifier_6_38841\" class=\"footnote-link footnote-back-link\">&#8617;<\/a>]<\/span><\/li><li id=\"footnote_7_38841\" class=\"footnote\">Rappelons le <a href=\"https:\/\/fr.wikipedia.org\/wiki\/Rasoir_d%27Hanlon\" target=\"_blank\" rel=\"noopener\">rasoir d&rsquo;Hanlon<\/a>, inspir\u00e9 du rasoir d&rsquo;Ockham : <em>\u00ab Ne jamais attribuer \u00e0 la malveillance ce que la b\u00eatise suffit \u00e0 expliquer \u00bb<\/em>. <span class=\"footnote-back-link-wrapper\"> [<a href=\"#identifier_7_38841\" class=\"footnote-link footnote-back-link\">&#8617;<\/a>]<\/span><\/li><li id=\"footnote_8_38841\" class=\"footnote\">Celui de mon grand-p\u00e8re <a href=\"https:\/\/hyperbate.fr\/dernier\/?p=37692\">Andr\u00e9<\/a>\u00a0qui nous a quitt\u00e9s il y a un peu plus d&rsquo;un an \u00e9tait le\u00a053858, ai-je lu dans un article de Lib\u00e9\u00a0\u2014 lui n&rsquo;en parlait pas. <span class=\"footnote-back-link-wrapper\"> [<a href=\"#identifier_8_38841\" class=\"footnote-link footnote-back-link\">&#8617;<\/a>]<\/span><\/li><li id=\"footnote_9_38841\" class=\"footnote\">Je ne sais pas si la soci\u00e9t\u00e9 Monsanto-Bayer fait la liste de ceux qui ne l&rsquo;aiment pas \u2014 \u00e7a risque d&rsquo;\u00eatre une longue liste \u2014, mais <a href=\"https:\/\/www.marianne.net\/societe\/comment-monsanto-deploie-des-trolls-pour-polluer-les-articles-critiques\" target=\"_blank\" rel=\"noopener\">on sait qu&rsquo;elle r\u00e9mun\u00e8re des internautes<\/a> pour \u00e9branler les critiques \u00e0 l&rsquo;aide d&rsquo;astuces connues de longue date : <em>\u00ab\u00a0je suis scientifique, et toi ?\u00a0\u00bb<\/em>, <em>\u00ab\u00a0je pensais comme toi jusqu&rsquo;\u00e0 ce que j&rsquo;\u00e9tudie s\u00e9rieusement la question\u00a0\u00bb<\/em>, <em>\u00ab\u00a0aucune \u00e9tude ne montre de corr\u00e9lation entre l&rsquo;augmentation de 2000% des cancers professionnels d&rsquo;agriculteurs et le glyphosate qu&rsquo;ils utilisent quotidiennement\u00a0\u00bb<\/em>, etc. <span class=\"footnote-back-link-wrapper\"> [<a href=\"#identifier_9_38841\" class=\"footnote-link footnote-back-link\">&#8617;<\/a>]<\/span><\/li><li id=\"footnote_10_38841\" class=\"footnote\">La premi\u00e8re \u00e9tait accus\u00e9e d&rsquo;imposer le Coran \u00e0 l&rsquo;\u00e9cole primaire, la seconde est \u00e0 pr\u00e9sent accus\u00e9e de l\u00e9galiser la p\u00e9dophilie ! Deux accusations, il va sans dire, aussi absurdes que mensong\u00e8res. <span class=\"footnote-back-link-wrapper\"> [<a href=\"#identifier_10_38841\" class=\"footnote-link footnote-back-link\">&#8617;<\/a>]<\/span><\/li><\/ol>","protected":false},"excerpt":{"rendered":"<p>(r\u00e9sumons le contexte pour ceux qui liront cet article dans quelques ann\u00e9es : en marge de l&rsquo;affaire Benalla [garde du corps du pr\u00e9sident film\u00e9 en train de brutaliser des manifestants alors qu&rsquo;il accompagnait les forces de l&rsquo;ordre en tant qu&rsquo;observateur], une \u00e9tude largement relay\u00e9e par les sympathisants du parti au pouvoir laissait penser (du moins [&hellip;]<\/p>\n","protected":false},"author":1,"featured_media":0,"comment_status":"open","ping_status":"open","sticky":false,"template":"","format":"standard","meta":{"footnotes":""},"categories":[20,37],"tags":[],"class_list":["post-38841","post","type-post","status-publish","format-standard","hentry","category-indices","category-parano"],"_links":{"self":[{"href":"https:\/\/hyperbate.fr\/dernier\/index.php?rest_route=\/wp\/v2\/posts\/38841","targetHints":{"allow":["GET"]}}],"collection":[{"href":"https:\/\/hyperbate.fr\/dernier\/index.php?rest_route=\/wp\/v2\/posts"}],"about":[{"href":"https:\/\/hyperbate.fr\/dernier\/index.php?rest_route=\/wp\/v2\/types\/post"}],"author":[{"embeddable":true,"href":"https:\/\/hyperbate.fr\/dernier\/index.php?rest_route=\/wp\/v2\/users\/1"}],"replies":[{"embeddable":true,"href":"https:\/\/hyperbate.fr\/dernier\/index.php?rest_route=%2Fwp%2Fv2%2Fcomments&post=38841"}],"version-history":[{"count":4,"href":"https:\/\/hyperbate.fr\/dernier\/index.php?rest_route=\/wp\/v2\/posts\/38841\/revisions"}],"predecessor-version":[{"id":38987,"href":"https:\/\/hyperbate.fr\/dernier\/index.php?rest_route=\/wp\/v2\/posts\/38841\/revisions\/38987"}],"wp:attachment":[{"href":"https:\/\/hyperbate.fr\/dernier\/index.php?rest_route=%2Fwp%2Fv2%2Fmedia&parent=38841"}],"wp:term":[{"taxonomy":"category","embeddable":true,"href":"https:\/\/hyperbate.fr\/dernier\/index.php?rest_route=%2Fwp%2Fv2%2Fcategories&post=38841"},{"taxonomy":"post_tag","embeddable":true,"href":"https:\/\/hyperbate.fr\/dernier\/index.php?rest_route=%2Fwp%2Fv2%2Ftags&post=38841"}],"curies":[{"name":"wp","href":"https:\/\/api.w.org\/{rel}","templated":true}]}}