{"id":38359,"date":"2018-02-16T14:48:51","date_gmt":"2018-02-16T13:48:51","guid":{"rendered":"http:\/\/hyperbate.fr\/dernier\/?p=38359"},"modified":"2018-02-16T14:48:51","modified_gmt":"2018-02-16T13:48:51","slug":"litteratures-graphiques-contemporaines-7-2-dorothee-de-monfreid","status":"publish","type":"post","link":"https:\/\/hyperbate.fr\/dernier\/?p=38359","title":{"rendered":"Litt\u00e9ratures graphiques contemporaines #7.2 : Doroth\u00e9e de Monfreid"},"content":{"rendered":"<p>Vendredi 23 f\u00e9vrier 2018, le <a href=\"https:\/\/hyperbate.fr\/dernier\/?p=38310\">cycle de conf\u00e9rences <em>Litt\u00e9ratures graphiques contemporaines<\/em><\/a> accueillera Doroth\u00e9e de Monfreid.<\/p>\n<p>Doroth\u00e9e de Monfreid, n\u00e9e en 1973, est dipl\u00f4m\u00e9e de l&rsquo;\u00e9cole des Arts d\u00e9coratifs de Paris. En vingt ans, elle a publi\u00e9 plus d&rsquo;une cinquantaine de livres : albums jeunesse, romans et albums de bande dessin\u00e9e.<\/p>\n<p><img decoding=\"async\" class=\"aligncenter size-full wp-image-38387\" src=\"\/dernier\/files\/2018\/02\/dorotheedemonfreid.png\" alt=\"\" width=\"530\" height=\"262\" \/><\/p>\n<p>La rencontre aura lieu \u00e0 l\u2019<strong>Universit\u00e9 Paris 8<\/strong> (M\u00e9tro Saint-Denis Universit\u00e9), le <strong>vendredi 23 f\u00e9vrier \u00e0 <span style=\"color: #ff0000;\">15 heures<\/span><\/strong>, dans la <strong>salle A-1-175<\/strong>.<br \/>\nCette premi\u00e8re s\u00e9ance de la septi\u00e8me ann\u00e9e du cycle de conf\u00e9rences est ouverte au public dans la limite des places disponibles.<\/p>\n","protected":false},"excerpt":{"rendered":"<p>Vendredi 23 f\u00e9vrier 2018, le cycle de conf\u00e9rences Litt\u00e9ratures graphiques contemporaines accueillera Doroth\u00e9e de Monfreid. Doroth\u00e9e de Monfreid, n\u00e9e en 1973, est dipl\u00f4m\u00e9e de l&rsquo;\u00e9cole des Arts d\u00e9coratifs de Paris. En vingt ans, elle a publi\u00e9 plus d&rsquo;une cinquantaine de livres : albums jeunesse, romans et albums de bande dessin\u00e9e. La rencontre aura lieu \u00e0 [&hellip;]<\/p>\n","protected":false},"author":1,"featured_media":0,"comment_status":"open","ping_status":"open","sticky":false,"template":"","format":"standard","meta":{"footnotes":""},"categories":[53,102],"tags":[],"class_list":["post-38359","post","type-post","status-publish","format-standard","hentry","category-bande-dessinee","category-conferences"],"_links":{"self":[{"href":"https:\/\/hyperbate.fr\/dernier\/index.php?rest_route=\/wp\/v2\/posts\/38359","targetHints":{"allow":["GET"]}}],"collection":[{"href":"https:\/\/hyperbate.fr\/dernier\/index.php?rest_route=\/wp\/v2\/posts"}],"about":[{"href":"https:\/\/hyperbate.fr\/dernier\/index.php?rest_route=\/wp\/v2\/types\/post"}],"author":[{"embeddable":true,"href":"https:\/\/hyperbate.fr\/dernier\/index.php?rest_route=\/wp\/v2\/users\/1"}],"replies":[{"embeddable":true,"href":"https:\/\/hyperbate.fr\/dernier\/index.php?rest_route=%2Fwp%2Fv2%2Fcomments&post=38359"}],"version-history":[{"count":3,"href":"https:\/\/hyperbate.fr\/dernier\/index.php?rest_route=\/wp\/v2\/posts\/38359\/revisions"}],"predecessor-version":[{"id":38470,"href":"https:\/\/hyperbate.fr\/dernier\/index.php?rest_route=\/wp\/v2\/posts\/38359\/revisions\/38470"}],"wp:attachment":[{"href":"https:\/\/hyperbate.fr\/dernier\/index.php?rest_route=%2Fwp%2Fv2%2Fmedia&parent=38359"}],"wp:term":[{"taxonomy":"category","embeddable":true,"href":"https:\/\/hyperbate.fr\/dernier\/index.php?rest_route=%2Fwp%2Fv2%2Fcategories&post=38359"},{"taxonomy":"post_tag","embeddable":true,"href":"https:\/\/hyperbate.fr\/dernier\/index.php?rest_route=%2Fwp%2Fv2%2Ftags&post=38359"}],"curies":[{"name":"wp","href":"https:\/\/api.w.org\/{rel}","templated":true}]}}