{"id":37324,"date":"2017-04-24T14:57:45","date_gmt":"2017-04-24T12:57:45","guid":{"rendered":"http:\/\/hyperbate.fr\/dernier\/?p=37324"},"modified":"2017-04-24T14:58:24","modified_gmt":"2017-04-24T12:58:24","slug":"litteratures-graphiques-contemporaines-6-5-julie-maroh","status":"publish","type":"post","link":"https:\/\/hyperbate.fr\/dernier\/?p=37324","title":{"rendered":"Litt\u00e9ratures graphiques contemporaines #6.5 : Julie Maroh"},"content":{"rendered":"<p>Vendredi 28 avril 2017, le cycle de conf\u00e9rences <a title=\"Litt\u00e9ratures graphiques contemporaines #6 (Cycle de conf\u00e9rences)\" href=\"https:\/\/hyperbate.fr\/dernier\/?p=37143\"><em>Litt\u00e9ratures graphiques contemporaines<\/em><\/a> accueillera Julie Maroh.<\/p>\n<p>Julie Maroh est n\u00e9e en 1985 \u00e0 Lens. Apr\u00e8s des \u00e9tudes en art \u00e0 Roubaix et \u00e0 Bruxelles, elle obtient le prix du public du festival d&rsquo;Angoul\u00eame avec son premier album, <em>Le Bleu est une couleur chaude<\/em>\u00a0(2011), publi\u00e9 dans de nombreuses langues et dont l&rsquo;adaptation au cin\u00e9ma par Abdelatif Kechiche sous le titre <em>La Vie d&rsquo;Ad\u00e8le<\/em>\u00a0(2013) a \u00e9t\u00e9\u00a0couronn\u00e9e par une Palme d&rsquo;or au festival de Cannes.<\/p>\n<p><img decoding=\"async\" class=\"aligncenter size-full wp-image-37328\" src=\"\/dernier\/files\/2017\/04\/le_bleu_est_une_couleur_chaude.jpg\" alt=\"\" width=\"530\" height=\"176\" \/><br \/>\nDepuis, elle a publi\u00e9 quatre livres\u00a0: <em>Skandalon<\/em>\u00a0(2013), <em>Brahms<\/em>\u00a0(2014),\u00a0<em>City &amp;\u00a0Gender<\/em>\u00a0(2014) et <em>Corps sonores<\/em> (2017).<\/p>\n<p>La rencontre aura lieu \u00e0 l\u2019<strong>Universit\u00e9 Paris 8<\/strong> (M\u00e9tro Saint-Denis Universit\u00e9), le <strong>vendredi 28 avril \u00e0 <span style=\"color: #ff0000;\">15 heures<\/span>, dans la salle C006<\/strong>.<br \/>\nCette cinqui\u00e8me\u00a0s\u00e9ance de la sixi\u00e8me ann\u00e9e du cycle de conf\u00e9rences est ouverte au public dans la limite des places disponibles.<\/p>\n","protected":false},"excerpt":{"rendered":"<p>Vendredi 28 avril 2017, le cycle de conf\u00e9rences Litt\u00e9ratures graphiques contemporaines accueillera Julie Maroh. Julie Maroh est n\u00e9e en 1985 \u00e0 Lens. Apr\u00e8s des \u00e9tudes en art \u00e0 Roubaix et \u00e0 Bruxelles, elle obtient le prix du public du festival d&rsquo;Angoul\u00eame avec son premier album, Le Bleu est une couleur chaude\u00a0(2011), publi\u00e9 dans de nombreuses [&hellip;]<\/p>\n","protected":false},"author":1,"featured_media":0,"comment_status":"open","ping_status":"open","sticky":false,"template":"","format":"standard","meta":{"footnotes":""},"categories":[53,102],"tags":[],"class_list":["post-37324","post","type-post","status-publish","format-standard","hentry","category-bande-dessinee","category-conferences"],"_links":{"self":[{"href":"https:\/\/hyperbate.fr\/dernier\/index.php?rest_route=\/wp\/v2\/posts\/37324","targetHints":{"allow":["GET"]}}],"collection":[{"href":"https:\/\/hyperbate.fr\/dernier\/index.php?rest_route=\/wp\/v2\/posts"}],"about":[{"href":"https:\/\/hyperbate.fr\/dernier\/index.php?rest_route=\/wp\/v2\/types\/post"}],"author":[{"embeddable":true,"href":"https:\/\/hyperbate.fr\/dernier\/index.php?rest_route=\/wp\/v2\/users\/1"}],"replies":[{"embeddable":true,"href":"https:\/\/hyperbate.fr\/dernier\/index.php?rest_route=%2Fwp%2Fv2%2Fcomments&post=37324"}],"version-history":[{"count":3,"href":"https:\/\/hyperbate.fr\/dernier\/index.php?rest_route=\/wp\/v2\/posts\/37324\/revisions"}],"predecessor-version":[{"id":37331,"href":"https:\/\/hyperbate.fr\/dernier\/index.php?rest_route=\/wp\/v2\/posts\/37324\/revisions\/37331"}],"wp:attachment":[{"href":"https:\/\/hyperbate.fr\/dernier\/index.php?rest_route=%2Fwp%2Fv2%2Fmedia&parent=37324"}],"wp:term":[{"taxonomy":"category","embeddable":true,"href":"https:\/\/hyperbate.fr\/dernier\/index.php?rest_route=%2Fwp%2Fv2%2Fcategories&post=37324"},{"taxonomy":"post_tag","embeddable":true,"href":"https:\/\/hyperbate.fr\/dernier\/index.php?rest_route=%2Fwp%2Fv2%2Ftags&post=37324"}],"curies":[{"name":"wp","href":"https:\/\/api.w.org\/{rel}","templated":true}]}}