{"id":36070,"date":"2016-04-18T17:17:25","date_gmt":"2016-04-18T15:17:25","guid":{"rendered":"http:\/\/hyperbate.fr\/dernier\/?p=36070"},"modified":"2016-04-18T17:56:32","modified_gmt":"2016-04-18T15:56:32","slug":"litteratures-graphiques-contemporaines-5-3-julien-neel","status":"publish","type":"post","link":"https:\/\/hyperbate.fr\/dernier\/?p=36070","title":{"rendered":"Litt\u00e9ratures graphiques contemporaines #5.3 : Julien Neel"},"content":{"rendered":"<p>Vendredi prochain 22 avril,\u00a0le cycle de conf\u00e9rences <a title=\"Litt\u00e9ratures graphiques contemporaines #4 (Cycle de conf\u00e9rences)\" href=\"https:\/\/hyperbate.fr\/dernier\/?p=34870\"><em>Litt\u00e9ratures graphiques contemporaines<\/em><\/a> accueillera Julien Neel.<\/p>\n<p>N\u00e9 en 1976, Julien Neel s&rsquo;est fait conna\u00eetre avec la s\u00e9rie <em>Lou!<\/em>, dont le personnage principal est une pr\u00e9-adolescente que l&rsquo;on voit grandir au fil des albums. Cette s\u00e9rie a fait l&rsquo;objet d&rsquo;une adaptation en s\u00e9rie d&rsquo;animation, puis d&rsquo;un long-m\u00e9trage r\u00e9alis\u00e9 par l&rsquo;auteur lui-m\u00eame. Julien Neel est aussi l&rsquo;auteur d&rsquo;un one-shot intitul\u00e9 <em>Chaque Chose<\/em>, et vient de commencer une nouvelle s\u00e9rie,\u00a0<em>Le Viandier de Polpette<\/em>, avec Olivier Milhaud.<\/p>\n<p><img decoding=\"async\" class=\"alignnone size-full wp-image-36074\" src=\"\/dernier\/files\/2016\/04\/julien_neel.jpg\" alt=\"julien_neel\" width=\"530\" height=\"386\" \/><\/p>\n<p>La rencontre aura lieu \u00e0 l\u2019<strong>Universit\u00e9 Paris 8<\/strong>\u00a0(M\u00e9tro Saint-Denis Universit\u00e9), le\u00a0<strong>vendredi 22 avril \u00e0 18 heures, dans la salle A1-175<\/strong>.<br \/>\nCette troisi\u00e8me\u00a0s\u00e9ance de la cinqui\u00e8me\u00a0ann\u00e9e du cycle de conf\u00e9rences est ouverte\u00a0au public dans la limite des places disponibles et de la capacit\u00e9 des visiteurs ext\u00e9rieurs \u00e0 trouver la salle.<\/p>\n","protected":false},"excerpt":{"rendered":"<p>Vendredi prochain 22 avril,\u00a0le cycle de conf\u00e9rences Litt\u00e9ratures graphiques contemporaines accueillera Julien Neel. N\u00e9 en 1976, Julien Neel s&rsquo;est fait conna\u00eetre avec la s\u00e9rie Lou!, dont le personnage principal est une pr\u00e9-adolescente que l&rsquo;on voit grandir au fil des albums. Cette s\u00e9rie a fait l&rsquo;objet d&rsquo;une adaptation en s\u00e9rie d&rsquo;animation, puis d&rsquo;un long-m\u00e9trage r\u00e9alis\u00e9 par [&hellip;]<\/p>\n","protected":false},"author":1,"featured_media":0,"comment_status":"open","ping_status":"open","sticky":false,"template":"","format":"standard","meta":{"footnotes":""},"categories":[53,102],"tags":[],"class_list":["post-36070","post","type-post","status-publish","format-standard","hentry","category-bande-dessinee","category-conferences"],"_links":{"self":[{"href":"https:\/\/hyperbate.fr\/dernier\/index.php?rest_route=\/wp\/v2\/posts\/36070","targetHints":{"allow":["GET"]}}],"collection":[{"href":"https:\/\/hyperbate.fr\/dernier\/index.php?rest_route=\/wp\/v2\/posts"}],"about":[{"href":"https:\/\/hyperbate.fr\/dernier\/index.php?rest_route=\/wp\/v2\/types\/post"}],"author":[{"embeddable":true,"href":"https:\/\/hyperbate.fr\/dernier\/index.php?rest_route=\/wp\/v2\/users\/1"}],"replies":[{"embeddable":true,"href":"https:\/\/hyperbate.fr\/dernier\/index.php?rest_route=%2Fwp%2Fv2%2Fcomments&post=36070"}],"version-history":[{"count":3,"href":"https:\/\/hyperbate.fr\/dernier\/index.php?rest_route=\/wp\/v2\/posts\/36070\/revisions"}],"predecessor-version":[{"id":36077,"href":"https:\/\/hyperbate.fr\/dernier\/index.php?rest_route=\/wp\/v2\/posts\/36070\/revisions\/36077"}],"wp:attachment":[{"href":"https:\/\/hyperbate.fr\/dernier\/index.php?rest_route=%2Fwp%2Fv2%2Fmedia&parent=36070"}],"wp:term":[{"taxonomy":"category","embeddable":true,"href":"https:\/\/hyperbate.fr\/dernier\/index.php?rest_route=%2Fwp%2Fv2%2Fcategories&post=36070"},{"taxonomy":"post_tag","embeddable":true,"href":"https:\/\/hyperbate.fr\/dernier\/index.php?rest_route=%2Fwp%2Fv2%2Ftags&post=36070"}],"curies":[{"name":"wp","href":"https:\/\/api.w.org\/{rel}","templated":true}]}}