{"id":34306,"date":"2015-09-07T03:31:13","date_gmt":"2015-09-07T01:31:13","guid":{"rendered":"http:\/\/hyperbate.fr\/dernier\/?p=34306"},"modified":"2023-09-18T12:58:46","modified_gmt":"2023-09-18T10:58:46","slug":"le-petit-garcon","status":"publish","type":"post","link":"https:\/\/hyperbate.fr\/dernier\/?p=34306","title":{"rendered":"Le petit gar\u00e7on"},"content":{"rendered":"\n<p>Plusieurs photographies\u00a0d&rsquo;enfants morts noy\u00e9s en tentant de traverser la M\u00e9diterran\u00e9e ont \u00e9t\u00e9 publi\u00e9es ces temps-ci, provoquant des d\u00e9bats irr\u00e9conciliables\u00a0sur la pertinence de montrer de telles images<sup><a href=\"#footnote_1_34306\" id=\"identifier_1_34306\" class=\"footnote-link footnote-identifier-link\" title=\"d&eacute;bats auxquels j&rsquo;ai d&rsquo;ailleurs pris part avec un article.\">1<\/a><\/sup>. Et puis il y a une<sup><a href=\"#footnote_2_34306\" id=\"identifier_2_34306\" class=\"footnote-link footnote-identifier-link\" title=\"Un point int&eacute;ressant est que l&rsquo;on parle souvent d&rsquo;une photographie, comme si elle &eacute;tait unique, alors qu&rsquo;il en circule en fait plusieurs, au moins trois issues d&rsquo;une m&ecirc;me s&eacute;rie, qui repr&eacute;sentent&nbsp;des instants diff&eacute;rents &agrave; des angles de vue diff&eacute;rents, et que l&rsquo;on trouve d&eacute;clin&eacute;es en plusieurs cadrages qui&nbsp;en&nbsp;r&eacute;v&egrave;lent&nbsp;plus ou moins le contexte.\">2<\/a><\/sup> image qui semble mettre tout le monde d&rsquo;accord, c&rsquo;est celle du petit Aylan. <\/p>\n\n\n<div class=\"wp-block-image\">\n<figure class=\"aligncenter size-medium is-resized\"><img decoding=\"async\" src=\"https:\/\/hyperbate.fr\/dernier\/files\/2023\/09\/image-3-530x388.png\" alt=\"\" class=\"wp-image-43299\" style=\"width:530px\" width=\"530\" srcset=\"https:\/\/hyperbate.fr\/dernier\/files\/2023\/09\/image-3-530x388.png 530w, https:\/\/hyperbate.fr\/dernier\/files\/2023\/09\/image-3-768x562.png 768w, https:\/\/hyperbate.fr\/dernier\/files\/2023\/09\/image-3.png 795w\" sizes=\"(max-width: 530px) 100vw, 530px\" \/><\/figure>\n<\/div>\n\n\n<p>Je le d\u00e9signerai ici par son seul pr\u00e9nom non par familiarit\u00e9 mal plac\u00e9e mais parce que la presse lui attribue deux noms\u00a0: Kurdi, qui semble \u00eatre le nom ou le surnom qu&rsquo;a pris sa famille en Turquie, marquant\u00a0son origine kurde, et\u00a0Shenu, son v\u00e9ritable patronyme. Malgr\u00e9 la petite h\u00e9sitation sur son nom complet, une des forces de l&rsquo;image est qu&rsquo;elle ne montre pas un cadavre anonyme, et\u00a0que l&rsquo;on a tr\u00e8s rapidement su que l&rsquo;enfant avait eu un fr\u00e8re et une m\u00e8re, tous deux d\u00e9c\u00e9d\u00e9s dans les m\u00eames conditions que lui, et un p\u00e8re, qui a surv\u00e9cu a sa famille et veut \u00e0 pr\u00e9sent retourner dans le pays qu&rsquo;il a fui pour y inhumer les siens. Cet enfant \u00e9tait une personne, pas juste un symbole, une image, c&rsquo;est peut-\u00eatre une des raisons qui expliquent que le clich\u00e9\u00a0se soit impos\u00e9 si puissamment dans le monde entier. Des journaux qui ne publient jamais de photographies path\u00e9tiques de ce genre <a rel=\"noopener\" href=\"http:\/\/www.courrierinternational.com\/article\/tribune-je-nai-jamais-voulu-publier-une-photo-denfant-mort-jusqua-hier\" target=\"_blank\">ont d\u00e9rog\u00e9 \u00e0 leurs r\u00e8gles<\/a>, et la presse fran\u00e7aise, qui n&rsquo;a pas publi\u00e9 l&rsquo;image en m\u00eame temps que les reste de la presse internationale se l&rsquo;est fait reprocher, poussant m\u00eame Lib\u00e9ration <a rel=\"noopener\" href=\"http:\/\/www.liberation.fr\/monde\/2015\/09\/03\/pourquoi-nous-n-avons-pas-publie-la-photo-d-aylan-kurdi_1375094\" target=\"_blank\">\u00e0 publier un article<\/a> pour s&rsquo;expliquer un peu piteusement.<br>Il est int\u00e9ressant de voir que les professionnels de l&rsquo;image, \u00e0 commencer par son autrice<sup><a href=\"#footnote_3_34306\" id=\"identifier_3_34306\" class=\"footnote-link footnote-identifier-link\" title=\"Lire l&rsquo;interview par Le Monde de, la photographe, Nilufer Demir.\">3<\/a><\/sup>, ne voient pas tous ce qu&rsquo;il y a de nouveau<sup><a href=\"#footnote_4_34306\" id=\"identifier_4_34306\" class=\"footnote-link footnote-identifier-link\" title=\"Lire : La photo de l&rsquo;enfant mort : les professionnels de la photo&nbsp;r&eacute;agissent.\">4<\/a><\/sup>\u00a0: des cadavres, y compris des cadavres d&rsquo;enfants, ils en photographient tout le temps et ils savent que celui-ci n&rsquo;est qu&rsquo;un parmi des centaines d&rsquo;autres, comme Giulio Piscitelli, photographe italien, qui consid\u00e8re qu&rsquo;<em>\u00ab\u00a0\u00catre surpris par cette photo rel\u00e8ve de l\u2019hypocrisie. Il y a deux semaines, 300 migrants ont perdu la vie au large de la Libye. Il y avait aussi des enfants. Des photos ont \u00e9t\u00e9 relay\u00e9es, et \u00e7a n\u2019a pas choqu\u00e9 autant de personnes.\u00a0\u00bb<\/em>.<br>Pourtant, non seulement l&rsquo;image a circul\u00e9, mais elle est devenue instantan\u00e9ment une ic\u00f4ne, un m\u00e8me<sup><a href=\"#footnote_5_34306\" id=\"identifier_5_34306\" class=\"footnote-link footnote-identifier-link\" title=\"Le concept de m&egrave;me est souvent associ&eacute; &agrave; une certaine l&eacute;g&egrave;ret&eacute; mais par son destin, cette image correspond bien &agrave; la d&eacute;finition.\">5<\/a><\/sup> aussit\u00f4t recycl\u00e9, reproduit en dessins, r\u00e9interpr\u00e9t\u00e9 et inclus \u00e0 des mises-en-pages et des montages divers.<\/p>\n\n\n<div class=\"wp-block-image\">\n<figure class=\"aligncenter size-medium is-resized\"><img decoding=\"async\" src=\"https:\/\/hyperbate.fr\/dernier\/files\/2023\/09\/image-4-530x228.png\" alt=\"\" class=\"wp-image-43304\" style=\"width:530px\" width=\"530\" srcset=\"https:\/\/hyperbate.fr\/dernier\/files\/2023\/09\/image-4-530x228.png 530w, https:\/\/hyperbate.fr\/dernier\/files\/2023\/09\/image-4-768x330.png 768w, https:\/\/hyperbate.fr\/dernier\/files\/2023\/09\/image-4.png 934w\" sizes=\"(max-width: 530px) 100vw, 530px\" \/><figcaption class=\"wp-element-caption\">Ici, le dessin de Joann Sfar, tr\u00e8s int\u00e9ressant parce que sa r\u00e9f\u00e9rence au petit Aylan est transparente alors qu&rsquo;il ne reproduit pas la posture des photographies, toujours de dos.<\/figcaption><\/figure>\n<\/div>\n\n\n<p>Faut-il publier ce genre de photographie ? Les arguments oppos\u00e9s qui sont les plus forts&nbsp;\u00e0 mon avis&nbsp;sont, d&rsquo;une part, le fait qu&rsquo;une image \u00e9mouvante prive celui qui la regarde de sa capacit\u00e9 \u00e0 r\u00e9fl\u00e9chir froidement, et, d&rsquo;autre part, que l&rsquo;on nous montre un enfant syrien mort alors que l&rsquo;on ne verra jamais aux informations le corps sans vie d&rsquo;un enfant fran\u00e7ais, comme si une personne pouvait \u00eatre trait\u00e9e, sinon comme un objet, du moins avec une grande distance d\u00e8s lors qu&rsquo;on l&rsquo;a identifi\u00e9e&nbsp;comme \u00ab\u00a0autre\u00a0\u00bb.<br>Sur l&rsquo;\u00e9motion, je ne saurais trancher : oui, l&rsquo;\u00e9motion paralyse la r\u00e9flexion. Il suffit d&rsquo;un fait-divers scabreux pour&nbsp;retourner l&rsquo;opinion d&rsquo;un pays \u00e0 la veille d&rsquo;un vote, \u00e7a s&rsquo;est d\u00e9j\u00e0 vu<sup><a href=\"#footnote_6_34306\" id=\"identifier_6_34306\" class=\"footnote-link footnote-identifier-link\" title=\"On se rappelle par exemple l&rsquo;affaire Papy Voise, dont certains affirment qu&rsquo;elle est la cause du second tour de l&rsquo;&eacute;lection pr&eacute;sidentielle de 2002, dont Lionel Jospin pourtant favori avait &eacute;t&eacute; priv&eacute;, au profit de Jean-Marie Le Pen.\">6<\/a><\/sup>. Mais en m\u00eame temps, l&rsquo;\u00e9motion, c&rsquo;est ce qui fait de nous des humains, et&nbsp;je ne vois pas quel mal on fait en se sentant \u00e9mu de la mort d&rsquo;un enfant. Au contraire, en voyant cet enfant comme une simple statistique ou comme&nbsp;le repr\u00e9sentant d&rsquo;un groupe abstrait, peut-\u00eatre fait-on preuve d&rsquo;un probl\u00e9matique manque d&rsquo;humanit\u00e9.<br>Le fait que les m\u00e9dias occidentaux exposent sans se poser de question l&rsquo;image du cadavre d&rsquo;un enfant syrien, alors qu&rsquo;ils ne le feraient pas d&rsquo;un enfant europ\u00e9en, est <a href=\"http:\/\/fusion.net\/story\/193215\/syrian-refugees-crisis-photos\/\" target=\"_blank\" rel=\"noopener\">difficile \u00e0 nier<\/a>. Mais l&rsquo;effet provoqu\u00e9 par l&rsquo;image du petit Aylan contredit l&rsquo;id\u00e9e que la circulation des images de ce genre est rendue possible par&nbsp;l&rsquo;absence d&#8217;empathie et d&rsquo;identification. En effet,&nbsp;dans&nbsp;son cas pr\u00e9cis, tout le monde semble avoir pens\u00e9 la m\u00eame chose au m\u00eame moment :<\/p>\n\n\n<div class=\"wp-block-image\">\n<figure class=\"aligncenter\"><img decoding=\"async\" width=\"530\" height=\"467\" src=\"\/dernier\/files\/2015\/09\/parents.png\" alt=\"parents\" class=\"wp-image-34341\"\/><\/figure>\n<\/div>\n\n\n<p>Parmi les gens qui ont accus\u00e9 ceux qui diffusent l&rsquo;image d&rsquo;\u00eatre des manipulateurs, se trouvent notamment les gens qui r\u00e9clament le droit de ne voir les Syriens qui fuient la guerre non comme des \u00eatres humains mais comme un nuage de grillons qui s&rsquo;appr\u00eate \u00e0 venir piller leurs tr\u00e9sors.<br>C&rsquo;est le cas par exemple d&rsquo;un d\u00e9nomm\u00e9\u00a0St\u00e9phane Montabert, qui a \u00e9crit sur le sujet un article intitul\u00e9 <em><a rel=\"noopener\" href=\"http:\/\/stephanemontabert.blog.24heures.ch\/archive\/2015\/09\/03\/la-strategie-de-l-enfant-mort.html\" target=\"_blank\">La strat\u00e9gie de l&rsquo;enfant mort<\/a><\/em>. Ce type semble se d\u00e9finir comme conservateur et comme \u00ab\u00a0libertarien\u00a0\u00bb, id\u00e9ologie qui est un peu la version obscure des id\u00e9es libertaires. L\u00e0 o\u00f9 les anarchistes veulent une soci\u00e9t\u00e9 structur\u00e9e de mani\u00e8re \u00e0 permettre \u00e0 chacun d&rsquo;exercer au maximum ses libert\u00e9s, ce qui implique aussi une disparition des in\u00e9galit\u00e9s sociales, les libertariens pr\u00f4nent l&rsquo;\u00e9go\u00efsme et consid\u00e8re que la libert\u00e9 n&rsquo;est due qu&rsquo;\u00e0 ceux qui savent s&rsquo;en emparer au d\u00e9triment de leur prochain et que la pauvret\u00e9 est la juste punition de ceux qui ne savent pas marcher sur la t\u00eate des autres. L&rsquo;auteur semble consid\u00e9rer que\u00a0tout ce qui bouleverse son petit confort, serait-ce une image, est une insupportable oppression. Et c&rsquo;est paradoxalement rassurant\u00a0: s&rsquo;il craint le sentiment de culpabilit\u00e9, c&rsquo;est qu&rsquo;il est capable de l&rsquo;\u00e9prouver\u00a0!<br>Je note au passage que les \u00ab\u00a0libertariens\u00a0\u00bb qui s&rsquo;en prennent aux migrants le font contre leur propre logique, ou du moins comme ce qu&rsquo;ils affirment \u00eatre leur logique\u00a0: ils placent plus haut que tous les gens qui <em>\u00ab\u00a0prennent en mais leur destin\u00a0\u00bb<\/em>, qui prennent des risques,&#8230; Mais n&rsquo;est-ce pas pr\u00e9cis\u00e9ment ce que fait une famille kurde qui abandonne tout pour traverser une mer au risque d&rsquo;y mourir noy\u00e9e\u00a0?<\/p>\n\n\n<div class=\"wp-block-image\">\n<figure class=\"aligncenter size-full\"><a href=\"https:\/\/twitter.com\/adrenaline1001\/status\/639394379237605376\" target=\"_blank\" rel=\"noreferrer noopener\"><img decoding=\"async\" width=\"530\" height=\"200\" src=\"https:\/\/hyperbate.fr\/dernier\/files\/2023\/09\/image-2.png\" alt=\"\" class=\"wp-image-43297\"\/><\/a><figcaption class=\"wp-element-caption\">On trouve des gens qui n&rsquo;ont tellement pas envie de penser \u00e0 leur responsabilit\u00e9 qu&rsquo;ils supposent que l&rsquo;image ne peut-\u00eatre que le fruit d&rsquo;une mise-en-sc\u00e8ne&#8230;<\/figcaption><\/figure>\n<\/div>\n\n\n<p>Une nuit, il y a dix-huit ou dix-neuf ans, mon fils nous a r\u00e9veill\u00e9, le visage blanc comme un linge, hurlant comme un diable,\u00a0impossible \u00e0 raisonner. Il n&rsquo;avait pas fait un mauvais r\u00eave, il n&rsquo;avait pas faim, ce n&rsquo;\u00e9taient pas ses dents, enfin tous ces trucs qu&rsquo;\u00e9voquent les parents pour expliquer des pleurs, c&rsquo;\u00e9tait quelque chose de nouveau. Il devait \u00eatre quatre heures et quelque, enfin la pire heure qui soit pour \u00eatre r\u00e9veill\u00e9 par surprise. Notre m\u00e9decin de famille est venu tout de suite, et nous a dit qu&rsquo;il devait s&rsquo;agir d&rsquo;une invagination intestinale aigu\u00eb, mais qu&rsquo;il ne pouvait pas \u00eatre cat\u00e9gorique, qu&rsquo;il allait falloir faire des tests. L&rsquo;invagination intestinale est une affection m\u00e9canique, l&rsquo;intestin se replie sur lui-m\u00eame. La douleur est intense et, si rien n&rsquo;est fait, le nourrisson n&rsquo;a, sauf r\u00e9mission spontan\u00e9e assez rare, que quelques jours \u00e0 vivre. Mon grand-p\u00e8re paternel n&rsquo;a pas connu sa\u00a0s\u0153ur\u00a0a\u00een\u00e9e, qui en est morte. En pleine nuit, donc, le docteur nous a amen\u00e9s en voiture aux urgences de l&rsquo;h\u00f4pital de la ville voisine. Les m\u00e9decins hospitaliers ont pris un peu de haut le diagnostic de notre\u00a0m\u00e9decin de famille mais ce dernier avait la vue per\u00e7ante et, s&rsquo;il avait l&rsquo;humilit\u00e9 de nous dire qu&rsquo;il fallait v\u00e9rifier son intuition, il avait vu parfaitement juste. Nous avons v\u00e9cu deux tr\u00e8s longues journ\u00e9es\u00a0d&rsquo;analyses, d&rsquo;observation et d&rsquo;actes divers\u00a0\u2014 mais pas d&rsquo;op\u00e9ration, qui n&rsquo;est pas le meilleur traitement \u00e0 apporter \u00e0 cette maladie. Si les crises de douleur de mon fils \u00e9taient p\u00e9nibles \u00e0 vivre (pour lui bien s\u00fbr mais pour nous aussi qui \u00e9tions impuissants \u00e0 le consoler), je dois dire que ce qui m&rsquo;a le plus marqu\u00e9, moi qui oublie tout assez facilement, c&rsquo;est le moment o\u00f9 l&rsquo;enfant a \u00e9t\u00e9 anesth\u00e9si\u00e9. Les m\u00e9decins manipulaient son corps qui semblait plus qu&rsquo;endormi, qui semblait d\u00e9nu\u00e9 de vie, sans r\u00e9action, liquide. Ce jour l\u00e0, j&rsquo;ai vu un enfant mort. Mon enfant. Il ne l&rsquo;\u00e9tait pas, bien heureusement, il f\u00eate ses vingt ans dans quelques semaines, mais cette vision\u00a0ne m&rsquo;a jamais quitt\u00e9, et c&rsquo;est elle qui me revient lorsque je vois la photo du petit Aylan. Alors non, je ne le vois pas la d\u00e9pouille de cet enfant comme un \u00ab\u00a0objet\u00a0\u00bb que je serais capable de traiter avec distance parce qu&rsquo;il m&rsquo;est \u00e9tranger \u00e0 bien des \u00e9gards, mais au contraire, comme une personne semblable \u00e0 mon propre fils.<\/p>\n<ol class=\"footnotes\"><li id=\"footnote_1_34306\" class=\"footnote\">d\u00e9bats auxquels j&rsquo;ai d&rsquo;ailleurs pris part <a rel=\"noopener\" href=\"https:\/\/hyperbate.fr\/castagne\/2015\/08\/29\/faut-il-montrer-les-morts\/\" target=\"_blank\">avec un article<\/a>.<span class=\"footnote-back-link-wrapper\"> [<a href=\"#identifier_1_34306\" class=\"footnote-link footnote-back-link\">&#8617;<\/a>]<\/span><\/li><li id=\"footnote_2_34306\" class=\"footnote\">Un point int\u00e9ressant est que l&rsquo;on parle souvent d&rsquo;<strong>une<\/strong> photographie, comme si elle \u00e9tait unique, alors qu&rsquo;il en circule en fait plusieurs, au moins trois issues d&rsquo;une m\u00eame s\u00e9rie, qui repr\u00e9sentent\u00a0des instants diff\u00e9rents \u00e0 des angles de vue diff\u00e9rents, et que l&rsquo;on trouve d\u00e9clin\u00e9es en plusieurs cadrages qui\u00a0en\u00a0r\u00e9v\u00e8lent\u00a0plus ou moins le contexte.<span class=\"footnote-back-link-wrapper\"> [<a href=\"#identifier_2_34306\" class=\"footnote-link footnote-back-link\">&#8617;<\/a>]<\/span><\/li><li id=\"footnote_3_34306\" class=\"footnote\">Lire <a rel=\"noopener\" href=\"http:\/\/www.lemonde.fr\/arts\/article\/2015\/09\/03\/nilufer-demir-photographe-le-monde-attendait-une-image-qui-fasse-bouger-les-choses_4745176_1655012.html\" target=\"_blank\">l&rsquo;interview par <em>Le Monde<\/em> de, la photographe<\/a>, Nilufer Demir.<span class=\"footnote-back-link-wrapper\"> [<a href=\"#identifier_3_34306\" class=\"footnote-link footnote-back-link\">&#8617;<\/a>]<\/span><\/li><li id=\"footnote_4_34306\" class=\"footnote\">Lire : <em><a rel=\"noopener\" href=\"http:\/\/blogs.rue89.nouvelobs.com\/vu-de-visa\/2015\/09\/03\/la-photo-de-lenfant-mort-les-professionnels-de-la-photo-reagissent-234917\" target=\"_blank\">La photo de l&rsquo;enfant mort : les professionnels de la photo\u00a0r\u00e9agissent<\/a><\/em>.<span class=\"footnote-back-link-wrapper\"> [<a href=\"#identifier_4_34306\" class=\"footnote-link footnote-back-link\">&#8617;<\/a>]<\/span><\/li><li id=\"footnote_5_34306\" class=\"footnote\">Le concept de <em><a rel=\"noopener\" href=\"https:\/\/fr.wikipedia.org\/wiki\/M%C3%A8me_Internet\" target=\"_blank\">m\u00e8me<\/a><\/em> est souvent associ\u00e9 \u00e0 une certaine l\u00e9g\u00e8ret\u00e9 mais par son destin, cette image correspond bien \u00e0 la d\u00e9finition.<span class=\"footnote-back-link-wrapper\"> [<a href=\"#identifier_5_34306\" class=\"footnote-link footnote-back-link\">&#8617;<\/a>]<\/span><\/li><li id=\"footnote_6_34306\" class=\"footnote\">On se rappelle par exemple l&rsquo;affaire Papy Voise, dont certains affirment qu&rsquo;elle est la cause du second tour de l&rsquo;\u00e9lection pr\u00e9sidentielle de 2002, dont Lionel Jospin pourtant favori avait \u00e9t\u00e9 priv\u00e9, au profit de Jean-Marie Le Pen.<span class=\"footnote-back-link-wrapper\"> [<a href=\"#identifier_6_34306\" class=\"footnote-link footnote-back-link\">&#8617;<\/a>]<\/span><\/li><\/ol>","protected":false},"excerpt":{"rendered":"<p>Plusieurs photographies\u00a0d&rsquo;enfants morts noy\u00e9s en tentant de traverser la M\u00e9diterran\u00e9e ont \u00e9t\u00e9 publi\u00e9es ces temps-ci, provoquant des d\u00e9bats irr\u00e9conciliables\u00a0sur la pertinence de montrer de telles images1. Et puis il y a une2 image qui semble mettre tout le monde d&rsquo;accord, c&rsquo;est celle du petit Aylan. Je le d\u00e9signerai ici par son seul pr\u00e9nom non par [&hellip;]<\/p>\n","protected":false},"author":1,"featured_media":0,"comment_status":"open","ping_status":"open","sticky":false,"template":"","format":"standard","meta":{"footnotes":""},"categories":[38],"tags":[],"class_list":["post-34306","post","type-post","status-publish","format-standard","hentry","category-pas-gai"],"_links":{"self":[{"href":"https:\/\/hyperbate.fr\/dernier\/index.php?rest_route=\/wp\/v2\/posts\/34306","targetHints":{"allow":["GET"]}}],"collection":[{"href":"https:\/\/hyperbate.fr\/dernier\/index.php?rest_route=\/wp\/v2\/posts"}],"about":[{"href":"https:\/\/hyperbate.fr\/dernier\/index.php?rest_route=\/wp\/v2\/types\/post"}],"author":[{"embeddable":true,"href":"https:\/\/hyperbate.fr\/dernier\/index.php?rest_route=\/wp\/v2\/users\/1"}],"replies":[{"embeddable":true,"href":"https:\/\/hyperbate.fr\/dernier\/index.php?rest_route=%2Fwp%2Fv2%2Fcomments&post=34306"}],"version-history":[{"count":3,"href":"https:\/\/hyperbate.fr\/dernier\/index.php?rest_route=\/wp\/v2\/posts\/34306\/revisions"}],"predecessor-version":[{"id":43306,"href":"https:\/\/hyperbate.fr\/dernier\/index.php?rest_route=\/wp\/v2\/posts\/34306\/revisions\/43306"}],"wp:attachment":[{"href":"https:\/\/hyperbate.fr\/dernier\/index.php?rest_route=%2Fwp%2Fv2%2Fmedia&parent=34306"}],"wp:term":[{"taxonomy":"category","embeddable":true,"href":"https:\/\/hyperbate.fr\/dernier\/index.php?rest_route=%2Fwp%2Fv2%2Fcategories&post=34306"},{"taxonomy":"post_tag","embeddable":true,"href":"https:\/\/hyperbate.fr\/dernier\/index.php?rest_route=%2Fwp%2Fv2%2Ftags&post=34306"}],"curies":[{"name":"wp","href":"https:\/\/api.w.org\/{rel}","templated":true}]}}