{"id":32972,"date":"2015-03-12T00:16:22","date_gmt":"2015-03-11T23:16:22","guid":{"rendered":"http:\/\/hyperbate.fr\/dernier\/?p=32972"},"modified":"2015-03-12T00:23:06","modified_gmt":"2015-03-11T23:23:06","slug":"litteratures-graphiques-contemporaines-4-2-pochep","status":"publish","type":"post","link":"https:\/\/hyperbate.fr\/dernier\/?p=32972","title":{"rendered":"Litt\u00e9ratures graphiques contemporaines #4.2 : Pochep"},"content":{"rendered":"<p>Demain, le cycle de conf\u00e9rences <em>Litt\u00e9ratures graphiques contemporaines<\/em> accueillera l&rsquo;auteur de bandes dessin\u00e9es\u00a0<a href=\"http:\/\/www.pochep.fr\/\" target=\"_blank\">Pochep<\/a>. N\u00e9 en 1967, Pochep a d\u00e9marr\u00e9 sa carri\u00e8re d&rsquo;auteur de mani\u00e8re plut\u00f4t tardive, mais fulgurante, puisqu&rsquo;apr\u00e8s son blog, ouvert en 2007, il a rapidement publi\u00e9 dans la presse (<em>L&rsquo;\u00c9cho des savanes<\/em>, <em>30 Millions d\u2019Amis<\/em>, <em>Fluide glacial<\/em>, <em>La Revue Dessin\u00e9e<\/em>, etc.), a publi\u00e9 six albums, et particip\u00e9 \u00e0 autant de projets collectifs, parmi lesquels <em>Les Autres gens<\/em>,\u00a0de <a title=\"Litt\u00e9ratures graphiques contemporaines #2.3 : Thomas Cad\u00e8ne\" href=\"https:\/\/hyperbate.fr\/dernier\/?p=22706\"><em>Thomas Cad\u00e8ne<\/em><\/a>.<\/p>\n<p><img decoding=\"async\" class=\"aligncenter size-full wp-image-32978\" src=\"\/dernier\/files\/2015\/03\/pochep_new-york_1979.jpg\" alt=\"pochep_new-york_1979\" width=\"530\" height=\"563\" \/><\/p>\n<p>Le travail de Pochep se caract\u00e9rise par un humour de premier plan qui joue, entre autres, avec\u00a0la notion\u00a0de virilit\u00e9, et d\u00e9veloppe\u00a0une forme de nostalgie pour l&rsquo;esth\u00e9tique visuelle, et notamment vestimentaire, de la fin des ann\u00e9es 1970.<\/p>\n<p>La rencontre aura lieu \u00e0 l\u2019<strong>Universit\u00e9 Paris 8<\/strong>\u00a0(M\u00e9tro Saint-Denis Universit\u00e9), le\u00a0<strong>vendredi 13\u00a0mars \u00e0 18 heures, dans la salle A1-175<\/strong>.<br \/>\nCette seconde\u00a0s\u00e9ance du cycle de conf\u00e9rences est ouverte\u00a0au public dans la limite des places disponibles.<\/p>\n","protected":false},"excerpt":{"rendered":"<p>Demain, le cycle de conf\u00e9rences Litt\u00e9ratures graphiques contemporaines accueillera l&rsquo;auteur de bandes dessin\u00e9es\u00a0Pochep. N\u00e9 en 1967, Pochep a d\u00e9marr\u00e9 sa carri\u00e8re d&rsquo;auteur de mani\u00e8re plut\u00f4t tardive, mais fulgurante, puisqu&rsquo;apr\u00e8s son blog, ouvert en 2007, il a rapidement publi\u00e9 dans la presse (L&rsquo;\u00c9cho des savanes, 30 Millions d\u2019Amis, Fluide glacial, La Revue Dessin\u00e9e, etc.), a publi\u00e9 [&hellip;]<\/p>\n","protected":false},"author":1,"featured_media":0,"comment_status":"open","ping_status":"open","sticky":false,"template":"","format":"standard","meta":{"footnotes":""},"categories":[102],"tags":[],"class_list":["post-32972","post","type-post","status-publish","format-standard","hentry","category-conferences"],"_links":{"self":[{"href":"https:\/\/hyperbate.fr\/dernier\/index.php?rest_route=\/wp\/v2\/posts\/32972","targetHints":{"allow":["GET"]}}],"collection":[{"href":"https:\/\/hyperbate.fr\/dernier\/index.php?rest_route=\/wp\/v2\/posts"}],"about":[{"href":"https:\/\/hyperbate.fr\/dernier\/index.php?rest_route=\/wp\/v2\/types\/post"}],"author":[{"embeddable":true,"href":"https:\/\/hyperbate.fr\/dernier\/index.php?rest_route=\/wp\/v2\/users\/1"}],"replies":[{"embeddable":true,"href":"https:\/\/hyperbate.fr\/dernier\/index.php?rest_route=%2Fwp%2Fv2%2Fcomments&post=32972"}],"version-history":[{"count":0,"href":"https:\/\/hyperbate.fr\/dernier\/index.php?rest_route=\/wp\/v2\/posts\/32972\/revisions"}],"wp:attachment":[{"href":"https:\/\/hyperbate.fr\/dernier\/index.php?rest_route=%2Fwp%2Fv2%2Fmedia&parent=32972"}],"wp:term":[{"taxonomy":"category","embeddable":true,"href":"https:\/\/hyperbate.fr\/dernier\/index.php?rest_route=%2Fwp%2Fv2%2Fcategories&post=32972"},{"taxonomy":"post_tag","embeddable":true,"href":"https:\/\/hyperbate.fr\/dernier\/index.php?rest_route=%2Fwp%2Fv2%2Ftags&post=32972"}],"curies":[{"name":"wp","href":"https:\/\/api.w.org\/{rel}","templated":true}]}}