{"id":32955,"date":"2015-03-05T17:56:08","date_gmt":"2015-03-05T16:56:08","guid":{"rendered":"http:\/\/hyperbate.fr\/dernier\/?p=32955"},"modified":"2015-03-05T17:56:08","modified_gmt":"2015-03-05T16:56:08","slug":"litteratures-graphiques-contemporaines-4-1-ina-mihalache","status":"publish","type":"post","link":"https:\/\/hyperbate.fr\/dernier\/?p=32955","title":{"rendered":"Litt\u00e9ratures graphiques contemporaines #4.1 :<br\/> Ina Mihalache"},"content":{"rendered":"<p>Jusqu&rsquo;ici, les sessions du cycle de conf\u00e9rences <em><a title=\"Litt\u00e9ratures graphiques contemporaines #4 (Cycle de conf\u00e9rences)\" href=\"https:\/\/hyperbate.fr\/dernier\/?p=32641\">Litt\u00e9ratures graphiques contemporaines<\/a><\/em> ont surtout tourn\u00e9 autour de la bande dessin\u00e9e.<br \/>\nLa premi\u00e8re session de notre quatri\u00e8me ann\u00e9e innove (ou triche) un peu, puisque nous accueillons une actrice et r\u00e9alisatrice, Ina Mihalache, connue pour ses vid\u00e9os publi\u00e9es sous l&rsquo;intitul\u00e9<a href=\"http:\/\/solangeteparle.com\/\" target=\"_blank\"> \u00ab\u00a0Solange te parle\u00a0\u00bb<\/a>, et par ailleurs auteure de travaux radiophoniques pour <a href=\"https:\/\/soundcloud.com\/solangeteparle\/sets\/solange-dans-le-bus\" target=\"_blank\"><em>France Inter<\/em><\/a> et <em><a href=\"http:\/\/www.lemouv.fr\/article-solange-penetre-ta-vie-intime\" target=\"_blank\">le Mouv&rsquo;<\/a><\/em>, et d&rsquo;un long-m\u00e9trage en instance\u00a0d&rsquo;exploitation, <a href=\"https:\/\/www.youtube.com\/watch?v=3qN2RZQcz1k\" target=\"_blank\"><em>Solange et les vivants<\/em><\/a>.<\/p>\n<div id=\"attachment_32964\" style=\"width: 540px\" class=\"wp-caption aligncenter\"><img decoding=\"async\" aria-describedby=\"caption-attachment-32964\" class=\"size-full wp-image-32964\" src=\"\/dernier\/files\/2015\/03\/solange_et_les_vivants_avant_premiere.jpg\" alt=\"L'avant-premi\u00e8re\" width=\"530\" height=\"367\" \/><p id=\"caption-attachment-32964\" class=\"wp-caption-text\">La projection \u00ab\u00a0\u00e9quipe et contributeurs Ulule\u00a0\u00bb du film <em>Solange et les vivants<\/em>, le 18 d\u00e9cembre dernier.<\/p><\/div>\n<p>Le travail d&rsquo;Ina Mihalache m&rsquo;int\u00e9resse\u00a0pour le rapport de proximit\u00e9 et d&rsquo;intimit\u00e9 qui se cr\u00e9e entre l&rsquo;artiste et son public, qui passe ici\u00a0par son\u00a0recours \u00e0 des moyens de production simples mais r\u00e9fl\u00e9chis, adapt\u00e9s \u00e0 leur\u00a0plate-forme de diffusion, autant qu&rsquo;au personnage et \u00e0 l&rsquo;univers qu&rsquo;elle d\u00e9veloppe. J&rsquo;ai eu le plaisir de recevoir\u00a0Ina \u00e0 l&rsquo;\u00e9cole d&rsquo;art du Havre <a title=\"Solange nous a parl\u00e9\" href=\"https:\/\/hyperbate.fr\/dernier\/?p=32016\">il y a trois mois<\/a>, et il m&rsquo;a sembl\u00e9 avis\u00e9 de r\u00e9\u00e9diter l&rsquo;exp\u00e9rience avec les \u00e9tudiants en arts plastiques \u00e0 Paris 8.<\/p>\n<p>La rencontre aura lieu \u00e0 l\u2019<strong>Universit\u00e9 Paris 8<\/strong>\u00a0(M\u00e9tro Saint-Denis Universit\u00e9), le\u00a0<strong>vendredi 6\u00a0mars \u00e0 18 heures, dans la salle A1-175<\/strong>.<br \/>\nCette premi\u00e8re s\u00e9ance du cycle de conf\u00e9rences est ouverte\u00a0au public dans la limite des places disponibles.<\/p>\n","protected":false},"excerpt":{"rendered":"<p>Jusqu&rsquo;ici, les sessions du cycle de conf\u00e9rences Litt\u00e9ratures graphiques contemporaines ont surtout tourn\u00e9 autour de la bande dessin\u00e9e. La premi\u00e8re session de notre quatri\u00e8me ann\u00e9e innove (ou triche) un peu, puisque nous accueillons une actrice et r\u00e9alisatrice, Ina Mihalache, connue pour ses vid\u00e9os publi\u00e9es sous l&rsquo;intitul\u00e9 \u00ab\u00a0Solange te parle\u00a0\u00bb, et par ailleurs auteure de travaux [&hellip;]<\/p>\n","protected":false},"author":1,"featured_media":0,"comment_status":"open","ping_status":"open","sticky":false,"template":"","format":"standard","meta":{"footnotes":""},"categories":[102],"tags":[],"class_list":["post-32955","post","type-post","status-publish","format-standard","hentry","category-conferences"],"_links":{"self":[{"href":"https:\/\/hyperbate.fr\/dernier\/index.php?rest_route=\/wp\/v2\/posts\/32955","targetHints":{"allow":["GET"]}}],"collection":[{"href":"https:\/\/hyperbate.fr\/dernier\/index.php?rest_route=\/wp\/v2\/posts"}],"about":[{"href":"https:\/\/hyperbate.fr\/dernier\/index.php?rest_route=\/wp\/v2\/types\/post"}],"author":[{"embeddable":true,"href":"https:\/\/hyperbate.fr\/dernier\/index.php?rest_route=\/wp\/v2\/users\/1"}],"replies":[{"embeddable":true,"href":"https:\/\/hyperbate.fr\/dernier\/index.php?rest_route=%2Fwp%2Fv2%2Fcomments&post=32955"}],"version-history":[{"count":0,"href":"https:\/\/hyperbate.fr\/dernier\/index.php?rest_route=\/wp\/v2\/posts\/32955\/revisions"}],"wp:attachment":[{"href":"https:\/\/hyperbate.fr\/dernier\/index.php?rest_route=%2Fwp%2Fv2%2Fmedia&parent=32955"}],"wp:term":[{"taxonomy":"category","embeddable":true,"href":"https:\/\/hyperbate.fr\/dernier\/index.php?rest_route=%2Fwp%2Fv2%2Fcategories&post=32955"},{"taxonomy":"post_tag","embeddable":true,"href":"https:\/\/hyperbate.fr\/dernier\/index.php?rest_route=%2Fwp%2Fv2%2Ftags&post=32955"}],"curies":[{"name":"wp","href":"https:\/\/api.w.org\/{rel}","templated":true}]}}