{"id":32641,"date":"2015-02-20T00:25:37","date_gmt":"2015-02-19T23:25:37","guid":{"rendered":"http:\/\/hyperbate.fr\/dernier\/?p=32641"},"modified":"2015-03-30T10:10:44","modified_gmt":"2015-03-30T08:10:44","slug":"litteratures-graphiques-contemporaines-4-cycle-de-conferences","status":"publish","type":"post","link":"https:\/\/hyperbate.fr\/dernier\/?p=32641","title":{"rendered":"Litt\u00e9ratures graphiques contemporaines #4 (Cycle de conf\u00e9rences)"},"content":{"rendered":"<p>Le cycle de conf\u00e9rences\u00a0intitul\u00e9\u00a0\u00ab\u00a0litt\u00e9ratures graphiques contemporaines\u00a0\u00bb s&rsquo;est tenu avec succ\u00e8s en\u00a0<a href=\"https:\/\/hyperbate.fr\/dernier\/?p=18199\">2011-2012<\/a>, <a href=\"https:\/\/hyperbate.fr\/dernier\/?p=21285\">2012-2013<\/a> et <a href=\"https:\/\/hyperbate.fr\/dernier\/?p=29600\">2013-2014<\/a>\u00a0\u00e0 l&rsquo;Universit\u00e9 <em>Paris 8<\/em>.<\/p>\n<p><img decoding=\"async\" class=\"aligncenter size-full wp-image-32826\" src=\"\/dernier\/files\/2015\/02\/berberian_sacha.png\" alt=\"berberian_sacha\" width=\"530\" height=\"328\" \/><\/p>\n<p>Je le reconduis pour la quatri\u00e8me ann\u00e9e cons\u00e9cutive. Il accueille des auteurs qui utilisent l&rsquo;image pour s&rsquo;exprimer, g\u00e9n\u00e9ralement aux franges de la bande dessin\u00e9e (bande dessin\u00e9e et vulgarisation, bande dessin\u00e9e et roman, bande dessin\u00e9e et arts plastiques, etc.).<br \/>\nCette ann\u00e9e, nous rencontrerons\u00a0aussi une vid\u00e9aste.<\/p>\n<p><img decoding=\"async\" class=\"aligncenter size-full wp-image-32828\" src=\"\/dernier\/files\/2015\/02\/pochep_lady_oscar.jpg\" alt=\"pochep_lady_oscar\" width=\"530\" height=\"420\" \/><\/p>\n<p>Le programme provisoire est le suivant :<\/p>\n<ul>\n<li>vendredi 6 mars\u00a0\u00e0 18h00, salle A1-175\u00a0: <a href=\"https:\/\/fr.wikipedia.org\/wiki\/Ina_Mihalache\" target=\"_blank\">Ina Mihalache<\/a><\/li>\n<li>vendredi 13 mars \u00e0 18h00, salle A1-175 :\u00a0<a href=\"http:\/\/www.pochep.fr\/\" target=\"_blank\">Pochep <\/a><\/li>\n<li>vendredi 27 mars \u00e0 18h00, salle A1-175 : <a href=\"https:\/\/fr.wikipedia.org\/wiki\/Charles_Berberian\" target=\"_blank\">Charles Berberian<\/a><\/li>\n<li>vendredi 24 avril \u00e0 18h00, salle A1-175 : <a href=\"http:\/\/www.genevievegauckler.com\/\" target=\"_blank\">Genevi\u00e8ve Gauckler<\/a><\/li>\n<li>vendredi 22\u00a0mai \u00e0 18h00, salle A1-175 : <a href=\"http:\/\/www.danielgoossens.com\/\" target=\"_blank\">Daniel Goossens<\/a><\/li>\n<\/ul>\n<p>Les s\u00e9ances sont\u00a0publiques et\u00a0ouvertes au public ext\u00e9rieur \u00e0 l&rsquo;universit\u00e9, dans la limite des places disponibles.<\/p>\n","protected":false},"excerpt":{"rendered":"<p>Le cycle de conf\u00e9rences\u00a0intitul\u00e9\u00a0\u00ab\u00a0litt\u00e9ratures graphiques contemporaines\u00a0\u00bb s&rsquo;est tenu avec succ\u00e8s en\u00a02011-2012, 2012-2013 et 2013-2014\u00a0\u00e0 l&rsquo;Universit\u00e9 Paris 8. Je le reconduis pour la quatri\u00e8me ann\u00e9e cons\u00e9cutive. Il accueille des auteurs qui utilisent l&rsquo;image pour s&rsquo;exprimer, g\u00e9n\u00e9ralement aux franges de la bande dessin\u00e9e (bande dessin\u00e9e et vulgarisation, bande dessin\u00e9e et roman, bande dessin\u00e9e et arts plastiques, etc.). [&hellip;]<\/p>\n","protected":false},"author":1,"featured_media":0,"comment_status":"open","ping_status":"open","sticky":false,"template":"","format":"standard","meta":{"footnotes":""},"categories":[53,102],"tags":[],"class_list":["post-32641","post","type-post","status-publish","format-standard","hentry","category-bande-dessinee","category-conferences"],"_links":{"self":[{"href":"https:\/\/hyperbate.fr\/dernier\/index.php?rest_route=\/wp\/v2\/posts\/32641","targetHints":{"allow":["GET"]}}],"collection":[{"href":"https:\/\/hyperbate.fr\/dernier\/index.php?rest_route=\/wp\/v2\/posts"}],"about":[{"href":"https:\/\/hyperbate.fr\/dernier\/index.php?rest_route=\/wp\/v2\/types\/post"}],"author":[{"embeddable":true,"href":"https:\/\/hyperbate.fr\/dernier\/index.php?rest_route=\/wp\/v2\/users\/1"}],"replies":[{"embeddable":true,"href":"https:\/\/hyperbate.fr\/dernier\/index.php?rest_route=%2Fwp%2Fv2%2Fcomments&post=32641"}],"version-history":[{"count":3,"href":"https:\/\/hyperbate.fr\/dernier\/index.php?rest_route=\/wp\/v2\/posts\/32641\/revisions"}],"predecessor-version":[{"id":33322,"href":"https:\/\/hyperbate.fr\/dernier\/index.php?rest_route=\/wp\/v2\/posts\/32641\/revisions\/33322"}],"wp:attachment":[{"href":"https:\/\/hyperbate.fr\/dernier\/index.php?rest_route=%2Fwp%2Fv2%2Fmedia&parent=32641"}],"wp:term":[{"taxonomy":"category","embeddable":true,"href":"https:\/\/hyperbate.fr\/dernier\/index.php?rest_route=%2Fwp%2Fv2%2Fcategories&post=32641"},{"taxonomy":"post_tag","embeddable":true,"href":"https:\/\/hyperbate.fr\/dernier\/index.php?rest_route=%2Fwp%2Fv2%2Ftags&post=32641"}],"curies":[{"name":"wp","href":"https:\/\/api.w.org\/{rel}","templated":true}]}}