{"id":31398,"date":"2014-09-03T15:20:29","date_gmt":"2014-09-03T13:20:29","guid":{"rendered":"http:\/\/hyperbate.fr\/dernier\/?p=31398"},"modified":"2015-08-31T18:49:50","modified_gmt":"2015-08-31T16:49:50","slug":"workshop-la-mort","status":"publish","type":"post","link":"https:\/\/hyperbate.fr\/dernier\/?p=31398","title":{"rendered":"Workshop : la Mort"},"content":{"rendered":"<p>Pour cette rentr\u00e9e\u00a0\u00e0 l&rsquo;\u00e9cole d&rsquo;art du Havre, je propose un atelier de quatre jours (du 29 septembre au 2 octobre) consacr\u00e9 au th\u00e8me de la mort. Il sera ouvert \u00e0 une vingtaine d&rsquo;\u00e9tudiants de toutes les ann\u00e9es programme\/projet et toutes les fili\u00e8res (art, design graphique et cr\u00e9ation litt\u00e9raire).<\/p>\n<div id=\"attachment_31411\" style=\"width: 540px\" class=\"wp-caption alignnone\"><a href=\"https:\/\/hyperbate.fr\/mort\/\" target=\"_blank\"><img decoding=\"async\" aria-describedby=\"caption-attachment-31411\" class=\"size-full wp-image-31411\" src=\"\/dernier\/files\/2014\/09\/la_mort_1.jpg\" alt=\"...\" width=\"530\" height=\"373\" \/><\/a><p id=\"caption-attachment-31411\" class=\"wp-caption-text\">L&rsquo;agonie de Valentine God\u00e9-Darel, par Ferdinand Hodler ; Photographie post-mortem d&rsquo;une enfant ; <em>Momtomb<\/em>, par Wolfgang Natlacen ; cercueils personnalis\u00e9s, par Fran\u00e7ois Lassere.<\/p><\/div>\n<p>Voici le texte d&rsquo;intention que j&rsquo;ai propos\u00e9 :<\/p>\n<blockquote class=\"extrait_Livre\"><p>Pour certains, la mort est le grand sujet de la vie \u2013 \u00e7&rsquo;en est \u00e9videmment l&rsquo;aboutissement \u2013, mais nos soci\u00e9t\u00e9s modernes peinent \u00e0 lui faire une place : nous ignorons les rites du deuil qu&rsquo;observaient nos arri\u00e8re-grands parents il y a un demi-si\u00e8cle, les cimeti\u00e8res sont excentr\u00e9s aux fronti\u00e8res des communes et leur am\u00e9nagement est souvent d&rsquo;une grande laideur. Tout se passe comme si nous ne voulions jamais y penser. Certains affirment (sans doute \u00e0 tort) que l&rsquo;omnipr\u00e9sence de la fiction ou du jeu vid\u00e9o dans l&rsquo;imaginaire collectif rendent la mort encore plus difficile \u00e0 imaginer concr\u00e8tement que jamais. Le rapport d&rsquo;une soci\u00e9t\u00e9 \u00e0 ses morts nous en dit long sur chaque soci\u00e9t\u00e9, c&rsquo;est du moins ce que nous disent les anthropologues (qui d\u00e9finissent d&rsquo;ailleurs parfois la sp\u00e9cificit\u00e9 de l&rsquo;homme, parmi les grands singes, par le fait qu&rsquo;il met le deuil en sc\u00e8ne) ou des historiens de l&rsquo;art comme Erwin Panofsky.<br \/>\nL&rsquo;art et la mort sont li\u00e9s de plus d&rsquo;une mani\u00e8re\u00a0: d&rsquo;innombrables \u0153uvres sont consacr\u00e9es \u00e0 la comm\u00e9moration et au souvenir des d\u00e9funts et pour certains, la cr\u00e9ation est un moyen, pour l&rsquo;artiste, de survivre \u00e0 son temps. Certains artistes ont fait du passage de la vie au tr\u00e9pas un sujet direct, comme le peintre Ferdinand Hodler qui a peint jour apr\u00e8s jour l&rsquo;agonie de sa ma\u00eetresse Valentine God\u00e9-Darel \u2013 ce n&rsquo;est qu&rsquo;un exemple parmi des centaines.\u00a0Le design est lui aussi concern\u00e9, comme on le voit avec des propositions utopiques (<em>Afterlife<\/em>, par Auger\/Loizeau, les montagnes russes du jeune Julijonas Urbonas,&#8230;) ou concr\u00e8tes (\u00e9pitaphes multim\u00e9dia, urnes bio-d\u00e9gradables,&#8230;).<\/p>\n<p>Pendant quatre jours, nous allons r\u00e9fl\u00e9chir au sujet, en artistes, en designers, ou en \u00e9crivains, et nous pourrons m\u00eame (en amateurs), nous faire sociologues, \u00e9cologistes, urbanistes, inventeurs de rites, th\u00e9ologiens, humoristes, philosophes&#8230; Tout est imaginable.<\/p><\/blockquote>\n<p>Je d\u00e9conseille bien entendu aux \u00e9tudiants qui se sentent fragiles vis \u00e0 vis de ce sujet de participer \u00e0 l&rsquo;atelier : il faudra savoir faire preuve d&rsquo;un minimum de distance.<\/p>\n<div id=\"attachment_31407\" style=\"width: 540px\" class=\"wp-caption alignnone\"><a href=\"https:\/\/hyperbate.fr\/mort\/\" target=\"_blank\"><img decoding=\"async\" aria-describedby=\"caption-attachment-31407\" class=\"size-full wp-image-31407\" src=\"\/dernier\/files\/2014\/09\/la_mort_2.jpg\" alt=\"Urne\" width=\"530\" height=\"424\" \/><\/a><p id=\"caption-attachment-31407\" class=\"wp-caption-text\">Bios Urn, par Roger et G\u00e9rard Molin\u00e9 ; Euthanasia\u00a0coaster, par Julijonas Urbonas ; Afterlife, par Auger\/Loizeau ; Une photographie du\u00a0cimeti\u00e8re de Najaf<\/p><\/div>\n<p>Cela fait des ann\u00e9es que je parle d&rsquo;organiser un \u00ab\u00a0Workshop\u00a0\u00bb sur la mort, dans la continuit\u00e9\u00a0directe de celui consacr\u00e9 \u00e0 la <a title=\"Workshop \u00ab\u00a0fins du monde\u00a0\u00bb \u00e0 l\u2019\u00e9cole d\u2019art du Havre\" href=\"https:\/\/hyperbate.fr\/dernier\/?p=17963\">Fin du Monde<\/a>, en 2011, mais ce projet r\u00e9sonnera peut-\u00eatre de mani\u00e8re funeste pour certains en cette rentr\u00e9e, alors que l&rsquo;\u00e9cole est en deuil de sa biblioth\u00e9caire, Sylvie Fortin, que nous avons tous appr\u00e9ci\u00e9e et dont il est difficile d&rsquo;imaginer que nous ne la reverrons plus.<br \/>\nUn peu avant les vacances, elle s&rsquo;\u00e9tait d\u00e9men\u00e9e (avec succ\u00e8s) pour trouver une biblioth\u00e8que de la r\u00e9gion qui puisse me pr\u00eater\u00a0<em>La sculpture fun\u00e9raire de l&rsquo;antiquit\u00e9<\/em> au Bernin, d&rsquo;Erwin Panofsky, grand classique non-r\u00e9\u00e9dit\u00e9, que je voulais relire pour pr\u00e9parer l&rsquo;atelier.<\/p>\n<p>Je suis preneur de toutes r\u00e9f\u00e9rences, liens, exp\u00e9riences, qui m&rsquo;aideront \u00e0 confectionner <a href=\"https:\/\/hyperbate.fr\/mort\/\" target=\"_blank\">un petit blog documentaire<\/a> sur le th\u00e8me.<\/p>\n","protected":false},"excerpt":{"rendered":"<p>Pour cette rentr\u00e9e\u00a0\u00e0 l&rsquo;\u00e9cole d&rsquo;art du Havre, je propose un atelier de quatre jours (du 29 septembre au 2 octobre) consacr\u00e9 au th\u00e8me de la mort. Il sera ouvert \u00e0 une vingtaine d&rsquo;\u00e9tudiants de toutes les ann\u00e9es programme\/projet et toutes les fili\u00e8res (art, design graphique et cr\u00e9ation litt\u00e9raire). Voici le texte d&rsquo;intention que j&rsquo;ai propos\u00e9 [&hellip;]<\/p>\n","protected":false},"author":1,"featured_media":0,"comment_status":"open","ping_status":"open","sticky":false,"template":"","format":"standard","meta":{"footnotes":""},"categories":[32,107,136],"tags":[],"class_list":["post-31398","post","type-post","status-publish","format-standard","hentry","category-memoire","category-parti","category-workshop"],"_links":{"self":[{"href":"https:\/\/hyperbate.fr\/dernier\/index.php?rest_route=\/wp\/v2\/posts\/31398","targetHints":{"allow":["GET"]}}],"collection":[{"href":"https:\/\/hyperbate.fr\/dernier\/index.php?rest_route=\/wp\/v2\/posts"}],"about":[{"href":"https:\/\/hyperbate.fr\/dernier\/index.php?rest_route=\/wp\/v2\/types\/post"}],"author":[{"embeddable":true,"href":"https:\/\/hyperbate.fr\/dernier\/index.php?rest_route=\/wp\/v2\/users\/1"}],"replies":[{"embeddable":true,"href":"https:\/\/hyperbate.fr\/dernier\/index.php?rest_route=%2Fwp%2Fv2%2Fcomments&post=31398"}],"version-history":[{"count":1,"href":"https:\/\/hyperbate.fr\/dernier\/index.php?rest_route=\/wp\/v2\/posts\/31398\/revisions"}],"predecessor-version":[{"id":34302,"href":"https:\/\/hyperbate.fr\/dernier\/index.php?rest_route=\/wp\/v2\/posts\/31398\/revisions\/34302"}],"wp:attachment":[{"href":"https:\/\/hyperbate.fr\/dernier\/index.php?rest_route=%2Fwp%2Fv2%2Fmedia&parent=31398"}],"wp:term":[{"taxonomy":"category","embeddable":true,"href":"https:\/\/hyperbate.fr\/dernier\/index.php?rest_route=%2Fwp%2Fv2%2Fcategories&post=31398"},{"taxonomy":"post_tag","embeddable":true,"href":"https:\/\/hyperbate.fr\/dernier\/index.php?rest_route=%2Fwp%2Fv2%2Ftags&post=31398"}],"curies":[{"name":"wp","href":"https:\/\/api.w.org\/{rel}","templated":true}]}}