{"id":29758,"date":"2014-02-25T16:24:08","date_gmt":"2014-02-25T15:24:08","guid":{"rendered":"http:\/\/hyperbate.fr\/dernier\/?p=29758"},"modified":"2014-02-26T23:09:52","modified_gmt":"2014-02-26T22:09:52","slug":"litteratures-graphiques-contemporaines-3-3-xavier-guilbert","status":"publish","type":"post","link":"https:\/\/hyperbate.fr\/dernier\/?p=29758","title":{"rendered":"Litt\u00e9ratures graphiques contemporaines #3.1 : Xavier Guilbert"},"content":{"rendered":"<p>Dans le cadre du cycle de conf\u00e9rences\u00a0<em><a href=\"https:\/\/hyperbate.fr\/dernier\/?p=29600\" target=\"_blank\">\u00ab Litt\u00e9ratures graphiques contemporaines \u00bb<\/a><\/em>\u00a0que je propose ce semestre \u00e0 l\u2019Universit\u00e9 Paris 8, nous rencontrerons <a href=\"http:\/\/www.du9.org\/\" target=\"_blank\">Xavier Guilbert<\/a>, critique de bande dessin\u00e9e.<\/p>\n<p><img decoding=\"async\" class=\"alignnone size-full wp-image-29774\" alt=\"du9\" src=\"\/dernier\/files\/2014\/02\/du9.jpg\" width=\"530\" height=\"193\" \/><\/p>\n<p>La rencontre aura lieu \u00e0 l\u2019<strong>Universit\u00e9 Paris 8<\/strong>\u00a0(M\u00e9tro Saint-Denis Universit\u00e9), le\u00a0<strong>vendredi 28 f\u00e9vrier \u00e0 18 heures, dans la salle A1-175 ou la salle voisine A-1-172<\/strong>.<br \/>\nCette troisi\u00e8me s\u00e9ance du cycle de conf\u00e9rences est ouverte\u00a0au public dans la limite des places disponibles.<\/p>\n","protected":false},"excerpt":{"rendered":"<p>Dans le cadre du cycle de conf\u00e9rences\u00a0\u00ab Litt\u00e9ratures graphiques contemporaines \u00bb\u00a0que je propose ce semestre \u00e0 l\u2019Universit\u00e9 Paris 8, nous rencontrerons Xavier Guilbert, critique de bande dessin\u00e9e. La rencontre aura lieu \u00e0 l\u2019Universit\u00e9 Paris 8\u00a0(M\u00e9tro Saint-Denis Universit\u00e9), le\u00a0vendredi 28 f\u00e9vrier \u00e0 18 heures, dans la salle A1-175 ou la salle voisine A-1-172. Cette troisi\u00e8me s\u00e9ance [&hellip;]<\/p>\n","protected":false},"author":1,"featured_media":0,"comment_status":"open","ping_status":"open","sticky":false,"template":"","format":"standard","meta":{"footnotes":""},"categories":[53,102],"tags":[],"class_list":["post-29758","post","type-post","status-publish","format-standard","hentry","category-bande-dessinee","category-conferences"],"_links":{"self":[{"href":"https:\/\/hyperbate.fr\/dernier\/index.php?rest_route=\/wp\/v2\/posts\/29758","targetHints":{"allow":["GET"]}}],"collection":[{"href":"https:\/\/hyperbate.fr\/dernier\/index.php?rest_route=\/wp\/v2\/posts"}],"about":[{"href":"https:\/\/hyperbate.fr\/dernier\/index.php?rest_route=\/wp\/v2\/types\/post"}],"author":[{"embeddable":true,"href":"https:\/\/hyperbate.fr\/dernier\/index.php?rest_route=\/wp\/v2\/users\/1"}],"replies":[{"embeddable":true,"href":"https:\/\/hyperbate.fr\/dernier\/index.php?rest_route=%2Fwp%2Fv2%2Fcomments&post=29758"}],"version-history":[{"count":0,"href":"https:\/\/hyperbate.fr\/dernier\/index.php?rest_route=\/wp\/v2\/posts\/29758\/revisions"}],"wp:attachment":[{"href":"https:\/\/hyperbate.fr\/dernier\/index.php?rest_route=%2Fwp%2Fv2%2Fmedia&parent=29758"}],"wp:term":[{"taxonomy":"category","embeddable":true,"href":"https:\/\/hyperbate.fr\/dernier\/index.php?rest_route=%2Fwp%2Fv2%2Fcategories&post=29758"},{"taxonomy":"post_tag","embeddable":true,"href":"https:\/\/hyperbate.fr\/dernier\/index.php?rest_route=%2Fwp%2Fv2%2Ftags&post=29758"}],"curies":[{"name":"wp","href":"https:\/\/api.w.org\/{rel}","templated":true}]}}