{"id":29652,"date":"2014-02-20T23:12:39","date_gmt":"2014-02-20T22:12:39","guid":{"rendered":"http:\/\/hyperbate.fr\/dernier\/?p=29652"},"modified":"2015-02-14T20:43:32","modified_gmt":"2015-02-14T19:43:32","slug":"litteratures-graphiques-contemporaines-3-1-lisa-mandel","status":"publish","type":"post","link":"https:\/\/hyperbate.fr\/dernier\/?p=29652","title":{"rendered":"Litt\u00e9ratures graphiques contemporaines #3.3 : Lisa Mandel"},"content":{"rendered":"<p>Dans le cadre du cycle de conf\u00e9rences\u00a0<em><a href=\"https:\/\/hyperbate.fr\/dernier\/?p=29600\" target=\"_blank\">\u00ab Litt\u00e9ratures graphiques contemporaines \u00bb<\/a><\/em>\u00a0que je propose ce semestre \u00e0 l\u2019Universit\u00e9 Paris 8, nous rencontrerons <a href=\"http:\/\/www.lisamandel.net\/\" target=\"_blank\">Lisa Mandel<\/a>, auteure de bande dessin\u00e9e.<\/p>\n<p><img decoding=\"async\" class=\"alignnone size-full wp-image-29655\" src=\"\/dernier\/files\/2014\/02\/lisa_mandel_hp.png\" alt=\"lisa_mandel_hp\" width=\"530\" height=\"201\" \/><\/p>\n<p>La rencontre aura lieu \u00e0 l\u2019<strong>Universit\u00e9 Paris 8<\/strong>\u00a0(M\u00e9tro Saint-Denis Universit\u00e9), le\u00a0<strong>vendredi 14 mars \u00e0 18 heures, dans la salle A1-175 ou la salle voisine A-1-172<\/strong>.<br \/>\nCette premi\u00e8re s\u00e9ance du cycle de conf\u00e9rences est ouverte\u00a0au public dans la limite des places disponibles.<\/p>\n","protected":false},"excerpt":{"rendered":"<p>Dans le cadre du cycle de conf\u00e9rences\u00a0\u00ab Litt\u00e9ratures graphiques contemporaines \u00bb\u00a0que je propose ce semestre \u00e0 l\u2019Universit\u00e9 Paris 8, nous rencontrerons Lisa Mandel, auteure de bande dessin\u00e9e. La rencontre aura lieu \u00e0 l\u2019Universit\u00e9 Paris 8\u00a0(M\u00e9tro Saint-Denis Universit\u00e9), le\u00a0vendredi 14 mars \u00e0 18 heures, dans la salle A1-175 ou la salle voisine A-1-172. Cette premi\u00e8re s\u00e9ance [&hellip;]<\/p>\n","protected":false},"author":1,"featured_media":0,"comment_status":"open","ping_status":"open","sticky":false,"template":"","format":"standard","meta":{"footnotes":""},"categories":[53,102],"tags":[],"class_list":["post-29652","post","type-post","status-publish","format-standard","hentry","category-bande-dessinee","category-conferences"],"_links":{"self":[{"href":"https:\/\/hyperbate.fr\/dernier\/index.php?rest_route=\/wp\/v2\/posts\/29652","targetHints":{"allow":["GET"]}}],"collection":[{"href":"https:\/\/hyperbate.fr\/dernier\/index.php?rest_route=\/wp\/v2\/posts"}],"about":[{"href":"https:\/\/hyperbate.fr\/dernier\/index.php?rest_route=\/wp\/v2\/types\/post"}],"author":[{"embeddable":true,"href":"https:\/\/hyperbate.fr\/dernier\/index.php?rest_route=\/wp\/v2\/users\/1"}],"replies":[{"embeddable":true,"href":"https:\/\/hyperbate.fr\/dernier\/index.php?rest_route=%2Fwp%2Fv2%2Fcomments&post=29652"}],"version-history":[{"count":0,"href":"https:\/\/hyperbate.fr\/dernier\/index.php?rest_route=\/wp\/v2\/posts\/29652\/revisions"}],"wp:attachment":[{"href":"https:\/\/hyperbate.fr\/dernier\/index.php?rest_route=%2Fwp%2Fv2%2Fmedia&parent=29652"}],"wp:term":[{"taxonomy":"category","embeddable":true,"href":"https:\/\/hyperbate.fr\/dernier\/index.php?rest_route=%2Fwp%2Fv2%2Fcategories&post=29652"},{"taxonomy":"post_tag","embeddable":true,"href":"https:\/\/hyperbate.fr\/dernier\/index.php?rest_route=%2Fwp%2Fv2%2Ftags&post=29652"}],"curies":[{"name":"wp","href":"https:\/\/api.w.org\/{rel}","templated":true}]}}