{"id":25452,"date":"2013-05-22T17:05:17","date_gmt":"2013-05-22T15:05:17","guid":{"rendered":"http:\/\/hyperbate.fr\/dernier\/?p=25452"},"modified":"2013-05-23T09:10:56","modified_gmt":"2013-05-23T07:10:56","slug":"bientot-la-biometrie-faciale-dans-le-metro","status":"publish","type":"post","link":"https:\/\/hyperbate.fr\/dernier\/?p=25452","title":{"rendered":"Bient\u00f4t, la reconnaissance biom\u00e9trique dans le m\u00e9tro ?"},"content":{"rendered":"<p><small><i>(L&rsquo;information est caduque, puisque le projet a \u00e9t\u00e9 abandonn\u00e9 presque sit\u00f4t d\u00e9couvert, mais il me semble important de ne pas l&rsquo;oublier)<\/i><\/small><\/p>\n<p>L&rsquo;image ci-dessous est extraite d&rsquo;un \u00ab\u00a0cahier de\u00a0sp\u00e9cifications fonctionnelles et techniques\u00a0\u00bb qui \u00e9mane de la RATP et dont l&rsquo;existence a \u00e9t\u00e9 r\u00e9v\u00e9l\u00e9e par <a href=\"http:\/\/seteici.ondule.fr\/2013\/05\/reconnaissance-faciale-a-la-ratp\/\" target=\"_blank\">le blog\u00a0<em>Sete&rsquo;Ici<\/em><\/a>, puis relay\u00e9 par <em><a href=\"http:\/\/www.numerama.com\/magazine\/26005-la-ratp-envisage-le-peage-par-reconnaissance-faciale.html\" target=\"_blank\">Num\u00e9rama<\/a><\/em> et <em><a href=\"https:\/\/www.pcinpact.com\/news\/79897-biometrie-ratp-veut-faire-payer-a-face-pour-supprimer-queues.htm\" target=\"_blank\">PC Inpact<\/a><\/em>, notamment.<br \/>\nIl s&rsquo;intitule <em>\u00ab\u00a0Fourniture d&rsquo;un syst\u00e8me de biom\u00e9trie faciale\u00a0\u00bb<\/em>.<br \/>\nLes auteurs du document sont \u00e0 la recherche d&rsquo;entreprises comp\u00e9tentes pour les aider \u00e0 \u00e9tudier la mise au point du prototype d&rsquo;un nouveau genre de p\u00e9age de transport public, sans portillons, qui reconna\u00eet automatiquement l&rsquo;usager \u00e0 son visage.<\/p>\n<p><img decoding=\"async\" class=\"aligncenter size-full wp-image-25453\" alt=\"appel_d_offres_ratp\" src=\"\/dernier\/files\/2013\/05\/appel_d_offres_ratp.png\" width=\"530\" height=\"218\" \/><\/p>\n<p>Puisqu&rsquo;il n&rsquo;y a plus de portillons, les usagers peuvent se sentir incit\u00e9s \u00e0 frauder. Ceux qui n&rsquo;auront pas un abonnement en cours de validit\u00e9 paieront tout de m\u00eame : le programme comparera leur visage \u00e0 ceux de sa base de donn\u00e9es (de clients, mais aussi, j&rsquo;imagine, de fraudeurs interpell\u00e9s ?), et calculera automatiquement le tarif de r\u00e9gularisation. Les visages des fraudeurs non-identifi\u00e9s seront conserv\u00e9s eux aussi dans la base de donn\u00e9es.<\/p>\n<p>S&rsquo;agit-il d&rsquo;un projet de projet, de l&rsquo;initiative de quelques ing\u00e9nieurs, non valid\u00e9e par la RATP<sup><a href=\"#footnote_1_25452\" id=\"identifier_1_25452\" class=\"footnote-link footnote-identifier-link\" title=\"Compl&eacute;ment apr&egrave;s publication : Num&eacute;rama a publi&eacute; cet apr&egrave;s-midi un article qui donne la parole aux instances dirigeantes de la RATP, qui confirme qu&rsquo;une&nbsp;unit&eacute; de la RATP &laquo;&nbsp;a effectivement lanc&eacute; cet appel &agrave; comp&eacute;tences pour un projet d&rsquo;&eacute;tude d&rsquo;un nouveau concept de p&eacute;age de transport public&nbsp;&raquo; mais pr&eacute;cise qu&rsquo;il &laquo;&nbsp;s&rsquo;agit d&rsquo;une initiative non valid&eacute;e par la hi&eacute;rarchie et qui ne correspond pas &agrave; la d&eacute;ontologie de l&rsquo;entreprise&nbsp;&raquo;. Bonne blague, &agrave; mon avis : c&rsquo;est lorsqu&rsquo;il a &eacute;t&eacute; publiquement r&eacute;v&eacute;l&eacute; que le projet a disparu du site PactePME, pas avant. &Agrave; l&rsquo;&eacute;vidence, ce n&rsquo;est pas la d&eacute;ontologie qui pose probl&egrave;me &agrave; la RATP, mais juste la peur d&rsquo;une r&eacute;action n&eacute;gative de la part du public.\">1<\/a><\/sup>, comme le dit ce tweet de Pierre Serne, militant Europe \u00e9cologie et administrateur du Syndicat des transports d&rsquo;\u00cele-de France ?<\/p>\n<p><a href=\"https:\/\/twitter.com\/PierreSerne\/status\/336911524742447104\" target=\"_blank\"><img decoding=\"async\" class=\"aligncenter size-full wp-image-25460\" alt=\"hautniveauratp\" src=\"\/dernier\/files\/2013\/05\/hautniveauratp1.png\" width=\"530\" height=\"224\" \/><\/a><\/p>\n<p>La seule chose certaine est qu&rsquo;un \u00ab\u00a0appel \u00e0 comp\u00e9tences\u00a0\u00bb assez pr\u00e9cis (il sp\u00e9cifie m\u00eame les langages informatiques \u00e0 employer) a bien \u00e9t\u00e9 lanc\u00e9 sur le site PactePME, avec le concours du p\u00f4le de comp\u00e9titivit\u00e9 Systematic, et a re\u00e7u la r\u00e9ponse positive d&rsquo;au moins une soci\u00e9t\u00e9, si l&rsquo;on se fie \u00e0 <a href=\"http:\/\/webcache.googleusercontent.com\/search?q=cache:h4QL1T1Fj1EJ:www.pactepme.org\/innovation\/694\/ratp-reconnaissance-faciale+http:\/\/www.pactepme.org\/innovation\/694\/ratp-reconnaissance-faciale&amp;cd=1&amp;hl=fr&amp;ct=clnk&amp;gl=fr&amp;client=safari\" target=\"_blank\">cette page conserv\u00e9e par le cache de Google<\/a>.<\/p>\n<p>La page qui pr\u00e9sente le proje, ainsi que le document pdf qui le d\u00e9taille, ont \u00e9t\u00e9 supprim\u00e9s du site PactePME<sup><a href=\"#footnote_2_25452\" id=\"identifier_2_25452\" class=\"footnote-link footnote-identifier-link\" title=\"Le document pdf a &eacute;t&eacute; conserv&eacute; par PixelLibre.\">2<\/a><\/sup>, et c&rsquo;est peut-\u00eatre ce qu&rsquo;il y a de plus int\u00e9ressant dans l&rsquo;affaire : l&rsquo;id\u00e9e d&rsquo;un m\u00e9tro fa\u00e7on <em>Minority Report<\/em>\u00a0existe en germe, mais les d\u00e9cideurs ne pensent pas que le public soit, \u00e0 ce jour, pr\u00eat \u00e0 l&rsquo;accepter.<\/p>\n<div id=\"attachment_25478\" style=\"width: 540px\" class=\"wp-caption aligncenter\"><img decoding=\"async\" aria-describedby=\"caption-attachment-25478\" class=\"size-full wp-image-25478\" alt=\"...\" src=\"\/dernier\/files\/2013\/05\/visages.jpg\" width=\"530\" height=\"133\" \/><p id=\"caption-attachment-25478\" class=\"wp-caption-text\">Je me suis toujours demand\u00e9 si la loi dite \u00ab\u00a0anti burqa\u00a0\u00bb n&rsquo;avait pas \u00e9t\u00e9 motiv\u00e9e par le probl\u00e8me que repr\u00e9sente le fait de cacher son visage dans le cadre d&rsquo;une utilisation extensive de la reconnaissance biom\u00e9trique. Les fraudeurs pourront toujours se cacher sous le masque de <a href=\"http:\/\/fr.wikipedia.org\/wiki\/Guy_Fawkes\" target=\"_blank\">Guy Fawkes<\/a>, utiliser le bonnet \u00e0 infra-rouges de Geoffrey Dorne<sup><a href=\"#footnote_3_25452\" id=\"identifier_3_25452\" class=\"footnote-link footnote-identifier-link\" title=\"Voir le projet Hacking citoyen, avec lequel Geoffrey a pass&eacute; son dipl&ocirc;me des Arts-d&eacute;coratifs.\">3<\/a><\/sup>, qui aveugle les cam\u00e9ras, ou encore, pencher la t\u00eate\u00a0\u2014 les logiciels de reconnaissance du visage que j&rsquo;ai exp\u00e9riment\u00e9 moi-m\u00eame (qui ne sont s\u00fbrement pas les plus performants) \u00e9taient en effet tr\u00e8s troubl\u00e9s d\u00e8s que le visage de la personne \u00e0 reconna\u00eetre n&rsquo;\u00e9tait pas droit.<\/p><\/div>\n<p>Simple question de temps, \u00e0 mon avis : la promesse d&rsquo;un syst\u00e8me plus fluide, moins contraignant \u00a0pour l&rsquo;usager (plus besoin d&rsquo;avoir une carte sur soi, il suffit de porter sa t\u00eate sur les \u00e9paules) et les in\u00e9vitables affaires de terrorisme ou de criminalit\u00e9 dont on dira qu&rsquo;elles eussent pu \u00eatre emp\u00each\u00e9es si le syst\u00e8me avait \u00e9t\u00e9 d\u00e9ploy\u00e9, se chargeront de fa\u00e7onner l&rsquo;assentiment du public. La technologie, quand \u00e0 elle, est disponible et de plus en plus performante.<br \/>\nIl ne reste qu&rsquo;\u00e0 parier sur la date.<\/p>\n<p><small>Quelques vieux articles qui ne sont pas sans rapport : <em><a href=\"https:\/\/hyperbate.fr\/dernier\/?p=8823\">Ordinateur raciste<\/a><\/em>\u00a0;\u00a0<em><a title=\"Permanent Link: On ne sourit plus, le petit oiseau \u00e9lectrique va sortir\" href=\"https:\/\/hyperbate.fr\/dernier\/?p=158\" rel=\"bookmark\">On ne sourit plus, le petit oiseau \u00e9lectrique va sortir<\/a> ; <em><a href=\"https:\/\/hyperbate.fr\/dernier\/?p=6989\">Clic Invisible<\/a><\/em> ; <em><a href=\"https:\/\/hyperbate.fr\/dernier\/?p=15066\">Prison automate<\/a><\/em> ;\u00a0<em><a title=\"Permanent Link: Terminaux portables\" href=\"https:\/\/hyperbate.fr\/dernier\/?p=8227\" rel=\"bookmark\">Terminaux portables<\/a><\/em><\/em>\u00a0;\u00a0<em><a title=\"Permanent Link to Vingt ans de contr\u00f4le\" href=\"https:\/\/hyperbate.fr\/dernier\/?p=10966\" rel=\"bookmark\">Vingt ans de contr\u00f4le<\/a><\/em>.<\/small><\/p>\n<ol class=\"footnotes\"><li id=\"footnote_1_25452\" class=\"footnote\">Compl\u00e9ment apr\u00e8s publication : <em>Num\u00e9rama<\/em> a publi\u00e9 cet apr\u00e8s-midi <a href=\"http:\/\/www.numerama.com\/magazine\/26016-la-ratp-abandonne-definitivement-la-reconnaissance-faciale.html\" target=\"_blank\">un article qui donne la parole aux instances dirigeantes de la RATP<\/a>, qui confirme qu&rsquo;une\u00a0unit\u00e9 de la RATP <em>\u00ab\u00a0a effectivement lanc\u00e9 cet appel \u00e0 comp\u00e9tences pour un projet d\u2019\u00e9tude d\u2019un nouveau concept de p\u00e9age de transport public\u00a0\u00bb<\/em> mais pr\u00e9cise qu&rsquo;il <em>\u00ab\u00a0s\u2019agit d\u2019une initiative non valid\u00e9e par la hi\u00e9rarchie et qui ne correspond pas \u00e0 la d\u00e9ontologie de l\u2019entreprise\u00a0\u00bb<\/em>. Bonne blague, \u00e0 mon avis : c&rsquo;est lorsqu&rsquo;il a \u00e9t\u00e9 publiquement r\u00e9v\u00e9l\u00e9 que le projet a disparu du site <em>PactePME<\/em>, pas avant. \u00c0 l&rsquo;\u00e9vidence, ce n&rsquo;est pas la d\u00e9ontologie qui pose probl\u00e8me \u00e0 la RATP, mais juste la peur d&rsquo;une r\u00e9action n\u00e9gative de la part du public.<span class=\"footnote-back-link-wrapper\"> [<a href=\"#identifier_1_25452\" class=\"footnote-link footnote-back-link\">&#8617;<\/a>]<\/span><\/li><li id=\"footnote_2_25452\" class=\"footnote\">Le document pdf a \u00e9t\u00e9 <a href=\"http:\/\/pixellibre.net\/streisand-data\/Pacte%20PME%20-%20RATP%20-%20Reconnaissance%20faciale.pdf\" target=\"_blank\">conserv\u00e9 par <em>PixelLibre<\/em><\/a>.<span class=\"footnote-back-link-wrapper\"> [<a href=\"#identifier_2_25452\" class=\"footnote-link footnote-back-link\">&#8617;<\/a>]<\/span><\/li><li id=\"footnote_3_25452\" class=\"footnote\">Voir<a href=\"http:\/\/h4cker.net\/\" target=\"_blank\"> le projet Hacking citoyen<\/a>, avec lequel Geoffrey a pass\u00e9 son dipl\u00f4me des Arts-d\u00e9coratifs.<span class=\"footnote-back-link-wrapper\"> [<a href=\"#identifier_3_25452\" class=\"footnote-link footnote-back-link\">&#8617;<\/a>]<\/span><\/li><\/ol>","protected":false},"excerpt":{"rendered":"<p>(L&rsquo;information est caduque, puisque le projet a \u00e9t\u00e9 abandonn\u00e9 presque sit\u00f4t d\u00e9couvert, mais il me semble important de ne pas l&rsquo;oublier) L&rsquo;image ci-dessous est extraite d&rsquo;un \u00ab\u00a0cahier de\u00a0sp\u00e9cifications fonctionnelles et techniques\u00a0\u00bb qui \u00e9mane de la RATP et dont l&rsquo;existence a \u00e9t\u00e9 r\u00e9v\u00e9l\u00e9e par le blog\u00a0Sete&rsquo;Ici, puis relay\u00e9 par Num\u00e9rama et PC Inpact, notamment. Il s&rsquo;intitule [&hellip;]<\/p>\n","protected":false},"author":1,"featured_media":0,"comment_status":"open","ping_status":"open","sticky":false,"template":"","format":"standard","meta":{"footnotes":""},"categories":[17,37,105],"tags":[],"class_list":["post-25452","post","type-post","status-publish","format-standard","hentry","category-filmer-autrement","category-parano","category-stationspotting"],"_links":{"self":[{"href":"https:\/\/hyperbate.fr\/dernier\/index.php?rest_route=\/wp\/v2\/posts\/25452","targetHints":{"allow":["GET"]}}],"collection":[{"href":"https:\/\/hyperbate.fr\/dernier\/index.php?rest_route=\/wp\/v2\/posts"}],"about":[{"href":"https:\/\/hyperbate.fr\/dernier\/index.php?rest_route=\/wp\/v2\/types\/post"}],"author":[{"embeddable":true,"href":"https:\/\/hyperbate.fr\/dernier\/index.php?rest_route=\/wp\/v2\/users\/1"}],"replies":[{"embeddable":true,"href":"https:\/\/hyperbate.fr\/dernier\/index.php?rest_route=%2Fwp%2Fv2%2Fcomments&post=25452"}],"version-history":[{"count":0,"href":"https:\/\/hyperbate.fr\/dernier\/index.php?rest_route=\/wp\/v2\/posts\/25452\/revisions"}],"wp:attachment":[{"href":"https:\/\/hyperbate.fr\/dernier\/index.php?rest_route=%2Fwp%2Fv2%2Fmedia&parent=25452"}],"wp:term":[{"taxonomy":"category","embeddable":true,"href":"https:\/\/hyperbate.fr\/dernier\/index.php?rest_route=%2Fwp%2Fv2%2Fcategories&post=25452"},{"taxonomy":"post_tag","embeddable":true,"href":"https:\/\/hyperbate.fr\/dernier\/index.php?rest_route=%2Fwp%2Fv2%2Ftags&post=25452"}],"curies":[{"name":"wp","href":"https:\/\/api.w.org\/{rel}","templated":true}]}}