{"id":25310,"date":"2013-05-17T20:12:53","date_gmt":"2013-05-17T18:12:53","guid":{"rendered":"http:\/\/hyperbate.fr\/dernier\/?p=25310"},"modified":"2013-05-18T14:50:16","modified_gmt":"2013-05-18T12:50:16","slug":"ordinateur-et-cinema-sur-place-de-la-toile","status":"publish","type":"post","link":"https:\/\/hyperbate.fr\/dernier\/?p=25310","title":{"rendered":"Ordinateur et cin\u00e9ma sur Place de la toile"},"content":{"rendered":"<p>La seule \u00e9mission de radio que j&rsquo;\u00e9coute r\u00e9guli\u00e8rement est\u00a0<a href=\"http:\/\/www.franceculture.fr\/emission-place-de-la-toile\" target=\"_blank\"><em>Place de la toile<\/em><\/a>, sur France-Culture,\u00a0<em>\u00ab\u00a0le magazine hebdomadaire des technologies num\u00e9riques\u00a0\u00bb<\/em>.<\/p>\n<p><a title=\"Edgar amoureux\" href=\"https:\/\/hyperbate.fr\/dernier\/?p=146\"><img decoding=\"async\" class=\"aligncenter size-full wp-image-25318\" alt=\"edgar_smile_electric_dreams\" src=\"\/dernier\/files\/2013\/05\/edgar_smile_electric_dreams.jpg\" width=\"530\" height=\"293\" \/><\/a><\/p>\n<p>Je suis donc particuli\u00e8rement fier d&rsquo;avoir \u00e9t\u00e9 invit\u00e9 \u00e0 venir y parler, demain samedi, de dix-huit heures dix \u00e0 dix-huit heures cinquante-six. Le sujet, en clin d&rsquo;\u0153il au festival de Cannes, sera celui de l&rsquo;ordinateur au cin\u00e9ma. Outre <a href=\"http:\/\/www.internetactu.net\/author\/xavierdelaporte\/\" target=\"_blank\">Xavier de la Porte<\/a>, qui produit l&rsquo;\u00e9mission, et <a href=\"http:\/\/fluxetfixe.wordpress.com\/\" target=\"_blank\">Thibaut Henneton<\/a>, qui la co-anime, on pourra entendre <a href=\"http:\/\/jeuvideal.com\/\" target=\"_blank\">Alexis Blanchet<\/a>, notamment auteur de <em><a href=\"http:\/\/www.amazon.fr\/gp\/product\/2200271948\/ref=as_li_qf_sp_asin_tl?ie=UTF8&amp;camp=1642&amp;creative=6746&amp;creativeASIN=2200271948&amp;linkCode=as2&amp;tag=lederniblog-21\" target=\"_blank\">Les Jeux vid\u00e9o au cin\u00e9ma<\/a><\/em>, et <a href=\"http:\/\/www.mediapart.fr\/biographie\/51815\" target=\"_blank\">Emmanuel Burdeau<\/a>, critique de cin\u00e9ma et co-fondateur de Capricci, l&rsquo;excellent \u00e9diteur de (entre autres) <em><a title=\"The cat, the reverend and the slave\" href=\"https:\/\/hyperbate.fr\/dernier\/?p=21278\">The Cat, the reverend and the slave<\/a><\/em>, d&rsquo;Alain de la Negra et de Kaori Kinoshita.\u00a0La bande musicale sera un duel assez jouissif entre Giorgio Moroder et Jean-S\u00e9bastien Bach.<\/p>\n<p>Comme chaque semaine, des auditeurs r\u00e9agiront interactivement <a href=\"https:\/\/twitter.com\/search?q=%23pdlt&amp;src=typd\" target=\"_blank\">sur <em>Twitter<\/em> avec le \u00ab\u00a0hashtag\u00a0\u00bb <em>#pdlt<\/em><\/a>. Si vous ratez la diffusion de l&rsquo;\u00e9mission sur les ondes de <em>France-Culture<\/em>\u00a0(<a href=\"http:\/\/www.franceculture.fr\/player\" target=\"_blank\">ou sur le site<\/a>) vous pourrez \u00a0vous\u00a0rattraper\u00a0en diff\u00e9r\u00e9 <a href=\"http:\/\/www.franceculture.fr\/emission-place-de-la-toile-les-ordinateurs-et-l-informatique-au-cinema-2013-05-18\" target=\"_blank\">ici<\/a>.<\/p>\n","protected":false},"excerpt":{"rendered":"<p>La seule \u00e9mission de radio que j&rsquo;\u00e9coute r\u00e9guli\u00e8rement est\u00a0Place de la toile, sur France-Culture,\u00a0\u00ab\u00a0le magazine hebdomadaire des technologies num\u00e9riques\u00a0\u00bb. Je suis donc particuli\u00e8rement fier d&rsquo;avoir \u00e9t\u00e9 invit\u00e9 \u00e0 venir y parler, demain samedi, de dix-huit heures dix \u00e0 dix-huit heures cinquante-six. Le sujet, en clin d&rsquo;\u0153il au festival de Cannes, sera celui de l&rsquo;ordinateur au [&hellip;]<\/p>\n","protected":false},"author":1,"featured_media":0,"comment_status":"open","ping_status":"open","sticky":false,"template":"","format":"standard","meta":{"footnotes":""},"categories":[6,127,35],"tags":[125,126],"class_list":["post-25310","post","type-post","status-publish","format-standard","hentry","category-breve","category-mediatisation","category-ordinateur_cinema","tag-pdlt","tag-giorgio-moroder"],"_links":{"self":[{"href":"https:\/\/hyperbate.fr\/dernier\/index.php?rest_route=\/wp\/v2\/posts\/25310","targetHints":{"allow":["GET"]}}],"collection":[{"href":"https:\/\/hyperbate.fr\/dernier\/index.php?rest_route=\/wp\/v2\/posts"}],"about":[{"href":"https:\/\/hyperbate.fr\/dernier\/index.php?rest_route=\/wp\/v2\/types\/post"}],"author":[{"embeddable":true,"href":"https:\/\/hyperbate.fr\/dernier\/index.php?rest_route=\/wp\/v2\/users\/1"}],"replies":[{"embeddable":true,"href":"https:\/\/hyperbate.fr\/dernier\/index.php?rest_route=%2Fwp%2Fv2%2Fcomments&post=25310"}],"version-history":[{"count":0,"href":"https:\/\/hyperbate.fr\/dernier\/index.php?rest_route=\/wp\/v2\/posts\/25310\/revisions"}],"wp:attachment":[{"href":"https:\/\/hyperbate.fr\/dernier\/index.php?rest_route=%2Fwp%2Fv2%2Fmedia&parent=25310"}],"wp:term":[{"taxonomy":"category","embeddable":true,"href":"https:\/\/hyperbate.fr\/dernier\/index.php?rest_route=%2Fwp%2Fv2%2Fcategories&post=25310"},{"taxonomy":"post_tag","embeddable":true,"href":"https:\/\/hyperbate.fr\/dernier\/index.php?rest_route=%2Fwp%2Fv2%2Ftags&post=25310"}],"curies":[{"name":"wp","href":"https:\/\/api.w.org\/{rel}","templated":true}]}}