{"id":25185,"date":"2013-05-08T14:41:07","date_gmt":"2013-05-08T12:41:07","guid":{"rendered":"http:\/\/hyperbate.fr\/dernier\/?p=25185"},"modified":"2013-05-09T00:35:28","modified_gmt":"2013-05-08T22:35:28","slug":"franciscopolis","status":"publish","type":"post","link":"https:\/\/hyperbate.fr\/dernier\/?p=25185","title":{"rendered":"Franciscopolis"},"content":{"rendered":"<p>Franciscopolis a \u00e9t\u00e9 le premier nom de la ville du Havre, fond\u00e9e\u00a0il y a un peu moins de cinq cent ans\u00a0par Fran\u00e7ois premier (d&rsquo;o\u00f9 le nom : la ville de Fran\u00e7ois), dans le but de placer \u00e0 l&#8217;embouchure de la Seine un port important pour aller p\u00eacher la morue, se prot\u00e9ger d&rsquo;\u00e9ventuelles incursions des flottes du roi Henri VIII puis de l&rsquo;Empereur Charles Quint, et partir \u00e0 la d\u00e9couverte du nouveau monde.<\/p>\n<div id=\"attachment_25214\" style=\"width: 540px\" class=\"wp-caption alignnone\"><a href=\"http:\/\/www.franciscopolis.com\/Jacques-Derrida-A-dessein-le-dessin-2013\" target=\"_blank\"><img decoding=\"async\" aria-describedby=\"caption-attachment-25214\" class=\"size-full wp-image-25214\" alt=\"\u00e0 dessein\" src=\"\/dernier\/files\/2013\/05\/derrida_franciscopolis.jpg\" width=\"530\" height=\"188\" \/><\/a><p id=\"caption-attachment-25214\" class=\"wp-caption-text\">Le premier livre \u00e9dit\u00e9 par <em>Franciscopolis<\/em> est la transcription in\u00e9dite d&rsquo;une conf\u00e9rence de Jacques Derrida sur le dessin, intitul\u00e9e <a href=\"http:\/\/www.amazon.fr\/gp\/product\/2954420804\/ref=as_li_qf_sp_asin_tl?ie=UTF8&amp;camp=1642&amp;creative=6746&amp;creativeASIN=2954420804&amp;linkCode=as2&amp;tag=lederniblog-21\" target=\"_blank\"><em>\u00c0 dessein, le dessin<\/em><\/a>\u00a0(distribution : <a href=\"http:\/\/www.lespressesdureel.com\/ouvrage.php?id=2767\">Presses du r\u00e9el<\/a>).<\/p><\/div>\n<p>\u00c0 pr\u00e9sent, <a href=\"http:\/\/www.franciscopolis.com\/\" target=\"_blank\">Franciscopolis est une maison d&rsquo;\u00e9dition<\/a> fond\u00e9e par mes deux excellents coll\u00e8gues\u00a0<a href=\"http:\/\/yannowens.tumblr.com\/\">Yann Owens<\/a> et <a href=\"http:\/\/www.webdrama.org\/\">Jean-Michel G\u00e9ridan<\/a>, o\u00f9 se sont engag\u00e9s avec eux Mariina Bakic, Agn\u00e8s Maupr\u00e9, Jacques-Olivier-Ponce et Yves Troyard.<\/p>\n<div id=\"attachment_25226\" style=\"width: 540px\" class=\"wp-caption alignnone\"><img decoding=\"async\" aria-describedby=\"caption-attachment-25226\" class=\"size-full wp-image-25226\" alt=\"franciscopolis_multiples_2\" src=\"\/dernier\/files\/2013\/05\/franciscopolis_multiples_2.jpg\" width=\"530\" height=\"134\" \/><p id=\"caption-attachment-25226\" class=\"wp-caption-text\">De gauche \u00e0 droite : Ludovic Boulard Le Fur, <em>P\u00e8lerin<\/em>. 2013 (matrice d&rsquo;une gravure sur bois); Shoboshobo,\u00a0<em>Untitled<\/em>. 2012 (taille-douce) ; Jeremy Boulard Le Fur, <em>Combat<\/em>, 2013 (aquatinte avec report de s\u00e9rigraphie sur plaque de zinc et utilisation de la programmation&#8230;).<\/p><\/div>\n<p>Ils \u00e9ditent des livres (deux, \u00e0 ce jour) et des multiples (<a href=\"http:\/\/www.thomascimolai.com\/\" target=\"_blank\">Thomas Cimola\u00ef<\/a>,\u00a0<a href=\"http:\/\/www.shoboshobo.com\/\" target=\"_blank\">Shoboshobo<\/a>,\u00a0<a href=\"http:\/\/jlggb.net\/blog3\/\" target=\"_blank\">Jean-Louis Boissier<\/a>,\u00a0<a href=\"http:\/\/www.vladimirmavouniakouka.com\/\" target=\"_blank\">Vladimir Mavounia-Kouka<\/a>, <a href=\"http:\/\/jebou.over-blog.com\/\" target=\"_blank\">Jeremy Boulard le Fur<\/a>, Ludovic Boulard le Fur).<\/p>\n<div id=\"attachment_25227\" style=\"width: 540px\" class=\"wp-caption alignnone\"><img decoding=\"async\" aria-describedby=\"caption-attachment-25227\" class=\"size-full wp-image-25227\" alt=\"multiples_franciscopolis_1\" src=\"\/dernier\/files\/2013\/05\/multiples_franciscopolis_1.jpg\" width=\"530\" height=\"237\" \/><p id=\"caption-attachment-25227\" class=\"wp-caption-text\">De gauche \u00e0 droite, des s\u00e9rigraphies de Jean-Louis Boissier,\u00a0<em>Les Perspecteurs<\/em>. 2010 ; Vladimir Mavounia-Kouka &amp; Cl\u00e9mence Passot, <em>Jos\u00e9phine<\/em>. 2012 ; Thomas Cimola\u00ef, <em>Les Troph\u00e9es du sixi\u00e8me continent<\/em>. 2012<\/p><\/div>\n<p>Leur toute derni\u00e8re publication est le catalogue de l&rsquo;\u00e9dition 2013 de la manifestation <a href=\"http:\/\/www.unesaisongraphique.fr\/\"><em>Une saison graphique<\/em><\/a>. On m&rsquo;a invit\u00e9 \u00e0 y signer un texte sur <a href=\"http:\/\/www.herve-tullet.com\/\" target=\"_blank\">Herv\u00e9 Tullet<\/a>.<\/p>\n<div style=\"width: 540px\" class=\"wp-caption alignnone\"><img decoding=\"async\" alt=\"saison_graphique\" src=\"\/dernier\/files\/2013\/05\/saison_graphique.jpg\" width=\"530\" height=\"189\" \/><p class=\"wp-caption-text\">Catalogue de l&rsquo;\u00e9dition 2013 de Une saison graphique, avec Mariina Bakic, Nawal Bakouri, Pierre-Yves Cachard, Jochen Gerner, Jean-No\u00ebl Lafargue, Fanette Mellier, Vincent Perrottet et Thomas Huot-Marchand.<\/p><\/div>\n<p>Organis\u00e9 par l&rsquo;<em>\u00c9cole sup\u00e9rieure d&rsquo;art et de design Le Havre\/Rouen<\/em>, par l&rsquo;espace d&rsquo;art contemporain <em>Le Portique<\/em>, par la Biblioth\u00e8que Universitaire et par <em>Graphisme au Havre<\/em>, <a href=\"http:\/\/www.unesaisongraphique.fr\/\" target=\"_blank\"><em>Une saison graphique<\/em><\/a>\u00a0en est \u00e0 sa cinqui\u00e8me \u00e9dition, et pr\u00e9sentera du <strong>13 mai au 29 juin<\/strong> les expositions Ahn Sang Soo, Helmo, Julian House, Damien Poulain, Herv\u00e9 Tullet, Un Imprimeur et L\u00e9zard Graphique.<\/p>\n<p>On peut suivre <a href=\"https:\/\/www.facebook.com\/franciscopolisEditions\" target=\"_blank\">l&rsquo;actualit\u00e9 de Franciscopolis sur Facebook<\/a>\u00a0et <a href=\"http:\/\/www.franciscopolis.com\/\" target=\"_blank\">sur franciscopolis.com<\/a>.<\/p>\n","protected":false},"excerpt":{"rendered":"<p>Franciscopolis a \u00e9t\u00e9 le premier nom de la ville du Havre, fond\u00e9e\u00a0il y a un peu moins de cinq cent ans\u00a0par Fran\u00e7ois premier (d&rsquo;o\u00f9 le nom : la ville de Fran\u00e7ois), dans le but de placer \u00e0 l&#8217;embouchure de la Seine un port important pour aller p\u00eacher la morue, se prot\u00e9ger d&rsquo;\u00e9ventuelles incursions des flottes [&hellip;]<\/p>\n","protected":false},"author":1,"featured_media":0,"comment_status":"open","ping_status":"open","sticky":false,"template":"","format":"standard","meta":{"footnotes":""},"categories":[19,25],"tags":[],"class_list":["post-25185","post","type-post","status-publish","format-standard","hentry","category-images","category-lecture"],"_links":{"self":[{"href":"https:\/\/hyperbate.fr\/dernier\/index.php?rest_route=\/wp\/v2\/posts\/25185","targetHints":{"allow":["GET"]}}],"collection":[{"href":"https:\/\/hyperbate.fr\/dernier\/index.php?rest_route=\/wp\/v2\/posts"}],"about":[{"href":"https:\/\/hyperbate.fr\/dernier\/index.php?rest_route=\/wp\/v2\/types\/post"}],"author":[{"embeddable":true,"href":"https:\/\/hyperbate.fr\/dernier\/index.php?rest_route=\/wp\/v2\/users\/1"}],"replies":[{"embeddable":true,"href":"https:\/\/hyperbate.fr\/dernier\/index.php?rest_route=%2Fwp%2Fv2%2Fcomments&post=25185"}],"version-history":[{"count":0,"href":"https:\/\/hyperbate.fr\/dernier\/index.php?rest_route=\/wp\/v2\/posts\/25185\/revisions"}],"wp:attachment":[{"href":"https:\/\/hyperbate.fr\/dernier\/index.php?rest_route=%2Fwp%2Fv2%2Fmedia&parent=25185"}],"wp:term":[{"taxonomy":"category","embeddable":true,"href":"https:\/\/hyperbate.fr\/dernier\/index.php?rest_route=%2Fwp%2Fv2%2Fcategories&post=25185"},{"taxonomy":"post_tag","embeddable":true,"href":"https:\/\/hyperbate.fr\/dernier\/index.php?rest_route=%2Fwp%2Fv2%2Ftags&post=25185"}],"curies":[{"name":"wp","href":"https:\/\/api.w.org\/{rel}","templated":true}]}}