{"id":25153,"date":"2013-05-06T14:34:12","date_gmt":"2013-05-06T12:34:12","guid":{"rendered":"http:\/\/hyperbate.fr\/dernier\/?p=25153"},"modified":"2013-05-06T14:54:56","modified_gmt":"2013-05-06T12:54:56","slug":"paris-bd-la-boutique-de-jerome-lafargue","status":"publish","type":"post","link":"https:\/\/hyperbate.fr\/dernier\/?p=25153","title":{"rendered":"Paris-BD, la boutique de J\u00e9r\u00f4me Lafargue"},"content":{"rendered":"<p>Apr\u00e8s avoir fait de la publicit\u00e9 au collectif <em><a title=\"Super Fourbi G\u00e9ant\" href=\"https:\/\/hyperbate.fr\/dernier\/?p=25133\">Super Fourbi G\u00e9ant<\/a><\/em>, dont fait partie ma fille a\u00een\u00e9e, Hannah, je fais de la r\u00e9clame pour la librairie de bandes dessin\u00e9es de mon fr\u00e8re J\u00e9r\u00f4me, boutique que j&rsquo;avais d\u00e9j\u00e0 \u00e9voqu\u00e9e <a href=\"https:\/\/hyperbate.fr\/dernier\/?p=3740\">il y a quelques ann\u00e9es<\/a>\u00a0\u00e0 propos de <a href=\"http:\/\/www.paris-bd.com\/blog\/\" target=\"_blank\">son blog<\/a>, mais qui a depuis quelques mois <a href=\"http:\/\/www.paris-bd.com\/\" target=\"_blank\">un site Internet permettant l&rsquo;achat en ligne<\/a>.<\/p>\n<div style=\"width: 540px\" class=\"wp-caption alignnone\"><a href=\"http:\/\/www.paris-bd.com\/\" target=\"_blank\"><img decoding=\"async\" alt=\"boutique_jerome_lafargue_exterieur\" src=\"\/dernier\/files\/2013\/05\/boutique_jerome_lafargue_exterieur.jpg\" width=\"530\" height=\"398\" \/><\/a><p class=\"wp-caption-text\">La boutique est install\u00e9e dans un ancien restaurant oriental, dans le quartier asiatique du 18e arrondissement, \u00e0 quelques m\u00e8tres de la Place H\u00e9bert. On remarque une station V\u00e9lib&rsquo; situ\u00e9e juste devant. Les bus 35 et 60 passent \u00e0 proximit\u00e9.<\/p><\/div>\n<p>La boutique physique est situ\u00e9e au num\u00e9ro <strong><a href=\"https:\/\/maps.google.fr\/maps?q=google+map+83+rue+pajol&amp;ie=UTF8&amp;ll=48.892712,2.363284&amp;spn=0.006031,0.016512&amp;hnear=83+Rue+Pajol,+75018+Paris,+%C3%8Ele-de-France&amp;gl=fr&amp;t=m&amp;z=17\" target=\"_blank\">83 de la rue Pajol<\/a>, dans le dix-huiti\u00e8me arrondissement de Paris<\/strong>, m\u00e9tro Marx Dormoy (ligne 12), pas tr\u00e8s loin du march\u00e9 de l&rsquo;Olive.\u00a0Le lieu est ouvert <strong>chaque apr\u00e8s-midi, du mardi au samedi<\/strong>.<br \/>\nOn peut appeler pour demander des renseignements au 01 53 26 99 34.<\/p>\n<p>J\u00e9r\u00f4me vend deux types de bandes dessin\u00e9es : de l&rsquo;occasion et de la collection.<br \/>\nPour dire les choses rapidement, <em>occasion<\/em> signifie que l&rsquo;on paie moins cher que le prix d&rsquo;origine, et <em>collection<\/em> signifie que les livres ont une cote et sont g\u00e9n\u00e9ralement plus chers qu&rsquo;ils ne l&rsquo;\u00e9taient \u00e0 leur sortie.<\/p>\n<p><a href=\"http:\/\/www.paris-bd.com\/\" target=\"_blank\"><img decoding=\"async\" class=\"alignnone size-full wp-image-25160\" alt=\"boutique_jerome_lafargue_stock\" src=\"\/dernier\/files\/2013\/05\/boutique_jerome_lafargue_stock.jpg\" width=\"530\" height=\"359\" \/><\/a><\/p>\n<p>J\u00e9r\u00f4me a des go\u00fbts tr\u00e8s\u00a0\u00e9clectiques et il peut donner des conseils sur plus d&rsquo;un si\u00e8cle de bandes dessin\u00e9es, de Benjamin Rabier \u00e0\u00a0Naoki Urasawa en passant par les comics am\u00e9ricains, les petits formats italiens, les classiques Franco-belges et la bande dessin\u00e9e \u00ab\u00a0ind\u00e9pendante\u00a0\u00bb plus r\u00e9cente.<\/p>\n<div id=\"attachment_25177\" style=\"width: 540px\" class=\"wp-caption alignnone\"><img decoding=\"async\" aria-describedby=\"caption-attachment-25177\" class=\"size-full wp-image-25177\" alt=\"Vu \u00e0 la t\u00e9l\u00e9 !\" src=\"\/dernier\/files\/2013\/05\/jerome_lafargue_vu_a_la_tv.jpg\" width=\"530\" height=\"150\" \/><p id=\"caption-attachment-25177\" class=\"wp-caption-text\">Vu \u00e0 la t\u00e9l\u00e9 ! J\u00e9r\u00f4me a accueilli une \u00e9quipe de France 2 pour <a href=\"http:\/\/cestauprogramme.france2.fr\/index-fr.php?page=article&amp;id_article=9769\" target=\"_blank\">un sujet sur la collection de bande dessin\u00e9e<\/a>, il y a une dizaines de jours. L&rsquo;\u00e9mission ne traitait que des collectionneurs, qui entretiennent un rapport parfois n\u00e9vrotique aux livres (qu&rsquo;ils n&rsquo;osent plus lire, comme le disait Pierre Arditi, l&rsquo;invit\u00e9 de l&rsquo;\u00e9mission et collectionneur repenti), mais la boutique accueille aussi les gens qui lisent leurs bandes dessin\u00e9es, et pas uniquement ceux qui les conservent pr\u00e9cieusement sous plastique.<\/p><\/div>\n<p>La diversit\u00e9 du stock est telle que je mets au d\u00e9fi quiconque de ne pas \u00eatre assailli par une bouff\u00e9e d&rsquo;\u00e9motion en tenant dans ses mains, des ann\u00e9es apr\u00e8s les avoir perdus, les <em>Blek<\/em>, les\u00a0<em>Tarzan<\/em>, les\u00a0<em>Pif Gadget<\/em>, les <em>Spirou<\/em> ou les <em>Strange<\/em>\u00a0chamarr\u00e9s de son enfance.<\/p>\n<p><a href=\"http:\/\/www.paris-bd.com\/\" target=\"_blank\"><img decoding=\"async\" class=\"alignnone size-full wp-image-25162\" alt=\"boutique_jerome_lafargue_interieur\" src=\"\/dernier\/files\/2013\/05\/boutique_jerome_lafargue_interieur.jpg\" width=\"530\" height=\"353\" \/><\/a><\/p>\n<p>En plus il est sympathique, et je ne dis pas \u00e7a seulement parce qu&rsquo;il s&rsquo;agit de mon fr\u00e8re.<br \/>\nJ&rsquo;ai charg\u00e9 sur Youtube <a href=\"http:\/\/www.youtube.com\/watch?v=yU810zsnBac\" target=\"_blank\">un (m\u00e9diocre) film qui donne une id\u00e9e du lieu et de son propri\u00e9taire<\/a>. On peut s&rsquo;abonner \u00e0 sa page\u00a0<a href=\"https:\/\/www.facebook.com\/pages\/J%C3%A9r%C3%B4me-Lafargue-La-bande-des-cin%C3%A9s\/131821636830406\">Facebook<\/a>.<\/p>\n","protected":false},"excerpt":{"rendered":"<p>Apr\u00e8s avoir fait de la publicit\u00e9 au collectif Super Fourbi G\u00e9ant, dont fait partie ma fille a\u00een\u00e9e, Hannah, je fais de la r\u00e9clame pour la librairie de bandes dessin\u00e9es de mon fr\u00e8re J\u00e9r\u00f4me, boutique que j&rsquo;avais d\u00e9j\u00e0 \u00e9voqu\u00e9e il y a quelques ann\u00e9es\u00a0\u00e0 propos de son blog, mais qui a depuis quelques mois un site [&hellip;]<\/p>\n","protected":false},"author":1,"featured_media":0,"comment_status":"open","ping_status":"open","sticky":false,"template":"","format":"standard","meta":{"footnotes":""},"categories":[53,39],"tags":[],"class_list":["post-25153","post","type-post","status-publish","format-standard","hentry","category-bande-dessinee","category-personnel"],"_links":{"self":[{"href":"https:\/\/hyperbate.fr\/dernier\/index.php?rest_route=\/wp\/v2\/posts\/25153","targetHints":{"allow":["GET"]}}],"collection":[{"href":"https:\/\/hyperbate.fr\/dernier\/index.php?rest_route=\/wp\/v2\/posts"}],"about":[{"href":"https:\/\/hyperbate.fr\/dernier\/index.php?rest_route=\/wp\/v2\/types\/post"}],"author":[{"embeddable":true,"href":"https:\/\/hyperbate.fr\/dernier\/index.php?rest_route=\/wp\/v2\/users\/1"}],"replies":[{"embeddable":true,"href":"https:\/\/hyperbate.fr\/dernier\/index.php?rest_route=%2Fwp%2Fv2%2Fcomments&post=25153"}],"version-history":[{"count":0,"href":"https:\/\/hyperbate.fr\/dernier\/index.php?rest_route=\/wp\/v2\/posts\/25153\/revisions"}],"wp:attachment":[{"href":"https:\/\/hyperbate.fr\/dernier\/index.php?rest_route=%2Fwp%2Fv2%2Fmedia&parent=25153"}],"wp:term":[{"taxonomy":"category","embeddable":true,"href":"https:\/\/hyperbate.fr\/dernier\/index.php?rest_route=%2Fwp%2Fv2%2Fcategories&post=25153"},{"taxonomy":"post_tag","embeddable":true,"href":"https:\/\/hyperbate.fr\/dernier\/index.php?rest_route=%2Fwp%2Fv2%2Ftags&post=25153"}],"curies":[{"name":"wp","href":"https:\/\/api.w.org\/{rel}","templated":true}]}}