{"id":23543,"date":"2013-03-21T17:55:29","date_gmt":"2013-03-21T16:55:29","guid":{"rendered":"http:\/\/hyperbate.fr\/dernier\/?p=23543"},"modified":"2019-02-19T09:58:52","modified_gmt":"2019-02-19T08:58:52","slug":"la-nouvelle-gare-saint-lazare-un-an-plus-tard","status":"publish","type":"post","link":"https:\/\/hyperbate.fr\/dernier\/?p=23543","title":{"rendered":"La nouvelle gare Saint-Lazare, un an plus tard"},"content":{"rendered":"<p>La gare Saint-Lazare r\u00e9nov\u00e9e a \u00e9t\u00e9 inaugur\u00e9e il y a un an exactement. Je m&rsquo;\u00e9tais montr\u00e9 tr\u00e8s critique \u00e0 l&rsquo;\u00e9poque<sup><a href=\"#footnote_1_23543\" id=\"identifier_1_23543\" class=\"footnote-link footnote-identifier-link\" title=\"Cf. les articles La nouvelle gare Saint-Lazare et son compl&eacute;ment.\">1<\/a><\/sup>, mais \u00e7a n&rsquo;a pas emp\u00each\u00e9 que l&rsquo;on m&rsquo;invite \u00e0 la conf\u00e9rence de presse qui vient d&rsquo;\u00eatre organis\u00e9e \u00e0 l&rsquo;occasion de cet anniversaire. La conf\u00e9rence de presse se tenait t\u00f4t ce matin dans la derni\u00e8re salle non-am\u00e9nag\u00e9e de la gare<sup><a href=\"#footnote_2_23543\" id=\"identifier_2_23543\" class=\"footnote-link footnote-identifier-link\" title=\"Pour &ecirc;tre pr&eacute;cis, les &eacute;tages de la gare, qui ne sont jusqu&rsquo;ici pas ouverts au public et abritent des bureaux, vont &ecirc;tre r&eacute;nov&eacute;s eux aussi, peut-&ecirc;tre pour cr&eacute;er un centre d&rsquo;affaires et\/ou une cr&egrave;che, mais tout &ccedil;a est &agrave; l&rsquo;&eacute;tat de projet.\">2<\/a><\/sup>, avec des tuyaux dans tous les sens et des murs nus. Quand je suis arriv\u00e9, on m&rsquo;a servi un caf\u00e9 (bon) et un jus de fruit (bon aussi). Je n&rsquo;ai pas go\u00fbt\u00e9 les petits fours. Pendant que la pi\u00e8ce se remplissait, des gens de diff\u00e9rents \u00e2ges, mais tous tr\u00e8s dou\u00e9s, se relayaient sur un piano situ\u00e9 pr\u00e8s de l&rsquo;entr\u00e9e, qui \u00e9tait l\u00e0 pour illustrer l&rsquo;op\u00e9ration \u00ab\u00a0Pianos en gare\u00a0\u00bb qui consiste, comme son nom l&rsquo;indique, \u00e0 laisser tra\u00eener des pianos dans les gares, afin que les voyageurs s&rsquo;arr\u00eatent pour les \u00e9couter ou faire la d\u00e9monstration de leur talent de pianiste. Pour, nous dit-on, <em>\u00ab\u00a0cr\u00e9er de l&rsquo;\u00e9motion\u00a0\u00bb<\/em>. Rien que \u00e7a.<\/p>\n<div style=\"width: 540px\" class=\"wp-caption alignnone\"><img decoding=\"async\" src=\"\/dernier\/files\/2013\/03\/morel_picard.jpg\" alt=\"morel_picard\" width=\"530\" height=\"221\" \/><p class=\"wp-caption-text\">Rachel Picard (gauche), \u00e0 la t\u00eate de Gares &amp; Connexions, et Laurent Morel (droite), qui pr\u00e9side Kl\u00e9pierre.<\/p><\/div>\n<p>Sur l&rsquo;estrade se trouvaient Laurent Morel, pr\u00e9sident du directoire de <em>Kl\u00e9pierre<\/em>, et Rachel Picard<sup><a href=\"#footnote_3_23543\" id=\"identifier_3_23543\" class=\"footnote-link footnote-identifier-link\" title=\"Rachel Picard, tr&egrave;s r&eacute;cemment plac&eacute;e &agrave; la t&ecirc;te de Gares et Connexions, a longtemps dirig&eacute; voyages-sncf.com.\">3<\/a><\/sup>, directrice de <em>Gares et Connexions<\/em>, la branche de la SNCF qui est charg\u00e9e de l&rsquo;am\u00e9nagement des gares. Le m\u00e9tier de <em>Kl\u00e9pierre<\/em> est de b\u00e2tir et d&rsquo;exploiter des centres commerciaux, c&rsquo;est m\u00eame le premier acteur europ\u00e9en dans ce domaine. Le capital de cette soci\u00e9t\u00e9 est notamment\u00a0d\u00e9tenu par <em>Simon property group<\/em>, une soci\u00e9t\u00e9 immobili\u00e8re am\u00e9ricaine, et par <em>BNP Paribas<\/em>, qui, ce n&rsquo;est pas forc\u00e9ment une co\u00efncidence, est aussi propri\u00e9taire de tous les distributeurs d&rsquo;argent qui ont \u00e9t\u00e9 dispos\u00e9s dans la gare. La s\u00e9ance a commenc\u00e9 par le visionnage d&rsquo;une vid\u00e9o dans laquelle des usagers de la gare, class\u00e9s selon la fr\u00e9quence \u00e0 laquelle ils traversent le lieu (vacanciers,\u00a0quotidiens, occasionnels) donnaient leur sentiment enthousiaste devant une cam\u00e9ra : c&rsquo;est plus propre, c&rsquo;est plus beau, c&rsquo;est plus lumineux, c&rsquo;est plus pratique, on peut faire les boutiques\u00a0\u00bb.<\/p>\n<p><img decoding=\"async\" class=\"alignnone size-full wp-image-23582\" src=\"\/dernier\/files\/2013\/03\/video_stlazare.jpg\" alt=\"video_stlazare\" width=\"530\" height=\"331\" \/><\/p>\n<p>On entend un habitant d&rsquo;Uz\u00e8s, venu l\u00e0 pour des vacances, qui r\u00e9sume son sentiment : <em>\u00ab\u00a0on ne dirait pas une gare, c&rsquo;est autre chose\u00a0\u00bb<\/em>.\u00a0Il ne pr\u00e9cise pas \u00e0 quelle \u00ab\u00a0autre chose\u00a0\u00bb il pensait, mais cette derni\u00e8re r\u00e9flexion m&rsquo;a rappel\u00e9 <a href=\"https:\/\/hyperbate.fr\/dernier\/?p=21995\" target=\"_blank\" rel=\"noopener\">une dame, compl\u00e8tement perdue, \u00e0 l&rsquo;automne dernier<\/a>, qui ne comprenait pas o\u00f9 pouvaient se trouver les trains et qui n&rsquo;\u00e9tait m\u00eame pas certaine de bien se trouver dans la gare car, me disait-elle\u00a0<em>\u00ab\u00a0l\u00e0 on est dans un esp\u00e8ce de centre commercial\u2026\u00a0\u00bb<\/em>. La confusion de cette dame n&rsquo;\u00e9tait pas le fruit de son \u00e9tourderie, et c&rsquo;est ce que confirme en premier lieu de la conf\u00e9rence de presse : j&rsquo;ai guett\u00e9 en vain le mot \u00ab\u00a0usager\u00a0\u00bb, mais strictement personne ne l&rsquo;a prononc\u00e9, il est remplac\u00e9 par le mot \u00ab\u00a0client\u00a0\u00bb ou bien, lorsque les gens ne font vraiment qu&rsquo;utiliser les trains, par le mot \u00ab\u00a0transit\u00a0\u00bb. L&rsquo;expression\u00a0<em>\u00ab\u00a0centre commercial\u00a0\u00bb<\/em> est de loin celle qui aura \u00e9t\u00e9 la\u00a0plus employ\u00e9e pour d\u00e9crire la gare Saint-Lazare. Il faut dire qu&rsquo;en terme de rendement financier, cette activit\u00e9 a rencontr\u00e9 un franc succ\u00e8s puisque, a-t-on appris, le m\u00e8tre carr\u00e9 de boutique rapportait quatorze mille euros par an, et jusqu&rsquo;\u00e0 trois fois plus pour certaines boutiques. Le chiffre d&rsquo;affaires du centre commercial, pour sa premi\u00e8re ann\u00e9e est de cent-vingt millions d&rsquo;euros, soit quinze pour cent de plus que ce qui \u00e9tait pr\u00e9vu, ce qui place Saint-Lazare devant toutes les autres gares et en fait la r\u00e9f\u00e9rence dans le domaine, devant la gare londonienne de Saint Pancras qui tenait ce rang jusqu&rsquo;ici.<\/p>\n<div id=\"attachment_23593\" style=\"width: 540px\" class=\"wp-caption alignnone\"><img decoding=\"async\" aria-describedby=\"caption-attachment-23593\" class=\"size-full wp-image-23593\" src=\"\/dernier\/files\/2013\/03\/saint_lazare_billets.jpg\" alt=\"b\" width=\"530\" height=\"397\" \/><p id=\"caption-attachment-23593\" class=\"wp-caption-text\">Un des endroits o\u00f9 on ach\u00e8te les billets de train. Ce n&rsquo;est pas la partie la plus avenante de la gare Saint-Lazare. Autrefois, on achetait les billets \u00e0 des guichets qui ont \u00e9t\u00e9 ferm\u00e9s pour \u00eatre remplac\u00e9s par des panneaux de publicit\u00e9 Num\u00e9riflash.<\/p><\/div>\n<p>J&rsquo;aime bien entendre les \u00ab\u00a0pros\u00a0\u00bb parler sans langue de bois (en s&rsquo;oubliant compl\u00e8tement ?), c&rsquo;est plut\u00f4t instructif, m\u00eame lorsque cela ne fait que confirmer ce que l&rsquo;on avait cru comprendre depuis longtemps.<br \/>\nJ&rsquo;ai appris aujourd&rsquo;hui qu&rsquo;il existait un domaine \u00e9conomique nomm\u00e9 <em>\u00ab\u00a0achat d&rsquo;impulsion\u00a0\u00bb<\/em>, et qu&rsquo;il fallait \u00e9quilibrer les types de commerces afin de proposer une offre suffisamment vari\u00e9e pour \u00ab\u00a0capter tous les types de flux de clients\u00a0\u00bb : surtout, que personne ne passe par les mailles du filet. J&rsquo;ai appris aussi que les enseignes ne sont pas forc\u00e9ment l\u00e0 pour vendre, mais aussi et surtout pour \u00eatre <em>\u00ab\u00a0toujours pr\u00e9sentes dans le regard des clients\u00a0\u00bb<\/em>. Dans le regard, entendez : dans le paysage physique et mental. Une enseigne est donc aussi une publicit\u00e9 pour une marque, une pr\u00e9sence, et peu importe ensuite si la client\u00e8le <em>\u00ab\u00a0fortement nomadis\u00e9e\u00a0\u00bb<\/em> (?) ach\u00e8te ensuite les objets produits par la marque dans une boutique physique ou virtuelle, \u00e0 la Gare Saint-Lazare ou ailleurs. L&rsquo;important est qu&rsquo;elle n&rsquo;arrive pas \u00e0 imaginer acheter autre chose que les logos et les marques qui encombrent son cerveau. J&rsquo;ai aussi appris que les <em>\u00ab\u00a0espaces-gares\u00a0\u00bb<\/em> (?) sont pour les marques de formidables <em>\u00ab\u00a0laboratoires\u00a0\u00bb<\/em>, permettant de savoir tout de suite si une nouveaut\u00e9 commerciale peut prendre.<\/p>\n<p><img decoding=\"async\" class=\"alignnone size-full wp-image-23588\" src=\"\/dernier\/files\/2013\/03\/transit.jpg\" alt=\"transit\" width=\"530\" height=\"398\" \/><\/p>\n<p>Quatre-vingt-dix-neuf pour cent des gens sont apparemment ravis de la nouvelle gare, et on a calcul\u00e9 qu&rsquo;il leur faut vingt-cinq pour cent de temps en moins qu&rsquo;autrefois pour aller d&rsquo;un point \u00e0 un autre. Ce qui n&rsquo;est pas dit, pour ces deux statistiques, c&rsquo;est si elles comparent la gare actuelle \u00e0 celle d&rsquo;il y a quinze ans ou \u00e0 celle de l&rsquo;interminable p\u00e9riode des travaux de r\u00e9novation. Je doute pour part un peu que le flux soit am\u00e9lior\u00e9, car les escalators ont \u00e9t\u00e9 install\u00e9s en d\u00e9pit du bon sens et remplacent des escaliers et des escalators qui allaient assez directement des voies de chemin de fer vers l&rsquo;entr\u00e9e de la station de m\u00e9tro. Sans compter que la sortie qui permettait de se rendre \u00e0 la cour du Havre depuis l&rsquo;\u00e9tage des quais a \u00e9t\u00e9 ferm\u00e9e. On a observ\u00e9 que le \u00ab\u00a0client\u00a0\u00bb passe en moyenne vingt-deux-minutes dans la gare. Il faut en tout cas que les gens soient heureux : <em>\u00ab\u00a0un client heureux, c&rsquo;est un client qui va passer du temps et qui ach\u00e8tera plus\u00a0\u00bb<\/em>. Les philosophes, les psychologues et les \u00e9volutionnistes peuvent cesser de chercher, on sait enfin \u00e0 quoi sert le bonheur : \u00e7a fait acheter plus. Vive le bonheur.<\/p>\n<p><img decoding=\"async\" class=\"alignnone size-full wp-image-23585\" src=\"\/dernier\/files\/2013\/03\/saint_lazare_public.jpg\" alt=\"saint_lazare_public\" width=\"530\" height=\"379\" \/><\/p>\n<p>Pendant la s\u00e9ance de questions, un journaliste de <em>La Croix<\/em> a demand\u00e9 quelle part du loyer des boutiques revenait \u00e0 la SNCF. La r\u00e9ponse m&rsquo;a sembl\u00e9 incroyable : on nous assure que le contrat est \u00ab\u00a0gagnant-gagnant\u00a0\u00bb, mais l&rsquo;accord financier entre <em>Kl\u00e9pierre<\/em> et <em>Gares et Connexions<\/em> est confidentiel. Ce qui signifie qu&rsquo;une soci\u00e9t\u00e9 financ\u00e9e depuis des d\u00e9cennies par les fran\u00e7ais (qui h\u00e9ritent de sa dette il me semble), d\u00e9tenue majoritairement par l&rsquo;\u00c9tat fran\u00e7ais peut avoir des revenus occultes, enfin des revenus dont le public n&rsquo;a pas le droit de prendre connaissance. Il faut dire que la SNCF, bien que th\u00e9oriquement publique, est constitu\u00e9e de nombreuses\u00a0filiales\u00a0de droit priv\u00e9, et j&rsquo;imagine que c&rsquo;est ce qui permet cette scandaleuse opacit\u00e9. Dans le m\u00eame ordre d&rsquo;id\u00e9es, j&rsquo;aimerais bien savoir comment est r\u00e9parti l&rsquo;argent que rapportent les publicit\u00e9s affich\u00e9es par <em>M\u00e9trobus<\/em> sur les r\u00e9seaux SNCF et RATP. En fait, j&rsquo;aurais d\u00fb poser une question sur les <a href=\"https:\/\/hyperbate.fr\/dernier\/?p=10829\" target=\"_blank\" rel=\"noopener\">afficheurs <em>Num\u00e9riflash<\/em> de <em>M\u00e9trobus<\/em><\/a> : pourquoi la gare en compte-t-elle un si grand nombre ? Quelle est leur consommation \u00e9lectrique globale ? Combien la SNCF gagne-t-elle avec \u00e7a ? Est-ce que leurs cam\u00e9ras sont actives ?<\/p>\n<div id=\"attachment_23574\" style=\"width: 540px\" class=\"wp-caption alignnone\"><img decoding=\"async\" aria-describedby=\"caption-attachment-23574\" class=\"size-full wp-image-23574\" src=\"\/dernier\/files\/2013\/03\/usb_gare_st_lazare.jpg\" alt=\"usb_gare_st_lazare\" width=\"530\" height=\"216\" \/><p id=\"caption-attachment-23574\" class=\"wp-caption-text\">Le public de la conf\u00e9rence de presse s&rsquo;est vu remettre \u00e0 la sortie un dossier contenant des images et autres documents sur clef USB. Je ne saurai pas ce qu&rsquo;il y a dedans car mon ordinateur refuse de le lire.<\/p><\/div>\n<p>Le bilan de tout \u00e7a, donc, c&rsquo;est que nous sommes des clients, du transit (cent millions de personnes par an sur cette gare), que l&rsquo;on remplit notre cerveau de marques, que nous sommes des sujets d&rsquo;exp\u00e9riences, mais nous n&rsquo;avons pas besoin de conna\u00eetre le d\u00e9tail des comptes, tout ce que nous devons savoir c&rsquo;est que nous rapportons beaucoup d&rsquo;argent. Et qu&rsquo;un train sur dix ne parvient pas \u00e0 respecter son horaire car <em>\u00ab\u00a0Transilien c&rsquo;est tr\u00e8s compliqu\u00e9\u00a0\u00bb<\/em>. En me rendant \u00e0 la conf\u00e9rence de presse, moi qui viens justement \u00e0 Paris par Saint-Lazare, j&rsquo;ai laiss\u00e9 passer un premier train sans pouvoir monter dedans car lorsqu&rsquo;il est arriv\u00e9 dans ma gare, ses passagers \u00e9taient d\u00e9j\u00e0 tellement serr\u00e9s que les visages \u00e9taient coll\u00e9s aux fen\u00eatres. J&rsquo;admire les gens qui sont forc\u00e9s d&rsquo;affronter les heures de pointe chaque jour.<\/p>\n<h4>Manger<\/h4>\n<p>L&rsquo;annonce sympathique de cette conf\u00e9rence de presse, que vont retenir la plupart des m\u00e9dias j&rsquo;imagine, c&rsquo;est que le chef \u00e9toil\u00e9 \u00c9ric Frechon, qui dirige les cuisines de l&rsquo;h\u00f4tel Bristol, va ouvrir un restaurant nomm\u00e9 <em>Lazare<\/em>, dans le lieu m\u00eame o\u00f9 s&rsquo;est tenue la conf\u00e9rence de presse. S&rsquo;il se tient \u00e0 son programme, il ne s&rsquo;agira pas d&rsquo;un restaurant de luxe mais d&rsquo;un endroit o\u00f9 l&rsquo;on pourra d\u00e9guster une cuisine familiale dans un esprit \u00ab\u00a0brasserie\u00a0\u00bb.<\/p>\n<div id=\"attachment_23577\" style=\"width: 540px\" class=\"wp-caption alignnone\"><img decoding=\"async\" aria-describedby=\"caption-attachment-23577\" class=\"size-full wp-image-23577\" src=\"\/dernier\/files\/2013\/03\/chef_frechon.jpg\" alt=\"chef_frechon\" width=\"530\" height=\"398\" \/><p id=\"caption-attachment-23577\" class=\"wp-caption-text\"><em>\u00ab on pourra venir manger un sandwich jambon-beurre, mais \u00e7a sera le meilleur jambon-beurre de Paris \u00bb<\/em><\/p><\/div>\n<p>Bien jou\u00e9 ! Avec la nourriture, on peut m&rsquo;amadouer, et je dois avouer que l&rsquo;id\u00e9e de ce restaurant me plait bien, d&rsquo;autant que le chef en question, \u00e0 qui je trouve un faux-air de Fran\u00e7ois Berl\u00e9and, semble vraiment croire \u00e0 ce qu&rsquo;il dit lorsqu&rsquo;il parle d&rsquo;une cuisine de qualit\u00e9, \u00e0 base de bons produits, mais malgr\u00e9 tout accessible \u00e0 \u00ab\u00a0presque tout le monde\u00a0\u00bb.<\/p>\n<ol class=\"footnotes\"><li id=\"footnote_1_23543\" class=\"footnote\">Cf. les articles <a href=\"https:\/\/hyperbate.fr\/dernier\/?p=19706\" target=\"_blank\" rel=\"noopener\">La nouvelle gare Saint-Lazare<\/a> et <a href=\"https:\/\/hyperbate.fr\/dernier\/?p=19793\" target=\"_blank\" rel=\"noopener\">son compl\u00e9ment<\/a>.<span class=\"footnote-back-link-wrapper\"> [<a href=\"#identifier_1_23543\" class=\"footnote-link footnote-back-link\">&#8617;<\/a>]<\/span><\/li><li id=\"footnote_2_23543\" class=\"footnote\">Pour \u00eatre pr\u00e9cis, les \u00e9tages de la gare, qui ne sont jusqu&rsquo;ici pas ouverts au public et abritent des bureaux, vont \u00eatre r\u00e9nov\u00e9s eux aussi, peut-\u00eatre pour cr\u00e9er un centre d&rsquo;affaires et\/ou une cr\u00e8che, mais tout \u00e7a est \u00e0 l&rsquo;\u00e9tat de projet.<span class=\"footnote-back-link-wrapper\"> [<a href=\"#identifier_2_23543\" class=\"footnote-link footnote-back-link\">&#8617;<\/a>]<\/span><\/li><li id=\"footnote_3_23543\" class=\"footnote\">Rachel Picard, tr\u00e8s r\u00e9cemment plac\u00e9e \u00e0 la t\u00eate de <em>Gares et Connexions<\/em>, a longtemps dirig\u00e9 <a href=\"https:\/\/hyperbate.fr\/dernier\/?p=3055\" target=\"_blank\" rel=\"noopener\">voyages-sncf.com<\/a>.<span class=\"footnote-back-link-wrapper\"> [<a href=\"#identifier_3_23543\" class=\"footnote-link footnote-back-link\">&#8617;<\/a>]<\/span><\/li><\/ol>","protected":false},"excerpt":{"rendered":"<p>La gare Saint-Lazare r\u00e9nov\u00e9e a \u00e9t\u00e9 inaugur\u00e9e il y a un an exactement. Je m&rsquo;\u00e9tais montr\u00e9 tr\u00e8s critique \u00e0 l&rsquo;\u00e9poque1, mais \u00e7a n&rsquo;a pas emp\u00each\u00e9 que l&rsquo;on m&rsquo;invite \u00e0 la conf\u00e9rence de presse qui vient d&rsquo;\u00eatre organis\u00e9e \u00e0 l&rsquo;occasion de cet anniversaire. La conf\u00e9rence de presse se tenait t\u00f4t ce matin dans la derni\u00e8re salle [&hellip;]<\/p>\n","protected":false},"author":1,"featured_media":0,"comment_status":"open","ping_status":"open","sticky":false,"template":"","format":"standard","meta":{"footnotes":""},"categories":[26,105],"tags":[],"class_list":["post-23543","post","type-post","status-publish","format-standard","hentry","category-les-pros","category-stationspotting"],"_links":{"self":[{"href":"https:\/\/hyperbate.fr\/dernier\/index.php?rest_route=\/wp\/v2\/posts\/23543","targetHints":{"allow":["GET"]}}],"collection":[{"href":"https:\/\/hyperbate.fr\/dernier\/index.php?rest_route=\/wp\/v2\/posts"}],"about":[{"href":"https:\/\/hyperbate.fr\/dernier\/index.php?rest_route=\/wp\/v2\/types\/post"}],"author":[{"embeddable":true,"href":"https:\/\/hyperbate.fr\/dernier\/index.php?rest_route=\/wp\/v2\/users\/1"}],"replies":[{"embeddable":true,"href":"https:\/\/hyperbate.fr\/dernier\/index.php?rest_route=%2Fwp%2Fv2%2Fcomments&post=23543"}],"version-history":[{"count":2,"href":"https:\/\/hyperbate.fr\/dernier\/index.php?rest_route=\/wp\/v2\/posts\/23543\/revisions"}],"predecessor-version":[{"id":39426,"href":"https:\/\/hyperbate.fr\/dernier\/index.php?rest_route=\/wp\/v2\/posts\/23543\/revisions\/39426"}],"wp:attachment":[{"href":"https:\/\/hyperbate.fr\/dernier\/index.php?rest_route=%2Fwp%2Fv2%2Fmedia&parent=23543"}],"wp:term":[{"taxonomy":"category","embeddable":true,"href":"https:\/\/hyperbate.fr\/dernier\/index.php?rest_route=%2Fwp%2Fv2%2Fcategories&post=23543"},{"taxonomy":"post_tag","embeddable":true,"href":"https:\/\/hyperbate.fr\/dernier\/index.php?rest_route=%2Fwp%2Fv2%2Ftags&post=23543"}],"curies":[{"name":"wp","href":"https:\/\/api.w.org\/{rel}","templated":true}]}}