{"id":2308,"date":"2008-11-20T01:55:42","date_gmt":"2008-11-20T00:55:42","guid":{"rendered":"http:\/\/www.hyperbate.com\/dernier\/?p=2308"},"modified":"2024-04-30T15:07:09","modified_gmt":"2024-04-30T13:07:09","slug":"masaki-fujihata-aux-arts-deco","status":"publish","type":"post","link":"https:\/\/hyperbate.fr\/dernier\/?p=2308","title":{"rendered":"Masaki Fujihata aux Arts-D\u00e9co"},"content":{"rendered":"\n<p>L&rsquo;\u00c9cole sup\u00e9rieure des arts d\u00e9coratifs, qui vient de refondre <a href=\"http:\/\/www.ensad.fr\/\" target=\"_blank\" rel=\"noopener\">son site web<\/a><sup><a href=\"#footnote_1_2308\" id=\"identifier_1_2308\" class=\"footnote-link footnote-identifier-link\" title=\"C&rsquo;est un &eacute;v&egrave;nement, les Arts d&eacute;coratifs de Paris n&rsquo;avaient pas chang&eacute; de site depuis huit ans. On peut lire &agrave; ce sujet l&rsquo;article d&rsquo;&Eacute;tienne Mineur et les commentaires qui y ont &eacute;t&eacute; ajout&eacute;s ici\">1<\/a><\/sup> , accueille depuis hier et jusqu&rsquo;au 8 d\u00e9cembre une exposition de l&rsquo;artiste japonais Masaki Fujihata, exposition coupl\u00e9e \u00e0 un colloque dans le cadre de l&rsquo;action <a href=\"http:\/\/www.mobilisable.net\/\" target=\"_blank\" rel=\"noopener\"><em>Mobilisable<\/em><\/a>, d\u00e9j\u00e0 annonc\u00e9 sur le pr\u00e9sent blog.<br>Gros succ\u00e8s, il fallait faire la queue pour entre voir les trois oeuvres que Masaki Fujihata venait de pr\u00e9senter avec force powerpoints lors d&rsquo;une conf\u00e9rence qui faisait elle-m\u00eame suite \u00e0 une communication du philosophe Pierre-Damien Huyghe sur le sujet de l&rsquo;utile, l&rsquo;inutile, le n\u00e9cessaire et le contingent.<\/p>\n\n\n\n<figure class=\"wp-block-image\"><img decoding=\"async\" width=\"530\" height=\"255\" src=\"\/dernier\/files\/2008\/11\/fujihata_1.jpg\" alt=\"\" class=\"wp-image-2307\" srcset=\"https:\/\/hyperbate.fr\/dernier\/files\/2008\/11\/fujihata_1.jpg 530w, https:\/\/hyperbate.fr\/dernier\/files\/2008\/11\/fujihata_1-300x144.jpg 300w\" sizes=\"(max-width: 530px) 100vw, 530px\" \/><\/figure>\n\n\n\n<h4 class=\"wp-block-heading\">Landing home in Geneva<\/h4>\n\n\n\n<p>Je ne peux pas montrer de photos de la premi\u00e8re pi\u00e8ce pr\u00e9sent\u00e9e par Fujihata, <em>Landing home in Geneva<\/em>, car mes clich\u00e9s sont flous, non seulement parce qu&rsquo;il faisait sombre mais aussi parce qu&rsquo;il s&rsquo;agit de 3D st\u00e9r\u00e9oscopique, o\u00f9 deux images sont superpos\u00e9es, une pour l&rsquo;\u0153il droit et l&rsquo;autre pour le gauche, n\u00e9cessitant des lunettes sp\u00e9ciales pour pouvoir \u00eatre vues correctement.<br>La pi\u00e8ce est compos\u00e9e de vid\u00e9os de conversations et de balades \u00e0 Gen\u00e8ve qui \u00e9voluent dans l&rsquo;espace en suivant les d\u00e9placements qu&rsquo;a effectu\u00e9 Fujihata lui-m\u00eame (rep\u00e9r\u00e9 par GPS) et par les mouvements de sa cam\u00e9ra.<br>C&rsquo;est tr\u00e8s impressionnant \u00e0 regarder mais relativement inracontable.<\/p>\n\n\n\n<h4 class=\"wp-block-heading\">Morel&rsquo;s Panorama<\/h4>\n\n\n\n<figure class=\"wp-block-image\"><img decoding=\"async\" src=\"\/dernier\/files\/2008\/11\/fujihata_3.jpg\" alt=\"\"\/><\/figure>\n\n\n\n<p>La seconde \u0153uvre s&rsquo;intitule <em>Morel&rsquo;s Panorama<\/em>. Je compte retourner la voir dans de meilleures conditions que celles du vernissage (m\u00eame en limitant \u00e0 dix spectateurs, je pense que nous \u00e9tions trop) car c&rsquo;est une \u0153uvre interactive qui se nourrit du passage de ses spectateurs.<\/p>\n\n\n<div class=\"wp-block-image\">\n<figure class=\"alignright\"><a href=\"http:\/\/www.amazon.fr\/gp\/product\/2264016930?ie=UTF8&amp;tag=lederniblog-21&amp;linkCode=as2&amp;camp=1642&amp;creative=6746&amp;creativeASIN=2264016930\"><img decoding=\"async\" src=\"\/dernier\/files\/2008\/11\/morel_invention_1018.jpg\" alt=\"\"\/><\/a><\/figure>\n<\/div>\n\n\n<p>Le titre fait r\u00e9f\u00e9rence au roman de l&rsquo;\u00e9crivain argentin Adolfo Bioy Casares, <em><a href=\"http:\/\/www.amazon.fr\/gp\/product\/2264016930?ie=UTF8&amp;tag=lederniblog-21&amp;linkCode=as2&amp;camp=1642&amp;creative=6746&amp;creativeASIN=2264016930\">L&rsquo;Invention de Morel<\/a><img decoding=\"async\" style=\"border: none !important; margin: 0px !important;\" src=\"http:\/\/www.assoc-amazon.fr\/e\/ir?t=lederniblog-21&amp;l=as2&amp;o=8&amp;a=2264016930\" alt=\"\" width=\"1\" height=\"1\" border=\"0\"><\/em>. Ce court r\u00e9cit fantastique\/rationnel publi\u00e9 en 1940 se situe sur une \u00eele apparemment d\u00e9serte, ou plus exactement d\u00e9sert\u00e9e, car de nombreuses constructions (un mus\u00e9e notamment) attestent d&rsquo;un pass\u00e9 r\u00e9cent tr\u00e8s diff\u00e9rent. Le narrateur, venu l\u00e0 pour \u00e9chapper \u00e0 la justice, d\u00e9couvre peu \u00e0 peu la pr\u00e9sence d&rsquo;un groupe d&rsquo;estivants qui apparaissent r\u00e9guli\u00e8rement, semblent parfois revivre des moments mais ne semblent jamais pr\u00eater attention \u00e0 sa pr\u00e9sence. Il les observe et \u00e9pie leurs conversations avec crainte puis tombe amoureux d&rsquo;une femme du groupe, Faustine. Je n&rsquo;en dis pas plus. L&rsquo;ouvrage fait une centaine de pages et ne co\u00fbte pas quatre euros.<\/p>\n\n\n\n<p>La pr\u00e9face de Jorge Luis Borges, ami de Bioy Casares, se termine par ces lignes extr\u00eamement enthousiastes : <em>\u00ab J&rsquo;ai discut\u00e9 avec son auteur les d\u00e9tails de la trame, je l&rsquo;ai relue ; il ne me semble pas que ce soit une exag\u00e9ration ou une hyperbole de la qualifier de parfaite<\/em> \u00bb.<br>Ce roman a influenc\u00e9 de nombreuses \u0153uvres, comme <em>L\u2019Ann\u00e9e derni\u00e8re \u00e0 Marienbad<\/em> de Alain Robbe-Grillet et Alain Resnais, le <em>Portrait de Marie<\/em> de <a href=\"http:\/\/www.din.umontreal.ca\/courchesne\/\" target=\"_blank\" rel=\"noopener\">Luc Courchesne<\/a>, <a href=\"http:\/\/fr.wikipedia.org\/wiki\/L%27Accordeur_de_tremblements_de_terre\" target=\"_blank\" rel=\"noopener\"><em>L&rsquo;accordeur de tremblements de terre<\/em><\/a> des fr\u00e8res Quay, le jeu <em>Myst<\/em>, la s\u00e9rie <em>Lost<\/em>, etc.<\/p>\n\n\n\n<p><strong>Orchisoid<\/strong><\/p>\n\n\n\n<p>La troisi\u00e8me et derni\u00e8re \u0153uvre pr\u00e9sent\u00e9e s&rsquo;appelle <em>Orchisoid<\/em> et s&rsquo;inscrit dans une exp\u00e9rimentation men\u00e9e mais \u00e0 pr\u00e9sent abandonn\u00e9e (je pense) par l&rsquo;artiste. Le programme \u00e9tait sacr\u00e9ment ambitieux puisque l&rsquo;exp\u00e9rience devait se d\u00e9rouler sur rien moins que 10 000 ans. En effet, sous l&rsquo;influence notamment du <em>G\u00e8ne \u00e9go\u00efste<\/em> de Richard Dawkins mais aussi de l&rsquo;auteur de science-fiction Vernor Vinge<sup><a href=\"#footnote_2_2308\" id=\"identifier_2_2308\" class=\"footnote-link footnote-identifier-link\" title=\"Dans Un feu sur l&rsquo;ab&icirc;me (1992), Vernor Vinge imagine une esp&egrave;ce botanique, les Skroders, qui ont &eacute;t&eacute; dot&eacute;s de robots leur permettant de se d&eacute;placer&hellip;\">2<\/a><\/sup>, Fujihata se propose de pr\u00e9parer les plantes \u2014 des orchid\u00e9es tr\u00e8s pr\u00e9cis\u00e9ment \u2014 \u00e0 l&rsquo;apprentissage de la marche. Munie d&rsquo;un capteur qui enregistre ses modifications \u00e9lectriques<sup><a href=\"#footnote_3_2308\" id=\"identifier_3_2308\" class=\"footnote-link footnote-identifier-link\" title=\"si j&rsquo;ai bien compris, car m&ecirc;me en ayant entendu une autre conf&eacute;rence pr&eacute;sentant le m&ecirc;me &oelig;uvre &agrave; Gen&egrave;ve il y a quelques ann&eacute;es, j&rsquo;avoue que je n&rsquo;en ai pas compris tous les param&egrave;tres techniques, avant tout fascin&eacute; par les vid&eacute;os de Fujihata qui montrent les r&eacute;actions &laquo;&nbsp;&eacute;lectriques&nbsp;&raquo; des orchid&eacute;es &agrave; ce qui les environne.\">3<\/a><\/sup> , la plante pilote sa \u00ab\u00a0mobilit\u00e9\u00a0\u00bb robotique.<br>Je pense que des probl\u00e8mes techniques \u2014 face \u00e0 la sensibilit\u00e9 des capteurs, les conditions de l&rsquo;exposition ne sont certainement pas id\u00e9ales \u2014 ont pouss\u00e9 l&rsquo;artiste \u00e0 abandonner son projet et \u00e0 n&rsquo;en exposer qu&rsquo;une \u00e9vocation po\u00e9tique.<\/p>\n\n\n\n<figure class=\"wp-block-image\"><img decoding=\"async\" width=\"530\" height=\"292\" src=\"\/dernier\/files\/2008\/11\/fujihata_2.jpg\" alt=\"\" class=\"wp-image-2309\" srcset=\"https:\/\/hyperbate.fr\/dernier\/files\/2008\/11\/fujihata_2.jpg 530w, https:\/\/hyperbate.fr\/dernier\/files\/2008\/11\/fujihata_2-300x165.jpg 300w\" sizes=\"(max-width: 530px) 100vw, 530px\" \/><\/figure>\n\n\n\n<p>Car Fujihata est un po\u00e8te.<\/p>\n\n\n\n<p>Je pense que la premi\u00e8re oeuvre sur internet que j&rsquo;aie trouv\u00e9 po\u00e9tique, et m\u00eame puissament po\u00e9tique, \u00e9tait le <a href=\"http:\/\/www.hyperbate.fr\/dernier\/?p=221\"><em>Light on the web project<\/em><\/a> (1996) de Masaki Fujihata, oeuvre avec laquelle l&rsquo;internaute pouvait, en cliquant sur leur image, allumer et \u00e9teindre les ampoules d&rsquo;un tableau lumineux de sept rang\u00e9es de sept lampes situ\u00e9 au Gifu Softopia Center, au Japon.<\/p>\n\n\n\n<p>L&rsquo;oeuvre de Fujihata est riche en propositions tr\u00e8s diverses pr\u00e9sent\u00e9es avec une \u00e9l\u00e9gante apparence de nonchalance et de modestie.<\/p>\n\n\n\n<p>Ensad : <a href=\"http:\/\/maps.google.fr\/maps?hl=fr&amp;q=31,+rue+d%27Ulm+75005&amp;um=1&amp;ie=UTF-8&amp;sa=X&amp;oi=geocode_result&amp;resnum=1&amp;ct=title\" target=\"_blank\" rel=\"noopener\">31, rue d&rsquo;Ulm 75005 Paris<\/a>. M\u00e9tro : Place Monge, RER : Luxembourg, Bus: 21 et 27<\/p>\n<ol class=\"footnotes\"><li id=\"footnote_1_2308\" class=\"footnote\"> C&rsquo;est un \u00e9v\u00e8nement, les Arts d\u00e9coratifs de Paris n&rsquo;avaient pas chang\u00e9 de site depuis huit ans. On peut lire \u00e0 ce sujet l&rsquo;article d&rsquo;\u00c9tienne Mineur et les commentaires qui y ont \u00e9t\u00e9 ajout\u00e9s <a href=\"http:\/\/www.my-os.net\/blog\/index.php?2008\/11\/19\/1167-le-nouveau-site-web-des-arts-decos-de-paris\" target=\"_blank\" rel=\"noopener\">ici<\/a> <span class=\"footnote-back-link-wrapper\"> [<a href=\"#identifier_1_2308\" class=\"footnote-link footnote-back-link\">&#8617;<\/a>]<\/span><\/li><li id=\"footnote_2_2308\" class=\"footnote\">Dans <em>Un feu sur l&rsquo;ab\u00eeme <\/em>(1992), Vernor Vinge imagine une esp\u00e8ce botanique, les Skroders, qui ont \u00e9t\u00e9 dot\u00e9s de robots leur permettant de se d\u00e9placer&#8230; <span class=\"footnote-back-link-wrapper\"> [<a href=\"#identifier_2_2308\" class=\"footnote-link footnote-back-link\">&#8617;<\/a>]<\/span><\/li><li id=\"footnote_3_2308\" class=\"footnote\"> si j&rsquo;ai bien compris, car m\u00eame en ayant entendu une autre conf\u00e9rence pr\u00e9sentant le m\u00eame \u0153uvre \u00e0 Gen\u00e8ve il y a quelques ann\u00e9es, j&rsquo;avoue que je n&rsquo;en ai pas compris tous les param\u00e8tres techniques, avant tout fascin\u00e9 par les vid\u00e9os de Fujihata qui montrent les r\u00e9actions \u00ab\u00a0\u00e9lectriques\u00a0\u00bb des orchid\u00e9es \u00e0 ce qui les environne. <span class=\"footnote-back-link-wrapper\"> [<a href=\"#identifier_3_2308\" class=\"footnote-link footnote-back-link\">&#8617;<\/a>]<\/span><\/li><\/ol>","protected":false},"excerpt":{"rendered":"<p>L&rsquo;\u00c9cole sup\u00e9rieure des arts d\u00e9coratifs, qui vient de refondre son site web1 , accueille depuis hier et jusqu&rsquo;au 8 d\u00e9cembre une exposition de l&rsquo;artiste japonais Masaki Fujihata, exposition coupl\u00e9e \u00e0 un colloque dans le cadre de l&rsquo;action Mobilisable, d\u00e9j\u00e0 annonc\u00e9 sur le pr\u00e9sent blog.Gros succ\u00e8s, il fallait faire la queue pour entre voir les trois [&hellip;]<\/p>\n","protected":false},"author":1,"featured_media":0,"comment_status":"open","ping_status":"open","sticky":false,"template":"","format":"standard","meta":{"footnotes":""},"categories":[8,19],"tags":[],"class_list":["post-2308","post","type-post","status-publish","format-standard","hentry","category-cimaises","category-images"],"_links":{"self":[{"href":"https:\/\/hyperbate.fr\/dernier\/index.php?rest_route=\/wp\/v2\/posts\/2308","targetHints":{"allow":["GET"]}}],"collection":[{"href":"https:\/\/hyperbate.fr\/dernier\/index.php?rest_route=\/wp\/v2\/posts"}],"about":[{"href":"https:\/\/hyperbate.fr\/dernier\/index.php?rest_route=\/wp\/v2\/types\/post"}],"author":[{"embeddable":true,"href":"https:\/\/hyperbate.fr\/dernier\/index.php?rest_route=\/wp\/v2\/users\/1"}],"replies":[{"embeddable":true,"href":"https:\/\/hyperbate.fr\/dernier\/index.php?rest_route=%2Fwp%2Fv2%2Fcomments&post=2308"}],"version-history":[{"count":3,"href":"https:\/\/hyperbate.fr\/dernier\/index.php?rest_route=\/wp\/v2\/posts\/2308\/revisions"}],"predecessor-version":[{"id":44362,"href":"https:\/\/hyperbate.fr\/dernier\/index.php?rest_route=\/wp\/v2\/posts\/2308\/revisions\/44362"}],"wp:attachment":[{"href":"https:\/\/hyperbate.fr\/dernier\/index.php?rest_route=%2Fwp%2Fv2%2Fmedia&parent=2308"}],"wp:term":[{"taxonomy":"category","embeddable":true,"href":"https:\/\/hyperbate.fr\/dernier\/index.php?rest_route=%2Fwp%2Fv2%2Fcategories&post=2308"},{"taxonomy":"post_tag","embeddable":true,"href":"https:\/\/hyperbate.fr\/dernier\/index.php?rest_route=%2Fwp%2Fv2%2Ftags&post=2308"}],"curies":[{"name":"wp","href":"https:\/\/api.w.org\/{rel}","templated":true}]}}