{"id":22706,"date":"2013-02-04T23:15:13","date_gmt":"2013-02-04T23:15:13","guid":{"rendered":"http:\/\/hyperbate.fr\/dernier\/?p=22706"},"modified":"2013-02-04T23:15:13","modified_gmt":"2013-02-04T23:15:13","slug":"litteratures-graphiques-contemporaines-2-3-thomas-cadene","status":"publish","type":"post","link":"https:\/\/hyperbate.fr\/dernier\/?p=22706","title":{"rendered":"Litt\u00e9ratures graphiques contemporaines #2.3 : Thomas Cad\u00e8ne"},"content":{"rendered":"<p>Dans le cadre du cycle de conf\u00e9rences\u00a0<em><a href=\"https:\/\/hyperbate.fr\/dernier\/?p=21285\" target=\"_blank\">\u00ab Litt\u00e9ratures graphiques contemporaines \u00bb<\/a><\/em>\u00a0que je propose ce semestre \u00e0 l\u2019Universit\u00e9 Paris 8, nous rencontrerons Thomas Cad\u00e8ne, auteur de bande dessin\u00e9e et initiateur d&rsquo;une exp\u00e9rience originale de publication en ligne, <a href=\"http:\/\/www.lesautresgens.com\" target=\"_blank\"><em>Les autres gens<\/em><\/a>.<\/p>\n<p><img decoding=\"async\" alt=\"thomas_cadene\" src=\"\/dernier\/files\/2013\/02\/thomas_cadene.png\" width=\"530\" height=\"352\" \/><\/p>\n<p>La rencontre aura lieu \u00e0 l\u2019<strong>Universit\u00e9 Paris 8<\/strong>\u00a0(M\u00e9tro Saint-Denis Universit\u00e9), le\u00a0<strong>mercredi 13 f\u00e9vrier \u00e0 18 heures, dans la salle A1-175<\/strong>.<br \/>\nLa s\u00e9ance est ouverte\u00a0au public dans la limite des places disponibles.<\/p>\n","protected":false},"excerpt":{"rendered":"<p>Dans le cadre du cycle de conf\u00e9rences\u00a0\u00ab Litt\u00e9ratures graphiques contemporaines \u00bb\u00a0que je propose ce semestre \u00e0 l\u2019Universit\u00e9 Paris 8, nous rencontrerons Thomas Cad\u00e8ne, auteur de bande dessin\u00e9e et initiateur d&rsquo;une exp\u00e9rience originale de publication en ligne, Les autres gens. La rencontre aura lieu \u00e0 l\u2019Universit\u00e9 Paris 8\u00a0(M\u00e9tro Saint-Denis Universit\u00e9), le\u00a0mercredi 13 f\u00e9vrier \u00e0 18 heures, [&hellip;]<\/p>\n","protected":false},"author":1,"featured_media":0,"comment_status":"open","ping_status":"open","sticky":false,"template":"","format":"standard","meta":{"footnotes":""},"categories":[53,102],"tags":[],"class_list":["post-22706","post","type-post","status-publish","format-standard","hentry","category-bande-dessinee","category-conferences"],"_links":{"self":[{"href":"https:\/\/hyperbate.fr\/dernier\/index.php?rest_route=\/wp\/v2\/posts\/22706","targetHints":{"allow":["GET"]}}],"collection":[{"href":"https:\/\/hyperbate.fr\/dernier\/index.php?rest_route=\/wp\/v2\/posts"}],"about":[{"href":"https:\/\/hyperbate.fr\/dernier\/index.php?rest_route=\/wp\/v2\/types\/post"}],"author":[{"embeddable":true,"href":"https:\/\/hyperbate.fr\/dernier\/index.php?rest_route=\/wp\/v2\/users\/1"}],"replies":[{"embeddable":true,"href":"https:\/\/hyperbate.fr\/dernier\/index.php?rest_route=%2Fwp%2Fv2%2Fcomments&post=22706"}],"version-history":[{"count":0,"href":"https:\/\/hyperbate.fr\/dernier\/index.php?rest_route=\/wp\/v2\/posts\/22706\/revisions"}],"wp:attachment":[{"href":"https:\/\/hyperbate.fr\/dernier\/index.php?rest_route=%2Fwp%2Fv2%2Fmedia&parent=22706"}],"wp:term":[{"taxonomy":"category","embeddable":true,"href":"https:\/\/hyperbate.fr\/dernier\/index.php?rest_route=%2Fwp%2Fv2%2Fcategories&post=22706"},{"taxonomy":"post_tag","embeddable":true,"href":"https:\/\/hyperbate.fr\/dernier\/index.php?rest_route=%2Fwp%2Fv2%2Ftags&post=22706"}],"curies":[{"name":"wp","href":"https:\/\/api.w.org\/{rel}","templated":true}]}}