{"id":18567,"date":"2011-11-20T18:48:28","date_gmt":"2011-11-20T18:48:28","guid":{"rendered":"http:\/\/hyperbate.fr\/dernier\/?p=18567"},"modified":"2011-11-20T18:48:28","modified_gmt":"2011-11-20T18:48:28","slug":"litteratures-graphiques-contemporaines-2-isabelle-boinot","status":"publish","type":"post","link":"https:\/\/hyperbate.fr\/dernier\/?p=18567","title":{"rendered":"Litt\u00e9ratures graphiques contemporaines #2 : Isabelle Boinot"},"content":{"rendered":"<p>Dans le cadre du cycle de conf\u00e9rences\u00a0<em><a href=\"https:\/\/hyperbate.fr\/dernier\/?p=18199\">\u00ab\u00a0Litt\u00e9ratures graphiques contemporaines\u00a0\u00bb<\/a><\/em>\u00a0que je propose ce semestre \u00e0 l&rsquo;Universit\u00e9 Paris 8, nous rencontrerons la dessinatrice <a href=\"http:\/\/i.boinot.free.fr\/\" target=\"_blank\">Isabelle Boinot<\/a>.<\/p>\n<p><img decoding=\"async\" class=\"aligncenter size-full wp-image-18570\" title=\"isabelle_boinot\" src=\"\/dernier\/files\/2011\/11\/isabelle_boinot.jpg\" alt=\"\" width=\"530\" height=\"421\" \/><\/p>\n<p>N\u00e9e en 1976, dipl\u00f4m\u00e9e de l&rsquo;\u00c9cole des Beaux-Arts d&rsquo;Angoul\u00eame, elle fait partie en 2004 des fondateurs de <em><a href=\"http:\/\/fredericmagazine.free.fr\/\" target=\"_blank\">Fr\u00e9d\u00e9ric Magazine<\/a><\/em>\u00a0(d&rsquo;abord site internet et collectif d&rsquo;artistes dont tous pr\u00e9tendaient se pr\u00e9nommer Fr\u00e9d\u00e9ric, et \u00e0 pr\u00e9sent revue de dessin) avec Fr\u00e9d\u00e9ric Fleury, Emmanuelle Pidoux, Fr\u00e9d\u00e9ric Poincelet et St\u00e9phane Prigent. On lui doit entre autres la bande dessin\u00e9e <em><a href=\"http:\/\/www.amazon.fr\/gp\/product\/2914697295\/ref=as_li_qf_sp_asin_tl?ie=UTF8&amp;tag=lederniblog-21&amp;linkCode=as2&amp;camp=1642&amp;creative=6746&amp;creativeASIN=2914697295\" target=\"_blank\">Nicoptine<\/a><\/em>\u00a0(2007), le carnet de voyage <em><a href=\"http:\/\/www.amazon.fr\/gp\/product\/2914697333\/ref=as_li_qf_sp_asin_tl?ie=UTF8&amp;tag=lederniblog-21&amp;linkCode=as2&amp;camp=1642&amp;creative=6746&amp;creativeASIN=2914697333\" target=\"_blank\">Sumimasen<\/a><\/em><img decoding=\"async\" style=\"border: none !important; margin: 0px !important;\" src=\"http:\/\/www.assoc-amazon.fr\/e\/ir?t=lederniblog-21&amp;l=as2&amp;o=8&amp;a=2914697333\" alt=\"\" width=\"1\" height=\"1\" border=\"0\" \/>\u00a0(2009), le livre de cuisine\u00a0<em><a href=\"http:\/\/www.amazon.fr\/gp\/product\/2915517649\/ref=as_li_qf_sp_asin_tl?ie=UTF8&amp;tag=lederniblog-21&amp;linkCode=as2&amp;camp=1642&amp;creative=6746&amp;creativeASIN=2915517649\" target=\"_blank\">Mes recettes \u00e0 emporter<\/a><\/em>\u00a0(2011) ainsi que les illustrations pour\u00a0<em><a href=\"http:\/\/www.amazon.fr\/gp\/product\/2918002011\/ref=as_li_qf_sp_asin_tl?ie=UTF8&amp;tag=lederniblog-21&amp;linkCode=as2&amp;camp=1642&amp;creative=6746&amp;creativeASIN=2918002011\" target=\"_blank\">l&rsquo;Humanisme de Michel Foucault<\/a><\/em>\u00a0(2008), un essai philosophique de Didier Ottaviani.<\/p>\n<p>La rencontre aura lieu\u00a0<strong>\u00e0 l&rsquo;Universit\u00e9 Paris 8<\/strong>\u00a0(M\u00e9tro\u00a0<em>Saint-Denis Universit\u00e9<\/em>),<strong>\u00a0le\u00a0mercredi 30 novembre \u00e0 18h, dans la salle A1-174<\/strong>.<br \/>\nOuvert au public dans la limite des places disponibles.<\/p>\n","protected":false},"excerpt":{"rendered":"<p>Dans le cadre du cycle de conf\u00e9rences\u00a0\u00ab\u00a0Litt\u00e9ratures graphiques contemporaines\u00a0\u00bb\u00a0que je propose ce semestre \u00e0 l&rsquo;Universit\u00e9 Paris 8, nous rencontrerons la dessinatrice Isabelle Boinot. N\u00e9e en 1976, dipl\u00f4m\u00e9e de l&rsquo;\u00c9cole des Beaux-Arts d&rsquo;Angoul\u00eame, elle fait partie en 2004 des fondateurs de Fr\u00e9d\u00e9ric Magazine\u00a0(d&rsquo;abord site internet et collectif d&rsquo;artistes dont tous pr\u00e9tendaient se pr\u00e9nommer Fr\u00e9d\u00e9ric, et \u00e0 [&hellip;]<\/p>\n","protected":false},"author":1,"featured_media":0,"comment_status":"open","ping_status":"open","sticky":false,"template":"","format":"standard","meta":{"footnotes":""},"categories":[53,102],"tags":[],"class_list":["post-18567","post","type-post","status-publish","format-standard","hentry","category-bande-dessinee","category-conferences"],"_links":{"self":[{"href":"https:\/\/hyperbate.fr\/dernier\/index.php?rest_route=\/wp\/v2\/posts\/18567","targetHints":{"allow":["GET"]}}],"collection":[{"href":"https:\/\/hyperbate.fr\/dernier\/index.php?rest_route=\/wp\/v2\/posts"}],"about":[{"href":"https:\/\/hyperbate.fr\/dernier\/index.php?rest_route=\/wp\/v2\/types\/post"}],"author":[{"embeddable":true,"href":"https:\/\/hyperbate.fr\/dernier\/index.php?rest_route=\/wp\/v2\/users\/1"}],"replies":[{"embeddable":true,"href":"https:\/\/hyperbate.fr\/dernier\/index.php?rest_route=%2Fwp%2Fv2%2Fcomments&post=18567"}],"version-history":[{"count":0,"href":"https:\/\/hyperbate.fr\/dernier\/index.php?rest_route=\/wp\/v2\/posts\/18567\/revisions"}],"wp:attachment":[{"href":"https:\/\/hyperbate.fr\/dernier\/index.php?rest_route=%2Fwp%2Fv2%2Fmedia&parent=18567"}],"wp:term":[{"taxonomy":"category","embeddable":true,"href":"https:\/\/hyperbate.fr\/dernier\/index.php?rest_route=%2Fwp%2Fv2%2Fcategories&post=18567"},{"taxonomy":"post_tag","embeddable":true,"href":"https:\/\/hyperbate.fr\/dernier\/index.php?rest_route=%2Fwp%2Fv2%2Ftags&post=18567"}],"curies":[{"name":"wp","href":"https:\/\/api.w.org\/{rel}","templated":true}]}}