{"id":15351,"date":"2011-03-01T16:16:33","date_gmt":"2011-03-01T15:16:33","guid":{"rendered":"http:\/\/www.hyperbate.com\/dernier\/?p=15351"},"modified":"2014-10-28T00:57:25","modified_gmt":"2014-10-27T23:57:25","slug":"portes-ouvertes-a-lecole-superieure-dart-du-havre-2","status":"publish","type":"post","link":"https:\/\/hyperbate.fr\/dernier\/?p=15351","title":{"rendered":"Portes ouvertes \u00e0 l\u2019\u00c9cole Sup\u00e9rieure d\u2019Art du Havre"},"content":{"rendered":"<p>Les samedi 12, lundi 14 mars, mardi 15 et mercredi 16 mars 2011 se tiennent les portes ouvertes \u00e0 l\u2019<a href=\"http:\/\/www.esadhar.fr\" target=\"_blank\">\u00c9cole Sup\u00e9rieure d\u2019Arts du Havre<\/a>, 65 rue Demidoff.<br \/>\nL&rsquo;ouverture des portes de l&rsquo;\u00e9cole aura lieu samedi 12 mars \u00e0 14h00.<br \/>\nL&rsquo;affiche est de Laura Bruneau, 2e ann\u00e9e communication.<\/p>\n<p><a href=\"http:\/\/www.esadhar.fr\/lh\/?p=2419\" target=\"_blank\"><img decoding=\"async\" class=\"alignnone size-full wp-image-15352\" src=\"\/dernier\/files\/2011\/03\/esahportesouvertes_affiche_2011.jpg\" alt=\"\" width=\"530\" height=\"750\" \/><\/a><\/p>\n<p>Deux expositions seront\u00a0inaugur\u00e9es\u00a0samedi :\u00a0Villa des oiseaux (atelier Territoires singuliers), au 20 rue Massillon, \u00e0 15h00 ; Espagnolades et autres pi\u00e8ces (Fran\u00e7ois Martin) dans la galerie de l&rsquo;Esah, \u00e0 17h00.<br \/>\nLe jour de l&rsquo;ouverture, C\u00e9line Pollet r\u00e9alisera des portraits des visiteurs et, de 14h \u00e0 18h, l&rsquo;atelier se s\u00e9rigraphie fonctionnera sans interruption.<br \/>\nTous les jours, les \u00e9tudiants guideront les visiteurs parmi les divers ateliers de l&rsquo;\u00e9cole. De nombreuses expositions seront propos\u00e9es au public, dont une exposition-vente de multiples d&rsquo;\u00e9tudiants.<\/p>\n<p>Pour en savoir plus et se renseigner sur les dates de concours et les modalit\u00e9s d&rsquo;inscription \u00e0 l&rsquo;\u00e9cole :\u00a0<a href=\"http:\/\/www.esadhar.fr\/lh\/?p=2419\">esah-lehavre.fr<\/a>.<\/p>\n","protected":false},"excerpt":{"rendered":"<p>Les samedi 12, lundi 14 mars, mardi 15 et mercredi 16 mars 2011 se tiennent les portes ouvertes \u00e0 l\u2019\u00c9cole Sup\u00e9rieure d\u2019Arts du Havre, 65 rue Demidoff. L&rsquo;ouverture des portes de l&rsquo;\u00e9cole aura lieu samedi 12 mars \u00e0 14h00. L&rsquo;affiche est de Laura Bruneau, 2e ann\u00e9e communication. Deux expositions seront\u00a0inaugur\u00e9es\u00a0samedi :\u00a0Villa des oiseaux (atelier Territoires [&hellip;]<\/p>\n","protected":false},"author":1,"featured_media":0,"comment_status":"open","ping_status":"open","sticky":false,"template":"","format":"standard","meta":{"footnotes":""},"categories":[3,10],"tags":[],"class_list":["post-15351","post","type-post","status-publish","format-standard","hentry","category-apres-cours","category-dans-la-boite-aux-lettres"],"_links":{"self":[{"href":"https:\/\/hyperbate.fr\/dernier\/index.php?rest_route=\/wp\/v2\/posts\/15351","targetHints":{"allow":["GET"]}}],"collection":[{"href":"https:\/\/hyperbate.fr\/dernier\/index.php?rest_route=\/wp\/v2\/posts"}],"about":[{"href":"https:\/\/hyperbate.fr\/dernier\/index.php?rest_route=\/wp\/v2\/types\/post"}],"author":[{"embeddable":true,"href":"https:\/\/hyperbate.fr\/dernier\/index.php?rest_route=\/wp\/v2\/users\/1"}],"replies":[{"embeddable":true,"href":"https:\/\/hyperbate.fr\/dernier\/index.php?rest_route=%2Fwp%2Fv2%2Fcomments&post=15351"}],"version-history":[{"count":0,"href":"https:\/\/hyperbate.fr\/dernier\/index.php?rest_route=\/wp\/v2\/posts\/15351\/revisions"}],"wp:attachment":[{"href":"https:\/\/hyperbate.fr\/dernier\/index.php?rest_route=%2Fwp%2Fv2%2Fmedia&parent=15351"}],"wp:term":[{"taxonomy":"category","embeddable":true,"href":"https:\/\/hyperbate.fr\/dernier\/index.php?rest_route=%2Fwp%2Fv2%2Fcategories&post=15351"},{"taxonomy":"post_tag","embeddable":true,"href":"https:\/\/hyperbate.fr\/dernier\/index.php?rest_route=%2Fwp%2Fv2%2Ftags&post=15351"}],"curies":[{"name":"wp","href":"https:\/\/api.w.org\/{rel}","templated":true}]}}