{"id":10022,"date":"2010-03-11T01:04:35","date_gmt":"2010-03-11T00:04:35","guid":{"rendered":"http:\/\/www.hyperbate.com\/dernier\/?p=10022"},"modified":"2013-05-18T14:52:51","modified_gmt":"2013-05-18T12:52:51","slug":"lordinateur-comme-outil","status":"publish","type":"post","link":"https:\/\/hyperbate.fr\/dernier\/?p=10022","title":{"rendered":"L&rsquo;ordinateur comme outil"},"content":{"rendered":"<p><a href=\"files\/2010\/03\/libe_digital_naives.pdf\" target=\"_blank\"><img decoding=\"async\" class=\"imageadroite\" src=\"\/dernier\/files\/2010\/03\/digitalnaives_180.jpg\" alt=\"\" width=\"180\" height=\"230\" align=\"right\" \/><\/a>Hier 10 mars, le quotidien Lib\u00e9ration a publi\u00e9 <a href=\"files\/2010\/03\/libe_digital_naives.pdf\" target=\"_blank\">une pleine page d&rsquo;interview<\/a> de votre serviteur au sujet des jeunes et de l&rsquo;ordinateur. Je suppose que \u00e7a sera accessible en ligne pour les non-abonn\u00e9s d\u00e8s demain, mais j&rsquo;en ai d\u00e9pos\u00e9 une version pdf sur ce serveur (cliquez sur l&rsquo;image ou sur <a href=\"files\/2010\/03\/libe_digital_naives.pdf\" target=\"_blank\">ce lien<\/a> pour y acc\u00e9der).<br \/>\nCette interview faisait suite \u00e0 un de mes articles sur ce blog, <em><a href=\"http:\/\/www.hyperbate.fr\/dernier\/?p=8582\" target=\"_blank\">La g\u00e9n\u00e9ration post-micro<\/a><\/em>, article dans lequel je prenais pr\u00e9texte de la publication d&rsquo;une \u00e9tude belge pour faire conna\u00eetre mon sentiment (hautement subjectif) au sujet du rapport entre les adolescents et les tr\u00e8s jeunes adultes actuels et l&rsquo;ordinateur. Selon moi, les \u00ab\u00a0digital natives\u00a0\u00bb (ceux qui sont n\u00e9s dans un bain num\u00e9rique \u2014\u00a0consoles, ordinateurs, t\u00e9l\u00e9phone mobile) sont moins comp\u00e9tents face \u00e0 un ordinateur que l&rsquo;on pourrait l&rsquo;imaginer a priori. Leur usage change et accompagne la mutation de l&rsquo;ordinateur qui devient un m\u00e9dia et non plus un outil. C&rsquo;est une \u00e9volution que j&rsquo;ai cru remarquer tr\u00e8s r\u00e9cemment dans les divers lieux o\u00f9 j&rsquo;enseigne ou au travers de t\u00e9moignages divers. J&rsquo;avais eu l&rsquo;occasion d&rsquo;en reparler lors du d\u00e9bat consacr\u00e9 \u00e0 l&rsquo;\u00e9ducation aux nouvelles technologies de la revue <a href=\"http:\/\/www.regardssurlenumerique.fr\/le-debat-rsln\/2010\/2\/1\/education-au-numerique_qui-doit-s-en-charger_\/59\/jean-noel-lafargue\/\" target=\"_blank\">Regards sur le num\u00e9rique<\/a>.<br \/>\nCeci \u00e9tant dit, il est \u00e9vident que je ne suis pas sociologue ou\u00a0anthropologue\u00a0et mes observations n&rsquo;engagent que moi.<br \/>\nApr\u00e8s avoir lu l&rsquo;article de Lib\u00e9 (qui est conforme \u00e0 la version que l&rsquo;on m&rsquo;a soumise avant publication), je me rends compte que j&rsquo;ai un ton un peu p\u00e9remptoire et que je m&rsquo;autorise des g\u00e9n\u00e9ralisations que je ne pense m\u00eame pas. Le lecteur devra donc de lui-m\u00eame saupoudrer le texte des \u00ab\u00a0peut-\u00eatre\u00a0\u00bb, des \u00ab\u00a0sans doute\u00a0\u00bb et des \u00ab\u00a0d&rsquo;apr\u00e8s moi\u00a0\u00bb qui lui font d\u00e9faut.<br \/>\nPour finir, le journal me pr\u00eate un titre imaginaire en faisant de moi un ma\u00eetre de conf\u00e9rences \u00e0 l&rsquo;Universit\u00e9 Paris 8 et \u00e0 l&rsquo;\u00e9cole d&rsquo;art du Havre depuis 1996. En r\u00e9alit\u00e9, si j&rsquo;enseigne bien depuis 1996, je ne suis pas ma\u00eetre de conf\u00e9rences mais ma\u00eetre de conf\u00e9rences associ\u00e9 (c&rsquo;est \u00e0 dire professionnel recrut\u00e9 par l&rsquo;universit\u00e9 pour une dur\u00e9e d\u00e9termin\u00e9e), et ce depuis 2001 seulement. Quant \u00e0 l&rsquo;\u00e9cole d&rsquo;art du Havre, j&rsquo;y suis professeur, emploi qui n&rsquo;a rien en commun avec le titre universitaire homonyme. Enfin, il est \u00e9crit que je suis \u00ab\u00a0expert en technologies\u00a0\u00bb mais je ne pense pas que la formule (un peu vague au demeurant) me d\u00e9crive tr\u00e8s bien.<br \/>\nJ&rsquo;avais insist\u00e9 sur\u00a0ces questions de titres et de postes avec Astrid Girardeau, qui m&rsquo;a interview\u00e9, mais l&rsquo;article final a \u00e9t\u00e9 r\u00e9dig\u00e9 sans elle, puisqu&rsquo;elle ne travaille plus pour Lib\u00e9ration. L&rsquo;introduction, notamment, n&rsquo;est pas conforme \u00e0 celle qu&rsquo;Astrid avait r\u00e9dig\u00e9e.<br \/>\nDernier d\u00e9tail : l&rsquo;article affirme que j&rsquo;ai quarante deux ans. Je suis presque s\u00fbr que c&rsquo;est de ma faute car je ne sais jamais exactement mon \u00e2ge. En fait j&rsquo;ai un an de moins.<br \/>\nIl \u00e9tait important que je rectifie \/ pr\u00e9cise ces points.<\/p>\n","protected":false},"excerpt":{"rendered":"<p>Hier 10 mars, le quotidien Lib\u00e9ration a publi\u00e9 une pleine page d&rsquo;interview de votre serviteur au sujet des jeunes et de l&rsquo;ordinateur. Je suppose que \u00e7a sera accessible en ligne pour les non-abonn\u00e9s d\u00e8s demain, mais j&rsquo;en ai d\u00e9pos\u00e9 une version pdf sur ce serveur (cliquez sur l&rsquo;image ou sur ce lien pour y acc\u00e9der). [&hellip;]<\/p>\n","protected":false},"author":1,"featured_media":0,"comment_status":"open","ping_status":"open","sticky":false,"template":"","format":"standard","meta":{"footnotes":""},"categories":[6,127],"tags":[],"class_list":["post-10022","post","type-post","status-publish","format-standard","hentry","category-breve","category-mediatisation"],"_links":{"self":[{"href":"https:\/\/hyperbate.fr\/dernier\/index.php?rest_route=\/wp\/v2\/posts\/10022","targetHints":{"allow":["GET"]}}],"collection":[{"href":"https:\/\/hyperbate.fr\/dernier\/index.php?rest_route=\/wp\/v2\/posts"}],"about":[{"href":"https:\/\/hyperbate.fr\/dernier\/index.php?rest_route=\/wp\/v2\/types\/post"}],"author":[{"embeddable":true,"href":"https:\/\/hyperbate.fr\/dernier\/index.php?rest_route=\/wp\/v2\/users\/1"}],"replies":[{"embeddable":true,"href":"https:\/\/hyperbate.fr\/dernier\/index.php?rest_route=%2Fwp%2Fv2%2Fcomments&post=10022"}],"version-history":[{"count":0,"href":"https:\/\/hyperbate.fr\/dernier\/index.php?rest_route=\/wp\/v2\/posts\/10022\/revisions"}],"wp:attachment":[{"href":"https:\/\/hyperbate.fr\/dernier\/index.php?rest_route=%2Fwp%2Fv2%2Fmedia&parent=10022"}],"wp:term":[{"taxonomy":"category","embeddable":true,"href":"https:\/\/hyperbate.fr\/dernier\/index.php?rest_route=%2Fwp%2Fv2%2Fcategories&post=10022"},{"taxonomy":"post_tag","embeddable":true,"href":"https:\/\/hyperbate.fr\/dernier\/index.php?rest_route=%2Fwp%2Fv2%2Ftags&post=10022"}],"curies":[{"name":"wp","href":"https:\/\/api.w.org\/{rel}","templated":true}]}}