{"id":9808,"date":"2021-07-11T19:16:41","date_gmt":"2021-07-11T18:16:41","guid":{"rendered":"https:\/\/hyperbate.fr\/castagne\/?p=9808"},"modified":"2025-01-03T13:46:34","modified_gmt":"2025-01-03T12:46:34","slug":"le-point-sur-la-cancel-culture","status":"publish","type":"post","link":"https:\/\/hyperbate.fr\/castagne\/2021\/07\/11\/le-point-sur-la-cancel-culture\/","title":{"rendered":"Le point sur la Cancel-culture"},"content":{"rendered":"\n<p class=\"has-drop-cap\">Le terme \u00ab\u00a0Cancel-culture\u00a0\u00bb fait beaucoup parler les bavards. En France, la locution a pris son autonomie et n&rsquo;est plus li\u00e9e \u00e0 son sens originel que de mani\u00e8re restreinte (sautez \u00e0 la fin du texte pour en conna\u00eetre la d\u00e9finition d&rsquo;origine).<\/p>\n\n\n<div class=\"wp-block-image\">\n<figure class=\"aligncenter size-large\"><img decoding=\"async\" width=\"775\" height=\"436\" src=\"https:\/\/hyperbate.fr\/castagne\/files\/2021\/07\/image-2.png\" alt=\"\" class=\"wp-image-9889\" srcset=\"https:\/\/hyperbate.fr\/castagne\/files\/2021\/07\/image-2.png 775w, https:\/\/hyperbate.fr\/castagne\/files\/2021\/07\/image-2-300x169.png 300w, https:\/\/hyperbate.fr\/castagne\/files\/2021\/07\/image-2-768x432.png 768w, https:\/\/hyperbate.fr\/castagne\/files\/2021\/07\/image-2-624x351.png 624w\" sizes=\"(max-width: 775px) 100vw, 775px\" \/><\/figure>\n<\/div>\n\n\n<p class=\"has-drop-cap\">Le sommet du contresens dans le domaine a \u00e9t\u00e9 commis par David Lisnard, maire de Cannes, qui expliquait \u00e0 la radio que \u00ab\u00a0Cancel-culture\u00a0\u00bb est le mot d&rsquo;ordre de ceux qui voudraient \u00ab\u00a0annuler la Culture\u00a0\u00bb. Au micro, ce monsieur (dont j&rsquo;ignore tout, \u00e7a pourrait \u00eatre lui ou un autre, peut me chaut) expliquait avec un tr\u00e9molo dans la voix et en invoquant Ernest Renan que :<\/p>\n\n\n\n<blockquote class=\"wp-block-quote is-layout-flow wp-block-quote-is-layout-flow\">\n<p>La Culture est indispensable \u00e0 l&rsquo;Homme. L&rsquo;Homme est un animal culturel, c&rsquo;est ce qui nous distingue des autres esp\u00e8ces. Quand la Culture va mal, l&rsquo;homme va mal, la soci\u00e9t\u00e9 va mal. La Culture, elle est porteuse de richesses (&#8230;) 45 milliards de revenus, elle est porteuse d&rsquo;\u00e9panouissement individuel, d&rsquo;\u00e9l\u00e9vation des individus, c&rsquo;est fondamental, et elle est porteuse de lien social (&#8230;) <strong>Donc tout ce qui est \u00ab\u00a0Cancel culture\u00a0\u00bb, c&rsquo;est-\u00e0-dire \u00ab\u00a0annulation de la culture\u00a0\u00bb, se fait au d\u00e9triment de l&rsquo;unit\u00e9 nationale<\/strong>. Donc pour la prosp\u00e9rit\u00e9 \u00e9conomique, pour l&rsquo;\u00e9mancipation individuelle, pour l&rsquo;unit\u00e9 nationale il faut effectivement d\u00e9velopper une culture offensive, c&rsquo;est \u00e0 dire qui permette \u00e0 chacun de rencontrer les grandes \u0153uvres de l&rsquo;esprit, celles qui relient et celles qui \u00e9l\u00e8vent<sup><a href=\"#footnote_1_9808\" id=\"identifier_1_9808\" class=\"footnote-link footnote-identifier-link\" title=\"Je crois bien que &ccedil;a existe d&eacute;j&agrave; sous les noms d&rsquo;&Eacute;cole, de mus&eacute;e, d&rsquo;&eacute;ducation populaire, et d&rsquo;initiatives associatives ou priv&eacute;es diverses et vari&eacute;es,&hellip;\">1<\/a><\/sup><\/em>. <\/p>\n<cite><a href=\"https:\/\/www.franceinter.fr\/emissions\/l-invite-de-8h20-le-grand-entretien\/l-invite-de-8h20-le-grand-entretien-14-avril-2021\" target=\"_blank\" rel=\"noreferrer noopener\">David Lisnard, sur France Inter<\/a>, le 7-9 Inter, 14 avril 2021<\/cite><\/blockquote>\n\n\n\n<p class=\"has-drop-cap\">Je conserve cette citation car elle m&rsquo;amuse par sa grandiloquence : sans la Culture avec un grand C, l&rsquo;Humain redevient un animal parmi d&rsquo;autres, le drapeau est en berne et nous perdons quarante-cinq milliards d&rsquo;euros par an. Quarante-cinq milliards, c&rsquo;est quand m\u00eame une somme, \u00e7a en impose ! On sent le traumatisme de la R\u00e9volution Culturelle mao\u00efste derri\u00e8re ces consid\u00e9rations, ou plus fantasmatique, le spectre du Minist\u00e8re de la V\u00e9rit\u00e9 dans le <em><a rel=\"noreferrer noopener\" href=\"https:\/\/hyperbate.fr\/dernier\/?p=38650\" data-type=\"URL\" data-id=\"https:\/\/hyperbate.fr\/dernier\/?p=38650\" target=\"_blank\">1984<\/a><\/em> de George Orwell, o\u00f9 les faits sont constamment effac\u00e9s de l&rsquo;Histoire.<\/p>\n\n\n\n<p class=\"has-drop-cap\">Mais concr\u00e8tement, quand est-ce que des pans entiers de la Culture fran\u00e7aise ont \u00e9t\u00e9 effac\u00e9s, supprim\u00e9s \u00e0 l&rsquo;initiative de vilains gauchistes, lesquels, au passage, sont loin de disposer du pouvoir m\u00e9diatique qui le leur permettrait en France\u202f? Si l&rsquo;Histoire est bien constamment \u00e9crite et r\u00e9\u00e9crite dans un but id\u00e9ologique, c&rsquo;est plut\u00f4t par les programmes de l&rsquo;\u00c9ducation Nationale, qui selon l&rsquo;\u00e9poque va imposer une vision r\u00e9volutionnaire, r\u00e9publicaine, napol\u00e9onienne, monarchiste, colonialiste ou encore universaliste, de ce qu&rsquo;on voudrait \u00eatre l&rsquo;essence m\u00eame de la France, oubliant ou minimisant volontairement des \u00e9pisodes, en magnifiant d&rsquo;autres, etc. Et je n&rsquo;\u00e9mets pas une critique, ici : hors de la recherche universitaire, l&rsquo;Histoire avec un grand H est un objet politique et id\u00e9ologique, c&rsquo;est du reste ce que David Lisnard dit lui-m\u00eame puisqu&rsquo;il promeut une vision offensive et id\u00e9ologique de la Culture. Il ne dit pas id\u00e9ologique, parce qu&rsquo;\u00e0 droite, on pense que seule la gauche fait de l&rsquo;id\u00e9ologie<sup><a href=\"#footnote_2_9808\" id=\"identifier_2_9808\" class=\"footnote-link footnote-identifier-link\" title=\"Au passage, pour revenir sur la question Nature\/Culture, je note que le conservatisme politique se r&eacute;clame souvent de la Nature, et pas seulement dans le domaine du genre et des comportements amoureux : le Capitalisme, par exemple, est souvent pr&eacute;sent&eacute; comme &laquo;&nbsp;naturel&nbsp;&raquo;, tandis que la redistribution des richesses est cens&eacute;e &ecirc;tre artificielle. Bon ok &ccedil;a n&rsquo;a rien &agrave; voir avec le reste de l&rsquo;article mais j&rsquo;y pense subitement.\">2<\/a><\/sup>.<\/p>\n\n\n\n<figure class=\"wp-block-image size-large\"><img decoding=\"async\" width=\"816\" height=\"400\" src=\"https:\/\/hyperbate.fr\/castagne\/files\/2021\/07\/image-3.png\" alt=\"\" class=\"wp-image-9894\" srcset=\"https:\/\/hyperbate.fr\/castagne\/files\/2021\/07\/image-3.png 816w, https:\/\/hyperbate.fr\/castagne\/files\/2021\/07\/image-3-300x147.png 300w, https:\/\/hyperbate.fr\/castagne\/files\/2021\/07\/image-3-768x376.png 768w, https:\/\/hyperbate.fr\/castagne\/files\/2021\/07\/image-3-624x306.png 624w\" sizes=\"(max-width: 816px) 100vw, 816px\" \/><\/figure>\n\n\n\n<p>Les m\u00e9dias grand public (<em>Le Point<\/em>, <em>L&rsquo;Express<\/em>, <em>Marianne<\/em>, <em>Charlie Hebdo<\/em>,&#8230;) tracent un contour plus pernicieux de ce qu&rsquo;est la \u00ab\u00a0Cancel Culture\u00a0\u00bb, en \u00e9grenant semaine apr\u00e8s semaine une liste disparate de faits qu&rsquo;ils y associent : <\/p>\n\n\n\n<p>\u2014 On a renomm\u00e9 un roman d&rsquo;Agatha Christie<sup><a href=\"#footnote_3_9808\" id=\"identifier_3_9808\" class=\"footnote-link footnote-identifier-link\" title=\"Au passage, le changement de titre de Ten Little niggers, a &eacute;t&eacute; accept&eacute; par Agatha Christie elle-m&ecirc;me lors de la publication &eacute;tasunienne du roman (And Then There Were None), en 1940, et ce d&rsquo;autant plus volontiers que ce titre n&rsquo;&eacute;tait pas d&rsquo;elle !\">3<\/a><\/sup>.<br>\u2014 Hachette a repris la traduction des aventures du <em>Club des Cinq<\/em> d&rsquo;Enyd Blyton, et surtout la conjugaison, en rempla\u00e7ant le pass\u00e9 simple par le pr\u00e9sent, et en adaptant les r\u00e9f\u00e9rences qui sentent un peu la naphtaline (on ne re\u00e7oit plus de t\u00e9l\u00e9grammes !)<sup><a href=\"#footnote_4_9808\" id=\"identifier_4_9808\" class=\"footnote-link footnote-identifier-link\" title=\"Mes deux centimes sur le sujet : une traduction est toujours une r&eacute;&eacute;criture, et il n&rsquo;est pas rare que les adaptations vieillissent beaucoup plus mal que les &oelig;uvres d&rsquo;origine. Que l&rsquo;on consid&egrave;re une &oelig;uvre comme sacr&eacute;e, je veux bien, mais sa traduction n&rsquo;est jamais qu&rsquo;une traduction et il n&rsquo;y a rien de d&eacute;shonorant a priori dans l&rsquo;id&eacute;e de la refaire &mdash; l&rsquo;important est juste de le faire bien. Je remarque que personne n&rsquo;a protest&eacute; contre ce qui me semble le plus choquant&nbsp;: le suppression d&rsquo;une grande partie des illustrations\u202f!\">4<\/a><\/sup>.<br>\u2014 Un collectif de salles de cin\u00e9ma de Seine-Saint-Denis a annonc\u00e9 se refuser \u00e0 diffuser le film <em>J&rsquo;Accuse !<\/em>, en r\u00e9action au retour d&rsquo;anciennes accusations de viols, et \u00e0 l&rsquo;apparition de nouvelles accusations, dont faisait l&rsquo;objet son r\u00e9alisateur, Roman Polanski<sup><a href=\"#footnote_5_9808\" id=\"identifier_5_9808\" class=\"footnote-link footnote-identifier-link\" title=\"Finalement les salles en question se sont d&eacute;gonfl&eacute;es, elles ont programm&eacute; le film tout en annon&ccedil;ant que les projections seraient accompagn&eacute;es de d&eacute;bats.\">5<\/a><\/sup>. <br>\u2014 On veut censurer Blanche-Neige car le Prince Charmant n&rsquo;a pas respect\u00e9 le consentement de la belle endormie<sup><a href=\"#footnote_6_9808\" id=\"identifier_6_9808\" class=\"footnote-link footnote-identifier-link\" title=\"Cette histoire est compl&egrave;tement absurde, personne n&rsquo;a propos&eacute; de modifier le compte, un article se posait juste la question du consentement,&hellip; &Ccedil;a n&rsquo;a pas emp&ecirc;ch&eacute; des journ&eacute;es de d&eacute;bats &agrave; ce sujet.\">6<\/a><\/sup>.<br>\u2014 Des \u00e9tudiants en col\u00e8re ont emp\u00each\u00e9 Fran\u00e7ois Hollande de donner une conf\u00e9rence dans leur universit\u00e9, et d\u00e9chir\u00e9 quelques exemplaires de son livre<sup><a href=\"#footnote_7_9808\" id=\"identifier_7_9808\" class=\"footnote-link footnote-identifier-link\" title=\"L&rsquo;infortun&eacute; Fran&ccedil;ois Hollande s&rsquo;est &eacute;mu d&rsquo;&ecirc;tre victime d&rsquo;un tel rejet, lui qui, je le cite, &laquo;&nbsp;a toujours plac&eacute; la jeunesse et la justice sociale au c&oelig;ur de son quinquennat&nbsp;&raquo;. Ironie de l&rsquo;Histoire, c&rsquo;est le syndicat &eacute;tudiant de droite UNI qui a d&eacute;fendu Hollande contre des &eacute;tudiants militant dans les organisations o&ugrave; il s&rsquo;&eacute;tait lui-m&ecirc;me inscrit dans ses jeunes ann&eacute;es.\">7<\/a><\/sup>. Cette histoire faisait directement suite au suicide par immolation d&rsquo;un \u00e9tudiant, survenue quelques jours plus t\u00f4t, et sans rapport<sup><a href=\"#footnote_8_9808\" id=\"identifier_8_9808\" class=\"footnote-link footnote-identifier-link\" title=\"Addendum : pas absolument sans rapport, l&rsquo;&eacute;tudiant avait en effet laiss&eacute; une lettre accusant Macron, Hollande, et l&rsquo;Union europ&eacute;enne de sa situation de d&eacute;tresse, cf. commentaires.\">8<\/a><\/sup> avec l&rsquo;ancien pr\u00e9sident.<br>\u2014 Ici et l\u00e0 on menace de d\u00e9boulonner des statues d&rsquo;esclavagistes notoires.<br>\u2014 Une intervention intitul\u00e9e \u00abL&rsquo;\u00eatre humain \u00e0 l&rsquo;\u00e9poque de sa reproductibilit\u00e9 technique\u00bb, par la philosophe Sylviane Agacinski, dont l&rsquo;hostilit\u00e9 \u00e0 la GPA mais aussi aux autres formes de PMA est notoire, a \u00e9t\u00e9 annul\u00e9e \u00e0 l&rsquo;Universit\u00e9 de Bordeaux, qui craignait des d\u00e9bordements puisque des associations LGBT avaient annonc\u00e9 s&rsquo;y rendre en force pour emp\u00eacher la tenue de la conf\u00e9rence<sup><a href=\"#footnote_9_9808\" id=\"identifier_9_9808\" class=\"footnote-link footnote-identifier-link\" title=\"On notera qu&rsquo;on ne saura jamais si les associations en question auraient effectivement pu perturber la s&eacute;ance, puisque c&rsquo;est l&rsquo;Universit&eacute; qui a fait le choix de la d&eacute;programmer.\">9<\/a><\/sup>. <br>\u2014 Apr\u00e8s le t\u00e9moignage de Vanessa Springora, qui fait de lui le portrait d&rsquo;un \u00e9ph\u00e9bophile pour le moins path\u00e9tique, l&rsquo;\u00e9crivain Gabriel Matzneff a vu ses amis, admirateurs et \u00e9diteurs d&rsquo;antan prendre leurs distances.<br>\u2014 Les \u00e9ditions Albin Michel ne veulent plus publier les livres d&rsquo;\u00c9ric Zemmour depuis qu&rsquo;il a d\u00e9clar\u00e9 son intention de se pr\u00e9senter aux \u00e9lections pr\u00e9sidentielles.<\/p>\n\n\n<div class=\"wp-block-image\">\n<figure class=\"aligncenter size-large\"><a href=\"https:\/\/twitter.com\/Palanaaaaa\/status\/1269850858512166912\" target=\"_blank\" rel=\"noopener\"><img decoding=\"async\" width=\"586\" height=\"380\" src=\"https:\/\/hyperbate.fr\/castagne\/files\/2021\/07\/image-1.png\" alt=\"\" class=\"wp-image-9887\" srcset=\"https:\/\/hyperbate.fr\/castagne\/files\/2021\/07\/image-1.png 586w, https:\/\/hyperbate.fr\/castagne\/files\/2021\/07\/image-1-300x195.png 300w\" sizes=\"(max-width: 586px) 100vw, 586px\" \/><\/a><figcaption class=\"wp-element-caption\">Une femme Trans, d\u00e9\u00e7ue par <a rel=\"noreferrer noopener\" href=\"https:\/\/twitter.com\/jk_rowling\/status\/1269389298664701952\" target=\"_blank\">une s\u00e9rie de tweets de JK Rowlings<\/a>, br\u00fble ses exemplaires des romans de la s\u00e9rie Harry Potter. Sur Youtube on trouve des autodaf\u00e9s des m\u00eames ouvrages, dix ans plus t\u00f4t&#8230; Par des fondamentalistes chr\u00e9tiens que cela r\u00e9voltait de voir les aventures d&rsquo;un sorcier avoir du succ\u00e8s. <\/figcaption><\/figure>\n<\/div>\n\n\n<p class=\"has-drop-cap\">On voit que les cas sont tr\u00e8s divers. En effet, sauf \u00e0 prouver qu&rsquo;il ait \u00e9t\u00e9 victime de menaces, le fait qu&rsquo;un \u00e9diteur n&rsquo;ait plus envie de publier un de des auteurs est tout \u00e0 fait son droit \u2014 autant qu&rsquo;on ne peut pas emp\u00eacher un auteur de quitter son \u00e9diteur, comme l&rsquo;a fait Philippe de Villiers en signe de solidarit\u00e9 avec \u00c9ric Zemmour. Par ailleurs quand un auteur \u00e0 grands tirages quitte son \u00e9diteur historique, l&rsquo;histoire qui se trouve derri\u00e8re son d\u00e9part est parfois plus compliqu\u00e9e qu&rsquo;elle n&rsquo;en a l&rsquo;air et peut \u00eatre aussi li\u00e9e \u00e0 des ren\u00e9gociations de pourcentages et \u00e0 l&rsquo;intervention de maisons d&rsquo;\u00e9dition concurrentes (mark my words).<br>Les actualisations de textes, d&rsquo;\u0153uvres, le fait qu&rsquo;\u00e0 une \u00e9poque on montre ci et occulte \u00e7a, me semble une question de tout temps, impossible \u00e0 trancher\u00a0: est-ce que demander \u00e0 <em>Lucky Luke<\/em> de m\u00e2chonner un brin d&rsquo;herbe plut\u00f4t que de fumer, comme \u00e7a s&rsquo;est produit lorsque le personnage a vu ses aventures adapt\u00e9es en dessin anim\u00e9 aux \u00c9tats-Unis (o\u00f9 l&rsquo;on commen\u00e7ait \u00e0 se poser des questions sur le tabac) relevait d&rsquo;un insupportable sacril\u00e8ge, ou \u00e9tait-ce une id\u00e9e plut\u00f4t responsable\u202f? Est-ce que transformer les <em>Schtroumpfs noirs<\/em> en <em>Purple Smurfs<\/em>, afin d&rsquo;\u00e9viter une lecture raciste d&rsquo;un ouvrage qui ne l&rsquo;\u00e9tait pas mais le serait devenu dans le contexte \u00e9tasunien a \u00e9t\u00e9 une alt\u00e9ration de l&rsquo;\u0153uvre, ou au contraire une adaptation intelligente\u202f? Est-ce qu&rsquo;on trahit une \u0153uvre des ann\u00e9es 1950 lorsque l&rsquo;on transforme son message pacifiste en un message \u00e9cologiste\u202f? Chacun aura ses propres r\u00e9ponses selon le contexte et selon les cas. Je remarque qu&rsquo;en France, notre sacralisation des notions d&rsquo;auteur, d&rsquo;artiste et d&rsquo;\u0153uvre nous rend respecteux mais peut nous amener \u00e0 conserver dans le formol des r\u00e9cits et des personnages qui, autrement trait\u00e9s, eussent pu retrouver la vigueur et l&rsquo;actualit\u00e9 qu&rsquo;ils avaient \u00e0 leur cr\u00e9ation. Inversement, les pratiques culturelles industrielles (Marvel, Disney, Warner,&#8230;), o\u00f9 les m\u00eames \u0153uvres sont constamment r\u00e9\u00e9crites (combien de gen\u00e8ses de <em>Spiderman<\/em>, des <em>Avengers<\/em>, etc.\u202f?) et les auteurs occult\u00e9s permettent de suivre l&rsquo;air du temps, mais peuvent le faire au risque d&rsquo;une perte de sens, voire d&rsquo;une forme gravissime d&rsquo;infid\u00e9lit\u00e9 ou de contresens, comme cela s&rsquo;est pass\u00e9 avec les remakes de <em>Stepford Wives<\/em> ou de <em>Rollerball<\/em>, films qui abaissent des \u0153uvres politiques intelligentes \u00e0 l&rsquo;\u00e9tat divertissements r\u00e9actionnaires m\u00e9diocres<sup><a href=\"#footnote_10_9808\" id=\"identifier_10_9808\" class=\"footnote-link footnote-identifier-link\" title=\"Quelques articles issus de mon autre blog : sur le Stepford Wives de 1975 ; Sur le Stepford Wives de 2004 ; &Agrave; propos de Rollerball.\">10<\/a><\/sup>.<\/p>\n\n\n\n<p class=\"has-drop-cap\">Je le dis clairement : je ne soutiens ni les pressions, ni les menaces, ni les violences, ni la censure, et au fond je suis tr\u00e8s attach\u00e9 \u00e0 la libert\u00e9 d&rsquo;expression, car j&rsquo;ai confiance\u00a0: c&rsquo;est quand les id\u00e9es, m\u00eame clairement n\u00e9fastes, sont exprim\u00e9es qu&rsquo;on peut les contredire, et c&rsquo;est par le dialogue et l&rsquo;information que les gens de bonne volont\u00e9 peuvent \u00eatre suffisamment arm\u00e9s pour d\u00e9cider quoi penser. Quant aux autres, \u00e0 ceux qui ne veulent ni apprendre ni comprendre, il ne sert \u00e0 rien de les y forcer\u00a0: tenter de convaincre est noble, intimer au silence est ignoble. Bref, je crois en la v\u00e9rit\u00e9, non comme un objet que les uns ma\u00eetrisent et pas les autres, mais comme une qu\u00eate passionnante pour tous.<br>Pour cette raison, et m\u00eame si ce n&rsquo;est qu&rsquo;une anticipation du pilon \u2014 destin de la plus grosse partie du tirage de tous les livres politiques \u2014, je trouve vraiment pitoyable d&rsquo;aller d\u00e9chirer des livres de Fran\u00e7ois Hollande. Je pense aussi que c&rsquo;est une erreur de se r\u00e9jouir de voir telle ou telle personne se faire virer de Twitter. Et je pense qu&#8217;emp\u00eacher quelqu&rsquo;un de donner une conf\u00e9rence est \u00e0 la fois une faute tactique (la personne devient martyre) et une victoire bien piteuse, puisque la seule vraie victime, finalement, c&rsquo;est le d\u00e9bat : chacun campera sur ses positions, sans tenter de comprendre ou de convaincre l&rsquo;autre. M\u00eame si j&rsquo;imagine que ce n&rsquo;est pas le but conscient, ce genre d&rsquo;attitude sert moins \u00e0 faire progresser la v\u00e9rit\u00e9 qu&rsquo;\u00e0 d\u00e9terminer et figer des camps. Je ne vois rien de plus stupide et de plus mis\u00e9rable, car aucun esprit collectif n&rsquo;a de valeur sans la libert\u00e9 et l&rsquo;autonomie intellectuelle des individus. Et en cas d&rsquo;abus manifestes de la libert\u00e9 d&rsquo;expression, si certaines bornes sont d\u00e9pass\u00e9es, ma foi, il existe des lois et des juges pour le dire.<\/p>\n\n\n\n<p class=\"has-drop-cap\">Puisque je suis contre la censure, je suis souvent oppos\u00e9 aux attitudes que les <em>newsmag<\/em> r\u00e9actionnaires, avec qui j&rsquo;aimerais pourtant ne pas \u00eatre d&rsquo;accord, incluent \u00e0 la notion de \u00ab\u00a0Cancel culture\u00a0\u00bb, mais je note que leur usage du terme se limit\u00e9 \u00e0 fustiger les censures ou les violences qui \u00e9manent de camps progressistes : f\u00e9minisme, antiracisme, lutte contre l&rsquo;homophobie. Ceux qu&rsquo;ils aiment d\u00e9sormais appeler \u00ab\u00a0wokes\u00a0\u00bb.<br>Ils ne parlent jamais de \u00ab\u00a0Cancel Culture\u00a0\u00bb lorsqu&rsquo;il est question :<br>\u2014 du licenciement d&rsquo;<a href=\"https:\/\/hyperbate.fr\/dernier\/?p=475\" target=\"_blank\" rel=\"noreferrer noopener\">un vieux dessinateur de mauvaise r\u00e9putation<\/a>. <br>\u2014 du chahut ou des d\u00e9gradations caus\u00e9s par les associations \u00ab\u00a0morales\u00a0\u00bb qui protestent contre une exposition ou \u0153uvre d&rsquo;art qu&rsquo;elles jugent anti-catholique.<br>\u2014 de Mennel Ibtissem, une jeune chanteuse qui avait d\u00fb quitter l&rsquo;\u00e9mission <em>The Voice<\/em> car son statut de musulmane et une paire de tweets de jeunesse avaient fait pol\u00e9mique.<br>\u2014 d&rsquo;un <a href=\"https:\/\/hyperbate.fr\/castagne\/2013\/12\/28\/la-dieudonnite\/\" data-type=\"post\" data-id=\"1349\">ministre de l&rsquo;Int\u00e9rieur qui affirme qu&rsquo;il emp\u00eachera un spectacle de Dieudonn\u00e9 d&rsquo;avoir lieu<\/a>, quand bien m\u00eame la justice l&rsquo;a autoris\u00e9.<br>\u2014 d&rsquo;une ministre en charge de l&rsquo;enseignement sup\u00e9rieur qui commandite une enqu\u00eate sur les opinions politiques de ses agents.<br>\u2014 de calomnies diverses contre des <em>street-reporters<\/em>, dont le droit \u00e0 travailler est d\u00e9ni\u00e9 par certains, qui vont contre tout ce qui fait l&rsquo;esprit et la beaut\u00e9 de la loi de 1881.<br>\u2014 de la suppression des ondes d&rsquo;un rap qui critique la police.<br>\u2014 de la r\u00e9glementationnite des v\u00eatements f\u00e9minins jug\u00e9s trop ou pas assez couvrants.<br>\u2014 de la violente remise en question, depuis pr\u00e8s d&rsquo;une dizaine d&rsquo;ann\u00e9es, du droit \u00e0 manifester (eh oui, pourquoi pas\u202f?).<\/p>\n\n\n\n<p class=\"has-drop-cap\">On peut aussi parler des d\u00e9bats qui font rage chaque fois qu&rsquo;un <em>remake<\/em> modifie le genre, l&rsquo;orientation sexuelle ou la couleur de peau d&rsquo;un personnage\u00a0: comment, une <em>Petite Sir\u00e8ne<\/em> noire\u202f?<sup><a href=\"#footnote_11_9808\" id=\"identifier_11_9808\" class=\"footnote-link footnote-identifier-link\" title=\"Fait oubli&eacute; : le conte d&rsquo;Andersen se d&eacute;roulait pr&eacute;cis&eacute;ment dans des &icirc;les Cara&iuml;bes\u202f!\">11<\/a><\/sup> Quoi quoi quoi, un feuilleton nomm\u00e9 <em>Lupin<\/em> dont le r\u00f4le principal est tenu par Omar Sy\u202f?<sup><a href=\"#footnote_12_9808\" id=\"identifier_12_9808\" class=\"footnote-link footnote-identifier-link\" title=\"Notons qu&rsquo;Omar Sy n&rsquo;interpr&egrave;te pas Ars&egrave;ne Lupin, mais quelqu&rsquo;un que les aventures d&rsquo;Ars&egrave;ne Lupin passionnent&hellip;\">12<\/a><\/sup> Hein, Une agent z\u00e9ro-z\u00e9ro-sept femme ?<sup><a href=\"#footnote_13_9808\" id=\"identifier_13_9808\" class=\"footnote-link footnote-identifier-link\" title=\"Notons que ce n&rsquo;est pas James Bond qui est cens&eacute; changer de genre, mais la personne titulaire de la licence du permis de tuer num&eacute;ro 007.\">13<\/a><\/sup> Une \u00e9quipe de <em>Ghostbusters<\/em> dont les membres sont des femmes, et dont le standardiste est un homme\u202f? Des cow-boys gays\u202f? Une <em>Power Ranger<\/em> lesbienne\u202f?&#8230;<\/p>\n\n\n<div class=\"wp-block-image\">\n<figure class=\"aligncenter size-large\"><img decoding=\"async\" width=\"792\" height=\"799\" src=\"https:\/\/hyperbate.fr\/castagne\/files\/2021\/07\/image-5.png\" alt=\"\" class=\"wp-image-9901\" srcset=\"https:\/\/hyperbate.fr\/castagne\/files\/2021\/07\/image-5.png 792w, https:\/\/hyperbate.fr\/castagne\/files\/2021\/07\/image-5-297x300.png 297w, https:\/\/hyperbate.fr\/castagne\/files\/2021\/07\/image-5-150x150.png 150w, https:\/\/hyperbate.fr\/castagne\/files\/2021\/07\/image-5-768x775.png 768w, https:\/\/hyperbate.fr\/castagne\/files\/2021\/07\/image-5-624x630.png 624w\" sizes=\"(max-width: 792px) 100vw, 792px\" \/><\/figure>\n<\/div>\n\n\n<p>P\u00e9tition qui, je crois, a fini par \u00eatre retir\u00e9e \u2014 j&rsquo;ai retrouv\u00e9 cette capture mais pas la p\u00e9tition originelle.<\/p>\n\n\n\n<p class=\"has-drop-cap\">Je dois dire que ce qui me met chaque fois mal \u00e0 l&rsquo;aise dans ces histoires, c&rsquo;est avant tout la fragilit\u00e9 blanche-h\u00e9t\u00e9ro-masculine qui s&rsquo;exprime \u00e0 leur occasion, cette peur de partager un peu d&rsquo;existence symbolique, cette peur de laisser des gens qu&rsquo;on est habitu\u00e9s \u00e0 consid\u00e9rer comme \u00ab\u00a0les autres\u00a0\u00bb, \u00ab\u00a0les pas-comme-moi\u00a0\u00bb avoir des premiers r\u00f4les, eux aussi, ne pas \u00eatre juste des accessoires, des satellites. Cette mentalit\u00e9 ne me r\u00e9volte pas, je la trouve surtout triste dans le fond et inqui\u00e9tante de par les r\u00e9actions et les violences (au moins verbales) qu&rsquo;elle provoque. Un homosexuel est capable de comprendre une histoire d&rsquo;amour h\u00e9t\u00e9rosexuelle, un cor\u00e9en ou un s\u00e9n\u00e9galais peuvent s&rsquo;identifier \u00e0 Han Solo, une femme peut s&rsquo;imaginer en Robin des bois plut\u00f4t qu&rsquo;en Lady Marian, alors pourquoi est-ce que les hommes-blancs-h\u00e9t\u00e9ro seraient eux incapables de comprendre les sentiments de quelqu&rsquo;un dont la couleur de peau, les amours ou le genre sont diff\u00e9rents\u202f?<\/p>\n\n\n\n<p>Enfin, pour reparler de \u00ab\u00a0Cancel Culture\u00a0\u00bb, \u00e0 quel point ceux qui disent des choses telles que <em>\u00ab\u00a0On est envahi de gays\u00a0\u00bb<\/em> (Christine Boutin), qui se plaignent de la <em>\u00ab\u00a0tyrannie des minorit\u00e9s\u00a0\u00bb<\/em> (Michel Onfray), et autres apitoiements du m\u00eame tonneau, ne sont pas en train d&rsquo;appeler implicitement eux-m\u00eames \u00e0 ce que l&rsquo;on enl\u00e8ve leur visibilit\u00e9 \u00e0 tel ou tel groupe \u2014 tout en affirmant que c&rsquo;est eux que l&rsquo;on censure\u202f?<\/p>\n\n\n\n<h4 class=\"wp-block-heading\">Mais en fait ce n&rsquo;est pas tout \u00e0 fait \u00e7a, la Cancel-culture<\/h4>\n\n\n\n<p class=\"has-drop-cap\">Comme je le disais en introduction, la locution \u00ab\u00a0Cancel culture\u00a0\u00bb a pris son autonomie en France, <a href=\"https:\/\/en.wikipedia.org\/wiki\/Cancel_culture\" target=\"_blank\" rel=\"noreferrer noopener\">car son sens originel<\/a> n&rsquo;est pas li\u00e9 \u00e0 la censure d&rsquo;\u0153uvres par des gens qui n&rsquo;aiment pas leur auteur mais \u00e0 la d\u00e9nonciation de personnes, au \u00ab\u00a0call-out\u00a0\u00bb, c&rsquo;est \u00e0 dire l&rsquo;hallali contre une personne \u2014 et une personne issue du m\u00eame groupe. \u00c7a se produit typiquement au sein des milieux militants : telle personne a \u00e9t\u00e9 accus\u00e9e de ci ou \u00e7a (une opinion divergente, ou un d\u00e9lit), et elle se fait violemment ostraciser par ses anciens compagnons de combat, se voit accus\u00e9e et condamn\u00e9e sans proc\u00e8s, parfois de mani\u00e8re totalement injuste, parfois sans la finesse qui serait n\u00e9cessaire. Et ceux du m\u00eame milieu qui ne participent pas \u00e0 la bronca se voient souvent harcel\u00e9s et intimid\u00e9s \u00e0 leur tour. Pour des auteurs, des artistes, cela peut effectivement aboutir \u00e0 des embarras professionnels (conf\u00e9rence annul\u00e9es,&#8230;) voire des autodaf\u00e9s<sup><a href=\"#footnote_14_9808\" id=\"identifier_14_9808\" class=\"footnote-link footnote-identifier-link\" title=\"Exemple : J.K. Rowling, accus&eacute;e d&rsquo;&ecirc;tre transphobe, dont les anciens lecteurs de Harry Potter d&eacute;&ccedil;us br&ucirc;lent c&eacute;r&eacute;monieusement les livres sur Youtube,&hellip;\">14<\/a><\/sup>. Je crois que ce ph\u00e9nom\u00e8ne est, pour le coup, assez typique du camp progressiste, o\u00f9 la vertu fait loi, et o\u00f9 le sentiment d&rsquo;\u00eatre du c\u00f4t\u00e9 de la justice ne va pas toujours jusqu&rsquo;au souci de discerner vraiment ce qui est juste. Typique, mais pas forc\u00e9ment limit\u00e9 au camp progressiste, car on trouve des cas semblables chez les nationalistes, dans des groupes religieux ou sectaires \u00e9videmment, mais aussi, rappelez-vous, puisque vous avez eu cet \u00e2ge, au sein des groupes adolescents. J&rsquo;imagine que ce genre d&rsquo;expulsion violente des brebis r\u00e9put\u00e9es galeuses est aussi un moyen pour cimenter le groupe.<\/p>\n\n\n\n<figure class=\"wp-block-image size-large is-resized\"><img decoding=\"async\" width=\"1024\" height=\"576\" src=\"https:\/\/hyperbate.fr\/castagne\/files\/2021\/07\/image.png\" alt=\"\" class=\"wp-image-9862\" srcset=\"https:\/\/hyperbate.fr\/castagne\/files\/2021\/07\/image.png 1024w, https:\/\/hyperbate.fr\/castagne\/files\/2021\/07\/image-300x169.png 300w, https:\/\/hyperbate.fr\/castagne\/files\/2021\/07\/image-768x432.png 768w, https:\/\/hyperbate.fr\/castagne\/files\/2021\/07\/image-624x351.png 624w\" sizes=\"(max-width: 1024px) 100vw, 1024px\" \/><figcaption class=\"wp-element-caption\">Pour ceux qui parlent anglais, la youtubeuse politique ContraPoint a r\u00e9alis\u00e9 <a href=\"https:\/\/www.youtube.com\/watch?v=OjMPJVmXxV8\" target=\"_blank\" rel=\"noreferrer noopener\">une vid\u00e9o sur le sujet<\/a> \u2014 elle a elle-m\u00eame \u00e9t\u00e9 violemment ostracis\u00e9e par sa propre communaut\u00e9 \u2014, dont je recommande au moins le premier quart d&rsquo;heure, qui est tr\u00e8s p\u00e9dagogique (et servi par un certain humour). Sa d\u00e9finition de la \u00ab\u00a0Cancel-culture\u00a0\u00bb est\u00a0: l&rsquo;opprobre et l&rsquo;ostracisation, en ligne, de personnalit\u00e9s pro\u00e9minentes d&rsquo;une communaut\u00e9 par d&rsquo;autres personnes de cette communaut\u00e9 (\u00ab\u00a0online shaming vilifying and ostracizing of prominent members of a community by other members of that community\u00a0\u00bb).<\/figcaption><\/figure>\n\n\n\n<p class=\"has-drop-cap\">Ce n&rsquo;est pas vraiment une nouveaut\u00e9 : \u00e0 l&rsquo;\u00e9poque aujourd&rsquo;hui r\u00e9v\u00e9r\u00e9e des Encyclop\u00e9distes, on pouvait se voir ostracis\u00e9 de mani\u00e8re plus ou moins brutale, comme Jean-Jacques Rousseau que les regards en coin de certains de ses pairs, apr\u00e8s quelques opinions impopulaires (sur la m\u00e9diocrit\u00e9 de la musique fran\u00e7aise, notamment, si je me souviens bien), ont fini par rendre un peu parano\u00efaque<sup><a href=\"#footnote_15_9808\" id=\"identifier_15_9808\" class=\"footnote-link footnote-identifier-link\" title=\"La vie dans le monde intellectuel du XVIIIe si&egrave;cle me semble toujours permettre toutes sortes de parall&egrave;les avec nos actuels r&eacute;seaux sociaux.\">15<\/a><\/sup>. Plus proche de nous, on se souviendra des excommunications au Parti Communiste Fran\u00e7ais. Et on peut relire <em>Le Confort intellectuel<\/em> de Marcel Aym\u00e9, o\u00f9 plus personne ne veut \u00eatre vu discutant publiquement avec le narrateur parce qu&rsquo;on lui trouve \u2014 et \u00e7a se passe \u00e0 la Lib\u00e9ration \u2014 \u00ab\u00a0une t\u00eate de collabo\u00a0\u00bb.<br>J&rsquo;imagine que le fonctionnement des r\u00e9seaux sociaux change l&rsquo;\u00e9chelle et la manifestation de ce genre de ph\u00e9nom\u00e8ne.<\/p>\n\n\n\n<p class=\"has-drop-cap\">Quand \u00e7a s&rsquo;applique \u00e0 des artistes, \u00e0 des auteurs, on en parle dans les m\u00e9dias, cela fait d\u00e9bat, et la plupart du temps, sans doute pas grand mal \u2014 j&rsquo;ai l&rsquo;impression des gens comme Polanski, Zemmour ou Dieudonn\u00e9 gagnent du public chaque fois qu&rsquo;on les attaque, et m\u00eame s&rsquo;il termine sa carri\u00e8re et son existence de mani\u00e8re particuli\u00e8rement lamentable, <a href=\"https:\/\/hyperbate.fr\/castagne\/2020\/01\/03\/separer-lart-de-lhomme-triste\/\" data-type=\"post\" data-id=\"8073\">Gabriel Matzneff<\/a> peut se consoler en se disant que, enfin, apr\u00e8s des d\u00e9cennies de publications, des gens ont lu ses livres. Ils les ont lus pour y trouver des \u00e9l\u00e9ments \u00e0 charge, certes, ils les ont lus pour y constater une plume assez m\u00e9diocre, certes, mais au moins, ils ont lu \u2014 car Matzneff faisait partie de ces gens dont on salue le talent et la culture par automatisme et sans pour autant les lire. <br>Quand le \u00ab\u00a0call-out\u00a0\u00bb vise des gens qui n&rsquo;ont pas de tribune pour s&rsquo;expliquer, qui n&rsquo;ont pas de groupe pour les d\u00e9fendre, qui n&rsquo;auront pas droit \u00e0 faire l&rsquo;objet de d\u00e9bat, qui n&rsquo;auront pas droit \u00e0 une enqu\u00eate, \u00e0 un proc\u00e8s, dont les pairs d&rsquo;autrefois sont devenu les pires ennemis, des gens, en bref, qui n&rsquo;existaient que par le r\u00e9seau social qui subitement les exclut, les d\u00e9g\u00e2ts psychologiques de ce rejet peuvent certainement \u00eatre ravageurs.<\/p>\n\n\n\n<p class=\"has-drop-cap\">Faites-en ce que vous voulez, moi je m&rsquo;en tiens \u00e0 une ligne tr\u00e8s simple : j&rsquo;essaie de consid\u00e9rer chacun comme un individu pensant et non comme l&rsquo;agent d&rsquo;un groupe, je m&rsquo;efforce de discuter avec ceux avec qui je ne suis pas d&rsquo;accord quand j&rsquo;en ai le courage, de les \u00e9viter quand je n&rsquo;ai pas l&rsquo;\u00e9nergie d&rsquo;affronter leurs mauvaises ondes. De me rappeler qu&rsquo;une erreur (la n\u00f4tre, celle de l&rsquo;autre) est quelque chose qui se corrige, pas un marque d\u2019infamie \u00e9ternellement ineffa\u00e7able. Et enfin, j&rsquo;essaie de faire attention \u00e0 ne participer \u00e0 aucun mouvement de foule. Voil\u00e0. C&rsquo;est tout. L&rsquo;article est termin\u00e9. Vous pouvez partir maintenant. Ouste.<br><br><\/p>\n<ol class=\"footnotes\"><li id=\"footnote_1_9808\" class=\"footnote\"><em>Je crois bien que \u00e7a existe d\u00e9j\u00e0 sous les noms d&rsquo;\u00c9cole, de mus\u00e9e, d&rsquo;\u00e9ducation populaire, et d&rsquo;initiatives associatives ou priv\u00e9es diverses et vari\u00e9es,&#8230; <span class=\"footnote-back-link-wrapper\"> [<a href=\"#identifier_1_9808\" class=\"footnote-link footnote-back-link\">&#8617;<\/a>]<\/span><\/li><li id=\"footnote_2_9808\" class=\"footnote\">Au passage, pour revenir sur la question Nature\/Culture, je note que le conservatisme politique se r\u00e9clame souvent de la Nature, et pas seulement dans le domaine du genre et des comportements amoureux : le Capitalisme, par exemple, est souvent pr\u00e9sent\u00e9 comme \u00ab\u00a0naturel\u00a0\u00bb, tandis que la redistribution des richesses est cens\u00e9e \u00eatre artificielle. Bon ok \u00e7a n&rsquo;a rien \u00e0 voir avec le reste de l&rsquo;article mais j&rsquo;y pense subitement. <span class=\"footnote-back-link-wrapper\"> [<a href=\"#identifier_2_9808\" class=\"footnote-link footnote-back-link\">&#8617;<\/a>]<\/span><\/li><li id=\"footnote_3_9808\" class=\"footnote\">Au passage, le changement de titre de <em>Ten Little niggers<\/em>, a \u00e9t\u00e9 accept\u00e9 par Agatha Christie elle-m\u00eame lors de la publication \u00e9tasunienne du roman (<em>And Then There Were None<\/em>), en 1940, et ce d&rsquo;autant plus volontiers que ce titre n&rsquo;\u00e9tait pas d&rsquo;elle ! <span class=\"footnote-back-link-wrapper\"> [<a href=\"#identifier_3_9808\" class=\"footnote-link footnote-back-link\">&#8617;<\/a>]<\/span><\/li><li id=\"footnote_4_9808\" class=\"footnote\">Mes deux centimes sur le sujet : une traduction est toujours une r\u00e9\u00e9criture, et il n&rsquo;est pas rare que les adaptations vieillissent beaucoup plus mal que les \u0153uvres d&rsquo;origine. Que l&rsquo;on consid\u00e8re une \u0153uvre comme sacr\u00e9e, je veux bien, mais sa traduction n&rsquo;est jamais qu&rsquo;une traduction et il n&rsquo;y a rien de d\u00e9shonorant <em>a priori<\/em> dans l&rsquo;id\u00e9e de la refaire \u2014 l&rsquo;important est juste de le faire bien. Je remarque que personne n&rsquo;a protest\u00e9 contre ce qui me semble le plus choquant\u00a0: le suppression d&rsquo;une grande partie des illustrations\u202f! <span class=\"footnote-back-link-wrapper\"> [<a href=\"#identifier_4_9808\" class=\"footnote-link footnote-back-link\">&#8617;<\/a>]<\/span><\/li><li id=\"footnote_5_9808\" class=\"footnote\">Finalement les salles en question se sont d\u00e9gonfl\u00e9es, elles ont programm\u00e9 le film tout en annon\u00e7ant que les projections seraient accompagn\u00e9es de d\u00e9bats. <span class=\"footnote-back-link-wrapper\"> [<a href=\"#identifier_5_9808\" class=\"footnote-link footnote-back-link\">&#8617;<\/a>]<\/span><\/li><li id=\"footnote_6_9808\" class=\"footnote\">Cette histoire est compl\u00e8tement absurde, personne n&rsquo;a propos\u00e9 de modifier le compte, un article se posait juste la question du consentement,&#8230; \u00c7a n&rsquo;a pas emp\u00each\u00e9 des journ\u00e9es de d\u00e9bats \u00e0 ce sujet. <span class=\"footnote-back-link-wrapper\"> [<a href=\"#identifier_6_9808\" class=\"footnote-link footnote-back-link\">&#8617;<\/a>]<\/span><\/li><li id=\"footnote_7_9808\" class=\"footnote\">L&rsquo;infortun\u00e9 Fran\u00e7ois Hollande s&rsquo;est \u00e9mu d&rsquo;\u00eatre victime d&rsquo;un tel rejet, lui qui, je le cite, <em>\u00ab\u00a0a toujours plac\u00e9 la jeunesse et la justice sociale au c\u0153ur de son quinquennat\u00a0\u00bb<\/em>. Ironie de l&rsquo;Histoire, c&rsquo;est le syndicat \u00e9tudiant de droite UNI qui a d\u00e9fendu Hollande contre des \u00e9tudiants militant dans les organisations o\u00f9 il s&rsquo;\u00e9tait lui-m\u00eame inscrit dans ses jeunes ann\u00e9es. <span class=\"footnote-back-link-wrapper\"> [<a href=\"#identifier_7_9808\" class=\"footnote-link footnote-back-link\">&#8617;<\/a>]<\/span><\/li><li id=\"footnote_8_9808\" class=\"footnote\">Addendum : pas absolument sans rapport, l&rsquo;\u00e9tudiant avait en effet laiss\u00e9 une lettre accusant Macron, Hollande, et l&rsquo;Union europ\u00e9enne de sa situation de d\u00e9tresse, cf. commentaires. <span class=\"footnote-back-link-wrapper\"> [<a href=\"#identifier_8_9808\" class=\"footnote-link footnote-back-link\">&#8617;<\/a>]<\/span><\/li><li id=\"footnote_9_9808\" class=\"footnote\">On notera qu&rsquo;on ne saura jamais si les associations en question auraient effectivement pu perturber la s\u00e9ance, puisque c&rsquo;est l&rsquo;Universit\u00e9 qui a fait le choix de la d\u00e9programmer. <span class=\"footnote-back-link-wrapper\"> [<a href=\"#identifier_9_9808\" class=\"footnote-link footnote-back-link\">&#8617;<\/a>]<\/span><\/li><li id=\"footnote_10_9808\" class=\"footnote\">Quelques articles issus de mon autre blog : sur le <a href=\"https:\/\/hyperbate.fr\/dernier\/?p=6358\" data-type=\"URL\" data-id=\"https:\/\/hyperbate.fr\/dernier\/?p=6358\" target=\"_blank\" rel=\"noreferrer noopener\"><em>Stepford Wives<\/em> de 1975<\/a> ; Sur le <a href=\"https:\/\/hyperbate.fr\/dernier\/?p=6481\" data-type=\"URL\" data-id=\"https:\/\/hyperbate.fr\/dernier\/?p=6481\" target=\"_blank\" rel=\"noreferrer noopener\"><em>Stepford Wives<\/em> de 2004<\/a> ; <a href=\"https:\/\/hyperbate.fr\/dernier\/?p=456\" data-type=\"URL\" data-id=\"https:\/\/hyperbate.fr\/dernier\/?p=456\" target=\"_blank\" rel=\"noreferrer noopener\">\u00c0 propos de <em>Rollerball<\/em><\/a>.<span class=\"footnote-back-link-wrapper\"> [<a href=\"#identifier_10_9808\" class=\"footnote-link footnote-back-link\">&#8617;<\/a>]<\/span><\/li><li id=\"footnote_11_9808\" class=\"footnote\">Fait oubli\u00e9 : le conte d&rsquo;Andersen se d\u00e9roulait pr\u00e9cis\u00e9ment dans des \u00eeles Cara\u00efbes\u202f! <span class=\"footnote-back-link-wrapper\"> [<a href=\"#identifier_11_9808\" class=\"footnote-link footnote-back-link\">&#8617;<\/a>]<\/span><\/li><li id=\"footnote_12_9808\" class=\"footnote\">Notons qu&rsquo;Omar Sy n&rsquo;interpr\u00e8te pas Ars\u00e8ne Lupin, mais quelqu&rsquo;un que les aventures d&rsquo;Ars\u00e8ne Lupin passionnent&#8230; <span class=\"footnote-back-link-wrapper\"> [<a href=\"#identifier_12_9808\" class=\"footnote-link footnote-back-link\">&#8617;<\/a>]<\/span><\/li><li id=\"footnote_13_9808\" class=\"footnote\">Notons que ce n&rsquo;est pas James Bond qui est cens\u00e9 changer de genre, mais la personne titulaire de la licence du permis de tuer num\u00e9ro 007.<span class=\"footnote-back-link-wrapper\"> [<a href=\"#identifier_13_9808\" class=\"footnote-link footnote-back-link\">&#8617;<\/a>]<\/span><\/li><li id=\"footnote_14_9808\" class=\"footnote\">Exemple : J.K. Rowling, accus\u00e9e d&rsquo;\u00eatre transphobe, dont les anciens lecteurs de Harry Potter d\u00e9\u00e7us br\u00fblent c\u00e9r\u00e9monieusement les livres sur Youtube,\u2026<span class=\"footnote-back-link-wrapper\"> [<a href=\"#identifier_14_9808\" class=\"footnote-link footnote-back-link\">&#8617;<\/a>]<\/span><\/li><li id=\"footnote_15_9808\" class=\"footnote\">La vie dans le monde intellectuel du XVIIIe si\u00e8cle me semble toujours permettre toutes sortes de parall\u00e8les avec nos actuels r\u00e9seaux sociaux. <span class=\"footnote-back-link-wrapper\"> [<a href=\"#identifier_15_9808\" class=\"footnote-link footnote-back-link\">&#8617;<\/a>]<\/span><\/li><\/ol>","protected":false},"excerpt":{"rendered":"<p>Le terme \u00ab\u00a0Cancel-culture\u00a0\u00bb fait beaucoup parler les bavards. En France, la locution a pris son autonomie et n&rsquo;est plus li\u00e9e \u00e0 son sens originel que de mani\u00e8re restreinte (sautez \u00e0 la fin du texte pour en conna\u00eetre la d\u00e9finition d&rsquo;origine). Le sommet du contresens dans le domaine a \u00e9t\u00e9 commis par David Lisnard, maire de [&hellip;]<\/p>\n","protected":false},"author":1,"featured_media":0,"comment_status":"open","ping_status":"open","sticky":false,"template":"","format":"standard","meta":{"footnotes":""},"categories":[11,7,5],"tags":[],"class_list":["post-9808","post","type-post","status-publish","format-standard","hentry","category-cyberespace","category-democratie","category-identites"],"_links":{"self":[{"href":"https:\/\/hyperbate.fr\/castagne\/wp-json\/wp\/v2\/posts\/9808","targetHints":{"allow":["GET"]}}],"collection":[{"href":"https:\/\/hyperbate.fr\/castagne\/wp-json\/wp\/v2\/posts"}],"about":[{"href":"https:\/\/hyperbate.fr\/castagne\/wp-json\/wp\/v2\/types\/post"}],"author":[{"embeddable":true,"href":"https:\/\/hyperbate.fr\/castagne\/wp-json\/wp\/v2\/users\/1"}],"replies":[{"embeddable":true,"href":"https:\/\/hyperbate.fr\/castagne\/wp-json\/wp\/v2\/comments?post=9808"}],"version-history":[{"count":2,"href":"https:\/\/hyperbate.fr\/castagne\/wp-json\/wp\/v2\/posts\/9808\/revisions"}],"predecessor-version":[{"id":12495,"href":"https:\/\/hyperbate.fr\/castagne\/wp-json\/wp\/v2\/posts\/9808\/revisions\/12495"}],"wp:attachment":[{"href":"https:\/\/hyperbate.fr\/castagne\/wp-json\/wp\/v2\/media?parent=9808"}],"wp:term":[{"taxonomy":"category","embeddable":true,"href":"https:\/\/hyperbate.fr\/castagne\/wp-json\/wp\/v2\/categories?post=9808"},{"taxonomy":"post_tag","embeddable":true,"href":"https:\/\/hyperbate.fr\/castagne\/wp-json\/wp\/v2\/tags?post=9808"}],"curies":[{"name":"wp","href":"https:\/\/api.w.org\/{rel}","templated":true}]}}