{"id":9743,"date":"2021-06-12T08:30:21","date_gmt":"2021-06-12T07:30:21","guid":{"rendered":"https:\/\/hyperbate.fr\/castagne\/?p=9743"},"modified":"2021-07-12T10:47:20","modified_gmt":"2021-07-12T09:47:20","slug":"enthoven-le-pen-melenchon","status":"publish","type":"post","link":"https:\/\/hyperbate.fr\/castagne\/2021\/06\/12\/enthoven-le-pen-melenchon\/","title":{"rendered":"Enthoven-Le Pen-M\u00e9lenchon"},"content":{"rendered":"\n<p>S&rsquo;il voulait faire causer les causeurs, c&rsquo;est r\u00e9ussi.<\/p>\n\n\n\n<p>Dans <a rel=\"noreferrer noopener\" href=\"https:\/\/twitter.com\/Enthoven_R\/status\/1401982087650058242\" data-type=\"URL\" data-id=\"https:\/\/twitter.com\/Enthoven_R\/status\/1401982087650058242\" target=\"_blank\">un fil sur Twitter<\/a>, le philosophe m\u00e9diatique Rapha\u00ebl Enthoven s&rsquo;est pos\u00e9 la question de ce qu&rsquo;il voterait \u00e0 l&rsquo;\u00e9lection pr\u00e9sidentielle s&rsquo;il \u00e9tait amen\u00e9 \u00e0 choisir entre Marine Le Pen et Jean-Luc M\u00e9lenchon, deux personnalit\u00e9s qu&rsquo;il qualifie avec une certaine l\u00e9g\u00e8ret\u00e9 de \u00ab\u00a0Peste\u00a0\u00bb. Peste brune pour la premi\u00e8re, et peste rouge-brun pour le second.<br>Dans sa d\u00e9monstration, si j&rsquo;ai suivi, il explique qu&rsquo;il pr\u00e9f\u00e8re une candidate issue d&rsquo;une tradition explicitement et \u00e9hont\u00e9ment anti-r\u00e9publicaine \u00e0 un parti dont le chef parle tr\u00e8s bien de R\u00e9publique, mais s&rsquo;est d\u00e9tourn\u00e9 de cet id\u00e9al d\u00e8s lors qu&rsquo;il a reproch\u00e9 au pr\u00e9sident \u00e9lu de ne pas \u00eatre le repr\u00e9sentant l\u00e9gitime des Fran\u00e7ais ; d\u00e8s lors qu&rsquo;il a d\u00e9fil\u00e9 dans une manifestation contre l&rsquo;Islamophobie<sup><a href=\"#footnote_1_9743\" id=\"identifier_1_9743\" class=\"footnote-link footnote-identifier-link\" title=\"M&eacute;lenchon n&rsquo;&eacute;tait pas seul &agrave; d&eacute;filer contre l&rsquo;Islamophobie en novembre 2019 : l&rsquo;appel avait &eacute;t&eacute; sign&eacute; par de nombreuses personnalit&eacute;s du monde politique, associatif, acad&eacute;mique, journalistique,&hellip; On peut le lire ici.\">1<\/a><\/sup> ; d\u00e8s lors qu&rsquo;il a hauss\u00e9 le ton contre un juge d&rsquo;instruction qui venait perquisitionner ses locaux<sup><a href=\"#footnote_2_9743\" id=\"identifier_2_9743\" class=\"footnote-link footnote-identifier-link\" title=\"Les philosophes aiment faire parler les morts pour faire dire ceux-ci qu&rsquo;ils &eacute;taient d&rsquo;accord avec eux. Ici c&rsquo;est Vladimir Jank&eacute;l&eacute;vitch, &laquo;&nbsp;le marcheur infatigable de la gauche&nbsp;&raquo;, qui est appel&eacute; &agrave; la rescousse : &laquo;&nbsp;Mais comme dit Jank&eacute;l&eacute;vitch, &laquo; on ne fait jamais assez de bien, et toujours le mal une fois de trop. &raquo; Que nous importe que @JLMelenchon ait &eacute;t&eacute; r&eacute;publicain, puisqu&rsquo;il ne l&rsquo;est plus ?&nbsp;&raquo;.\">2<\/a><\/sup>.<br>Eh oui, \u00e0 choisir entre rouge-brun (on aimerait savoir ce qui justifie le \u00ab\u00a0brun\u00a0\u00bb !) et brun-tout-court, en l&rsquo;absence de vote blanc, le philosophe choisit le camp du brun.<br>J&rsquo;en d\u00e9duis que le probl\u00e8me, c&rsquo;est le rouge.<\/p>\n\n\n\n<div class=\"wp-block-image\"><figure class=\"aligncenter size-large\"><img decoding=\"async\" width=\"600\" height=\"700\" src=\"https:\/\/hyperbate.fr\/castagne\/files\/2021\/06\/image-3.png\" alt=\"\" class=\"wp-image-9744\" srcset=\"https:\/\/hyperbate.fr\/castagne\/files\/2021\/06\/image-3.png 600w, https:\/\/hyperbate.fr\/castagne\/files\/2021\/06\/image-3-257x300.png 257w\" sizes=\"(max-width: 600px) 100vw, 600px\" \/><\/figure><\/div>\n\n\n\n<p>Rapha\u00ebl Enthoven affirme sans grandes preuves que d\u00e8s son arriv\u00e9e au pouvoir s&rsquo;il devenait pr\u00e9sident, Jean-Luc M\u00e9lenchon changerait la constitution pour s&rsquo;y instituer dictateur, <em>\u00ab\u00a0en faisant passer \u00e7a pour une r\u00e9publique populaire\u00a0\u00bb<\/em>. C&rsquo;est \u00e0 mon avis une vraie erreur d&rsquo;analyse, car quoi que l&rsquo;on pense de M\u00e9lenchon, il n&rsquo;est pas tout seul, et m\u00eame si son parti est constitu\u00e9 autour de sa candidature (que dire de Macron, alors ?), cette mouvance politique ne me semble pas franchement mue par un culte du chef qui permettrait de passer d&rsquo;une R\u00e9publique \u00e0 une dictature en un clin d&rsquo;\u0153il.<br>Au passage le philosophe avance aussi que sous un \u00e9ventuel r\u00e8gne de M\u00e9lenchon la libert\u00e9 acad\u00e9mique serait sacrifi\u00e9e au profit d&rsquo;id\u00e9ologies, je cite, \u00ab\u00a0d\u00e9coloniales\u00a0\u00bb et \u00ab\u00a0islamogauchistes\u00a0\u00bb. Mouvances qui, se hasarde-t-il \u00e0 dire, sont peut-\u00eatre d&rsquo;ores et d\u00e9j\u00e0 majoritaires \u00e0 l&rsquo;Universit\u00e9. Cette derni\u00e8re pr\u00e9cision est int\u00e9ressante : si les universitaires sont d\u00e9j\u00e0 conquis volontairement aux id\u00e9es qu&rsquo;il r\u00e9prouve, veut-il nous dire qu&rsquo;il compte sur le Rassemblement national pour y mettre bon ordre, et d\u00e9cider des opinions qui sont licites dans l&rsquo;enseignement sup\u00e9rieur ? L&rsquo;\u00e9pith\u00e8te \u00ab\u00a0Islamogauchiste\u00a0\u00bb <a href=\"https:\/\/hyperbate.fr\/castagne\/2019\/08\/20\/lattaque-des-clones\/\" data-type=\"post\" data-id=\"7366\">n&rsquo;a pas grand sens<\/a>, je suis s\u00fbr que ceux qui l&rsquo;utilisent comme arme de d\u00e9nigrement sont les premiers \u00e0 le savoir, mais le mot \u00ab\u00a0d\u00e9colonial\u00a0\u00bb est un peu plus concret, et souvent revendiqu\u00e9. Et pourquoi non ? De nombreuses tensions en France et dans le monde entier sont les cons\u00e9quences directes d&rsquo;un pass\u00e9 colonial r\u00e9cent, et y r\u00e9fl\u00e9chir ne sera jamais un luxe : des disciplines telles que l&rsquo;Histoire, l&rsquo;Anthropologie ou les sciences politiques ne peuvent faire autrement que d&rsquo;\u00e9tudier la question (post\/d\u00e9)-coloniale. Et au fait, quel serait le contraire de \u00ab\u00a0d\u00e9colonial\u00a0\u00bb ? Comment ne pas se rappeler, dans le dilemme propos\u00e9 par Enthoven, que le Front National est pr\u00e9cis\u00e9ment un parti issu du contexte post-colonial, avec ses nostalgiques de l&rsquo;Alg\u00e9rie Fran\u00e7aise, mais aussi avec son obsession de l&rsquo;immigration \u00e9conomique, elle aussi une cons\u00e9quence directe de la d\u00e9colonisation ?<\/p>\n\n\n\n<p>Sans doute que si on n&rsquo;est ni \u00e9tranger, ni noir, ni maghr\u00e9bin, ni musulman, ni femme, ni \u00e9cologiste, ni cycliste, ni militant pour la justice sociale, ni agent du service public, si on ne fait pas partie des cibles habituelles de l&rsquo;extr\u00eame-droite, quoi, alors l&rsquo;alternative propos\u00e9e doit \u00eatre presque \u00e9quivalente.<br>Et si en plus on est bourgeois, et que l&rsquo;on imagine que le but de la France Insoumise est d&rsquo;installer une dictature Chaviste en France<sup><a href=\"#footnote_3_9743\" id=\"identifier_3_9743\" class=\"footnote-link footnote-identifier-link\" title=\"&Agrave; ma connaissance M&eacute;lenchon a cess&eacute; de prendre v&eacute;ritablement Hogo Chavez pour r&eacute;f&eacute;rence bien avant la mort de ce dernier, en 2013&hellip; M&ecirc;me s&rsquo;il n&rsquo;est pas du genre &agrave; d&eacute;mordre publiquement des ses opinions sur commande, il me semble que cette r&eacute;f&eacute;rence est pass&eacute;e depuis longtemps et qu&rsquo;elle n&rsquo;est jamais revendiqu&eacute;e par des personnalit&eacute;s pro&eacute;minentes de la France Insoumise.\">3<\/a><\/sup>, comme les bourgeois de 1981 pensaient que l&rsquo;\u00e9lection de Mitterrand serait l&rsquo;occasion de voir les chars sovi\u00e9tiques envahir la place de la Concorde, l\u00e0, oui, on comprend qu&rsquo;il est une meilleure affaire de soutenir un parti qui promet l&rsquo;ordre \u00e0 un parti qui promet le changement. <em>\u00ab\u00a0Plut\u00f4t Hitler que le Front populaire, plut\u00f4t Hitler que Blum\u00a0\u00bb<\/em>, disaient les industriels des ann\u00e9es 1930. Ils ont eu Hitler. Ils ne l&rsquo;ont pas tous emport\u00e9 au Paradis.<\/p>\n\n\n\n<p><strong>Le cas M\u00e9lenchon<\/strong><\/p>\n\n\n\n<p>Enthoven dit <em>\u00ab\u00a0plut\u00f4t Trump que Chavez\u00a0\u00bb<\/em>, mais pour moi, M\u00e9lenchon tient bien plus de Trump que de Chavez. Car son plus gros d\u00e9faut c&rsquo;est que, comme Donald Trump, il n&rsquo;est pas franchement bon perdant.<br>M\u00e9lenchon avait par exemple tra\u00een\u00e9 des pieds lorsqu&rsquo;il s&rsquo;est agi d&rsquo;appeler explicitement \u00e0 voter contre Marine Le Pen au second tour de l&rsquo;\u00e9lection pr\u00e9sidentielle de 2017. Au passage, Rapha\u00ebl Enthoven, qui aujourd&rsquo;hui nous dit qu&rsquo;il voterait Le Pen contre M\u00e9lenchon, <a rel=\"noreferrer noopener\" href=\"https:\/\/twitter.com\/Enthoven_R\/status\/858715046158925824\" target=\"_blank\">reprochait \u00e0 M\u00e9lenchon de ne pas voter Macron contre Le Pen<\/a>. Oh, bien s\u00fbr, c&rsquo;\u00e9tait de la fiert\u00e9, de la part de M\u00e9lenchon : lancer un tel appel n&rsquo;aurait aucun effet sur les votes eux-m\u00eames, mais revenait \u00e0 baisser la t\u00eate en signe d&rsquo;all\u00e9geance, devant un programme pourtant aux antipodes du sien. Ensuite M\u00e9lenchon a insist\u00e9, rappelant continuellement qu&rsquo;il \u00e9tait pass\u00e9 \u00e0 un cheveu (600 000 voix, un gros cheveu, quand m\u00eame) du second tour<sup><a href=\"#footnote_4_9743\" id=\"identifier_4_9743\" class=\"footnote-link footnote-identifier-link\" title=\"Mais Fillon a &eacute;t&eacute; flou&eacute;, &agrave; coup de rocambolesques histoires de costume offert (et autres histoires un peu moins cousues de fil blanc) ; Hamon a &eacute;t&eacute; flou&eacute;, sabot&eacute; par son propre parti. M&ecirc;me s&rsquo;il a eu un cinqui&egrave;me des voix, M&eacute;lenchon n&rsquo;est arriv&eacute; que quatri&egrave;me.\">4<\/a><\/sup>, affirmant qu&rsquo;Emmanuel Macron l&rsquo;avait emport\u00e9 par ruse ou quelque chose du genre, et qu&rsquo;avec le peu de suffrages qu&rsquo;il avait obtenu au premier tour, et m\u00eame au second, il ne repr\u00e9sentait jamais qu&rsquo;un petit pourcentage des citoyens, ce dont l&rsquo;ampleur du mouvement des Gilets jaunes en est la preuve, etc.<br>Cette vision des choses souffre d&rsquo;un probl\u00e8me majeur : si Jean-Luc M\u00e9lenchon, Fran\u00e7ois Fillon ou Marine Le Pen l&rsquo;avaient emport\u00e9 d&rsquo;une courte t\u00eate, leur l\u00e9gitimit\u00e9 n&rsquo;aurait \u00e9t\u00e9 ni plus forte ni moins forte que celle d&rsquo;Emmanuel Macron aujourd&rsquo;hui. C&rsquo;est un probl\u00e8me terrible, d&rsquo;ailleurs : le pays est vraiment divis\u00e9, nous votons plus volontiers \u00ab\u00a0contre\u00a0\u00bb que \u00ab\u00a0pour\u00a0\u00bb, et j&rsquo;irais jusqu&rsquo;\u00e0 avancer que c&rsquo;est ce qui a permis l&rsquo;\u00e9lection de Macron : en 2017 il avait un peu moins d&rsquo;ennemis que ses concurrents. Au passage, M\u00e9lenchon feint d&rsquo;oublier que dans la foul\u00e9e de l&rsquo;\u00e9lection pr\u00e9sidentielle, les \u00e9lections l\u00e9gislatives ont nettement confirm\u00e9 le choix op\u00e9r\u00e9.<br>La seule l\u00e9gitimit\u00e9 qui vaille, la seule chose qui rend des \u00e9lections possibles, c&rsquo;est que tous acceptent les r\u00e8gles de d\u00e9part. Et en les contestant apr\u00e8s coup, M\u00e9lenchon ne rend service \u00e0 personne \u2014 c&rsquo;est l&rsquo;unique point sur lequel je peux rejoindre Enthoven \u2014, ni aux id\u00e9es qu&rsquo;il d\u00e9fend.<\/p>\n\n\n\n<p>Jean-Luc M\u00e9lenchon peut \u00eatre tr\u00e8s bon orateur, tr\u00e8s bon politique. Je me souviens d&rsquo;une conf\u00e9rence assez longue qu&rsquo;il avait donn\u00e9e devant des \u00e9tudiants avant les derni\u00e8res \u00e9lections pr\u00e9sidentielles. Il y expliquait parfaitement son programme, avec m\u00e9thode et p\u00e9dagogie, de mani\u00e8re rationnelle \u2014 nul coup de sang, ni recours \u00e0 l&rsquo;\u00e9motion ou autre facilit\u00e9 \u2014, en passant en revue une quantit\u00e9 extravagante de grands sujets, inscrits dans une perspective historique tr\u00e8s pr\u00e9cise. Il \u00e9tait bon. Et un d\u00e9tail m&rsquo;avait marqu\u00e9 : il s&rsquo;excusait d&rsquo;\u00eatre de sexe masculin, et disait que la prochaine fois, c&rsquo;est \u00e0 dire en 2022, il faudrait que ce soit une femme qui se pr\u00e9sente, et pas lui. Que pour lui, c&rsquo;\u00e9tait la derni\u00e8re fois, que les choses se pr\u00e9sentaient comme \u00e7a cette fois, mais que \u00e7a devait changer \u00e0 l&rsquo;avenir. C&rsquo;\u00e9tait un proposition louable \u00e0 la fois pour son f\u00e9minisme, mais aussi parce que le fondateur des Insoumis acceptait que les id\u00e9es de son parti soient port\u00e9es par quelqu&rsquo;un d&rsquo;autre que lui-m\u00eame. C&rsquo;\u00e9tait bien, mais c&rsquo;\u00e9tait faux, tout comme son projet de remettre en cause le caract\u00e8re monarchique de la pr\u00e9sidence, sans doute, car tout bien r\u00e9fl\u00e9chi, il ne semble toujours voir personne d&rsquo;autre que lui-m\u00eame qui soit plus \u00e0 m\u00eame de devenir pr\u00e9sident. Il ne semble pas avoir encourag\u00e9 les parcours de potentiels pr\u00e9sidentiables au sein de son parti \u2014 une candidature, \u00e7a se construit sur la dur\u00e9e \u2014, et ceux qui l&rsquo;ont s&rsquo;en sont d\u00e9tourn\u00e9s disent qu&rsquo;il prend assez mal les remises en cause en interne de sa strat\u00e9gie. <\/p>\n\n\n\n<p>Tout \u00e7a est bien dommage, mais Jean-Luc M\u00e9lenchon n&rsquo;est qu&rsquo;une personne, pas un groupe politique, pas un parti, pas un programme. Et quoi qu&rsquo;on pense des personnes qui les incarnent<sup><a href=\"#footnote_5_9743\" id=\"identifier_5_9743\" class=\"footnote-link footnote-identifier-link\" title=\"Et Marine Le Pen, au fait, qui est-ce ? En y r&eacute;fl&eacute;chissant, je vois une survivante, une femme qui est parvenue &agrave; s&rsquo;imposer dans un parti masculiniste, une &laquo;&nbsp;fille de&nbsp;&raquo; qui est parvenue &agrave; en remontrer &agrave; son p&egrave;re. Reste que le parti dont elle a h&eacute;rit&eacute; porte des valeurs m&eacute;prisables &mdash; repli sur soi (un soi imaginaire) et peur des autres (des autres imaginaires). Rien &agrave; sauver ici.\">5<\/a><\/sup>, les programmes des diff\u00e9rents groupes politiques ne sont pas franchement interchangeables : <\/p>\n\n\n\n<figure class=\"wp-block-image size-large\"><a href=\"https:\/\/hyperbate.fr\/castagne\/?attachment_id=9768\"><img decoding=\"async\" width=\"1200\" height=\"849\" src=\"https:\/\/hyperbate.fr\/castagne\/files\/2021\/06\/image-4.png\" alt=\"\" class=\"wp-image-9768\" srcset=\"https:\/\/hyperbate.fr\/castagne\/files\/2021\/06\/image-4.png 1200w, https:\/\/hyperbate.fr\/castagne\/files\/2021\/06\/image-4-300x212.png 300w, https:\/\/hyperbate.fr\/castagne\/files\/2021\/06\/image-4-768x543.png 768w, https:\/\/hyperbate.fr\/castagne\/files\/2021\/06\/image-4-624x441.png 624w\" sizes=\"(max-width: 1200px) 100vw, 1200px\" \/><\/a><figcaption>Dans ma bo\u00eete-aux-lettres, les tracts pour les \u00e9lections r\u00e9gionales&#8230;<\/figcaption><\/figure>\n\n\n\n<p>Le Front National<sup><a href=\"#footnote_6_9743\" id=\"identifier_6_9743\" class=\"footnote-link footnote-identifier-link\" title=\"Le Front National a &eacute;t&eacute; renomm&eacute; &laquo;&nbsp;Rassemblement national&nbsp;&raquo;, mais c&rsquo;est le m&ecirc;me parti.\">6<\/a><\/sup> promet de l&rsquo;autorit\u00e9 et du patriotisme. Quoique \u00e7a veuille dire. Il promet des trains propres et \u00e0 l&rsquo;heure<sup><a href=\"#footnote_7_9743\" id=\"identifier_7_9743\" class=\"footnote-link footnote-identifier-link\" title=\"Dr&ocirc;le de r&eacute;f&eacute;rence, on conna&icirc;t la vieille propagande qui affirme que &laquo;&nbsp;Au moins sous Mussolini les trains arrivaient &agrave; l&rsquo;heure&nbsp;&raquo; &mdash; ce qui, au passage, est une r&eacute;putation infond&eacute;e !\">7<\/a><\/sup>, moins d&rsquo;imp\u00f4ts, et une lutte contre l&rsquo;islamisme pour prot\u00e9ger \u00ab\u00a0notre culture\u00a0\u00bb et \u00ab\u00a0notre cadre de vie\u00a0\u00bb. Quoi que \u00e7a veuille dire.<br>De son c\u00f4t\u00e9, le programme de la France Insoumise et des ses soutiens (Parti Communiste, Ensemble! ) est un peu plus concret : emploi, logement, culture, \u00e9ducation, social&#8230; Je ne sais pas dans quelle mesure ce programme est susceptible d&rsquo;\u00eatre tenu, mais au moins c&rsquo;est un programme, il para\u00eet tourn\u00e9 vers l&rsquo;int\u00e9r\u00eat public et ne manque pas d&rsquo;ambition.<br>La comparaison me semble vite vue.<\/p>\n\n\n\n<p>Que Rapha\u00ebl Enthoven ne voie pas la diff\u00e9rence, qu&rsquo;il ram\u00e8ne tout \u00e0 la question du temp\u00e9rament des personnes, qu&rsquo;il n\u00e9glige non seulement les propositions de chaque camp, mais aussi leur Histoire, les propos de leurs cadres et de leurs militants, est plut\u00f4t inqui\u00e9tant.<\/p>\n<ol class=\"footnotes\"><li id=\"footnote_1_9743\" class=\"footnote\">M\u00e9lenchon n&rsquo;\u00e9tait pas seul \u00e0 d\u00e9filer contre l&rsquo;Islamophobie en novembre 2019 : l&rsquo;appel avait \u00e9t\u00e9 sign\u00e9 par de nombreuses personnalit\u00e9s du monde politique, associatif, acad\u00e9mique, journalistique,&#8230; On peut le lire ici. <span class=\"footnote-back-link-wrapper\"> [<a href=\"#identifier_1_9743\" class=\"footnote-link footnote-back-link\">&#8617;<\/a>]<\/span><\/li><li id=\"footnote_2_9743\" class=\"footnote\">Les philosophes aiment faire parler les morts pour faire dire ceux-ci qu&rsquo;ils \u00e9taient d&rsquo;accord avec eux. Ici c&rsquo;est Vladimir Jank\u00e9l\u00e9vitch, \u00ab\u00a0le marcheur infatigable de la gauche\u00a0\u00bb, <a rel=\"noreferrer noopener\" href=\"https:\/\/twitter.com\/Enthoven_R\/status\/1401983285568417793\" target=\"_blank\">qui est appel\u00e9 \u00e0 la rescousse<\/a> : <em>\u00ab\u00a0Mais comme dit Jank\u00e9l\u00e9vitch, \u00ab on ne fait jamais assez de bien, et toujours le mal une fois de trop. \u00bb Que nous importe que @JLMelenchon ait \u00e9t\u00e9 r\u00e9publicain, puisqu\u2019il ne l\u2019est plus ?\u00a0\u00bb<\/em>. <span class=\"footnote-back-link-wrapper\"> [<a href=\"#identifier_2_9743\" class=\"footnote-link footnote-back-link\">&#8617;<\/a>]<\/span><\/li><li id=\"footnote_3_9743\" class=\"footnote\">\u00c0 ma connaissance M\u00e9lenchon a cess\u00e9 de prendre v\u00e9ritablement Hogo Chavez pour r\u00e9f\u00e9rence bien avant la mort de ce dernier, en 2013&#8230; M\u00eame s&rsquo;il n&rsquo;est pas du genre \u00e0 d\u00e9mordre publiquement des ses opinions sur commande, il me semble que cette r\u00e9f\u00e9rence est pass\u00e9e depuis longtemps et qu&rsquo;elle n&rsquo;est jamais revendiqu\u00e9e par des personnalit\u00e9s pro\u00e9minentes de la France Insoumise. <span class=\"footnote-back-link-wrapper\"> [<a href=\"#identifier_3_9743\" class=\"footnote-link footnote-back-link\">&#8617;<\/a>]<\/span><\/li><li id=\"footnote_4_9743\" class=\"footnote\">Mais Fillon a \u00e9t\u00e9 flou\u00e9, \u00e0 coup de rocambolesques histoires de costume offert (et autres histoires un peu moins cousues de fil blanc) ; Hamon a \u00e9t\u00e9 flou\u00e9, sabot\u00e9 par son propre parti. M\u00eame s&rsquo;il a eu un cinqui\u00e8me des voix, M\u00e9lenchon n&rsquo;est arriv\u00e9 que quatri\u00e8me. <span class=\"footnote-back-link-wrapper\"> [<a href=\"#identifier_4_9743\" class=\"footnote-link footnote-back-link\">&#8617;<\/a>]<\/span><\/li><li id=\"footnote_5_9743\" class=\"footnote\">Et Marine Le Pen, au fait, qui est-ce ? En y r\u00e9fl\u00e9chissant, je vois une survivante, une femme qui est parvenue \u00e0 s&rsquo;imposer dans un parti masculiniste, une \u00ab\u00a0fille de\u00a0\u00bb qui est parvenue \u00e0 en remontrer \u00e0 son p\u00e8re. Reste que le parti dont elle a h\u00e9rit\u00e9 porte des valeurs m\u00e9prisables \u2014 repli sur soi (un soi imaginaire) et peur des autres (des autres imaginaires). Rien \u00e0 sauver ici. <span class=\"footnote-back-link-wrapper\"> [<a href=\"#identifier_5_9743\" class=\"footnote-link footnote-back-link\">&#8617;<\/a>]<\/span><\/li><li id=\"footnote_6_9743\" class=\"footnote\">Le Front National a \u00e9t\u00e9 renomm\u00e9 \u00ab\u00a0Rassemblement national\u00a0\u00bb, mais c&rsquo;est le m\u00eame parti. <span class=\"footnote-back-link-wrapper\"> [<a href=\"#identifier_6_9743\" class=\"footnote-link footnote-back-link\">&#8617;<\/a>]<\/span><\/li><li id=\"footnote_7_9743\" class=\"footnote\">Dr\u00f4le de r\u00e9f\u00e9rence, on conna\u00eet la vieille propagande qui affirme que <em>\u00ab\u00a0Au moins sous Mussolini les trains arrivaient \u00e0 l&rsquo;heure\u00a0\u00bb<\/em> \u2014 ce qui, au passage, est <a rel=\"noreferrer noopener\" href=\"https:\/\/www.independent.co.uk\/voices\/rear-window-making-italy-work-did-mussolini-really-get-trains-running-time-1367688.html\" target=\"_blank\">une r\u00e9putation infond\u00e9e<\/a> ! <span class=\"footnote-back-link-wrapper\"> [<a href=\"#identifier_7_9743\" class=\"footnote-link footnote-back-link\">&#8617;<\/a>]<\/span><\/li><\/ol>","protected":false},"excerpt":{"rendered":"<p>S&rsquo;il voulait faire causer les causeurs, c&rsquo;est r\u00e9ussi. Dans un fil sur Twitter, le philosophe m\u00e9diatique Rapha\u00ebl Enthoven s&rsquo;est pos\u00e9 la question de ce qu&rsquo;il voterait \u00e0 l&rsquo;\u00e9lection pr\u00e9sidentielle s&rsquo;il \u00e9tait amen\u00e9 \u00e0 choisir entre Marine Le Pen et Jean-Luc M\u00e9lenchon, deux personnalit\u00e9s qu&rsquo;il qualifie avec une certaine l\u00e9g\u00e8ret\u00e9 de \u00ab\u00a0Peste\u00a0\u00bb. Peste brune pour la [&hellip;]<\/p>\n","protected":false},"author":1,"featured_media":0,"comment_status":"open","ping_status":"open","sticky":false,"template":"","format":"standard","meta":{"footnotes":""},"categories":[7,5],"tags":[],"class_list":["post-9743","post","type-post","status-publish","format-standard","hentry","category-democratie","category-identites"],"_links":{"self":[{"href":"https:\/\/hyperbate.fr\/castagne\/wp-json\/wp\/v2\/posts\/9743","targetHints":{"allow":["GET"]}}],"collection":[{"href":"https:\/\/hyperbate.fr\/castagne\/wp-json\/wp\/v2\/posts"}],"about":[{"href":"https:\/\/hyperbate.fr\/castagne\/wp-json\/wp\/v2\/types\/post"}],"author":[{"embeddable":true,"href":"https:\/\/hyperbate.fr\/castagne\/wp-json\/wp\/v2\/users\/1"}],"replies":[{"embeddable":true,"href":"https:\/\/hyperbate.fr\/castagne\/wp-json\/wp\/v2\/comments?post=9743"}],"version-history":[{"count":3,"href":"https:\/\/hyperbate.fr\/castagne\/wp-json\/wp\/v2\/posts\/9743\/revisions"}],"predecessor-version":[{"id":9925,"href":"https:\/\/hyperbate.fr\/castagne\/wp-json\/wp\/v2\/posts\/9743\/revisions\/9925"}],"wp:attachment":[{"href":"https:\/\/hyperbate.fr\/castagne\/wp-json\/wp\/v2\/media?parent=9743"}],"wp:term":[{"taxonomy":"category","embeddable":true,"href":"https:\/\/hyperbate.fr\/castagne\/wp-json\/wp\/v2\/categories?post=9743"},{"taxonomy":"post_tag","embeddable":true,"href":"https:\/\/hyperbate.fr\/castagne\/wp-json\/wp\/v2\/tags?post=9743"}],"curies":[{"name":"wp","href":"https:\/\/api.w.org\/{rel}","templated":true}]}}