{"id":9094,"date":"2020-10-28T10:52:02","date_gmt":"2020-10-28T09:52:02","guid":{"rendered":"http:\/\/hyperbate.fr\/castagne\/?p=9094"},"modified":"2024-01-06T10:52:52","modified_gmt":"2024-01-06T09:52:52","slug":"cest-dur-detre-aime","status":"publish","type":"post","link":"https:\/\/hyperbate.fr\/castagne\/2020\/10\/28\/cest-dur-detre-aime\/","title":{"rendered":"C&rsquo;est dur d&rsquo;\u00eatre aim\u00e9"},"content":{"rendered":"\n<p><em>(Pour ceux qui liront cet article longtemps apr\u00e8s sa publication, je rappelle le contexte : Robert M\u00e9nard, maire de B\u00e9ziers et proche (quoique non encart\u00e9) du Rassemblent National, a utilis\u00e9 une ancienne couverture de Charlie Hebdo en hommage \u00e0 Samuel Paty<sup><a href=\"#footnote_1_9094\" id=\"identifier_1_9094\" class=\"footnote-link footnote-identifier-link\" title=\"Samuel Paty &eacute;tait professeur d&rsquo;histoire &agrave; Conflans-sainte-Honorine. Il a &eacute;t&eacute; d&eacute;capit&eacute; pour avoir montr&eacute; &agrave; ses &eacute;l&egrave;ves deux dessins repr&eacute;sentant Mahomet. Un parent d&rsquo;&eacute;l&egrave;ve avait racont&eacute; que les &eacute;l&egrave;ves musulmans avaient &eacute;t&eacute; somm&eacute;s de sortir au moment de la projection d&rsquo;une image destin&eacute;e &agrave; les choquer. Le r&eacute;cit de sa fille, qu&rsquo;il r&eacute;p&eacute;tait, s&rsquo;est av&eacute;r&eacute; faux, puisqu&rsquo;elle n&rsquo;avait pas assist&eacute; au cours en question, mais l&rsquo;affaire, mont&eacute;e en &eacute;pingle sur les r&eacute;seaux sociaux, a fini par amener un russe tch&eacute;tch&egrave;ne &agrave; commettre le meurtre.\">1<\/a><\/sup>. Pour Charlie Hebdo, qui a une vieille tradition de lutte contre l&rsquo;extr\u00eame-droite, c&rsquo;est dur \u00e0 avaler.)<\/em><\/p>\n\n\n\n<p>La controverse qui oppose Charlie Hebdo \u00e0 Robert M\u00e9nard est au fond assez int\u00e9ressante. Certes, Cabu serait sans doute r\u00e9volt\u00e9 d&rsquo;apprendre qu&rsquo;un de ses dessins est utilis\u00e9 par une municipalit\u00e9 d&rsquo;extr\u00eame-droite, qui repr\u00e9sente tout ce contre quoi il a lutt\u00e9 tout au long de sa carri\u00e8re \u2014 on est \u00e0 la limite de la provocation.<\/p>\n\n\n<div class=\"wp-block-image is-resized\">\n<figure class=\"aligncenter\"><img decoding=\"async\" width=\"640\" height=\"550\" src=\"files\/2020\/10\/robert_menard_hommage_1318902152530661376.png\" alt=\"\" class=\"wp-image-9097\" srcset=\"https:\/\/hyperbate.fr\/castagne\/files\/2020\/10\/robert_menard_hommage_1318902152530661376.png 640w, https:\/\/hyperbate.fr\/castagne\/files\/2020\/10\/robert_menard_hommage_1318902152530661376-300x258.png 300w, https:\/\/hyperbate.fr\/castagne\/files\/2020\/10\/robert_menard_hommage_1318902152530661376-624x536.png 624w\" sizes=\"(max-width: 640px) 100vw, 640px\" \/><\/figure>\n<\/div>\n\n\n<p>Chez <em>Charlie Hebdo<\/em>, on qualifie cette r\u00e9cup\u00e9ration de \u00ab\u00a0d\u00e9tournement\u00a0\u00bb, comme si le message originel \u00e9tait perverti et que l&rsquo;on faisait dire \u00e0 Cabu autre chose que ce qu&rsquo;il a voulu dire.<br>Mais \u00e7a ne me semble pas \u00e9vident. Le slogan ajout\u00e9 sur l&rsquo;affiche (<em>\u00ab\u202fNon au terrorisme islamiste !\u202f\u00bb<\/em>), ne s&rsquo;en prend toujours qu&rsquo;aux seuls terroristes et donc, reste conforme au propos de Cabu tel qu&rsquo;analys\u00e9 par la r\u00e9daction de Charlie Hebdo :  <em>\u00ab\u00a0il vise seulement les int\u00e9gristes\u00a0\u00bb.<\/em><\/p>\n\n\n<div class=\"wp-block-image is-resized\">\n<figure class=\"aligncenter\"><img decoding=\"async\" width=\"792\" height=\"792\" src=\"files\/2020\/10\/c_est_dur_d_etre_aime_1319266277123366924.png\" alt=\"\" class=\"wp-image-9095\" srcset=\"https:\/\/hyperbate.fr\/castagne\/files\/2020\/10\/c_est_dur_d_etre_aime_1319266277123366924.png 792w, https:\/\/hyperbate.fr\/castagne\/files\/2020\/10\/c_est_dur_d_etre_aime_1319266277123366924-150x150.png 150w, https:\/\/hyperbate.fr\/castagne\/files\/2020\/10\/c_est_dur_d_etre_aime_1319266277123366924-300x300.png 300w, https:\/\/hyperbate.fr\/castagne\/files\/2020\/10\/c_est_dur_d_etre_aime_1319266277123366924-768x768.png 768w, https:\/\/hyperbate.fr\/castagne\/files\/2020\/10\/c_est_dur_d_etre_aime_1319266277123366924-624x624.png 624w\" sizes=\"(max-width: 792px) 100vw, 792px\" \/><figcaption class=\"wp-element-caption\">la r\u00e9ponse de Charlie, sur Twitter. <\/figcaption><\/figure>\n<\/div>\n\n\n<p>En fait, le slogan ajout\u00e9 renforce plut\u00f4t le propos et, en tout cas, permet de lever toute ambigu\u00eft\u00e9 \u00e0 son sujet\u202f: c&rsquo;est bien le fait d&rsquo;\u00eatre aim\u00e9 par les int\u00e9gristes qui fait pleurer le Mahomet dessin\u00e9 par Cabu. L&rsquo;affirmation <em>\u00ab Lire un dessin de presse, \u00e7a s&rsquo;apprend, \u00e7a ne se d\u00e9tourne pas \u00bb <\/em>(phrase s\u00e9mantiquement bancale, non ?) est donc \u00e9nonc\u00e9e en fonction d&rsquo;une accusation injuste\u202f: l&rsquo;interpr\u00e9tation du dessin est strictement la m\u00eame \u00e0 B\u00e9ziers qu&rsquo;\u00e0 Paris.<\/p>\n\n\n\n<p>Ce qui fait mal, ce n&rsquo;est donc pas la question d&rsquo;une mauvaise interpr\u00e9tation du sens du dessin ou d&rsquo;une alt\u00e9ration de son propos, c&rsquo;est le contexte de cette diffusion. Si ces m\u00eames affiches, sans rien changer, avaient \u00e9t\u00e9 placard\u00e9es dans une municipalit\u00e9 d&rsquo;un bord plus respectable, la r\u00e9ponse aurait \u00e9t\u00e9 diff\u00e9rente. Pour preuve, le m\u00eame jour exactement, des militantes f\u00e9ministes qui avaient \u00e9t\u00e9 arr\u00eat\u00e9es pour avoir pratiqu\u00e9 l&rsquo;affichage sauvage d&rsquo;un dessins de Charb avaient \u00e9t\u00e9 d\u00e9fendues par Charlie Hebdo<sup><a href=\"#footnote_2_9094\" id=\"identifier_2_9094\" class=\"footnote-link footnote-identifier-link\" title=\"&Agrave; lire sur le site de Charlie Hebdo : Le flic nous a dit : &laquo; C&rsquo;est un d&eacute;lit, vous n&rsquo;avez pas le droit de critiquer la religion. &raquo;, 21 octobre 2020.\">2<\/a><\/sup>.<\/p>\n\n\n<div class=\"wp-block-image is-resized\">\n<figure class=\"aligncenter\"><img decoding=\"async\" width=\"792\" height=\"694\" src=\"files\/2020\/10\/c_est_dur_d_etre_aime_par_beziers.jpg\" alt=\"\" class=\"wp-image-9096\" srcset=\"https:\/\/hyperbate.fr\/castagne\/files\/2020\/10\/c_est_dur_d_etre_aime_par_beziers.jpg 792w, https:\/\/hyperbate.fr\/castagne\/files\/2020\/10\/c_est_dur_d_etre_aime_par_beziers-300x263.jpg 300w, https:\/\/hyperbate.fr\/castagne\/files\/2020\/10\/c_est_dur_d_etre_aime_par_beziers-768x673.jpg 768w, https:\/\/hyperbate.fr\/castagne\/files\/2020\/10\/c_est_dur_d_etre_aime_par_beziers-624x547.jpg 624w\" sizes=\"(max-width: 792px) 100vw, 792px\" \/><\/figure>\n<\/div>\n\n\n<p>J&rsquo;ignore si M\u00e9nard a pris un plaisir pervers \u00e0 afficher sa compatibilit\u00e9 avec un dessin issu d&rsquo;un journal qui a nagu\u00e8re tent\u00e9 de faire interdire le parti qui le soutient, mais aussi horrible que \u00e7a soit de l&rsquo;admettre, si d\u00e9tournement il y a, celui ci n&rsquo;est pas dans le message et, sauf au chapitre du droit d&rsquo;auteur, qui permettrait sans doute de p\u00e9naliser cette campagne d&rsquo;affichage, je dirais (d\u00e9sol\u00e9) que (je suis vraiment d\u00e9sol\u00e9) Robert M\u00e9nard est (argh) autant dans son droit que les mille et une autres personnes qui placardent des dessins issus de Charlie en hommage \u00e0 ses morts ou \u00e0 la libert\u00e9 d&rsquo;expression.<br>Le probl\u00e8me de l&rsquo;affichage par Robert M\u00e9nard n&rsquo;est donc pas ce qu&rsquo;il fait dire aux affiches, c&rsquo;est qu&rsquo;il soit Robert M\u00e9nard et que son aura politique, les opinions et les intentions dont il est soup\u00e7onn\u00e9, influenceront la lecture de l&rsquo;image par le public. <\/p>\n\n\n<div class=\"wp-block-image is-resized\">\n<figure class=\"aligncenter\"><img decoding=\"async\" width=\"792\" height=\"1090\" src=\"files\/2020\/10\/erdogan_messiha_1321162375798599684.png\" alt=\"\" class=\"wp-image-9108\" srcset=\"https:\/\/hyperbate.fr\/castagne\/files\/2020\/10\/erdogan_messiha_1321162375798599684.png 792w, https:\/\/hyperbate.fr\/castagne\/files\/2020\/10\/erdogan_messiha_1321162375798599684-218x300.png 218w, https:\/\/hyperbate.fr\/castagne\/files\/2020\/10\/erdogan_messiha_1321162375798599684-768x1057.png 768w, https:\/\/hyperbate.fr\/castagne\/files\/2020\/10\/erdogan_messiha_1321162375798599684-624x859.png 624w\" sizes=\"(max-width: 792px) 100vw, 792px\" \/><figcaption class=\"wp-element-caption\"> <br>La r\u00e9cup\u00e9ration par Jean Messiha, cadre du Rassemblement national, est nettement moins justifiable et rel\u00e8ve du d\u00e9tournement puisqu&rsquo;il voir en Charlie Hebdo un <em>\u00ab\u00a0\u00e9tendard identitaire de la France\u00a0\u00bb<\/em> \u00e0 la suite de la publication de cette \u00ab\u00a0une\u00a0\u00bb qui raille le pr\u00e9sident turc Erdo\u011fan apr\u00e8s que ce dernier ait demand\u00e9 \u00e0 ses compatriotes de boycotter les produits fran\u00e7ais en repr\u00e9sailles du soutien affirm\u00e9 d&rsquo;Emmanuel Macron au droit \u00e0 la caricature. <\/figcaption><\/figure>\n<\/div>\n\n\n<p>Pour qui s&rsquo;int\u00e9resse un peu \u00e0 l&rsquo;image, \u00e7a ne constituera pas un scoop, mais pour les autres, ce sera peut-\u00eatre l&rsquo;occasion d&rsquo;une r\u00e9v\u00e9lation : d\u00e9couvrir qu&rsquo;une image n&rsquo;existe pas par elle-m\u00eame, qu&rsquo;elle s&rsquo;inscrit dans un contexte, une <em>\u00ab\u00a0\u00e9cologie des images\u00a0\u00bb<\/em>, pour reprendre la formule d&rsquo;Ernst Gombrich. Ce contexte va des conditions de la cr\u00e9ation de l&rsquo;image (intentions de l&rsquo;auteur, clart\u00e9 du message, actualit\u00e9 dans laquelle s&rsquo;inscrit le propos,&#8230;) aux modalit\u00e9s de sa diffusion (r\u00e9putation du support \u00e9ditorial, moment de la publication, contenus attenants,&#8230;), et tout cela aura une influence sur sa r\u00e9ception et d\u00e9terminera le sens qu&rsquo;on en tire. Une caricature antis\u00e9mite est r\u00e9voltante sur un tract politique, mais la m\u00eame sera tout \u00e0 fait \u00e0 sa place dans une exposition consacr\u00e9e \u00e0 l&rsquo;Occupation.  La r\u00e9ception de l&rsquo;image elle-m\u00eame constitue un contexte : \u00e0 qui est destin\u00e9e l&rsquo;image, quelles personnes sont pr\u00eates \u00e0 comprendre ou accepter l&rsquo;image ? Avoir des \u00e9changes de point de vue sur la la\u00efcit\u00e9 avec des musulmans qui s&rsquo;affirment offens\u00e9s en France est une chose, mais comment faire lorsque cette m\u00eame image touche des gens qui vivent loin d&rsquo;ici ? Quand elle touche des gens qui d&rsquo;ailleurs ne verront pas cette image et ne feront qu&rsquo;en entendre parler ? Comment expliquer la diversit\u00e9 d&rsquo;opinions \u00e0 des gens qui n&rsquo;ont exp\u00e9riment\u00e9 comme mode de gouvernement que des dictatures et qui ne pourront de toute fa\u00e7on jamais entendre le propos, non seulement par m\u00e9connaissance de la philosophie des Lumi\u00e8res, par manque de familiarit\u00e9 avec l&rsquo;Histoire fran\u00e7aise de la libert\u00e9 de la presse et de la la\u00efcit\u00e9, mais aussi parce que, de toute fa\u00e7on, l&rsquo;argumentaire \u00e0 ce sujet n&rsquo;arrivera pas jusqu&rsquo;\u00e0 eux ?<sup><a href=\"#footnote_3_9094\" id=\"identifier_3_9094\" class=\"footnote-link footnote-identifier-link\" title=\"Rappelons que le parent d&rsquo;&eacute;l&egrave;ve de Conflans-sainte-Honorine a publi&eacute; une vid&eacute;o o&ugrave; il racontait qu&rsquo;on avait fait sortir les musulmans de classe pour leur montrer &laquo;&nbsp;une photo d&rsquo;un homme nu&nbsp;&raquo; (?), cens&eacute;e &ecirc;tre le proph&egrave;te, chose que lui avait d&eacute;crit sa fille qui elle-m&ecirc;me n&rsquo;y &eacute;tait pas et se l&rsquo;&eacute;tait fait raconter par d&rsquo;autres&hellip; Pas besoin d&rsquo;aller tr&egrave;s loin pour que l&rsquo;&eacute;valuation juste des faits soit possible.\">3<\/a><\/sup> Que leur exp\u00e9rience de la caricature est bien diff\u00e9rente ? Dans les pays qui connaissent des guerres li\u00e9es \u00e0 l&rsquo;ethnie ou \u00e0 la religion, la caricature n&rsquo;est pas un innocent d\u00e9fouloir, c&rsquo;est parfois le pr\u00e9misse d&rsquo;un massacre. Ce fut le cas par exemple pour le g\u00e9nocide de la population Tutsi au Rwanda. Comment emp\u00eacher des gens qui ont le souvenir encore vif de ces \u00e9v\u00e9nements de lire ce qu&rsquo;ils ressentent comme des attaques de leur personne avec une m\u00eame grille d&rsquo;interpr\u00e9tation ?<sup><a href=\"#footnote_4_9094\" id=\"identifier_4_9094\" class=\"footnote-link footnote-identifier-link\" title=\"Et non, critiquer une religion n&rsquo;est pas juste critiquer une opinion, car m&ecirc;me si c&rsquo;est l&rsquo;intention de d&eacute;part et m&ecirc;me si elle est philosophiquement l&eacute;gitime, le r&eacute;sultat est que ce sont les croyants qui se sentent vis&eacute;s. Et dans bien des endroits du monde, la confession religieuse se confond avec une identit&eacute; plus g&eacute;n&eacute;rale (famille, ethnie, nation) dans laquelle on est n&eacute;&hellip;\">4<\/a><\/sup>. Tout b\u00eatement, comment expliquer, au del\u00e0 des fronti\u00e8res fran\u00e7aises, l&rsquo;innocuit\u00e9 de l&rsquo;esprit \u00ab\u00a0B\u00eate et m\u00e9chant\u00a0\u00bb ?<\/p>\n\n\n<div class=\"wp-block-image is-resized\">\n<figure class=\"aligncenter\"><img decoding=\"async\" width=\"640\" height=\"360\" src=\"files\/2020\/10\/hutu_tutsi.png\" alt=\"\" class=\"wp-image-9118\" srcset=\"https:\/\/hyperbate.fr\/castagne\/files\/2020\/10\/hutu_tutsi.png 640w, https:\/\/hyperbate.fr\/castagne\/files\/2020\/10\/hutu_tutsi-300x169.png 300w, https:\/\/hyperbate.fr\/castagne\/files\/2020\/10\/hutu_tutsi-624x351.png 624w\" sizes=\"(max-width: 640px) 100vw, 640px\" \/><figcaption class=\"wp-element-caption\">Dans certains pays on sait que la caricature peut \u00eatre annonciateur et peut-\u00eatre vecteur, instrument de massacres \u00e0 venir. Nous ne l&rsquo;avons d&rsquo;ailleurs pas oubli\u00e9 ici dans le cas des caricatures antis\u00e9mites. l&rsquo;image est issue de <em>Rwanda. Les m\u00e9dias du g\u00e9nocide, 2000 , ouvrage dirig\u00e9 par J.-P. Chr\u00e9tien, \u00e9d. Karthala.<\/em><\/figcaption><\/figure>\n<\/div>\n\n\n<p>Notre monde a beaucoup chang\u00e9 : je ne sais pas si le battement d&rsquo;ailes d&rsquo;un papillon peut provoquer un ouragan aux antipodes, mais il peut d\u00e9sormais \u00eatre partag\u00e9 des millions de fois sur Facebook et Youtube, et \u00eatre comment\u00e9 \u00e0 l&rsquo;infini. Alors est-ce que pour Charlie Hebdo, tout peut continuer comme avant ? Est-ce qu&rsquo;on peut croire \u00eatre une feuille de chou de d\u00e9conneurs parisiens qui  font marrer leur public en se d\u00e9foulant sur Giscard et Lecanuet quand les dessins qu&rsquo;on produit ne seront jamais montr\u00e9s en Mauritanie ou au Niger, mais y seront comment\u00e9s par des gens qui n&rsquo;ont aucune id\u00e9e de ce qu&rsquo;ils signifient ici, et verront ces discussions provoquer des drames<sup><a href=\"#footnote_5_9094\" id=\"identifier_5_9094\" class=\"footnote-link footnote-identifier-link\" title=\"Au Niger en 2015, un centre culturel fran&ccedil;ais incendi&eacute; et plusieurs morts, dans plein de pays le personnel diplomatique fran&ccedil;ais caillass&eacute;, menac&eacute; ; etc.\">5<\/a><\/sup> ? M\u00eame ici, du reste, le nombre de gens qui ont une opinion, favorable ou d\u00e9favorable, sur Charlie Hebdo, exc\u00e8de de loin le nombre de ses lecteurs, voire m\u00eame le nombre des gens qui ont d\u00e9j\u00e0 tenu le journal entre les mains ne serait-ce qu&rsquo;une fois. Sans doute est-il, dans les faits, impossible de continuer comme avant.<br>Je lis souvent Charlie Hebdo, pour voir o\u00f9 \u00e7a va, et je remarque que les textes sont s\u00e9rieux et se prennent au s\u00e9rieux, et que les dessins sont, pour l&rsquo;essentiel, tristes \u00e0 pleurer, enfin presque jamais dr\u00f4les, et on sait pourquoi, \u00e9videmment : ce journal est en deuil, sous pression, attaqu\u00e9 \u2014 et plus d&rsquo;un lecteur en diagonale m&rsquo;associera \u00e0 ceux qui l&rsquo;attaquent, bien s\u00fbr. Je suis toujours frapp\u00e9 par le caract\u00e8re tr\u00e8s insensible des dessins de Riss, aussi. La semaine derni\u00e8re, un prof a \u00e9t\u00e9 d\u00e9capit\u00e9 parce qu&rsquo;il a montr\u00e9 deux dessins issus de Charlie. Dans le num\u00e9ro de la semaine, \u00e7a rigole sur la d\u00e9capitation et sur les tch\u00e9tch\u00e8nes qui ont du mal \u00e0 apprendre le fran\u00e7ais, il y a quatre pages sp\u00e9ciales pour nous dire que tuer des gens pour des dessins, c&rsquo;est pas bien, pour dire que la libert\u00e9 d&rsquo;expression, c&rsquo;est bien, pour taper sur la partie de la gauche qui refuse de stigmatiser les musulmans&#8230; Mais, sauf erreur d&rsquo;inattention, je n&rsquo;ai vu nul rappel du fait que ce sont deux dessins venus du journal pour lesquels ce pauvre homme est mort. Non que Charlie e\u00fbt \u00e0 se reprocher quoi que ce soit, le seul coupable d&rsquo;un meurtre est le meurtrier, <\/p>\n\n\n\n<figure class=\"wp-block-image\"><img decoding=\"async\" width=\"1016\" height=\"574\" src=\"files\/2020\/10\/erdogan.jpg\" alt=\"\" class=\"wp-image-9134\" srcset=\"https:\/\/hyperbate.fr\/castagne\/files\/2020\/10\/erdogan.jpg 1016w, https:\/\/hyperbate.fr\/castagne\/files\/2020\/10\/erdogan-300x169.jpg 300w, https:\/\/hyperbate.fr\/castagne\/files\/2020\/10\/erdogan-768x434.jpg 768w, https:\/\/hyperbate.fr\/castagne\/files\/2020\/10\/erdogan-624x353.jpg 624w\" sizes=\"(max-width: 1016px) 100vw, 1016px\" \/><figcaption class=\"wp-element-caption\">Recep Tayyip Erdo\u011fan explique qu&rsquo;il n&rsquo;a pas regard\u00e9 le dessin qui le repr\u00e9sente, mais \u00e7a ne l&#8217;emp\u00eache pas d&rsquo;y voir une hostilit\u00e9 envers les musulmans d&rsquo;une part et la Turquie d&rsquo;autre part, qui seraient incarn\u00e9es dans sa personne, apparemment, tandis que Charlie Hebdo, \u00e0 le croire, serait pilot\u00e9 par l&rsquo;\u00c9lys\u00e9e. Je suppose que la grande majorit\u00e9 des gens \u00e0 qui s&rsquo;adresse un tel discours aurait du mal \u00e0 imaginer que Charlie Hebdo peut tout \u00e0 fait produire le m\u00eame genre de dessin en visant Emmanuel Macron lui-m\u00eame&#8230;<\/figcaption><\/figure>\n\n\n\n<p> Je place la libert\u00e9, et bien s\u00fbr la libert\u00e9 d&rsquo;expression, tr\u00e8s haut. Le massacre de la r\u00e9daction de Charlie Hebdo m&rsquo;a afflig\u00e9 au del\u00e0 des mots, celui de Samuel Paty tout autant, et je n&rsquo;ai que m\u00e9pris pour les islamistes et leurs revendications, comme pour les hypocrites chefs d&rsquo;\u00c9tat de dictatures pourries qui se servent de ce genre d&rsquo;histoire pour souder leurs populations autour de leur mis\u00e9rable personne.<br>Je comprends aussi que la r\u00e9daction de Charlie se sente en mission, et on ne doit pas d&rsquo;\u00e9gards ou de politesse \u00e0 ceux qui veulent vous faire taire. Une partie de moi-m\u00eame les soutiendra toujours pour \u00e7a, par principe.<br>Reste que quelque chose ne fonctionne plus dans la d\u00e9marche de Charlie Hebdo : quand on n&rsquo;arrive plus tellement \u00e0 \u00eatre compris, quand on est c\u00e9l\u00e9br\u00e9 par des gens dont on n&rsquo;aime pas les id\u00e9es, et critiqu\u00e9 par des gens qui se r\u00e9clament d&rsquo;une certaine id\u00e9e du progr\u00e8s, c&rsquo;est peut-\u00eatre qu&rsquo;il faut r\u00e9fl\u00e9chir non seulement \u00e0 ce qu&rsquo;on veut dire, mais aussi \u00e0 la mani\u00e8re dont le propos sera re\u00e7u.<\/p>\n<ol class=\"footnotes\"><li id=\"footnote_1_9094\" class=\"footnote\">Samuel Paty \u00e9tait professeur d&rsquo;histoire \u00e0 Conflans-sainte-Honorine. Il a \u00e9t\u00e9 d\u00e9capit\u00e9 pour avoir montr\u00e9 \u00e0 ses \u00e9l\u00e8ves deux dessins repr\u00e9sentant Mahomet. Un parent d&rsquo;\u00e9l\u00e8ve avait racont\u00e9 que les \u00e9l\u00e8ves musulmans avaient \u00e9t\u00e9 somm\u00e9s de sortir au moment de la projection d&rsquo;une image destin\u00e9e \u00e0 les choquer. Le r\u00e9cit de sa fille, qu&rsquo;il r\u00e9p\u00e9tait, s&rsquo;est av\u00e9r\u00e9 faux, puisqu&rsquo;elle n&rsquo;avait pas assist\u00e9 au cours en question, mais l&rsquo;affaire, mont\u00e9e en \u00e9pingle sur les r\u00e9seaux sociaux, a fini par amener un russe tch\u00e9tch\u00e8ne \u00e0 commettre le meurtre. <span class=\"footnote-back-link-wrapper\"> [<a href=\"#identifier_1_9094\" class=\"footnote-link footnote-back-link\">&#8617;<\/a>]<\/span><\/li><li id=\"footnote_2_9094\" class=\"footnote\">\u00c0 lire sur le site de Charlie Hebdo : <a rel=\"noreferrer noopener\" aria-label=\"Le flic nous a dit : \u00ab C\u2019est un d\u00e9lit, vous n\u2019avez pas le droit de critiquer la religion. \u00bb (s\u2019ouvre dans un nouvel onglet)\" href=\"https:\/\/charliehebdo.fr\/2020\/10\/societe\/le-flic-nous-a-dit-cest-un-delit-vous-navez-pas-le-droit-de-critiquer-la-religion\/\" target=\"_blank\"><em>Le flic nous a dit : \u00ab C\u2019est un d\u00e9lit, vous n\u2019avez pas le droit de critiquer la religion. \u00bb<\/em><\/a>, 21 octobre 2020. <span class=\"footnote-back-link-wrapper\"> [<a href=\"#identifier_2_9094\" class=\"footnote-link footnote-back-link\">&#8617;<\/a>]<\/span><\/li><li id=\"footnote_3_9094\" class=\"footnote\">Rappelons que le parent d&rsquo;\u00e9l\u00e8ve de Conflans-sainte-Honorine a publi\u00e9 une vid\u00e9o o\u00f9 il racontait qu&rsquo;on avait fait sortir les musulmans de classe pour leur montrer <em>\u00ab\u00a0une photo d&rsquo;un homme nu\u00a0\u00bb<\/em> (?), cens\u00e9e \u00eatre le proph\u00e8te, chose que lui avait d\u00e9crit sa fille qui elle-m\u00eame n&rsquo;y \u00e9tait pas et se l&rsquo;\u00e9tait fait raconter par d&rsquo;autres&#8230; Pas besoin d&rsquo;aller tr\u00e8s loin pour que l&rsquo;\u00e9valuation juste des faits soit possible. <span class=\"footnote-back-link-wrapper\"> [<a href=\"#identifier_3_9094\" class=\"footnote-link footnote-back-link\">&#8617;<\/a>]<\/span><\/li><li id=\"footnote_4_9094\" class=\"footnote\">Et non, critiquer une religion n&rsquo;est pas juste critiquer une opinion, car m\u00eame si c&rsquo;est l&rsquo;intention de d\u00e9part et m\u00eame si elle est philosophiquement l\u00e9gitime, le r\u00e9sultat est que ce sont les croyants qui se sentent vis\u00e9s. Et dans bien des endroits du monde, la confession religieuse se confond avec une identit\u00e9 plus g\u00e9n\u00e9rale (famille, ethnie, nation) dans laquelle on est n\u00e9&#8230; <span class=\"footnote-back-link-wrapper\"> [<a href=\"#identifier_4_9094\" class=\"footnote-link footnote-back-link\">&#8617;<\/a>]<\/span><\/li><li id=\"footnote_5_9094\" class=\"footnote\">Au Niger en 2015, un centre culturel fran\u00e7ais incendi\u00e9 et plusieurs morts, dans plein de pays le personnel diplomatique fran\u00e7ais caillass\u00e9, menac\u00e9 ; etc. <span class=\"footnote-back-link-wrapper\"> [<a href=\"#identifier_5_9094\" class=\"footnote-link footnote-back-link\">&#8617;<\/a>]<\/span><\/li><\/ol>","protected":false},"excerpt":{"rendered":"<p>(Pour ceux qui liront cet article longtemps apr\u00e8s sa publication, je rappelle le contexte : Robert M\u00e9nard, maire de B\u00e9ziers et proche (quoique non encart\u00e9) du Rassemblent National, a utilis\u00e9 une ancienne couverture de Charlie Hebdo en hommage \u00e0 Samuel Paty1. Pour Charlie Hebdo, qui a une vieille tradition de lutte contre l&rsquo;extr\u00eame-droite, c&rsquo;est dur [&hellip;]<\/p>\n","protected":false},"author":1,"featured_media":0,"comment_status":"open","ping_status":"open","sticky":false,"template":"","format":"standard","meta":{"footnotes":""},"categories":[7,13,5,6],"tags":[],"class_list":["post-9094","post","type-post","status-publish","format-standard","hentry","category-democratie","category-dessin","category-identites","category-religion"],"_links":{"self":[{"href":"https:\/\/hyperbate.fr\/castagne\/wp-json\/wp\/v2\/posts\/9094","targetHints":{"allow":["GET"]}}],"collection":[{"href":"https:\/\/hyperbate.fr\/castagne\/wp-json\/wp\/v2\/posts"}],"about":[{"href":"https:\/\/hyperbate.fr\/castagne\/wp-json\/wp\/v2\/types\/post"}],"author":[{"embeddable":true,"href":"https:\/\/hyperbate.fr\/castagne\/wp-json\/wp\/v2\/users\/1"}],"replies":[{"embeddable":true,"href":"https:\/\/hyperbate.fr\/castagne\/wp-json\/wp\/v2\/comments?post=9094"}],"version-history":[{"count":3,"href":"https:\/\/hyperbate.fr\/castagne\/wp-json\/wp\/v2\/posts\/9094\/revisions"}],"predecessor-version":[{"id":11857,"href":"https:\/\/hyperbate.fr\/castagne\/wp-json\/wp\/v2\/posts\/9094\/revisions\/11857"}],"wp:attachment":[{"href":"https:\/\/hyperbate.fr\/castagne\/wp-json\/wp\/v2\/media?parent=9094"}],"wp:term":[{"taxonomy":"category","embeddable":true,"href":"https:\/\/hyperbate.fr\/castagne\/wp-json\/wp\/v2\/categories?post=9094"},{"taxonomy":"post_tag","embeddable":true,"href":"https:\/\/hyperbate.fr\/castagne\/wp-json\/wp\/v2\/tags?post=9094"}],"curies":[{"name":"wp","href":"https:\/\/api.w.org\/{rel}","templated":true}]}}