{"id":8459,"date":"2020-04-16T19:51:47","date_gmt":"2020-04-16T18:51:47","guid":{"rendered":"http:\/\/hyperbate.fr\/castagne\/?p=8459"},"modified":"2021-08-12T20:06:59","modified_gmt":"2021-08-12T19:06:59","slug":"nous-vivons-une-apocalypse","status":"publish","type":"post","link":"https:\/\/hyperbate.fr\/castagne\/2020\/04\/16\/nous-vivons-une-apocalypse\/","title":{"rendered":"Nous vivons une Apocalypse"},"content":{"rendered":"\n<p><em>Depuis quelques semaines je me retiens r\u00e9guli\u00e8rement d&rsquo;\u00e9crire sur la crise que nous vivons : l&rsquo;avant, le pendant, l&rsquo;apr\u00e8s, il y a plein de choses \u00e0 en dire, et plein de gens en parlent. Les tribunes, les analyses, les points de vue d&rsquo;historiens, les journaux de confin\u00e9s, les interviews : nous croulons sous les lectures sur le sujet, et m\u00eame lorsque les auteurs sont int\u00e9ressants, m\u00eame lorsque les propos sont fertiles, m\u00eame et peut-\u00eatre surtout lorsque je sais que je vais \u00eatre d&rsquo;accord, je d\u00e9croche de ma lecture d\u00e8s les premi\u00e8res lignes, car tout \u00e7a m&rsquo;ennuie profond\u00e9ment. Et je me dis que si tout m&rsquo;ennuie, tout ce que je pourrais \u00e9crire \u00e0 mon tour risque fort d&rsquo;ennuyer mes lecteurs.<br>Mais bon, je vais \u00e9crire quand m\u00eame, en me rappelant que le premier lecteur de mes blogs, c&rsquo;est moi-m\u00eame. Je m&rsquo;explique : mes articles servent en grande partie \u00e0 structurer et \u00e0 mettre au clair mes id\u00e9es, \u00e0 me documenter et, des ann\u00e9es plus tard, ils me servent \u00e0 faire l&rsquo;arch\u00e9ologie de mes \u00e9tats d&rsquo;\u00e2me et de mes opinions, ils me servent \u00e0 constater le passage du temps. Pour une fois, et afin de r\u00e9gler le paradoxe qu&rsquo;il y a \u00e0 produire un contenu dont on ne voudrait pas pour soi-m\u00eame, je vais publier ce billet en catimini, sans l&rsquo;annoncer sur aucun r\u00e9seau social, sans en attendre d&rsquo;indulgents likes ni d&rsquo;amorces de discussion. Ne le lisez pas. Ouste, dehors !<\/em><\/p>\n\n\n\n<figure class=\"wp-block-image\"><img decoding=\"async\" width=\"792\" height=\"506\" src=\"files\/2020\/04\/cavaliers_apocalypse.png\" alt=\"\" class=\"wp-image-8529\" srcset=\"https:\/\/hyperbate.fr\/castagne\/files\/2020\/04\/cavaliers_apocalypse.png 792w, https:\/\/hyperbate.fr\/castagne\/files\/2020\/04\/cavaliers_apocalypse-300x192.png 300w, https:\/\/hyperbate.fr\/castagne\/files\/2020\/04\/cavaliers_apocalypse-768x491.png 768w, https:\/\/hyperbate.fr\/castagne\/files\/2020\/04\/cavaliers_apocalypse-624x399.png 624w\" sizes=\"(max-width: 792px) 100vw, 792px\" \/><figcaption>Bible de Cologne (1479), les quatre cavaliers de l&rsquo;Apocalypse. \u00ab\u00a0Le pouvoir leur fut donn\u00e9 sur le quart de la terre, pour faire p\u00e9rir les hommes par l\u2019\u00e9p\u00e9e, par la famine, par la mortalit\u00e9, et par les b\u00eates sauvages de la terre.\u00a0\u00bb<\/figcaption><\/figure>\n\n\n\n<h4 class=\"wp-block-heading\">Qu&rsquo;est-ce qu&rsquo;une Apocalypse ?<\/h4>\n\n\n\n<p>Le mot <em>Apocalypse<\/em> est souvent employ\u00e9 comme synonyme de d\u00e9sastre, et je l&rsquo;utilise facilement moi-m\u00eame dans ce sens, ou dans sa forme adjectivale : <em>apocalyptique <\/em>(<em>\u00ab\u00a0il s&rsquo;est mis \u00e0 gr\u00ealer d&rsquo;un coup, c&rsquo;\u00e9tait apocalyptique !\u00a0\u00bb<\/em>). Le sens premier du mot grec <em>\u1f00\u03c0\u03bf\u03ba\u03ac\u03bb\u03c5\u03c8\u03b9\u03c2<\/em> ne contient pourtant pas l&rsquo;id\u00e9e de d\u00e9sastre, il signifie \u00ab\u00a0d\u00e9voilement\u00a0\u00bb, ou \u00ab\u00a0mise \u00e0 nu\u00a0\u00bb, ou bien encore \u00ab\u00a0r\u00e9v\u00e9lation\u00a0\u00bb, mot qui lui aussi tire son \u00e9tymologie (latine, cette fois), de la m\u00eame id\u00e9e, puisqu&rsquo;il est compos\u00e9 de <em>re<\/em>, le mouvement en arri\u00e8re, et <em>velum<\/em>, le voile : <em>Apocalypse <\/em>et <em>R\u00e9v\u00e9lation<\/em> ont l&rsquo;un comme l&rsquo;autre le sens de \u00ab\u00a0soulever le voile\u00a0\u00bb.<br>La c\u00e9l\u00e8bre <em>Apocalypse de Jean<\/em>, aussi nomm\u00e9e <em>Livre des R\u00e9v\u00e9lations<\/em>, fait bien la description visionnaire d&rsquo;\u00e9v\u00e9nements cataclysmiques, et c&rsquo;est ce que l&rsquo;on en a retenu, mais elle s&rsquo;inscrit avant tout dans une tradition litt\u00e9raire, celle des Apocalypses, car il en existe plusieurs : Apocalypse de Paul, Apocalypse de Pierre, Apocalypse d&rsquo;Adam, Apocalypse d&rsquo;Esdras, Livre d&rsquo;H\u00e9noch,&#8230; Ces textes, qui fourmillent de visions, entendent expliquer le monde pr\u00e9sent et l&rsquo;avenir \u00e0 l&rsquo;aide d&rsquo;images fortes et de symboles souvent brumeux : animaux, processions, figures myst\u00e9rieuses (la Grande Prostitu\u00e9e, l&rsquo;Ant\u00e9christ,&#8230;), nombres, etc. De tous ces textes, le plus populaire est donc l&rsquo;<em>Apocalypse de Jean<\/em>, attribu\u00e9e \u00e0 Jean de Patmos et compos\u00e9e vers la fin du premier si\u00e8cle de notre \u00e8re. Les religieux ont longtemps d\u00e9battu pour savoir si ce texte devait \u00eatre inclus au canon biblique, d&rsquo;autant qu&rsquo;il s&rsquo;en prend frontalement \u00e0 l&rsquo;Empire romain \u2014 pourtant devenu l&rsquo;\u00e9picentre de la chr\u00e9tient\u00e9 entre temps \u2014, et attaque en pr\u00e9ambule <em>\u00ab\u00a0ceux qui se disent juifs mais ne le sont pas\u00a0\u00bb<\/em>, qualifi\u00e9s de <em>\u00ab\u00a0synagogue de Satan\u00a0\u00bb<\/em> alors m\u00eame que l&rsquo;ap\u00f4tre Paul de Tarse, un des plus importants fondateurs de ce qui est devenu le Christianisme, faisait de l&rsquo;\u0153il aux gentils, c&rsquo;est \u00e0 dire aux non-juifs suiveurs du Christ<sup><a href=\"#footnote_1_8459\" id=\"identifier_1_8459\" class=\"footnote-link footnote-identifier-link\" title=\"&Eacute;p&icirc;tre aux romains, chapitre 9 : &laquo;&nbsp;ce ne sont pas les enfants de la chair qui sont enfants de Dieu, mais ce sont les enfants de la promesse qui sont compt&eacute;s comme descendance&nbsp;&raquo;.\">1<\/a><\/sup>.<br>L&rsquo;Apocalypse de Jean nous r\u00e9v\u00e8le ce qu&rsquo;est le monde, ce qu&rsquo;il a \u00e9t\u00e9, mais aussi, selon beaucoup de ses interpr\u00e8tes en tout cas, ce qu&rsquo;est l&rsquo;avenir : les empires qui dispara\u00eetront, les tensions, les guerres, les conflits, les d\u00e9sastres qui surviendront, et enfin, les modalit\u00e9s du r\u00e8gne final du Christ et de Dieu ainsi que le destin des morts et des vivants dans ce grand plan. D&rsquo;innombrables th\u00e9ologiens professionnels ou amateurs ont cherch\u00e9 \u00e0 identifier l&rsquo;Ant\u00e9christ (le pape ? Napol\u00e9on ?), la nouvelle J\u00e9rusalem, la b\u00eate \u00e0 dix cornes et sept t\u00eates, la Grande prostitu\u00e9e de Babylone, les sept sceaux, les quatre cavaliers, les vingt-quatre anciens, etc.<br>Le succ\u00e8s populaire de l&rsquo;<em>Apocalypse de Jean<\/em> et des th\u00e8mes eschatologiques<sup><a href=\"#footnote_2_8459\" id=\"identifier_2_8459\" class=\"footnote-link footnote-identifier-link\" title=\"Eschatologique : ce qui se rapporte &agrave; la Fin des Temps.\">2<\/a><\/sup> en g\u00e9n\u00e9ral s&rsquo;explique sans doute grandement par la subversive promesse d&rsquo;inversion sociale qui y est faite. En effet, \u00eatre roi, \u00eatre riche, disposer d&rsquo;un pouvoir temporel quelconque ne saurait emp\u00eacher d&rsquo;\u00eatre r\u00e9tribu\u00e9 selon ses actes lorsque la fin des temps adviendra.<\/p>\n\n\n\n<figure class=\"wp-block-image\"><img decoding=\"async\" width=\"792\" height=\"594\" src=\"files\/2020\/04\/eglise_montaner_bete.jpg\" alt=\"\" class=\"wp-image-8481\" srcset=\"https:\/\/hyperbate.fr\/castagne\/files\/2020\/04\/eglise_montaner_bete.jpg 792w, https:\/\/hyperbate.fr\/castagne\/files\/2020\/04\/eglise_montaner_bete-300x225.jpg 300w, https:\/\/hyperbate.fr\/castagne\/files\/2020\/04\/eglise_montaner_bete-768x576.jpg 768w, https:\/\/hyperbate.fr\/castagne\/files\/2020\/04\/eglise_montaner_bete-624x468.jpg 624w\" sizes=\"(max-width: 792px) 100vw, 792px\" \/><figcaption>La moisson des \u00e2mes, fresque de l&rsquo;\u00e9glise Saint Michel de Montaner (Pyr\u00e9n\u00e9es-atlantiques). On voit que le fait d&rsquo;\u00eatre roi ou religieux ne prot\u00e8ge personne et on a m\u00eame l&rsquo;impression que le peintre a pris un malin plaisir \u00e0 le repr\u00e9senter.<\/figcaption><\/figure>\n\n\n\n<p>Les fondateurs du protestantisme, tels que Luther, Calvin ou Zwingli, n&rsquo;ont pas pr\u00eat\u00e9 une grande attention \u00e0 ce texte qui ferme pourtant le canon biblique<sup><a href=\"#footnote_3_8459\" id=\"identifier_3_8459\" class=\"footnote-link footnote-identifier-link\" title=\"Il n&rsquo;y a pas de canon biblique officiel chez les Protestants, mais les Bibles les plus r&eacute;pandues dans le monde protestant (Louis Segond, Bible de J&eacute;rusalem) se ferment sur l&rsquo;Apocalypse.\">3<\/a><\/sup>. Mais son succ\u00e8s n&rsquo;en est pas moins \u00e9norme au sein des communaut\u00e9s \u00e9vang\u00e9liques, la version populaire et vivace du protestantisme actuel, alors que les Catholiques l&rsquo;ont largement oubli\u00e9 \u2014 je demande souvent aux gens qui ont fait le cat\u00e9chisme s&rsquo;ils ont le moindre souvenir d&rsquo;y avoir entendu \u00e9voquer l&rsquo;Apocalypse, et la r\u00e9ponse est invariablement n\u00e9gative<sup><a href=\"#footnote_4_8459\" id=\"identifier_4_8459\" class=\"footnote-link footnote-identifier-link\" title=\"Il est &agrave; noter que le th&egrave;me de la Fin des Temps est extr&ecirc;mement vivace dans la culture islamique, mais avec une diff&eacute;rence de taille : personne n&rsquo;est cens&eacute; chercher &agrave; en pr&eacute;dire la date (et ni le Coran ni les Hadiths ne fournissent d&rsquo;indices dans ce sens). C&rsquo;est donc un &eacute;v&eacute;nement qui arrivera lorsqu&rsquo;il arrivera et qui ne peut &ecirc;tre revendiqu&eacute;, appel&eacute;, voulu, pr&eacute;dit&hellip;\">4<\/a><\/sup>. <\/p>\n\n\n\n<h4 class=\"wp-block-heading\">Nous vivons une Apocalypse<\/h4>\n\n\n\n<p>Si j&rsquo;\u00e9cris que le moment que nous vivons est une Apocalypse, c&rsquo;est tout d&rsquo;abord parce que la pand\u00e9mie de Coronavirus r\u00e9v\u00e8le des choses, elle l\u00e8ve le voile sur des v\u00e9rit\u00e9s que nous d\u00e9couvrons ou que feignons de d\u00e9couvrir alors qu&rsquo;elles ont toujours \u00e9t\u00e9 sous nos yeux. Nous d\u00e9couvrons subitement l&rsquo;importance des \u00ab\u00a0gens de peu\u00a0\u00bb : sans caissi\u00e8res, sans caristes, sans infirmi\u00e8res, sans \u00e9boueurs, sans transporteurs, sans paysans, plus rien ne fonctionne. Inversement, le fait que les \u00ab\u00a0super-riches\u00a0\u00bb aient collectivement perdu des centaines de milliards de dollars (virtuels, c&rsquo;est juste la valeur des actions qui a baiss\u00e9) en quelques semaines ne changera pas nos vies  \u2014 du moins pas tant qu&rsquo;ils n&rsquo;auront pas r\u00e9ussi \u00e0 obtenir compensation en faisant voter des lois qui leur permettront d&rsquo;\u00e9ponger leurs pertes d&rsquo;une mani\u00e8re ou d&rsquo;une autre, par exemple en leur \u00e9pargnent l&rsquo;imp\u00f4t ou en privatisant des services publics. On a pass\u00e9 des d\u00e9cennies \u00e0 dire aux travailleurs qu&rsquo;ils \u00e9taient inutiles, qu&rsquo;on les embauchait par charit\u00e9, qu&rsquo;aujourd&rsquo;hui tout \u00e9tait finance, astuce, usines chinoises et Intelligence artificielle, mais il suffit d&rsquo;un rhume mondial pour prouver tout le contraire. Ann\u00e9e apr\u00e8s ann\u00e9e on a prol\u00e9taris\u00e9<sup><a href=\"#footnote_5_8459\" id=\"identifier_5_8459\" class=\"footnote-link footnote-identifier-link\" title=\"Autrefois notable, le m&eacute;decin, malgr&eacute; de longues &eacute;tudes et tout en conservant des revenus corrects, est aujourd&rsquo;hui soumis &agrave; des normes, des proc&eacute;dures, des r&egrave;glements ou un rythme de travail qui en font un triste agent administratif de la sant&eacute;, qui risque les proc&egrave;s avec la s&eacute;curit&eacute; sociale comme avec les patients&hellip;\">5<\/a><\/sup> les m\u00e9decins g\u00e9n\u00e9ralistes, on a dit aux chercheurs qu&rsquo;ils devaient rapporter de l&rsquo;argent ou bien qu&rsquo;ils ne servaient \u00e0 rien, mais l\u00e0 aussi, c&rsquo;est sur ces gens que nous comptons pour nous tirer d&rsquo;affaire.<br>Une autre r\u00e9v\u00e9lation, qui est li\u00e9e \u00e0 la pr\u00e9c\u00e9dente, est que ces \u00ab\u00a0gens de peu\u00a0\u00bb qui font fonctionner le pays, qui nous soignent, nous nourrissent, sont nos soldats (et sur ce point seul, la m\u00e9taphore guerri\u00e8re tient !), et ils sont m\u00eame nos appel\u00e9s, car beaucoup sont mobilis\u00e9s sans \u00eatre volontaires, sans avoir le choix. Ils s&rsquo;exposent \u00e0 des risques sanitaires, ils font face aux probl\u00e8mes li\u00e9s au confinement, comme l&rsquo;absence de lieu ou envoyer leurs enfants ou la rar\u00e9faction des transports, et ils le font afin que les malades soient soign\u00e9s et afin que la vie des confin\u00e9s continue. Nous les remercions chaque soir \u00e0 vingt heures en frappant sur des casseroles, mais que va-t-il se passer apr\u00e8s le confinement ? Est-ce que ce n&rsquo;est pas l&rsquo;\u00e9go\u00efsme des uns et la servitude des autres qui appara\u00eet ?<br>On voit aussi appara\u00eetre les diff\u00e9rences entre ceux qui ont un jardin et ceux qui ne vivent que dans quelques m\u00e8tres carr\u00e9s, ceux qui ont des loisirs domestiques comme la lecture et les autres, ceux dont le foyer est plus une source d&rsquo;angoisse qu&rsquo;autre chose. Et nous d\u00e9couvrirons peu \u00e0 peu la vie des sans domicile, des sans papiers, des \u00e9tudiants confin\u00e9s exil\u00e9s loin de leur pays, et de toutes les personnes qui auront du mal \u00e0 obtenir des aides et vivront la parenth\u00e8se du confinement dans une mis\u00e8re extr\u00eame.<\/p>\n\n\n\n<figure class=\"wp-block-image\"><img decoding=\"async\" width=\"792\" height=\"535\" src=\"files\/2020\/04\/famine.jpg\" alt=\"\" class=\"wp-image-8536\" srcset=\"https:\/\/hyperbate.fr\/castagne\/files\/2020\/04\/famine.jpg 792w, https:\/\/hyperbate.fr\/castagne\/files\/2020\/04\/famine-300x203.jpg 300w, https:\/\/hyperbate.fr\/castagne\/files\/2020\/04\/famine-768x519.jpg 768w, https:\/\/hyperbate.fr\/castagne\/files\/2020\/04\/famine-624x422.jpg 624w\" sizes=\"(max-width: 792px) 100vw, 792px\" \/><figcaption>Le troisi\u00e8me cavalier de l&rsquo;Apocalypse : famine (manuscrit du XIIIe si\u00e8cle)<\/figcaption><\/figure>\n\n\n\n<p>Une autre r\u00e9v\u00e9lation caus\u00e9e par l&rsquo;\u00e9pid\u00e9mie est celle de la fragilit\u00e9 de nos \u00e9conomies, qu&rsquo;il semble possible de mettre \u00e0 bas en quelques semaines de ralentissement d&rsquo;activit\u00e9, qui transforme m\u00eame le flux tendu de la production en surproduction : le p\u00e9trole ou le lait s&rsquo;entassent de mani\u00e8re probl\u00e9matique et sans client\u00e8le, alors que, ai-je lu, les semences dont d\u00e9pendent les agriculteurs pour produire tardent \u00e0 \u00eatre disponibles, laissant craindre des p\u00e9nuries alimentaires pour l&rsquo;ann\u00e9e \u00e0 venir.<br>Outre l&rsquo;\u00e9conomie, l&rsquo;infrastructure de la France semble fragile, apr\u00e8s des d\u00e9cennies  <br>de d\u00e9sindustrialisation de \u00ab\u00a0rationalisation\u00a0\u00bb des services publics tels que l&rsquo;h\u00f4pital. <br>L&rsquo;\u00e9pid\u00e9mie est aussi l&rsquo;occasion de r\u00e9v\u00e9ler la fragilit\u00e9 de notre confiance en l&rsquo;\u00c9tat comme la confiance qu&rsquo; l&rsquo;\u00c9tat envers les citoyens \u2014  deux m\u00e9fiances qui s&rsquo;entretiennent par le d\u00e9faussement<sup><a href=\"#footnote_6_8459\" id=\"identifier_6_8459\" class=\"footnote-link footnote-identifier-link\" title=\"&ccedil;a existe ?\">6<\/a><\/sup>, par le reproche, par le mensonge, par le soup\u00e7on ou par la rumeur, les uns entra\u00eenant m\u00e9caniquement les autres. C&rsquo;est aussi la r\u00e9v\u00e9lation du faible niveau de solidarit\u00e9 qui lie les Fran\u00e7ais entre eux, et, une fois encore, de la m\u00e9fiance qui nous s\u00e9pare les uns des autres, de notre capacit\u00e9 \u00e0 juger voire \u00e0 d\u00e9noncer le voisin que l&rsquo;on jalouse. Il faut dire que nous n&rsquo;avons plus d&rsquo;occasion de fraterniser beaucoup. Les lieux de la convivialit\u00e9 et de la communion (bistros, restaurants, festivals, stades, lieux de culte) sont ferm\u00e9s depuis un mois, accompagner des moribonds dans leurs derniers instants ou conduire les morts au cimeti\u00e8re est \u00e0 peu pr\u00e8s interdit, une simple promenade ne peut se faire qu&rsquo;en rond, sur un kilom\u00e8tre et pendant une heure, en ayant rempli et sign\u00e9 un formulaire <em>ad hoc<\/em>, en bravant la peur tr\u00e8s concr\u00e8te de rencontrer un policier z\u00e9l\u00e9 qui y verra une irr\u00e9gularit\u00e9 et y trouvera l&rsquo;occasion de distribuer une contravention.<br>C&rsquo;est aussi la r\u00e9v\u00e9lation bien plus pr\u00e9occupante de la fragilit\u00e9 de notre capacit\u00e9 \u00e0 la coop\u00e9ration internationale : des pays \u00e9conomiquement li\u00e9s se mentent, se menacent, se volent<sup><a href=\"#footnote_7_8459\" id=\"identifier_7_8459\" class=\"footnote-link footnote-identifier-link\" title=\"Je pense aux diverses affaires de lots de masques d&eacute;tourn&eacute;s de leur destination par la France, la Tch&eacute;quie ou les &Eacute;tats-Unis.\">7<\/a><\/sup>, ou s&rsquo;utilisent comme argument rh\u00e9torique souvent fallacieux et parfois insultant ou insensible : <em>\u00ab\u00a0notre situation est terrible mais nous nous en tirons mieux que le voisin\u00a0\u00bb<\/em> ; <em>\u00ab\u00a0les Fran\u00e7ais doivent accepter telle mesure, puisqu&rsquo;elle fonctionne ailleurs\u00a0\u00bb<\/em>.<\/p>\n\n\n\n<figure class=\"wp-block-image\"><img decoding=\"async\" width=\"792\" height=\"575\" src=\"files\/2020\/04\/riviere_vie.jpg\" alt=\"\" class=\"wp-image-8541\" srcset=\"https:\/\/hyperbate.fr\/castagne\/files\/2020\/04\/riviere_vie.jpg 792w, https:\/\/hyperbate.fr\/castagne\/files\/2020\/04\/riviere_vie-300x218.jpg 300w, https:\/\/hyperbate.fr\/castagne\/files\/2020\/04\/riviere_vie-768x558.jpg 768w, https:\/\/hyperbate.fr\/castagne\/files\/2020\/04\/riviere_vie-624x453.jpg 624w\" sizes=\"(max-width: 792px) 100vw, 792px\" \/><figcaption><a href=\"https:\/\/hyperbate.fr\/finsdumonde\/2011\/09\/14\/les-apocalypses-de-john-martin\/\" target=\"_blank\" rel=\"noreferrer noopener\" aria-label=\"John Martin (s\u2019ouvre dans un nouvel onglet)\">John Martin<\/a>, la cit\u00e9 c\u00e9leste et le fleuve d&rsquo;eau de la vie (1841)<\/figcaption><\/figure>\n\n\n\n<p>Enfin, les mesures li\u00e9es \u00e0 l&rsquo;\u00e9pid\u00e9mie, \u00e0 savoir le confinement et la baisse mondiale du nombre de trajets a\u00e9riens, terrestres ou maritimes, r\u00e9v\u00e8lent en creux l\u2019exorbitante place que nous prenons sur Terre : les oiseaux chantent \u00e0 nouveau, les dauphins, les requins ou les baleines se montrent le long des c\u00f4tes, des canards se prom\u00e8nent sur les boulevards parisiens, les animaux sauvages reprennent quelque peu leurs droits, les pandas du zoo de Hong Kong, enfin tranquilles, s&rsquo;accouplent apr\u00e8s quinze ans d&rsquo;abstinence sexuelle, et c&rsquo;est jusqu&rsquo;\u00e0 la cro\u00fbte terrestre qui semble conna\u00eetre une activit\u00e9 sismique plus faible que jamais.<\/p>\n\n\n\n<h4 class=\"wp-block-heading\">Les nombres, les symboles, les personnages, l&rsquo;interpr\u00e9tation<\/h4>\n\n\n\n<p>Je peux continuer l&rsquo;analogie entre le moment que nous vivons et une Apocalypse en \u00e9voquant l&rsquo;accumulation de nombres qui nous sont donn\u00e9s chaque jour, ou entre les \u00ab\u00a0grands personnages\u00a0\u00bb qui \u00e9mergent \u00e0 la faveur des \u00e9v\u00e9nements : le docteur Didier Raoult, bien s\u00fbr, mais aussi ceux que l&rsquo;on pr\u00e9sente comme ses ennemis jur\u00e9s, les assembl\u00e9es de chercheurs parisiens, l&rsquo;industrie pharmaceutique, les ministres, etc.<\/p>\n\n\n\n<figure class=\"wp-block-image\"><img decoding=\"async\" width=\"792\" height=\"738\" src=\"files\/2020\/04\/adoration_de_la_bete.jpg\" alt=\"\" class=\"wp-image-8539\" srcset=\"https:\/\/hyperbate.fr\/castagne\/files\/2020\/04\/adoration_de_la_bete.jpg 792w, https:\/\/hyperbate.fr\/castagne\/files\/2020\/04\/adoration_de_la_bete-300x280.jpg 300w, https:\/\/hyperbate.fr\/castagne\/files\/2020\/04\/adoration_de_la_bete-768x716.jpg 768w, https:\/\/hyperbate.fr\/castagne\/files\/2020\/04\/adoration_de_la_bete-624x581.jpg 624w\" sizes=\"(max-width: 792px) 100vw, 792px\" \/><figcaption>Matthias Gerung, L&rsquo;Adoration de la b\u00eate \u00e0 dix cornes et sept t\u00eates (~1530)<\/figcaption><\/figure>\n\n\n\n<p>Reste une ultime raison de parler de la pand\u00e9mie comme une Apocalypse, c&rsquo;est celle de l&rsquo;ex\u00e9g\u00e8se et de pr\u00e9dictions : chacun affirme que rien ne sera plus comme avant, et chacun interpr\u00e8te les faits et proph\u00e9tise l&rsquo;avenir sous son prisme personnel : \u00e9conomie, \u00e9cologie, g\u00e9opolitique, sociologie, rapport \u00e0 l&rsquo;\u00c9tat ou au service public, aux autorit\u00e9s polici\u00e8res, anthropologie, philosophie.<br>Beaucoup esp\u00e8rent que l&rsquo;issue de ce que nous vivons m\u00e8nera le monde entier \u00e0 tirer de conclusions favorables \u00e0 ses vues et \u00e0 ses v\u0153ux. Aurons-nous d\u00e9couvert que la d\u00e9croissance est possible ? Que nous ne sommes pas pr\u00eats \u00e0 affronter de catastrophes ? Qu&rsquo;une r\u00e9organisation de l&rsquo;\u00e9cole, du travail ou du territoire sont possibles ? Que nous avons besoin de solidarit\u00e9 ou au contraire que nous devons nous d\u00e9fier les uns des autres ?<br>Certains, enfin, esp\u00e8rent un jugement : ceux qui se sont tromp\u00e9s, ceux qui ont pris de mauvaises d\u00e9cisions, ceux qui ont menti, tous ceux-l\u00e0 seront punis, qu&rsquo;ils soient rois ou grands scientifiques. Encore une pr\u00e9occupation typiquement apocalyptique.<\/p>\n\n\n\n<p>Pour ma part, m\u00eame si, je le jure, je ne suis ni catastrophiste, ni pessimiste, j&rsquo;ai un petit d\u00e9mon collapsologue sur l&rsquo;\u00e9paule qui me souffle : <em>\u00ab\u00a0ce n&rsquo;est qu&rsquo;une r\u00e9p\u00e9tition\u00a0\u00bb<\/em>.<br><\/p>\n<ol class=\"footnotes\"><li id=\"footnote_1_8459\" class=\"footnote\">\u00c9p\u00eetre aux romains, chapitre 9 : <em>\u00ab\u00a0ce ne sont pas les enfants de la chair qui sont enfants de Dieu, mais ce sont les enfants de la promesse qui sont compt\u00e9s comme descendance\u00a0\u00bb<\/em>. <span class=\"footnote-back-link-wrapper\"> [<a href=\"#identifier_1_8459\" class=\"footnote-link footnote-back-link\">&#8617;<\/a>]<\/span><\/li><li id=\"footnote_2_8459\" class=\"footnote\"><em>Eschatologique<\/em> : ce qui se rapporte \u00e0 la Fin des Temps. <span class=\"footnote-back-link-wrapper\"> [<a href=\"#identifier_2_8459\" class=\"footnote-link footnote-back-link\">&#8617;<\/a>]<\/span><\/li><li id=\"footnote_3_8459\" class=\"footnote\">Il n&rsquo;y a pas de canon biblique officiel chez les Protestants, mais les Bibles les plus r\u00e9pandues dans le monde protestant (Louis Segond, Bible de J\u00e9rusalem) se ferment sur l&rsquo;<em>Apocalypse<\/em>. <span class=\"footnote-back-link-wrapper\"> [<a href=\"#identifier_3_8459\" class=\"footnote-link footnote-back-link\">&#8617;<\/a>]<\/span><\/li><li id=\"footnote_4_8459\" class=\"footnote\">Il est \u00e0 noter que le th\u00e8me de la Fin des Temps est extr\u00eamement vivace dans la culture islamique, mais avec une diff\u00e9rence de taille : personne n&rsquo;est cens\u00e9 chercher \u00e0 en pr\u00e9dire la date (et ni le Coran ni les Hadiths ne fournissent d&rsquo;indices dans ce sens). C&rsquo;est donc un \u00e9v\u00e9nement qui arrivera lorsqu&rsquo;il arrivera et qui ne peut \u00eatre revendiqu\u00e9, appel\u00e9, voulu, pr\u00e9dit&#8230; <span class=\"footnote-back-link-wrapper\"> [<a href=\"#identifier_4_8459\" class=\"footnote-link footnote-back-link\">&#8617;<\/a>]<\/span><\/li><li id=\"footnote_5_8459\" class=\"footnote\">Autrefois notable, le m\u00e9decin, malgr\u00e9 de longues \u00e9tudes et tout en conservant des revenus corrects, est aujourd&rsquo;hui soumis \u00e0 des normes, des proc\u00e9dures, des r\u00e8glements ou un rythme de travail qui en font un triste agent administratif de la sant\u00e9, qui risque les proc\u00e8s avec la s\u00e9curit\u00e9 sociale comme avec les patients&#8230; <span class=\"footnote-back-link-wrapper\"> [<a href=\"#identifier_5_8459\" class=\"footnote-link footnote-back-link\">&#8617;<\/a>]<\/span><\/li><li id=\"footnote_6_8459\" class=\"footnote\">\u00e7a existe ? <span class=\"footnote-back-link-wrapper\"> [<a href=\"#identifier_6_8459\" class=\"footnote-link footnote-back-link\">&#8617;<\/a>]<\/span><\/li><li id=\"footnote_7_8459\" class=\"footnote\">Je pense aux diverses affaires de lots de masques d\u00e9tourn\u00e9s de leur destination par la France, la Tch\u00e9quie ou les \u00c9tats-Unis. <span class=\"footnote-back-link-wrapper\"> [<a href=\"#identifier_7_8459\" class=\"footnote-link footnote-back-link\">&#8617;<\/a>]<\/span><\/li><\/ol>","protected":false},"excerpt":{"rendered":"<p>Depuis quelques semaines je me retiens r\u00e9guli\u00e8rement d&rsquo;\u00e9crire sur la crise que nous vivons : l&rsquo;avant, le pendant, l&rsquo;apr\u00e8s, il y a plein de choses \u00e0 en dire, et plein de gens en parlent. Les tribunes, les analyses, les points de vue d&rsquo;historiens, les journaux de confin\u00e9s, les interviews : nous croulons sous les lectures [&hellip;]<\/p>\n","protected":false},"author":1,"featured_media":0,"comment_status":"open","ping_status":"open","sticky":false,"template":"","format":"standard","meta":{"footnotes":""},"categories":[7,10],"tags":[],"class_list":["post-8459","post","type-post","status-publish","format-standard","hentry","category-democratie","category-ecologie"],"_links":{"self":[{"href":"https:\/\/hyperbate.fr\/castagne\/wp-json\/wp\/v2\/posts\/8459","targetHints":{"allow":["GET"]}}],"collection":[{"href":"https:\/\/hyperbate.fr\/castagne\/wp-json\/wp\/v2\/posts"}],"about":[{"href":"https:\/\/hyperbate.fr\/castagne\/wp-json\/wp\/v2\/types\/post"}],"author":[{"embeddable":true,"href":"https:\/\/hyperbate.fr\/castagne\/wp-json\/wp\/v2\/users\/1"}],"replies":[{"embeddable":true,"href":"https:\/\/hyperbate.fr\/castagne\/wp-json\/wp\/v2\/comments?post=8459"}],"version-history":[{"count":2,"href":"https:\/\/hyperbate.fr\/castagne\/wp-json\/wp\/v2\/posts\/8459\/revisions"}],"predecessor-version":[{"id":9933,"href":"https:\/\/hyperbate.fr\/castagne\/wp-json\/wp\/v2\/posts\/8459\/revisions\/9933"}],"wp:attachment":[{"href":"https:\/\/hyperbate.fr\/castagne\/wp-json\/wp\/v2\/media?parent=8459"}],"wp:term":[{"taxonomy":"category","embeddable":true,"href":"https:\/\/hyperbate.fr\/castagne\/wp-json\/wp\/v2\/categories?post=8459"},{"taxonomy":"post_tag","embeddable":true,"href":"https:\/\/hyperbate.fr\/castagne\/wp-json\/wp\/v2\/tags?post=8459"}],"curies":[{"name":"wp","href":"https:\/\/api.w.org\/{rel}","templated":true}]}}