{"id":8419,"date":"2020-04-01T16:08:48","date_gmt":"2020-04-01T15:08:48","guid":{"rendered":"http:\/\/hyperbate.fr\/castagne\/?p=8419"},"modified":"2020-04-01T18:26:23","modified_gmt":"2020-04-01T17:26:23","slug":"avoir-peur-de-son-nombre","status":"publish","type":"post","link":"https:\/\/hyperbate.fr\/castagne\/2020\/04\/01\/avoir-peur-de-son-nombre\/","title":{"rendered":"Avoir peur de son nombre"},"content":{"rendered":"\n<p><em>(pourquoi est-ce que je parle quotidiennement du nombre de morts caus\u00e9s par l&rsquo;\u00e9pid\u00e9mie)<\/em><\/p>\n\n\n\n<p>J&rsquo;ai commenc\u00e9 \u00e0 me sentir pr\u00e9occup\u00e9 par le Coronavirus en d\u00e9barquant \u00e0 Naples, le 22 f\u00e9vrier dernier tr\u00e8s pr\u00e9cis\u00e9ment. Avant \u00e7a, je l&rsquo;avoue, cette \u00e9pid\u00e9mie me semblait bien lointaine et je m&rsquo;inqui\u00e9tais plus des cons\u00e9quences qu&rsquo;elle aurait pour ma fille, qui vit cette ann\u00e9e au Japon, que pour nous en Europe.<\/p>\n\n\n\n<figure class=\"wp-block-image\"><img decoding=\"async\" width=\"800\" height=\"805\" src=\"files\/2020\/04\/mortalit\u00e9_coronavirus.jpg\" alt=\"\" class=\"wp-image-8428\" srcset=\"https:\/\/hyperbate.fr\/castagne\/files\/2020\/04\/mortalit\u00e9_coronavirus.jpg 800w, https:\/\/hyperbate.fr\/castagne\/files\/2020\/04\/mortalit\u00e9_coronavirus-150x150.jpg 150w, https:\/\/hyperbate.fr\/castagne\/files\/2020\/04\/mortalit\u00e9_coronavirus-298x300.jpg 298w, https:\/\/hyperbate.fr\/castagne\/files\/2020\/04\/mortalit\u00e9_coronavirus-768x773.jpg 768w, https:\/\/hyperbate.fr\/castagne\/files\/2020\/04\/mortalit\u00e9_coronavirus-624x628.jpg 624w\" sizes=\"(max-width: 800px) 100vw, 800px\" \/><figcaption>Au d\u00e9but du mois de mars, un pharmacien relativisait les possibles ravages du Coronavirus, confondant \u00ab\u00a0nombre de morts \u00e0 ce jour\u00a0\u00bb et \u00ab\u00a0nombre de morts par an\u00a0\u00bb (image qui a circul\u00e9 sur Twitter, assez proche des affirmations rassurantes qu&rsquo;ont eu Agn\u00e8s Buzyn (\u00ab\u00a0le risque d&rsquo;introduction du virus en France est faible mais pas exclu\u00a0\u00bb), Michel Cymes (\u00ab\u00a0ce n&rsquo;est pas une grippette, mais c&rsquo;est une maladie virale comme on en a tous les ans\u00a0\u00bb) ou Didier Raoult (\u00ab\u00a0c&rsquo;est beaucoup de bruit pour pas grand chose\u00a0\u00bb). Image vue sur Twitter, dont je ne cautionne pas le contenu ! (d\u00e9j\u00e0, nous en sommes \u00e0 50 000 morts en seulement trois mois). <\/figcaption><\/figure>\n\n\n\n<p>Les italiens prenaient d\u00e9j\u00e0 la chose au s\u00e9rieux, alors qu&rsquo;il n&rsquo;y avait encore que quelques dizaines de cas d&rsquo;infection et un unique d\u00e9c\u00e8s, datant du jour pr\u00e9c\u00e9dant notre arriv\u00e9e. En sortant de l&rsquo;avion, des gens \u00e9quip\u00e9s de masques en forme de becs de canard ont pris notre temp\u00e9rature et nous ont fourni des affichettes pour nous sensibiliser. Ambiance. Au passage, j&rsquo;ai trouv\u00e9 incroyablement injuste de la part de Sibeth Ndiaye d&rsquo;avoir qualifi\u00e9 d&rsquo;inefficace le dispositif italien de surveillance de l&rsquo;\u00e9pid\u00e9mie dans les a\u00e9roports, car il a eu le m\u00e9rite d&rsquo;exister, tandis qu&rsquo;en France aucun effort n&rsquo;a \u00e9t\u00e9 fait. Si l&rsquo;\u00e9pid\u00e9mie a d\u00e9marr\u00e9 moins vite en France qu&rsquo;en Italie, c&rsquo;est sans doute en grande partie d\u00fb \u00e0 la chance. Sortant du train de Milan, je n&rsquo;ai \u00e9t\u00e9 accueilli par personne en gare de Lyon, et lorsque j&rsquo;ai appel\u00e9 le \u00ab\u00a0num\u00e9ro vert\u00a0\u00bb gouvernemental pour savoir si, pris par une forme de rhume (et Nathalie par une bronchite)<sup><a href=\"#footnote_1_8419\" id=\"identifier_1_8419\" class=\"footnote-link footnote-identifier-link\" title=\"Nous nous sommes auto-convaincus que nous avions attrap&eacute; le covid-19, alors nous nous sommes plus ou moins mis en quarantaine de nous-m&ecirc;mes. M&ecirc;me si &ccedil;a n&rsquo;est pas vrai, se dire qu&rsquo;on a eu le virus permet de se d&eacute;tendre &agrave; son sujet.\">1<\/a><\/sup> au retour d&rsquo;Italie, je devais ou non aller travailler, on m&rsquo;a r\u00e9pondu : <em>\u00ab\u00a0pas de probl\u00e8me, on vient de passer en phase 2, la doctrine a chang\u00e9, on n&rsquo;essaie plus de contenir l&rsquo;\u00e9pid\u00e9mie, c&rsquo;est pas grave si vous \u00eates malade, allez bosser\u00a0\u00bb<\/em>. Pareille nonchalance interdit de donner des le\u00e7ons \u00e0 ses voisins.<\/p>\n\n\n\n<div class=\"wp-block-image\"><figure class=\"aligncenter\"><img decoding=\"async\" width=\"585\" height=\"474\" src=\"files\/2020\/04\/naples_corona.png\" alt=\"\" class=\"wp-image-8425\" srcset=\"https:\/\/hyperbate.fr\/castagne\/files\/2020\/04\/naples_corona.png 585w, https:\/\/hyperbate.fr\/castagne\/files\/2020\/04\/naples_corona-300x243.png 300w\" sizes=\"(max-width: 585px) 100vw, 585px\" \/><figcaption>Apr\u00e8s trois jours \u00e0 Naples, j&rsquo;ai fini par comprendre que les \u00ab\u00a0No Mask\u00a0\u00bb \u00e9crits en gros sur les pharmacies n&rsquo;avaient rien \u00e0 voir avec la p\u00e9riode de Carnaval&#8230;<\/figcaption><\/figure><\/div>\n\n\n\n<p>Revenons en Italie.<br>Quotidiennement, pendant notre s\u00e9jour, nous avons vu monter l&rsquo;inqui\u00e9tude, et bien que nous trouvant dans une des derni\u00e8res r\u00e9gions touch\u00e9es, nous avons commenc\u00e9 \u00e0 voir dans les rues des personnes \u00e9quip\u00e9es de masques m\u00e9dicaux, et sur les pharmacies, donc, des annonces indiquant une p\u00e9nurie conjointe de masques et de gel hydroalcoolique.<br>\u00c7a semble d\u00e9sormais loin, mais je retrouve ce tweet o\u00f9 je m&rsquo;\u00e9meus de la progression meurtri\u00e8re de l&rsquo;\u00e9pid\u00e9mie :<\/p>\n\n\n\n<div class=\"wp-block-image\"><figure class=\"aligncenter\"><img decoding=\"async\" width=\"564\" height=\"175\" src=\"files\/2020\/04\/coronavirus_italie_27_02.png\" alt=\"\" class=\"wp-image-8423\" srcset=\"https:\/\/hyperbate.fr\/castagne\/files\/2020\/04\/coronavirus_italie_27_02.png 564w, https:\/\/hyperbate.fr\/castagne\/files\/2020\/04\/coronavirus_italie_27_02-300x93.png 300w\" sizes=\"(max-width: 564px) 100vw, 564px\" \/><\/figure><\/div>\n\n\n\n<p>J&rsquo;ai \u00e9mis le m\u00eame genre de tweet ou de statut facebook un peu macabre jour apr\u00e8s jour, et je continue aujourd&rsquo;hui. Je ne sais pas compl\u00e8tement justifier pourquoi je le fais, enfin je crois que mes justifications ne suffisent pas \u00e0 ceux qui me reprochent de diffuser cette information qu&rsquo;ils jugent anxiog\u00e8ne : <em>\u00ab\u00a0Je ne veux pas savoir tout \u00e7a\u00a0\u00bb<\/em>, <em>\u00ab\u00a0Et pourquoi ne pas compter les cas de grippe, aussi ?\u00a0\u00bb<\/em>, <em>\u00ab\u00a0faire angoisser les gens n&rsquo;aide personne\u00a0\u00bb<\/em>, etc.<\/p>\n\n\n\n<p>Cette vision des choses m&rsquo;\u00e9tonne, car j&rsquo;exp\u00e9rimente exactement le contraire : en ayant constamment un onglet ouvert sur <a rel=\"noreferrer noopener\" aria-label=\"la page Coronavirus du site Worldometer (s\u2019ouvre dans un nouvel onglet)\" href=\"https:\/\/www.worldometers.info\/coronavirus\/\" target=\"_blank\">la page Coronavirus du site Worldometer<\/a>, en me rendant r\u00e9guli\u00e8rement dessus pour d\u00e9couvrir de nouveaux nombres<sup><a href=\"#footnote_2_8419\" id=\"identifier_2_8419\" class=\"footnote-link footnote-identifier-link\" title=\"Chaque territoire a des heures diff&eacute;rentes pour ses annonces : le matin pour certains, en fin d&rsquo;apr&egrave;s-midi ou le soir pour d&rsquo;autres, certains pays publient leurs nombres en plusieurs fois, etc.\">2<\/a><\/sup>, en ayant en permanence en t\u00eate les tristes records de tel ou tel pays, je ne me sens pas oppress\u00e9, j&rsquo;ai au contraire l&rsquo;illusion de ma\u00eetriser quelque chose, de voir venir le probl\u00e8me, de voir son \u00e9volution et de pr\u00e9voir son futur<sup><a href=\"#footnote_3_8419\" id=\"identifier_3_8419\" class=\"footnote-link footnote-identifier-link\" title=\"Je ne m&rsquo;int&eacute;resse en revanche pas aux projections, c&rsquo;est ce qui est aujourd&rsquo;hui qui me semble important &agrave; conna&icirc;tre, les sp&eacute;culations ne sont que des sp&eacute;culations.\">3<\/a><\/sup>. Comme si la connaissance des nombres me permettait quelque part d&rsquo;englober la r\u00e9alit\u00e9 dont ils rendent compte. Je suis conscient du caract\u00e8re un peu irrationnel, presque magique de cette vision des choses, mais c&rsquo;est un fait : la familiarit\u00e9 avec les nombres<sup><a href=\"#footnote_4_8419\" id=\"identifier_4_8419\" class=\"footnote-link footnote-identifier-link\" title=\"Au passage, je trouve dommage que beaucoup de gens parlent des &laquo;&nbsp;chiffres&nbsp;&raquo; lorsqu&rsquo;ils veulent dire les &laquo;&nbsp;nombres&nbsp;&raquo;.\">4<\/a><\/sup> a tendance \u00e0 me rassurer. L&rsquo;impression d&rsquo;\u00eatre inform\u00e9 a tendance \u00e0 me rassurer. Inversement, avoir l&rsquo;impression d&rsquo;\u00eatre dans le brouillard m&rsquo;inqui\u00e8te<sup><a href=\"#footnote_5_8419\" id=\"identifier_5_8419\" class=\"footnote-link footnote-identifier-link\" title=\"&Agrave; tel point que, inquiet de conna&icirc;tre les nombres r&eacute;els &agrave; Wuhan (puisqu&rsquo;il existe un fort soup&ccedil;on &agrave; leur sujet), j&rsquo;ai &eacute;t&eacute; amen&eacute; &agrave; reprendre une fake news vieille de deux mois. De m&ecirc;me qu&rsquo;on se met &agrave; entendre des voix quand on est plac&eacute; en isolement total, on abaisse son niveau d&rsquo;incr&eacute;dulit&eacute; quand on est priv&eacute; d&rsquo;information, j&rsquo;imagine&hellip;\">5<\/a><\/sup>, et ceux qui ne s&rsquo;inqui\u00e8tent pas, m&rsquo;angoissent.<\/p>\n\n\n\n<figure class=\"wp-block-image\"><img decoding=\"async\" width=\"673\" height=\"464\" src=\"files\/2020\/04\/stats.png\" alt=\"\" class=\"wp-image-8453\" srcset=\"https:\/\/hyperbate.fr\/castagne\/files\/2020\/04\/stats.png 673w, https:\/\/hyperbate.fr\/castagne\/files\/2020\/04\/stats-300x207.png 300w, https:\/\/hyperbate.fr\/castagne\/files\/2020\/04\/stats-624x430.png 624w\" sizes=\"(max-width: 673px) 100vw, 673px\" \/><figcaption>Oui, ces courbes font peur, mais est-ce des nombres ou des dessins que nous devons avoir peur, ou de la r\u00e9alit\u00e9 que ceux-ci repr\u00e9sentent ? <\/figcaption><\/figure>\n\n\n\n<p>Si c&rsquo;est pour me rassurer moi-m\u00eame, on peut me demander pourquoi j&rsquo;\u00e9prouve le besoin de transmettre r\u00e9guli\u00e8rement ces informations, au risque d&rsquo;inqui\u00e9ter les autres. \u00c0 \u00e7a je r\u00e9pondrais que je crois qu&rsquo;il faut inqui\u00e9ter, parce que l&rsquo;inqui\u00e9tude n&rsquo;est pas improductive, elle m\u00e8ne chacun \u00e0 penser \u00e0 sa responsabilit\u00e9 dans la diffusion du virus<sup><a href=\"#footnote_6_8419\" id=\"identifier_6_8419\" class=\"footnote-link footnote-identifier-link\" title=\"Beaucoup ont encore du mal &agrave; y penser, mais la question n&rsquo;est pas seulement de se prot&eacute;ger soi-m&ecirc;me, elle est de ralentir l&rsquo;&eacute;pid&eacute;mie en faisant tout pour ne pas y participer.\">6<\/a><\/sup> et \u00e0 agir en cons\u00e9quence.<\/p>\n\n\n\n<p><em>(Le <\/em><a rel=\"noreferrer noopener\" aria-label=\"titre inspir\u00e9 d'un tweet de Camille T. (s\u2019ouvre dans un nouvel onglet)\" href=\"https:\/\/twitter.com\/Camilletouraine\/status\/1245277732185014273\" target=\"_blank\"><em>titre de ce billet de blog est inspir\u00e9 d&rsquo;un tweet de Camille T.<\/em><\/a><em>)<\/em><\/p>\n<ol class=\"footnotes\"><li id=\"footnote_1_8419\" class=\"footnote\">Nous nous sommes auto-convaincus que nous avions attrap\u00e9 le covid-19, alors nous nous sommes plus ou moins mis en quarantaine de nous-m\u00eames. M\u00eame si \u00e7a n&rsquo;est pas vrai, se dire qu&rsquo;on a eu le virus permet de se d\u00e9tendre \u00e0 son sujet. <span class=\"footnote-back-link-wrapper\"> [<a href=\"#identifier_1_8419\" class=\"footnote-link footnote-back-link\">&#8617;<\/a>]<\/span><\/li><li id=\"footnote_2_8419\" class=\"footnote\">Chaque territoire a des heures diff\u00e9rentes pour ses annonces : le matin pour certains, en fin d&rsquo;apr\u00e8s-midi ou le soir pour d&rsquo;autres, certains pays publient leurs nombres en plusieurs fois, etc. <span class=\"footnote-back-link-wrapper\"> [<a href=\"#identifier_2_8419\" class=\"footnote-link footnote-back-link\">&#8617;<\/a>]<\/span><\/li><li id=\"footnote_3_8419\" class=\"footnote\">Je ne m&rsquo;int\u00e9resse en revanche pas aux projections, c&rsquo;est ce qui est aujourd&rsquo;hui qui me semble important \u00e0 conna\u00eetre, les sp\u00e9culations ne sont que des sp\u00e9culations. <span class=\"footnote-back-link-wrapper\"> [<a href=\"#identifier_3_8419\" class=\"footnote-link footnote-back-link\">&#8617;<\/a>]<\/span><\/li><li id=\"footnote_4_8419\" class=\"footnote\">Au passage, je trouve dommage que beaucoup de gens parlent des \u00ab\u00a0chiffres\u00a0\u00bb lorsqu&rsquo;ils veulent dire les \u00ab\u00a0nombres\u00a0\u00bb. <span class=\"footnote-back-link-wrapper\"> [<a href=\"#identifier_4_8419\" class=\"footnote-link footnote-back-link\">&#8617;<\/a>]<\/span><\/li><li id=\"footnote_5_8419\" class=\"footnote\">\u00c0 tel point que, inquiet de conna\u00eetre les nombres r\u00e9els \u00e0 Wuhan (puisqu&rsquo;il existe un fort soup\u00e7on \u00e0 leur sujet), j&rsquo;ai \u00e9t\u00e9 amen\u00e9 \u00e0 reprendre <a rel=\"noreferrer noopener\" aria-label=\"une fake news vieille de deux mois (s\u2019ouvre dans un nouvel onglet)\" href=\"https:\/\/www.liberation.fr\/checknews\/2020\/02\/07\/l-entreprise-chinoise-tencent-a-t-elle-revele-par-accident-les-vrais-chiffres-du-coronavirus_1777479\" target=\"_blank\">une fake news vieille de deux mois<\/a>. De m\u00eame qu&rsquo;on se met \u00e0 entendre des voix quand on est plac\u00e9 en isolement total, on abaisse son niveau d&rsquo;incr\u00e9dulit\u00e9 quand on est priv\u00e9 d&rsquo;information, j&rsquo;imagine&#8230; <span class=\"footnote-back-link-wrapper\"> [<a href=\"#identifier_5_8419\" class=\"footnote-link footnote-back-link\">&#8617;<\/a>]<\/span><\/li><li id=\"footnote_6_8419\" class=\"footnote\">Beaucoup ont encore du mal \u00e0 y penser, mais la question n&rsquo;est pas seulement de se prot\u00e9ger soi-m\u00eame, elle est de ralentir l&rsquo;\u00e9pid\u00e9mie en faisant tout pour ne pas y participer. <span class=\"footnote-back-link-wrapper\"> [<a href=\"#identifier_6_8419\" class=\"footnote-link footnote-back-link\">&#8617;<\/a>]<\/span><\/li><\/ol>","protected":false},"excerpt":{"rendered":"<p>(pourquoi est-ce que je parle quotidiennement du nombre de morts caus\u00e9s par l&rsquo;\u00e9pid\u00e9mie) J&rsquo;ai commenc\u00e9 \u00e0 me sentir pr\u00e9occup\u00e9 par le Coronavirus en d\u00e9barquant \u00e0 Naples, le 22 f\u00e9vrier dernier tr\u00e8s pr\u00e9cis\u00e9ment. Avant \u00e7a, je l&rsquo;avoue, cette \u00e9pid\u00e9mie me semblait bien lointaine et je m&rsquo;inqui\u00e9tais plus des cons\u00e9quences qu&rsquo;elle aurait pour ma fille, qui vit [&hellip;]<\/p>\n","protected":false},"author":1,"featured_media":0,"comment_status":"open","ping_status":"open","sticky":false,"template":"","format":"standard","meta":{"footnotes":""},"categories":[1],"tags":[],"class_list":["post-8419","post","type-post","status-publish","format-standard","hentry","category-non-classe"],"_links":{"self":[{"href":"https:\/\/hyperbate.fr\/castagne\/wp-json\/wp\/v2\/posts\/8419","targetHints":{"allow":["GET"]}}],"collection":[{"href":"https:\/\/hyperbate.fr\/castagne\/wp-json\/wp\/v2\/posts"}],"about":[{"href":"https:\/\/hyperbate.fr\/castagne\/wp-json\/wp\/v2\/types\/post"}],"author":[{"embeddable":true,"href":"https:\/\/hyperbate.fr\/castagne\/wp-json\/wp\/v2\/users\/1"}],"replies":[{"embeddable":true,"href":"https:\/\/hyperbate.fr\/castagne\/wp-json\/wp\/v2\/comments?post=8419"}],"version-history":[{"count":3,"href":"https:\/\/hyperbate.fr\/castagne\/wp-json\/wp\/v2\/posts\/8419\/revisions"}],"predecessor-version":[{"id":8457,"href":"https:\/\/hyperbate.fr\/castagne\/wp-json\/wp\/v2\/posts\/8419\/revisions\/8457"}],"wp:attachment":[{"href":"https:\/\/hyperbate.fr\/castagne\/wp-json\/wp\/v2\/media?parent=8419"}],"wp:term":[{"taxonomy":"category","embeddable":true,"href":"https:\/\/hyperbate.fr\/castagne\/wp-json\/wp\/v2\/categories?post=8419"},{"taxonomy":"post_tag","embeddable":true,"href":"https:\/\/hyperbate.fr\/castagne\/wp-json\/wp\/v2\/tags?post=8419"}],"curies":[{"name":"wp","href":"https:\/\/api.w.org\/{rel}","templated":true}]}}