{"id":8122,"date":"2020-01-06T16:48:33","date_gmt":"2020-01-06T15:48:33","guid":{"rendered":"http:\/\/hyperbate.fr\/castagne\/?p=8122"},"modified":"2020-01-07T06:39:02","modified_gmt":"2020-01-07T05:39:02","slug":"charlie-cinq-ans","status":"publish","type":"post","link":"https:\/\/hyperbate.fr\/castagne\/2020\/01\/06\/charlie-cinq-ans\/","title":{"rendered":"Charlie, cinq ans"},"content":{"rendered":"\n<p>Cinq ans d\u00e9j\u00e0.<br>J&rsquo;\u00e9tais au Havre, je venais de terminer mon cours, il \u00e9tait treize heures pass\u00e9es. Avant d&rsquo;aller d\u00e9jeuner, j&rsquo;ai ouvert Facebook et je suis tomb\u00e9 sur ce post de David Vandermeulen :<\/p>\n\n\n\n<div class=\"wp-block-image\"><figure class=\"aligncenter\"><img decoding=\"async\" width=\"492\" height=\"168\" src=\"files\/2020\/01\/charb_est_mort.png\" alt=\"\" class=\"wp-image-8123\" srcset=\"https:\/\/hyperbate.fr\/castagne\/files\/2020\/01\/charb_est_mort.png 492w, https:\/\/hyperbate.fr\/castagne\/files\/2020\/01\/charb_est_mort-300x102.png 300w\" sizes=\"(max-width: 492px) 100vw, 492px\" \/><\/figure><\/div>\n\n\n\n<p>D&rsquo;abord incr\u00e9dule \u2014 pourquoi, comment ce si jeune homme serait-il mort ? \u2014 je suis all\u00e9 sur Twitter o\u00f9 j&rsquo;ai pu en savoir plus : Charb \u00e9tait bien mort, oui, mais aussi Cabu, Wolinski, Tignous,&#8230; Onze personnes ce jour-l\u00e0, dix-sept  en tout, plus trois terroristes. <br>Un peu moins d&rsquo;un an plus tard, le massacre du Bataclan allait malheureusement nous faire relativiser l&rsquo;horreur de cet attentat, mais ce 7 janvier 2015, j&rsquo;ai pass\u00e9 comme sans doute tout le monde la journ\u00e9e dans un \u00e9tat second, sonn\u00e9 : impossible de penser \u00e0 quoi que ce soit d&rsquo;autre. <\/p>\n\n\n\n<p>J&rsquo;ai connu Charlie Hebdo enfant, je raconte souvent que le premier dessin de presse que j&rsquo;ai compris \u00e9tait celui <a rel=\"noreferrer noopener\" aria-label=\"que Reiser avait consacr\u00e9 \u00e0 l'\u00e9tat de sant\u00e9 de Franco (s\u2019ouvre dans un nouvel onglet)\" href=\"https:\/\/hyperbate.fr\/fatras\/2015\/11\/20\/le-premier-dessin-de-presse-qui-mait-fait-rire\/\" target=\"_blank\">que Reiser avait consacr\u00e9 \u00e0 l&rsquo;\u00e9tat de sant\u00e9 de Franco<\/a>, en 1974. Je devais avoir sept ans ! J&rsquo;ai ensuite ador\u00e9 le Cabu du <em>Grand Duduche<\/em> que je lisais dans les reliures de Pilote offertes par un ami de mes parents. J&rsquo;ai retrouv\u00e9 Cabu comme animateur t\u00e9l\u00e9 dans <em>R\u00e9cr\u00e9 A2<\/em>. Au festival d&rsquo;Angoul\u00eame, au milieu des ann\u00e9es 1980, je me rappelle avoir vu Wolinski, seul \u00e0 sa table : <em>\u00ab\u00a0il est inconsolable depuis que Reiser est mort\u00a0\u00bb<\/em>, m&rsquo;avait-t-on dit. Je n&rsquo;ai jamais \u00e9t\u00e9 un adorateur de Wolinski, mais ses sc\u00e9narios pour Pichard \u00e9taient bons, et j&rsquo;ai un grand souvenir de la courte p\u00e9riode o\u00f9 il \u00e9tait r\u00e9dacteur en chef du <em>Petit Psikipat<\/em>. \u00c0 la t\u00e9l\u00e9, j&rsquo;aimais bien les apparitions de Cavanna ou du Professeur Choron. Et puis il y a eu la guerre du Golfe, avec la sortie de La <em>Grosse Bertha<\/em> puis le retour de <em>Charlie Hebdo<\/em>. L&rsquo;arriv\u00e9 de Charb, qui \u00e9tait pion dans le lyc\u00e9e de mon fr\u00e8re et racontait des tranches de vie sur notre ligne de train. Les \u00e9ditos de Val, un peu s\u00e9rieux, mais pas tr\u00e8s loin de ma vision social-d\u00e9mocrate vertueuse de l&rsquo;\u00e9poque. Et un jour, aussi, j&rsquo;ai eu l&rsquo;honneur de rencontrer le grand Willem.<br>Bref, j&rsquo;ai une histoire avec Charlie Hebdo.<\/p>\n\n\n\n<p>En rentrant \u00e0 Paris le soir, sans r\u00e9fl\u00e9chir, je me suis rendu sur la Place de la R\u00e9publique, o\u00f9 d\u00e9j\u00e0 on pouvait lire le c\u00e9l\u00e8bre slogan \u00ab\u00a0Je suis Charlie\u00a0\u00bb. Je me souviens que beaucoup arboraient le dernier num\u00e9ro de Charlie \u2014 rapidement devenu introuvable \u2014, et je me souviens aussi d&rsquo;une femme, que je suppose musulmane, qui brandissait un \u00e9criteau disant #notInMyName : pas en mon nom. C&rsquo;\u00e9tait un moment de communion, v\u00e9ritablement : tous \u00e9taient silencieux, et tristes, des artistes s&rsquo;\u00e9taient faits assassiner pour une divinit\u00e9 qui, comme les autres du reste, semble assez bien s&rsquo;accommoder, elle, du fait que l&rsquo;on tue en son nom : on n&rsquo;a jamais vu de dieux \u00e9crire dans le ciel <em>Not in my name<\/em>. Je sais pourquoi, vous savez pourquoi, tout le monde sait pourquoi, en fait, mais on est cens\u00e9 faire semblant de ne pas savoir : bien entendu, les dieux n&rsquo;existent que par les actions de ceux qui se r\u00e9clament d&rsquo;eux. <br>Les dieux ne sont pas imaginaires, puisqu&rsquo;ils font des morts.<\/p>\n\n\n\n<ul class=\"wp-block-gallery columns-2 is-cropped wp-block-gallery-1 is-layout-flex wp-block-gallery-is-layout-flex\"><li class=\"blocks-gallery-item\"><figure><a href=\"files\/2020\/01\/Je_suis_charlie_Republique_4-1024x768.jpg\"><img decoding=\"async\" width=\"1024\" height=\"768\" src=\"files\/2020\/01\/Je_suis_charlie_Republique_4-1024x768.jpg\" alt=\"\" data-id=\"8126\" data-link=\"https:\/\/hyperbate.fr\/castagne\/?attachment_id=8126\" class=\"wp-image-8126\" srcset=\"https:\/\/hyperbate.fr\/castagne\/files\/2020\/01\/Je_suis_charlie_Republique_4-1024x768.jpg 1024w, https:\/\/hyperbate.fr\/castagne\/files\/2020\/01\/Je_suis_charlie_Republique_4-300x225.jpg 300w, https:\/\/hyperbate.fr\/castagne\/files\/2020\/01\/Je_suis_charlie_Republique_4-768x576.jpg 768w, https:\/\/hyperbate.fr\/castagne\/files\/2020\/01\/Je_suis_charlie_Republique_4-624x468.jpg 624w, https:\/\/hyperbate.fr\/castagne\/files\/2020\/01\/Je_suis_charlie_Republique_4.jpg 1200w\" sizes=\"(max-width: 1024px) 100vw, 1024px\" \/><\/a><\/figure><\/li><li class=\"blocks-gallery-item\"><figure><a href=\"files\/2020\/01\/Je_suis_charlie_Republique_14-1024x768.jpg\"><img decoding=\"async\" width=\"1024\" height=\"768\" src=\"files\/2020\/01\/Je_suis_charlie_Republique_14-1024x768.jpg\" alt=\"\" data-id=\"8127\" data-link=\"https:\/\/hyperbate.fr\/castagne\/?attachment_id=8127\" class=\"wp-image-8127\" srcset=\"https:\/\/hyperbate.fr\/castagne\/files\/2020\/01\/Je_suis_charlie_Republique_14-1024x768.jpg 1024w, https:\/\/hyperbate.fr\/castagne\/files\/2020\/01\/Je_suis_charlie_Republique_14-300x225.jpg 300w, https:\/\/hyperbate.fr\/castagne\/files\/2020\/01\/Je_suis_charlie_Republique_14-768x576.jpg 768w, https:\/\/hyperbate.fr\/castagne\/files\/2020\/01\/Je_suis_charlie_Republique_14-624x468.jpg 624w, https:\/\/hyperbate.fr\/castagne\/files\/2020\/01\/Je_suis_charlie_Republique_14.jpg 1200w\" sizes=\"(max-width: 1024px) 100vw, 1024px\" \/><\/a><\/figure><\/li><\/ul>\n\n\n\n<p>Les jours qui ont suivi j&rsquo;ai post\u00e9 r\u00e9guli\u00e8rement des articles, tentant de suivre le cours de mes \u00e9motions : tristesse bien s\u00fbr ; besoin de comprendre, \u00e9videmment ; envie de rire, parfois ; envie d&rsquo;expliquer <a rel=\"noreferrer noopener\" aria-label=\"ma vision du dessin de presse et du blasph\u00e8me (s\u2019ouvre dans un nouvel onglet)\" href=\"https:\/\/hyperbate.fr\/dernier\/?p=32388\" target=\"_blank\">ma vision du dessin de presse et du blasph\u00e8me<\/a>. Et puis r\u00e9volte, non seulement envers les meurtriers mais aussi envers ceux qui, tout en se disant ennemis de ces derniers, semblaient \u00e9trangement satisfaits d&rsquo;avoir enfin un pr\u00e9texte pour insulter tous les musulmans de France et du monde. Il ne vient rien de bon de la peur, de l&rsquo;insulte et du m\u00e9pris.<\/p>\n\n\n\n<p>En famille, nous sommes all\u00e9s \u00e0 la grande manifestation du 11 janvier. Pour moi, c&rsquo;\u00e9tait un enterrement. Je trouvais risibles les chefs d&rsquo;\u00c9tat en ligne qui pensaient nous guider, comme si qui que ce soit avait pu \u00eatre dupe. Mais avec le recul, ce moment a \u00e9t\u00e9 aussi l&rsquo;entr\u00e9e dans une France mis\u00e9rablement ab\u00eatie par la terreur, o\u00f9 <em>\u00ab\u00a0comprendre\u00a0\u00bb<\/em> c&rsquo;est vouloir <em>\u00ab\u00a0excuser\u00a0\u00bb<\/em> ; o\u00f9 les pacifistes, les compatissants et les sociologues sont jug\u00e9s complices et peut-\u00eatre m\u00eame coupables de la violence ; o\u00f9 on veut renvoyer les adolescents aux cheveux fris\u00e9s qui gloussent pendant une minute de silence ; o\u00f9 le journal <em>Charlie Hebdo<\/em>, sans aller jusqu&rsquo;\u00e0 y voir le suppl\u00e9ment illustr\u00e9 de <em>Valeurs actuelles<\/em> n&rsquo;est plus ni joyeux ni anar ; o\u00f9 on peut passer l&rsquo;\u00e9t\u00e9 \u00e0 s&rsquo;\u00e9charper sur une combinaison de bain avec bonnet int\u00e9gr\u00e9 que personne n&rsquo;a vu sur aucune plage fran\u00e7aise ; o\u00f9 le mot \u00ab\u00a0la\u00efcit\u00e9\u00a0\u00bb est devenu le cache-nez d&rsquo;un racisme de plus en plus \u00e9vident ; et o\u00f9 la libert\u00e9 d&rsquo;expression n&rsquo;est une valeur sacr\u00e9e que pour certaines opinions.<\/p>\n\n\n\n<div class=\"wp-block-image\"><figure class=\"aligncenter\"><img decoding=\"async\" width=\"395\" height=\"500\" src=\"files\/2020\/01\/nouvellesCensures.jpg\" alt=\"\" class=\"wp-image-8140\" srcset=\"https:\/\/hyperbate.fr\/castagne\/files\/2020\/01\/nouvellesCensures.jpg 395w, https:\/\/hyperbate.fr\/castagne\/files\/2020\/01\/nouvellesCensures-237x300.jpg 237w\" sizes=\"(max-width: 395px) 100vw, 395px\" \/><figcaption> <br>Le num\u00e9ro de Charlie Hebdo qui para\u00eet demain s&rsquo;en prend aux \u00ab\u00a0nouvelles censures\u00a0\u00bb et aux \u00ab\u00a0nouvelles dictatures\u00a0\u00bb, apparemment constitu\u00e9es des malotrus qui osent utiliser les r\u00e9seaux sociaux pour critiquer&#8230; Qui ? Je vais devoir acheter ce num\u00e9ro pour le savoir, mais je redoute par avance ce que je vais lire. <\/figcaption><\/figure><\/div>\n\n\n\n<p><\/p>\n\n\n\n<p>Pour l&rsquo;instant, j&rsquo;ai peur que ce soient les \u00ab\u00a0m\u00e9chants\u00a0\u00bb qui l&#8217;emportent : Ils sont morts et l&rsquo;\u00c9tat islamique dont ils se r\u00e9clament semble n&rsquo;\u00eatre plus grand chose, mais ils ont eu ce qu&rsquo;ils voulaient, ou en tout cas, ils sont parvenus \u00e0 nous changer.<\/p>\n","protected":false},"excerpt":{"rendered":"<p>Cinq ans d\u00e9j\u00e0.J&rsquo;\u00e9tais au Havre, je venais de terminer mon cours, il \u00e9tait treize heures pass\u00e9es. Avant d&rsquo;aller d\u00e9jeuner, j&rsquo;ai ouvert Facebook et je suis tomb\u00e9 sur ce post de David Vandermeulen : D&rsquo;abord incr\u00e9dule \u2014 pourquoi, comment ce si jeune homme serait-il mort ? \u2014 je suis all\u00e9 sur Twitter o\u00f9 j&rsquo;ai pu en [&hellip;]<\/p>\n","protected":false},"author":1,"featured_media":0,"comment_status":"open","ping_status":"open","sticky":false,"template":"","format":"standard","meta":{"footnotes":""},"categories":[7,5,6],"tags":[],"class_list":["post-8122","post","type-post","status-publish","format-standard","hentry","category-democratie","category-identites","category-religion"],"_links":{"self":[{"href":"https:\/\/hyperbate.fr\/castagne\/wp-json\/wp\/v2\/posts\/8122","targetHints":{"allow":["GET"]}}],"collection":[{"href":"https:\/\/hyperbate.fr\/castagne\/wp-json\/wp\/v2\/posts"}],"about":[{"href":"https:\/\/hyperbate.fr\/castagne\/wp-json\/wp\/v2\/types\/post"}],"author":[{"embeddable":true,"href":"https:\/\/hyperbate.fr\/castagne\/wp-json\/wp\/v2\/users\/1"}],"replies":[{"embeddable":true,"href":"https:\/\/hyperbate.fr\/castagne\/wp-json\/wp\/v2\/comments?post=8122"}],"version-history":[{"count":3,"href":"https:\/\/hyperbate.fr\/castagne\/wp-json\/wp\/v2\/posts\/8122\/revisions"}],"predecessor-version":[{"id":8149,"href":"https:\/\/hyperbate.fr\/castagne\/wp-json\/wp\/v2\/posts\/8122\/revisions\/8149"}],"wp:attachment":[{"href":"https:\/\/hyperbate.fr\/castagne\/wp-json\/wp\/v2\/media?parent=8122"}],"wp:term":[{"taxonomy":"category","embeddable":true,"href":"https:\/\/hyperbate.fr\/castagne\/wp-json\/wp\/v2\/categories?post=8122"},{"taxonomy":"post_tag","embeddable":true,"href":"https:\/\/hyperbate.fr\/castagne\/wp-json\/wp\/v2\/tags?post=8122"}],"curies":[{"name":"wp","href":"https:\/\/api.w.org\/{rel}","templated":true}]}}