{"id":7957,"date":"2019-12-01T15:48:53","date_gmt":"2019-12-01T14:48:53","guid":{"rendered":"http:\/\/hyperbate.fr\/castagne\/?p=7957"},"modified":"2019-12-01T15:48:54","modified_gmt":"2019-12-01T14:48:54","slug":"rire-des-morts","status":"publish","type":"post","link":"https:\/\/hyperbate.fr\/castagne\/2019\/12\/01\/rire-des-morts\/","title":{"rendered":"Rire des morts"},"content":{"rendered":"\n<p><em>Charlie Hebdo<\/em> provoque un petit scandale cette semaine en reprenant la campagne de recrutement de l&rsquo;Arm\u00e9e de Terre, illustr\u00e9e non par des photos de jeunes gens minces et beaux qui sentent bon le sable chaud avec le soleil sur leur front qui met dans leurs cheveux blonds de la lumi\u00e8re, mais par des dessins de deuil qui rappellent que l&rsquo;arm\u00e9e, c&rsquo;est la guerre, et que la guerre fait des morts. Ces dessins font \u00e9cho \u00e0 une actualit\u00e9 : la collision de deux h\u00e9licopt\u00e8res, qui a tu\u00e9 treize militaires. Sans surprise, \u00e7a ne fait pas rire tout le monde, \u00e0 commencer par le chef d&rsquo;\u00c9tat-major de l&rsquo;Arm\u00e9e de Terre :<\/p>\n\n\n\n<figure class=\"wp-block-image\"><img decoding=\"async\" width=\"600\" height=\"431\" src=\"files\/2019\/12\/cemat_1200357394477395969.png\" alt=\"\" class=\"wp-image-7959\" srcset=\"https:\/\/hyperbate.fr\/castagne\/files\/2019\/12\/cemat_1200357394477395969.png 600w, https:\/\/hyperbate.fr\/castagne\/files\/2019\/12\/cemat_1200357394477395969-300x216.png 300w\" sizes=\"(max-width: 600px) 100vw, 600px\" \/><figcaption>Dans une <a rel=\"noreferrer noopener\" aria-label=\"lettre ouverte au directeur de la publication de Charlie Hebdo (s\u2019ouvre dans un nouvel onglet)\" href=\"https:\/\/www.defense.gouv.fr\/terre\/actu-terre\/lettre-ouverte-au-directeur-de-la-publication-de-charlie-hebdo\" target=\"_blank\">lettre ouverte au directeur de la publication de Charlie Hebdo<\/a>, le m\u00eame auteur (Thierry Burkhard), \u00e9crit notamment : \u00ab\u00a0(&#8230;) Si l\u2019indignation m\u2019a d\u2019abord gagn\u00e9, c\u2019est surtout une peine immense qui m\u2019envahit en pensant au nouveau chagrin que vous infligez \u00e0 ces familles d\u00e9j\u00e0 dans la souffrance. Une peine doubl\u00e9e d\u2019une incompr\u00e9hension profonde. Qu\u2019avons-nous donc fait, soldats de l\u2019arm\u00e9e de Terre, pour m\u00e9riter un tel m\u00e9pris ? Qu\u2019ai-je manqu\u00e9 moi-m\u00eame, chef d\u2019\u00e9tat-major de l\u2019arm\u00e9e de Terre, dans l\u2019explication du sens profond de notre engagement, pour qu\u2019avec une telle d\u00e9sinvolture soient raill\u00e9s ceux qui ont donn\u00e9 leur vie afin que soient justement d\u00e9fendues nos libert\u00e9s fondamentales ?\u00a0\u00bb<\/figcaption><\/figure>\n\n\n\n<p>Bien entendu, la s\u00e9rie de dessins, sign\u00e9e par l&rsquo;auteur <a rel=\"noreferrer noopener\" aria-label=\"Biche (s\u2019ouvre dans un nouvel onglet)\" href=\"https:\/\/twitter.com\/biche_doe\" target=\"_blank\">Biche<\/a>, recrue r\u00e9cente du journal, n&rsquo;est pas vraiment en contradiction avec la ligne historique de <em>Charlie Hebdo<\/em>, il suffit notamment de se rappeler de l&rsquo;obsession anti-militariste de Cabu<sup><a href=\"#footnote_1_7957\" id=\"identifier_1_7957\" class=\"footnote-link footnote-identifier-link\" title=\"Fait m&eacute;connu : Cabu a commenc&eacute; sa carri&egrave;re alors qu&rsquo;il &eacute;tait appel&eacute; en dessinant dans un journal de propagande militaire, Bled.\">1<\/a><\/sup>, qui a men\u00e9 plusieurs fois ce dernier devant des tribunaux<sup><a href=\"#footnote_2_7957\" id=\"identifier_2_7957\" class=\"footnote-link footnote-identifier-link\" title=\"Cabu a perdu six proc&egrave;s face &agrave; l&rsquo;Arm&eacute;e. On remarquera que le g&eacute;n&eacute;ral qui &eacute;crit une lettre ouverte se contente de faire part de son sentiment, il ne menace pas Charlie Hebdo de poursuites.\">2<\/a><\/sup>. Il faudrait tout relire pour en jurer mais je n&rsquo;ai pas le souvenir qu&rsquo;il se soit souvent moqu\u00e9 de simples soldats morts au combat, il s&rsquo;en prenait aux grad\u00e9s, aux g\u00e9n\u00e9raux, ou \u00e0 des adjudants-parachutistes patibulaires qu&rsquo;il dessinait volontiers alcooliques et violeurs, g\u00e9n\u00e9ralement munis d&rsquo;un couteau ensanglant\u00e9. il s&rsquo;en prenait \u00e0 l&rsquo;absurdit\u00e9 de l&rsquo;autorit\u00e9 et de l&rsquo;ob\u00e9issance, et en tout cas plus aux tueurs qu&rsquo;aux tu\u00e9s. Les antimilitaristes de l&rsquo;\u00e9poque de l&rsquo;arm\u00e9e de conscription ont du reste g\u00e9n\u00e9ralement plaint les simples soldats, consid\u00e9r\u00e9s comme victimes d&rsquo;int\u00e9r\u00eats qui les d\u00e9passent. Mais nous n&rsquo;avons plus une arm\u00e9e de conscription, il est vrai, et ceux qui s&rsquo;engagent sont cens\u00e9s \u00eatre responsables de leur choix. En dehors peut-\u00eatre de ses \u00e9vocations de casernes dans <em>Le Grand Duduche<\/em>, Cabu \u00e9tait rarement dr\u00f4le lorsqu&rsquo;il s&rsquo;en prenait \u00e0 l&rsquo;arm\u00e9e, et le dessin de Biche est l\u00e0 encore en plein accord avec la tradition puisque son niveau de dr\u00f4lerie est tr\u00e8s faible : la guerre fait des morts, ce n&rsquo;est pas une surprise, les militaires le savent, les civils le savent, le rappeler rel\u00e8ve un peu de l&rsquo;enfon\u00e7age de portes ouvertes. Mais comme c&rsquo;est d\u00e9sormais la totalit\u00e9 des pages de Charlie Hebdo qui peine \u00e0 arracher un sourire au lecteur m\u00eame le plus indulgent, cette s\u00e9rie de dessins est juste un peu tristounette. Je n&rsquo;aurais aucune raison d&rsquo;\u00e9crire \u00e0 son sujet si je n&rsquo;avais lu ce matin la d\u00e9fense que Caroline Fourest en a fait :<\/p>\n\n\n\n<figure class=\"wp-block-image\"><a href=\"https:\/\/twitter.com\/CarolineFourest\/status\/1200890709462650881\" target=\"_blank\" rel=\"noreferrer noopener\"><img decoding=\"async\" width=\"600\" height=\"874\" src=\"files\/2019\/12\/Fourest_1200890709462650881.png\" alt=\"\" class=\"wp-image-7966\" srcset=\"https:\/\/hyperbate.fr\/castagne\/files\/2019\/12\/Fourest_1200890709462650881.png 600w, https:\/\/hyperbate.fr\/castagne\/files\/2019\/12\/Fourest_1200890709462650881-206x300.png 206w\" sizes=\"(max-width: 600px) 100vw, 600px\" \/><\/a><\/figure>\n\n\n\n<p>Certes, Caroline Fourest parle en son nom et n&rsquo;appartient plus \u00e0 la r\u00e9daction de <em>Charlie Hebdo<\/em> depuis dix ans, mais l&rsquo;interpr\u00e9tation qu&rsquo;elle fait ici me procure un certain sentiment de vertige. Pour commencer, elle s&rsquo;impose d&rsquo;expliquer ce que tout le monde peut comprendre dans le dessin, et que du reste tout le monde sait d\u00e9j\u00e0 : la mort fait partie de la vie du soldat. Et en m\u00eame temps, elle voit dans le dessin l&rsquo;affirmation que la guerre men\u00e9e contre le djihadistes au Nord-Mali est l\u00e9gitime et utile, qu&rsquo;elle sert \u00e0 garantir notre libert\u00e9. J&rsquo;esp\u00e8re que la participation de la France \u00e0 ce conflit est un peu motiv\u00e9e par la libert\u00e9 des Maliens aussi, puisque c&rsquo;est chez eux qu&rsquo;elle se d\u00e9roule, mais j&rsquo;ai cru comprendre qu&rsquo;un des buts assum\u00e9s de notre implication est de s\u00e9curiser non pas tant le Mali que les mines imm\u00e9diatement voisines du Niger, o\u00f9 Areva\/Orano extrait un tiers de l&rsquo;Uranium qui fait tourner nos centrales nucl\u00e9aires. Notre libert\u00e9 est peut-\u00eatre un moindre enjeu que le maintien de nos int\u00e9r\u00eats \u00e9conomiques et notre confort<sup><a href=\"#footnote_3_7957\" id=\"identifier_3_7957\" class=\"footnote-link footnote-identifier-link\" title=\"Au passage, je dois admettre que je ne porte pas de jugement tranch&eacute; sur cette question, j&rsquo;ignore tout de la marge de man&oelig;uvre de la France et je ne sais pas ce qui est juste, ou &laquo;&nbsp;moins pire&nbsp;&raquo;. En revanche je me sens toujours perturb&eacute; par la quasi-absence de d&eacute;bat public v&eacute;ritable au sujet des conflits qui impliquent la France hors de ses fronti&egrave;res. Pour parler du burkini, il y a du monde sur les plateaux, mais pour nous expliquer nos guerres&hellip;\">3<\/a><\/sup>.<\/p>\n\n\n\n<p>Je m&rsquo;\u00e9tonne en tout cas que l&rsquo;on puisse pr\u00e9senter un dessin clairement antimilitariste comme une forme d&rsquo;hommage au sacrifice de soldats, et s&rsquo;indigner que tous ne le comprennent pas de cette mani\u00e8re. Je vois ici un bon exemple de la mani\u00e8re dont la trag\u00e9die v\u00e9cue par la r\u00e9daction de <em>Charlie Hebdo<\/em> a rendu des concepts tels que \u00ab\u00a0premier degr\u00e9\u00a0\u00bb, \u00ab\u00a0second degr\u00e9\u00a0\u00bb ou \u00ab\u00a0humour\u00a0\u00bb passablement incompr\u00e9hensibles car ceux qui les emploient ne veulent pas tous dire la m\u00eame chose. L&rsquo;humour n&rsquo;a plus \u00e0 \u00eatre dr\u00f4le, la libert\u00e9 d&rsquo;expression de <em>Charlie Hebdo<\/em> n&rsquo;est pas n\u00e9gociable mais user de sa libert\u00e9 d&rsquo;interpr\u00e9tation ou de critique fait de celui qui s&rsquo;y essaie un soutien objectif de Daech.<\/p>\n<ol class=\"footnotes\"><li id=\"footnote_1_7957\" class=\"footnote\">Fait m\u00e9connu : Cabu a commenc\u00e9 sa carri\u00e8re alors qu&rsquo;il \u00e9tait appel\u00e9 en dessinant dans un journal de propagande militaire, <em>Bled<\/em>. <span class=\"footnote-back-link-wrapper\"> [<a href=\"#identifier_1_7957\" class=\"footnote-link footnote-back-link\">&#8617;<\/a>]<\/span><\/li><li id=\"footnote_2_7957\" class=\"footnote\">Cabu a perdu six proc\u00e8s face \u00e0 l&rsquo;Arm\u00e9e. On remarquera que le g\u00e9n\u00e9ral qui \u00e9crit une lettre ouverte se contente de faire part de son sentiment, il ne menace pas <em>Charlie Hebdo<\/em> de poursuites. <span class=\"footnote-back-link-wrapper\"> [<a href=\"#identifier_2_7957\" class=\"footnote-link footnote-back-link\">&#8617;<\/a>]<\/span><\/li><li id=\"footnote_3_7957\" class=\"footnote\">Au passage, je dois admettre que je ne porte pas de jugement tranch\u00e9 sur cette question, j&rsquo;ignore tout de la marge de man\u0153uvre de la France et je ne sais pas ce qui est juste, ou \u00ab\u00a0moins pire\u00a0\u00bb. En revanche je me sens toujours perturb\u00e9 par la quasi-absence de d\u00e9bat public v\u00e9ritable au sujet des conflits qui impliquent la France hors de ses fronti\u00e8res. Pour parler du burkini, il y a du monde sur les plateaux, mais pour nous expliquer nos guerres&#8230; <span class=\"footnote-back-link-wrapper\"> [<a href=\"#identifier_3_7957\" class=\"footnote-link footnote-back-link\">&#8617;<\/a>]<\/span><\/li><\/ol>","protected":false},"excerpt":{"rendered":"<p>Charlie Hebdo provoque un petit scandale cette semaine en reprenant la campagne de recrutement de l&rsquo;Arm\u00e9e de Terre, illustr\u00e9e non par des photos de jeunes gens minces et beaux qui sentent bon le sable chaud avec le soleil sur leur front qui met dans leurs cheveux blonds de la lumi\u00e8re, mais par des dessins de [&hellip;]<\/p>\n","protected":false},"author":1,"featured_media":0,"comment_status":"open","ping_status":"open","sticky":false,"template":"","format":"standard","meta":{"footnotes":""},"categories":[1],"tags":[],"class_list":["post-7957","post","type-post","status-publish","format-standard","hentry","category-non-classe"],"_links":{"self":[{"href":"https:\/\/hyperbate.fr\/castagne\/wp-json\/wp\/v2\/posts\/7957","targetHints":{"allow":["GET"]}}],"collection":[{"href":"https:\/\/hyperbate.fr\/castagne\/wp-json\/wp\/v2\/posts"}],"about":[{"href":"https:\/\/hyperbate.fr\/castagne\/wp-json\/wp\/v2\/types\/post"}],"author":[{"embeddable":true,"href":"https:\/\/hyperbate.fr\/castagne\/wp-json\/wp\/v2\/users\/1"}],"replies":[{"embeddable":true,"href":"https:\/\/hyperbate.fr\/castagne\/wp-json\/wp\/v2\/comments?post=7957"}],"version-history":[{"count":3,"href":"https:\/\/hyperbate.fr\/castagne\/wp-json\/wp\/v2\/posts\/7957\/revisions"}],"predecessor-version":[{"id":7995,"href":"https:\/\/hyperbate.fr\/castagne\/wp-json\/wp\/v2\/posts\/7957\/revisions\/7995"}],"wp:attachment":[{"href":"https:\/\/hyperbate.fr\/castagne\/wp-json\/wp\/v2\/media?parent=7957"}],"wp:term":[{"taxonomy":"category","embeddable":true,"href":"https:\/\/hyperbate.fr\/castagne\/wp-json\/wp\/v2\/categories?post=7957"},{"taxonomy":"post_tag","embeddable":true,"href":"https:\/\/hyperbate.fr\/castagne\/wp-json\/wp\/v2\/tags?post=7957"}],"curies":[{"name":"wp","href":"https:\/\/api.w.org\/{rel}","templated":true}]}}