{"id":7838,"date":"2019-11-28T11:24:08","date_gmt":"2019-11-28T10:24:08","guid":{"rendered":"http:\/\/hyperbate.fr\/castagne\/?p=7838"},"modified":"2019-11-28T18:45:24","modified_gmt":"2019-11-28T17:45:24","slug":"le-spectacle-de-la-politique","status":"publish","type":"post","link":"https:\/\/hyperbate.fr\/castagne\/2019\/11\/28\/le-spectacle-de-la-politique\/","title":{"rendered":"Le spectacle de la politique"},"content":{"rendered":"\n<p><em>(note : le d\u00e9but de l&rsquo;article pose le contexte, car je voudrai m&rsquo;en souvenir quand je le relirai dans six mois et que tout \u00e7a sera devenu une anecdote. Si vous savez d\u00e9j\u00e0 tout, sautez \u00e0 <a href=\"#conclusion\">la conclusion<\/a>)<\/em><\/p>\n\n\n\n<p>Le turbulent Juan Branco<sup><a href=\"#footnote_1_7838\" id=\"identifier_1_7838\" class=\"footnote-link footnote-identifier-link\" title=\"Il y a quelques jours seulement je me suis amus&eacute; &agrave; pasticher la litt&eacute;rature quelque peu autocentr&eacute;e de ce jeune homme :  hyperbate.fr\/fatras\/2019\/11\/23\/crepusco\/  .\">1<\/a><\/sup> vient de sortir un scoop assassin : lors du conflit social Ecopla, en 2016, Fran\u00e7ois Ruffin et Emmanuel Macron ont mis au point une strat\u00e9gie de communication commune, une v\u00e9ritable mise-en-sc\u00e8ne de leurs n\u00e9gociations. <\/p>\n\n\n\n<figure class=\"wp-block-image\"><a href=\"https:\/\/twitter.com\/anatolium\/status\/1199349359290155008\" target=\"_blank\" rel=\"noreferrer noopener\"><img decoding=\"async\" width=\"586\" height=\"400\" src=\"files\/2019\/11\/Juan_Branco_1199349359290155008.png\" alt=\"\" class=\"wp-image-7856\" srcset=\"https:\/\/hyperbate.fr\/castagne\/files\/2019\/11\/Juan_Branco_1199349359290155008.png 586w, https:\/\/hyperbate.fr\/castagne\/files\/2019\/11\/Juan_Branco_1199349359290155008-300x205.png 300w\" sizes=\"(max-width: 586px) 100vw, 586px\" \/><\/a><\/figure>\n\n\n\n<p>Voici l&rsquo;extrait de la conversation qui vient d&rsquo;\u00eatre diffus\u00e9e par Branco :<br><\/p>\n\n\n\n<blockquote class=\"wp-block-quote is-layout-flow wp-block-quote-is-layout-flow\"><p>RUFFIN \u2014 Je pense que si on r\u00e9fl\u00e9chit strat\u00e9gie, le mieux c&rsquo;est que vous soyez vivement interpell\u00e9 et publiquement par les salari\u00e9s d&rsquo;Ecopla. \u00c7a fera un \u00e9pisode. Et ensuite que vous, vous y r\u00e9pondiez en disant : Ben moi, je suis pr\u00eat \u00e0 me d\u00e9placer sur place. Ben \u00e7a fait un deuxi\u00e8me \u00e9pisode. <br>MACRON \u2014 Ok\u2026 ok. Un, on \u00e9change sur le dossier. Deux, on vous tient au courant des avanc\u00e9es. Trois, vous, vous m&rsquo;interpellez publiquement. Quatre, dans la foul\u00e9e, on cale ensemble une date de d\u00e9placement, avant le 5 octobre. Et on voit comment on la communique ensemble. <br>RUFFIN \u2014 Et je pense que l&rsquo;on sort d&rsquo;ici en n&rsquo;\u00e9tant pas contents.<br>MACRON \u2014 Oui.<\/p><cite>QG d&rsquo;Emmanuel Macron, Tour Montparnasse, le 12 septembre 2016<\/cite><\/blockquote>\n\n\n\n<p>Bien entendu, il est un peu troublant d&rsquo;imaginer qu&rsquo;un tel dialogue ait effectivement pu se tenir entre deux hommes qui sont cens\u00e9s \u00eatre des adversaires<sup><a href=\"#footnote_2_7838\" id=\"identifier_2_7838\" class=\"footnote-link footnote-identifier-link\" title=\"On se rappellera la lettre ouverte &agrave; Emmanuel Macron par Fran&ccedil;ois Ruffin dans Le Monde, en mai 2017, juste avant l&rsquo;&eacute;lection pr&eacute;sidentielle, qui martelait : &laquo;&nbsp;Vous &ecirc;tes ha&iuml; par &laquo; les sans-droits, les oubli&eacute;s, les sans-grade &raquo; que vous citez dans votre discours, singeant un peu Jean-Luc M&eacute;lenchon. Vous &ecirc;tes ha&iuml;, tant ils ressentent en vous, et &agrave; raison, l&rsquo;&eacute;lite arrogante (&hellip;)Vous &ecirc;tes ha&iuml;, vous &ecirc;tes ha&iuml;, vous &ecirc;tes ha&iuml;&nbsp;&raquo;.\">2<\/a><\/sup> : imagine-t-on Batman et le Joker r\u00e9p\u00e9ter leurs combats ? D\u00e8s la publication de cet enregistrement sonore, chacun s&rsquo;est positionn\u00e9 en fonction de ses opinions pr\u00e9\u00e9tablies, allant du biais de confirmation ruffinosceptique (<em>\u00ab\u00a0Je le savais bien que Ruffin \u00e9tait bidon !\u00a0\u00bb<\/em>) au d\u00e9ni techno-complotiste clairement d\u00e9sesp\u00e9r\u00e9 (<em>\u00ab\u00a0Avec l&rsquo;IA on peut trafiquer n&rsquo;importe quoi, rien ne prouve que l&rsquo;enregistrement soit authentique\u00a0\u00bb<\/em>). Malheureusement pour ceux qui pla\u00e7aient leurs espoir dans l&rsquo;hypoth\u00e8se que le document f\u00fbt faux, l&rsquo;enregistrement est bien authentique, puisque Fran\u00e7ois Ruffin l&rsquo;a aussit\u00f4t admis lui-m\u00eame dans <a rel=\"noreferrer noopener\" aria-label=\"Le Monde (s\u2019ouvre dans un nouvel onglet)\" href=\"https:\/\/www.lemonde.fr\/politique\/article\/2019\/11\/26\/une-conversation-exhumee-entre-emmanuel-macron-et-francois-ruffin-agite-la-gauche-de-la-gauche_6020627_823448.html\" target=\"_blank\"><em>Le Monde<\/em><\/a> : <\/p>\n\n\n\n<blockquote style=\"text-align:left\" class=\"wp-block-quote is-layout-flow wp-block-quote-is-layout-flow\"><p>\u00ab Je veux bien qu\u2019on me donne des le\u00e7ons de morale. Mais quand tu es une petite entreprise, comment tu mobilises le monde politique et m\u00e9diatique ? Je ne suis pas dans la honte. J\u2019ai une foi. Je m\u00e8ne un combat. On a fait tout notre possible pour la bo\u00eete, on \u00e9tait pr\u00eats \u00e0 occuper l\u2019usine. Si Macron est une carte pour peser, je prends cette carte et je la joue. \u00bb<\/p><\/blockquote>\n\n\n\n<p>J&rsquo;ai l&rsquo;impression que les soutiens de Ruffin se sont content\u00e9s de cette explication et sont instantan\u00e9ment pass\u00e9s d&rsquo;un plaintif <em><a rel=\"noreferrer noopener\" aria-label=\"Say it ain't so, Joe (s\u2019ouvre dans un nouvel onglet)\" href=\"https:\/\/www.youtube.com\/watch?v=7zZzjVCGFo4\" target=\"_blank\">Say it ain&rsquo;t so, Joe<\/a><\/em><sup><a href=\"#footnote_3_7838\" id=\"identifier_3_7838\" class=\"footnote-link footnote-identifier-link\" title=\"Chanson de Murray Head qui reprend le cri d&rsquo;un supporter &agrave; un joueur de Baseball des ann&eacute;es 1920 qui avait &eacute;t&eacute; accus&eacute; d&rsquo;avoir accept&eacute; de truquer un match. Derri&egrave;re ce pr&eacute;texte, la chanson &eacute;voquait la sid&eacute;ration des soutiens de Richard Nixon face &agrave; l&rsquo;affaire du Watergate.\">3<\/a><\/sup> \u00e0 un rassurant rappel au contexte : il fallait sauver l&rsquo;usine, tous les moyens \u00e9taient bons, et puis d&rsquo;abord, cette nouvelle \u00ab\u00a0exclusive\u00a0\u00bb est du r\u00e9chauff\u00e9.<br>Il est en effet important de noter que le scoop de Juan Branco n&rsquo;en \u00e9tait pas un : cet enregistrement avait en fait \u00e9t\u00e9 diffus\u00e9 \u00e0 l&rsquo;\u00e9poque <a rel=\"noreferrer noopener\" aria-label=\"par Radio Nova (s\u2019ouvre dans un nouvel onglet)\" href=\"https:\/\/www.youtube.com\/watch?v=h9RnWzd2Vuk&amp;feature=emb_title\" target=\"_blank\">par Radio Nova<\/a> dans une s\u00e9rie intitul\u00e9e QG de Campagne. Il n&rsquo;avait pas suscit\u00e9 d&rsquo;\u00e9moi particulier en son temps (ses statistiques de consultation jusqu&rsquo;hier \u00e9taient si faibles qu&rsquo;il aurait difficilement pu en \u00eatre autrement), ce qui s&rsquo;explique entre autres, <a rel=\"noreferrer noopener\" aria-label=\"comme l'\u00e9crit Daniel Schneidermann (s\u2019ouvre dans un nouvel onglet)\" href=\"https:\/\/www.arretsurimages.net\/chroniques\/le-matinaute\/macron-ruffin-et-les-salaries-decopla-une-bataille-pour-la-lumiere\" target=\"_blank\">comme l&rsquo;\u00e9crit Daniel Schneidermann<\/a>, par le fait que <em>\u00ab\u00a0les deux protagonistes, dans l&rsquo;intervalle, ont chang\u00e9 de statut\u00a0\u00bb \u2014<\/em> l&rsquo;un \u00e9tait journaliste, l&rsquo;autre n&rsquo;\u00e9tait encore qu&rsquo;un ancien ministre qui s&rsquo;appr\u00eatait \u00e0 partir en campagne, leur petite cuisine \u00e9tait plut\u00f4t anecdotique. Dans son montage en vid\u00e9o, Juan Branco ne signale pas que la conversation entre Macron et Ruffin se fait en pr\u00e9sence des salari\u00e9s gr\u00e9vistes, et non \u00e0 leur insu : si une com\u00e9die a \u00e9t\u00e9 jou\u00e9e, ce n&rsquo;\u00e9tait pas pour eux, c&rsquo;\u00e9tait pour les m\u00e9dias, pour le public, pour nous.<\/p>\n\n\n\n<figure class=\"wp-block-image\"><img decoding=\"async\" width=\"792\" height=\"271\" src=\"files\/2019\/11\/Guignol_et_le_maquis.jpg\" alt=\"\" class=\"wp-image-7903\" srcset=\"https:\/\/hyperbate.fr\/castagne\/files\/2019\/11\/Guignol_et_le_maquis.jpg 792w, https:\/\/hyperbate.fr\/castagne\/files\/2019\/11\/Guignol_et_le_maquis-300x103.jpg 300w, https:\/\/hyperbate.fr\/castagne\/files\/2019\/11\/Guignol_et_le_maquis-768x263.jpg 768w, https:\/\/hyperbate.fr\/castagne\/files\/2019\/11\/Guignol_et_le_maquis-624x214.jpg 624w\" sizes=\"(max-width: 792px) 100vw, 792px\" \/><figcaption><a rel=\"noreferrer noopener\" aria-label=\"Guignol et le marquis (s\u2019ouvre dans un nouvel onglet)\" href=\"https:\/\/commons.wikimedia.org\/wiki\/File:Guignol_et_le_maquis.jpg\" target=\"_blank\">Guignol et le marquis<\/a> (Photo : Guignol Gu\u00e9rin, licence CC-BY-SA 4.0)<\/figcaption><\/figure>\n\n\n\n<p>Beaucoup de gens se sont inqui\u00e9t\u00e9s des effets de la man\u0153uvre de Juan Branco, disant qu&rsquo;elle ne pourrait que faire du tort \u00e0 la gauche : faut pas d\u00e9sesp\u00e9rer Billancourt ! Et beaucoup se sont dit que tout cela profiterait sans doute surtout \u00e0 Macron (\u00e0 qui personne ne semble avoir reproch\u00e9 cette affaire) et \u00e0 l&rsquo;extr\u00eame-droite, friande de preuves d&rsquo;un <em>\u00ab\u00a0tous pourris !\u00a0\u00bb<\/em>.<br>Branco, bien entendu, n&rsquo;en d\u00e9mord pas et insiste : l&rsquo;opposition entre Ruffin et Macron est factice et se fait sur le dos des ouvriers.<\/p>\n\n\n\n<figure class=\"wp-block-image\"><a href=\"https:\/\/twitter.com\/anatolium\/status\/1199403616634916864\" target=\"_blank\" rel=\"noreferrer noopener\"><img decoding=\"async\" width=\"600\" height=\"280\" src=\"files\/2019\/11\/Juan_Branco_1199403616634916864.png\" alt=\"\" class=\"wp-image-7854\" srcset=\"https:\/\/hyperbate.fr\/castagne\/files\/2019\/11\/Juan_Branco_1199403616634916864.png 600w, https:\/\/hyperbate.fr\/castagne\/files\/2019\/11\/Juan_Branco_1199403616634916864-300x140.png 300w\" sizes=\"(max-width: 600px) 100vw, 600px\" \/><\/a><\/figure>\n\n\n\n<p>Si les gens que je lis et que je fr\u00e9quente sur les r\u00e9seaux sociaux sont repr\u00e9sentatifs, alors pas la peine de craindre que le scoop de Branco fasse le lit de l&rsquo;extr\u00eame-droite : celui que cette sortie a le plus s\u00fbrement d\u00e9cr\u00e9dibilis\u00e9, c&rsquo;est son auteur. Il <em>\u00ab\u00a0cherche \u00e0 faire le buzz\u00a0\u00bb<\/em>, il <em>\u00ab\u00a0fout la merde\u00a0\u00bb<\/em>, c&rsquo;est un <em>\u00ab\u00a0pervers narcissique\u00a0\u00bb<\/em>. Lui-m\u00eame habitu\u00e9 \u00e0 d\u00e9velopper une vision complotiste du monde politique, Juan Branco se voit \u00e0 son tour suspect de servir des int\u00e9r\u00eats naus\u00e9abonds&#8230; L&rsquo;artificier est victime de sa propre bombe. <\/p>\n\n\n\n<figure class=\"wp-block-image\"><a href=\"https:\/\/twitter.com\/UsulduFutur\/status\/1199391267551096843\" target=\"_blank\" rel=\"noreferrer noopener\"><img decoding=\"async\" width=\"600\" height=\"290\" src=\"files\/2019\/11\/usul_1199391267551096843.png\" alt=\"\" class=\"wp-image-7886\" srcset=\"https:\/\/hyperbate.fr\/castagne\/files\/2019\/11\/usul_1199391267551096843.png 600w, https:\/\/hyperbate.fr\/castagne\/files\/2019\/11\/usul_1199391267551096843-300x145.png 300w\" sizes=\"(max-width: 600px) 100vw, 600px\" \/><\/a><figcaption>Usul (104 000 followers) renvoie Juan Branco (66 000 followers) \u00e0 sa classe sociale d&rsquo;extraction. <\/figcaption><\/figure>\n\n\n\n<p>En se lan\u00e7ant dans une man\u0153uvre  aussi agressive envers une des rares figures de la gauche qui ait conserv\u00e9 sa popularit\u00e9 intacte y compris au del\u00e0 de son camp politique, il est probable que Juan Branco r\u00e9v\u00e8le surtout l&rsquo;\u00e9tendue de ses ambitions, et se pose en concurrent de Fran\u00e7ois Ruffin, qui comme lui (mais avec plus de succ\u00e8s) a \u00e9t\u00e9 pr\u00e9sent\u00e9 aux \u00e9lections l\u00e9gislatives sous l&rsquo;\u00e9tiquette de la <em>France insoumise<\/em>, et qui comme lui a une r\u00e9putation de franc-tireur vis \u00e0 vis du mouvement. Je vais peut-\u00eatre me lancer ici dans une d\u00e9lirante extrapolation fa\u00e7on Juan Branco mais mon intuition, c&rsquo;est que ce jeune homme s&rsquo;envisage candidat aux \u00e9lections pr\u00e9sidentielles, d\u00e8s 2022, et commence son ascension en tentant d&rsquo;\u00e9liminer celui qui squatte son cr\u00e9neau  <em>\u2014<\/em>  ce qui, si jamais j&rsquo;ai raison, fait de lui un authentique politicard, mais pas un tr\u00e8s bon puisqu&rsquo;il a clairement mal \u00e9valu\u00e9 l&rsquo;\u00e9quilibre des forces et des soutiens. Avoir une nombreuse cour de fans sur les r\u00e9seaux sociaux fait vite perdre le sens commun il est vrai.<\/p>\n\n\n\n<p><strong><a name=\"conclusion\"><\/a>Minute papillon !<\/strong><\/p>\n\n\n\n<p>Il reste tout de m\u00eame un point \u00e0 \u00e9claircir, un point qu&rsquo;on ne peut pas tout \u00e0 fait laisser passer : Ruffin et Macron (avec l&rsquo;accord lucide de leurs \u00e9quipes respectives) ont bel et bien mis en sc\u00e8ne leur opposition. Je suis certain qu&rsquo;ils ne sont pas sp\u00e9cialement copains (\u00e7a vaut ce que \u00e7a vaut mais je note qu&rsquo;ils se voussoient), je suis certain que leurs buts politiques diff\u00e8rent.<br>Dans un sens, et certains l&rsquo;ont fait, on pourrait se r\u00e9jouir que malgr\u00e9 ce qui les s\u00e9pare, ils se soient ici montr\u00e9s capables de travailler ensemble (mais sans succ\u00e8s, car \u00e7a n&rsquo;aura rien chang\u00e9) \u00e0 l&rsquo;avenir des salari\u00e9s d&rsquo;une entreprise en p\u00e9ril. Mais tous les moyens sont-ils bons pour parvenir \u00e0 un r\u00e9sultat en politique, y compris le mensonge ? Est-ce que la moindre des choses que l&rsquo;on doit aux citoyens, aux \u00e9lecteurs, \u00e0 ce \u00ab\u00a0peuple\u00a0\u00bb dont on nous rebat les oreilles, ce n&rsquo;est pas un minimum de transparence ? \u00c7a me fait mal de le dire, mais sur le fond, c&rsquo;est sans doute Juan Branco qui a raison de pointer la th\u00e9\u00e2tralisation des oppositions de politiciens qui, pass\u00e9s par les m\u00eames formations<sup><a href=\"#footnote_4_7838\" id=\"identifier_4_7838\" class=\"footnote-link footnote-identifier-link\" title=\"Fran&ccedil;ois Ruffin n&rsquo;a fait ni Sciences-po ni l&rsquo;Ena, mais pour l&rsquo;anecdote, il est assez amusant de rappeler qu&rsquo;il a fr&eacute;quent&eacute; le m&ecirc;me coll&egrave;ge j&eacute;suite qu&rsquo;Emmanuel Macron : La Providence, &agrave; Amiens,\">4<\/a><\/sup>, se distribuent les r\u00f4les, parfois sans convictions personnelles fortes<sup><a href=\"#footnote_5_7838\" id=\"identifier_5_7838\" class=\"footnote-link footnote-identifier-link\" title=\"Mes passages sur des plateaux de t&eacute;l&eacute;vision, dans des studios de radio, mon service, dans un minist&egrave;re, ou encore mon observation de la vie politique communale, me laissent penser que les &laquo;&nbsp;amis politiques&nbsp;&raquo; sont parfois tr&egrave;s froids les uns avec les autres hors cam&eacute;ras, et que certains &laquo;&nbsp;ennemis politiques&nbsp;&raquo; peuvent, en &laquo;&nbsp;off&nbsp;&raquo; faire preuve d&rsquo;estime ou d&rsquo;amiti&eacute;.\">5<\/a><\/sup>. D&rsquo;instinct, j&rsquo;ai l&rsquo;impression que Ruffin comme Macron ne trichent pas sp\u00e9cialement sur le fond de leur engagement, ils jouent <em>a priori<\/em> leur propre r\u00f4le, mais il s&rsquo;agit bel et bien d&rsquo;un r\u00f4le, et on est en droit de voir en eux deux de pragmatiques communicants.<\/p>\n\n\n\n<figure class=\"wp-block-image\"><img decoding=\"async\" width=\"792\" height=\"484\" src=\"files\/2019\/11\/CM_Punk_Daniel_Bryan_7900537922.jpg\" alt=\"\" class=\"wp-image-7901\" srcset=\"https:\/\/hyperbate.fr\/castagne\/files\/2019\/11\/CM_Punk_Daniel_Bryan_7900537922.jpg 792w, https:\/\/hyperbate.fr\/castagne\/files\/2019\/11\/CM_Punk_Daniel_Bryan_7900537922-300x183.jpg 300w, https:\/\/hyperbate.fr\/castagne\/files\/2019\/11\/CM_Punk_Daniel_Bryan_7900537922-768x469.jpg 768w, https:\/\/hyperbate.fr\/castagne\/files\/2019\/11\/CM_Punk_Daniel_Bryan_7900537922-624x381.jpg 624w\" sizes=\"(max-width: 792px) 100vw, 792px\" \/><figcaption>\u00ab\u00a0Chiqu\u00e9 !\u00a0\u00bb. Deux catcheurs, CM Punk et Daniel Bryan (<a rel=\"noreferrer noopener\" aria-label=\"photo Eve Rinaldi (s\u2019ouvre dans un nouvel onglet)\" href=\"https:\/\/www.flickr.com\/photos\/evarinaldiphotography\/7900537922\/\" target=\"_blank\">photo Eve Rinaldi<\/a>, licence CC-BY-SA 2.0)<\/figcaption><\/figure>\n\n\n\n<p>Juan Branco tire de tout cela des enseignements sur la duplicit\u00e9 de deux hommes politiques, mais cela me semble un peu simplet. Et si cette affaire en disait bien plus sur les attentes du public que sur Macron et Ruffin ? Et si c&rsquo;\u00e9tait vous et moi (et bien entendu les m\u00e9dias qui se plient \u00e0 notre demande) qui r\u00e9clamions notre dose de spectacle. Et si c&rsquo;\u00e9tait nous qui avions besoin de pantomime, d&rsquo;oppositions tranch\u00e9es, de bons et de m\u00e9chants, de personnages caricaturaux, de coups de gueule calcul\u00e9s, de camp \u00e0 choisir, de sc\u00e9narisation, de s\u00e9quence, de fiction ? Et si c&rsquo;\u00e9tait nous qui n&rsquo;\u00e9tions pas vraiment capables de supporter le travail politique rationnel et sinc\u00e8re ?<\/p>\n\n\n\n<p><\/p>\n<ol class=\"footnotes\"><li id=\"footnote_1_7838\" class=\"footnote\">Il y a quelques jours seulement je me suis amus\u00e9 \u00e0 pasticher la litt\u00e9rature quelque peu autocentr\u00e9e de ce jeune homme :  <a href=\"https:\/\/hyperbate.fr\/fatras\/2019\/11\/23\/crepusco\/\">hyperbate.fr\/fatras\/2019\/11\/23\/crepusco\/<\/a>  .<span class=\"footnote-back-link-wrapper\"> [<a href=\"#identifier_1_7838\" class=\"footnote-link footnote-back-link\">&#8617;<\/a>]<\/span><\/li><li id=\"footnote_2_7838\" class=\"footnote\">On se rappellera <a rel=\"noreferrer noopener\" aria-label=\"la tribune de Fran\u00e7ois Ruffin dans Le Monde (s\u2019ouvre dans un nouvel onglet)\" href=\"https:\/\/www.lemonde.fr\/idees\/article\/2017\/05\/04\/francois-ruffin-lettre-ouverte-a-un-futur-president-deja-hai_5122151_3232.html\" target=\"_blank\">la lettre ouverte \u00e0 Emmanuel Macron par Fran\u00e7ois Ruffin dans Le Monde<\/a>, en mai 2017, juste avant l&rsquo;\u00e9lection pr\u00e9sidentielle, qui martelait : <em>\u00ab\u00a0Vous \u00eates ha\u00ef par \u00ab les sans-droits, les oubli\u00e9s, les sans-grade \u00bb que vous citez dans votre discours, singeant un peu Jean-Luc M\u00e9lenchon. Vous \u00eates ha\u00ef, tant ils ressentent en vous, et \u00e0 raison, l\u2019\u00e9lite arrogante (&#8230;)Vous \u00eates ha\u00ef, vous \u00eates ha\u00ef, vous \u00eates ha\u00ef\u00a0\u00bb.<\/em> <span class=\"footnote-back-link-wrapper\"> [<a href=\"#identifier_2_7838\" class=\"footnote-link footnote-back-link\">&#8617;<\/a>]<\/span><\/li><li id=\"footnote_3_7838\" class=\"footnote\">Chanson de Murray Head qui reprend le cri d&rsquo;un supporter \u00e0 un joueur de Baseball des ann\u00e9es 1920 qui avait \u00e9t\u00e9 accus\u00e9 d&rsquo;avoir accept\u00e9 de truquer un match. Derri\u00e8re ce pr\u00e9texte, la chanson \u00e9voquait la sid\u00e9ration des soutiens de Richard Nixon face \u00e0 l&rsquo;affaire du Watergate. <span class=\"footnote-back-link-wrapper\"> [<a href=\"#identifier_3_7838\" class=\"footnote-link footnote-back-link\">&#8617;<\/a>]<\/span><\/li><li id=\"footnote_4_7838\" class=\"footnote\">Fran\u00e7ois Ruffin n&rsquo;a fait ni Sciences-po ni l&rsquo;Ena, mais pour l&rsquo;anecdote, il est assez amusant de rappeler qu&rsquo;il a fr\u00e9quent\u00e9 le m\u00eame coll\u00e8ge j\u00e9suite qu&rsquo;Emmanuel Macron : <em>La Providence<\/em>, \u00e0 Amiens, <span class=\"footnote-back-link-wrapper\"> [<a href=\"#identifier_4_7838\" class=\"footnote-link footnote-back-link\">&#8617;<\/a>]<\/span><\/li><li id=\"footnote_5_7838\" class=\"footnote\">Mes passages sur des plateaux de t\u00e9l\u00e9vision, dans des studios de radio, mon service, dans un minist\u00e8re, ou encore mon observation de la vie politique communale, me laissent penser que les \u00ab\u00a0amis politiques\u00a0\u00bb sont parfois tr\u00e8s froids les uns avec les autres hors cam\u00e9ras, et que certains \u00ab\u00a0ennemis politiques\u00a0\u00bb peuvent, en \u00ab\u00a0off\u00a0\u00bb faire preuve d&rsquo;estime ou d&rsquo;amiti\u00e9. <span class=\"footnote-back-link-wrapper\"> [<a href=\"#identifier_5_7838\" class=\"footnote-link footnote-back-link\">&#8617;<\/a>]<\/span><\/li><\/ol>","protected":false},"excerpt":{"rendered":"<p>(note : le d\u00e9but de l&rsquo;article pose le contexte, car je voudrai m&rsquo;en souvenir quand je le relirai dans six mois et que tout \u00e7a sera devenu une anecdote. Si vous savez d\u00e9j\u00e0 tout, sautez \u00e0 la conclusion) Le turbulent Juan Branco1 vient de sortir un scoop assassin : lors du conflit social Ecopla, en [&hellip;]<\/p>\n","protected":false},"author":1,"featured_media":0,"comment_status":"open","ping_status":"open","sticky":false,"template":"","format":"standard","meta":{"footnotes":""},"categories":[7],"tags":[],"class_list":["post-7838","post","type-post","status-publish","format-standard","hentry","category-democratie"],"_links":{"self":[{"href":"https:\/\/hyperbate.fr\/castagne\/wp-json\/wp\/v2\/posts\/7838","targetHints":{"allow":["GET"]}}],"collection":[{"href":"https:\/\/hyperbate.fr\/castagne\/wp-json\/wp\/v2\/posts"}],"about":[{"href":"https:\/\/hyperbate.fr\/castagne\/wp-json\/wp\/v2\/types\/post"}],"author":[{"embeddable":true,"href":"https:\/\/hyperbate.fr\/castagne\/wp-json\/wp\/v2\/users\/1"}],"replies":[{"embeddable":true,"href":"https:\/\/hyperbate.fr\/castagne\/wp-json\/wp\/v2\/comments?post=7838"}],"version-history":[{"count":3,"href":"https:\/\/hyperbate.fr\/castagne\/wp-json\/wp\/v2\/posts\/7838\/revisions"}],"predecessor-version":[{"id":7928,"href":"https:\/\/hyperbate.fr\/castagne\/wp-json\/wp\/v2\/posts\/7838\/revisions\/7928"}],"wp:attachment":[{"href":"https:\/\/hyperbate.fr\/castagne\/wp-json\/wp\/v2\/media?parent=7838"}],"wp:term":[{"taxonomy":"category","embeddable":true,"href":"https:\/\/hyperbate.fr\/castagne\/wp-json\/wp\/v2\/categories?post=7838"},{"taxonomy":"post_tag","embeddable":true,"href":"https:\/\/hyperbate.fr\/castagne\/wp-json\/wp\/v2\/tags?post=7838"}],"curies":[{"name":"wp","href":"https:\/\/api.w.org\/{rel}","templated":true}]}}