{"id":7692,"date":"2019-11-08T13:11:50","date_gmt":"2019-11-08T12:11:50","guid":{"rendered":"http:\/\/hyperbate.fr\/castagne\/?p=7692"},"modified":"2019-11-09T18:41:23","modified_gmt":"2019-11-09T17:41:23","slug":"ceux-qui-se-bouchent-le-nez","status":"publish","type":"post","link":"https:\/\/hyperbate.fr\/castagne\/2019\/11\/08\/ceux-qui-se-bouchent-le-nez\/","title":{"rendered":"Ceux qui se bouchent le nez"},"content":{"rendered":"\n<p>J&rsquo;avais parl\u00e9 <a rel=\"noreferrer noopener\" aria-label=\"ici m\u00eame (s\u2019ouvre dans un nouvel onglet)\" href=\"https:\/\/hyperbate.fr\/castagne\/2019\/08\/06\/les-dechets-radioactifs\/\" target=\"_blank\">ici m\u00eame<\/a> de la r\u00e9action tr\u00e8s hostile d&rsquo;une partie de la communaut\u00e9 des designers graphiques \u00e0 l&rsquo;annonce de la cr\u00e9ation d&rsquo;une r\u00e9sidence au Centre National du Graphisme, dot\u00e9e par l&rsquo;agence nationale pour la gestion des d\u00e9chets radioactifs (ANDRA).<br>Cette semaine, une grogne comparable touche une manifestation qui m&rsquo;est ch\u00e8re : le festival des Utopiales, \u00e0 Nantes.<\/p>\n\n\n\n<figure class=\"wp-block-image\"><img decoding=\"async\" width=\"960\" height=\"667\" src=\"files\/2019\/11\/boycott_andra-1.jpg\" alt=\"\" class=\"wp-image-7703\" srcset=\"https:\/\/hyperbate.fr\/castagne\/files\/2019\/11\/boycott_andra-1.jpg 960w, https:\/\/hyperbate.fr\/castagne\/files\/2019\/11\/boycott_andra-1-300x208.jpg 300w, https:\/\/hyperbate.fr\/castagne\/files\/2019\/11\/boycott_andra-1-768x534.jpg 768w, https:\/\/hyperbate.fr\/castagne\/files\/2019\/11\/boycott_andra-1-624x434.jpg 624w\" sizes=\"(max-width: 960px) 100vw, 960px\" \/><figcaption>\u00e0 gauche, une affiche annon\u00e7ant le concours de nouvelles lanc\u00e9 par l&rsquo;Andra et Usbek et Rica. \u00c0 droite, un pastiche qui a circul\u00e9 pour d\u00e9noncer la tenue de ce concours. L&rsquo;illustration est assez intrigante (et pas tr\u00e8s r\u00e9ussie, il faut le dire).<\/figcaption><\/figure>\n\n\n\n<p>Je n&rsquo;\u00e9tais pas aux Utopiales, je n&rsquo;ai pas suivi la chronologie de l&rsquo;affaire, je connais juste la conjonction de faits dont un certain nombre de personnes se sont \u00e9mues<sup><a href=\"#footnote_1_7692\" id=\"identifier_1_7692\" class=\"footnote-link footnote-identifier-link\" title=\"Je me suis bien emb&ecirc;t&eacute; pour savoir s&rsquo;il fallait accorder &laquo;&nbsp;&eacute;mu&nbsp;&raquo; &agrave; &laquo;&nbsp;un nombre&nbsp;&raquo; ou aux &laquo;&nbsp;personnes&nbsp;&raquo;. Apparemment on a le choix, selon le sens que l&rsquo;on veut privil&eacute;gier : individuel ou collectif. Mais bon je ne suis pas compl&egrave;tement s&ucirc;r de moi, chaque solution possible me g&egrave;ne l&rsquo;&oelig;il.\">1<\/a><\/sup> :<\/p>\n\n\n\n<ul class=\"wp-block-list\"><li>L&rsquo;ANDRA, en association avec Usbek et Rica, a organis\u00e9 un concours de nouvelles sur le th\u00e8me des d\u00e9chets nucl\u00e9aires.<\/li><li>Le Commissariat \u00e0 l&rsquo;\u00e9nergie atomique (CEA) est partenaire des Utopiales (depuis 2011, en fait, et \u00e7a n&rsquo;a jamais \u00e9t\u00e9 cach\u00e9). Le pr\u00e9sident des Utopiales, l&rsquo;astrophysicien Roland Lehoucq, est par ailleurs employ\u00e9 du CEA<sup><a href=\"#footnote_2_7692\" id=\"identifier_2_7692\" class=\"footnote-link footnote-identifier-link\" title=\"Le CEA, dont les pr&eacute;occupations s&rsquo;&eacute;tendent d&eacute;sormais aux &laquo;&nbsp;&eacute;nergies alternatives&nbsp;&raquo;, est un des plus prestigieux organismes de recherche au monde.\">2<\/a><\/sup>. Les Utopiales ont aussi comme partenaires l&rsquo;INRA ou l&rsquo;INSERM, deux autres centres de recherche d&rsquo;\u00c9tat.<\/li><li><a rel=\"noreferrer noopener\" aria-label=\"Emmanuel Chiva (s\u2019ouvre dans un nouvel onglet)\" href=\"https:\/\/www.utopiales.org\/guest\/emmanuel-chiva\/\" target=\"_blank\">Emmanuel Chiva<\/a>, directeur de l&rsquo;Agence de l&rsquo;innovation de d\u00e9fense, a effectu\u00e9 deux interventions publiques aux Utopiales.<\/li><li>Enfin, Roland Lehoucq, toujours lui, a \u00e9t\u00e9 annonc\u00e9 comme coordinateur de la Red Team, une \u00e9quipe d&rsquo;auteurs de science-fiction charg\u00e9s d&rsquo;aider l&rsquo;arm\u00e9e fran\u00e7aise \u00e0 r\u00e9fl\u00e9chir \u00e0 son futur<sup><a href=\"#footnote_3_7692\" id=\"identifier_3_7692\" class=\"footnote-link footnote-identifier-link\" title=\"Lire : Science-fiction : quand l&rsquo;arm&eacute;e recrute des auteurs pour pr&eacute;parer l&rsquo;avenir.\">3<\/a><\/sup><\/li><\/ul>\n\n\n\n<p>Le partenariat des Utopiales avec le CEA est une question assez anecdotique, mais on ne commettra sans doute pas d&rsquo;erreur en consid\u00e9rant que les trois autres points vont dans le m\u00eame sens : des administrations nationales aux missions critiques pensent avoir quelque chose \u00e0 gagner \u00e0 entamer un dialogue avec des auteurs de science-fiction.<br>Qu&rsquo;ils aient re\u00e7u une formation acad\u00e9mique v\u00e9ritable dans le domaine ou qu&rsquo;ils soient juste des lecteurs passionn\u00e9s de magazines de vulgarisation, les auteurs de science-fiction disposent souvent d&rsquo;une culture scientifique solide et plut\u00f4t universelle \u2014 universelle au sens o\u00f9 ils ne restreignent pas leurs pr\u00e9occupations \u00e0 un seul champ disciplinaire, ils peuvent s&rsquo;int\u00e9resser \u00e0 la fois aux sciences sociales, \u00e0 la zoologie et \u00e0 la physique quantique, par exemple, ce qui leur permet de r\u00e9fl\u00e9chir librement en croisant des disciplines, chose qui est certes d\u00e9sormais encourag\u00e9e dans le monde scientifique (interdisciplinarit\u00e9 pluridisciplinarit\u00e9 transdisciplinarit\u00e9,&#8230;) mais reste toujours complexe \u00e0 mettre en place. L&rsquo;imagination des auteurs de science-fiction, m\u00eame les plus rigoureux, n&rsquo;est pas born\u00e9e par l&rsquo;\u00e9tat de l&rsquo;art des technologies actuellement disponibles puisque par d\u00e9finition leur vocation est d&rsquo;imaginer (dans un souci de coh\u00e9rence interne) les cons\u00e9quences d&rsquo;hypoth\u00e8ses qui vont de l&rsquo;anticipation prospective imm\u00e9diate aux hypoth\u00e8ses compl\u00e8tement sp\u00e9culatives. Quoi qu&rsquo;il en soit, les auteurs de science-fiction disposent sans doute de tous les outils pour faire des propositions inattendues.<\/p>\n\n\n\n<p>Du point de vue des auteurs, eux-m\u00eames, outre les opportunit\u00e9s de r\u00e9mun\u00e9ration (\u00e7a aussi, c&rsquo;est sale, apparemment !) ou de diffusion, un partenariat me semble tout aussi int\u00e9ressant, par les exp\u00e9riences passionnantes qu&rsquo;il promet en confrontation avec le monde r\u00e9el. Un beau d\u00e9fi.  <br>Je suis stup\u00e9fait de voir que certains membres de cette communaut\u00e9 s&rsquo;indignent par r\u00e9flexe et veulent m\u00eame forcer leurs pairs \u00e0 se rallier \u00e0 leur indignation sous peine d&rsquo;\u00eatre qualifi\u00e9s de salauds et de vendus : le nucl\u00e9aire, c&rsquo;est sale, donc on n&rsquo;y touche pas<sup><a href=\"#footnote_4_7692\" id=\"identifier_4_7692\" class=\"footnote-link footnote-identifier-link\" title=\"Une r&eacute;flexion pertinente souffl&eacute;e par l&rsquo;autrice Jeanne-A Debats : les scientifiques qui trouveront (esp&eacute;rons) comment calmer le r&eacute;acteur de la centrale de Fukushima doivent-ils par avance renoncer &agrave; un Prix Nobel ?Et j&rsquo;ajouterais : doit-on aujourd&rsquo;hui les priver de financement dans leurs recherches, puisque &laquo;&nbsp;le nucl&eacute;aire c&rsquo;est sale&nbsp;&raquo; ?\">4<\/a><\/sup>  ; et la guerre, c&rsquo;est mal, donc on ne parle pas aux militaires. <br>Au passage, ce que j&rsquo;aime beaucoup au festival des Utopiales, personnellement, c&rsquo;est qu&rsquo;on y parle avec tout le monde, et que peuvent \u00eatre pris au s\u00e9rieux \u00e9crivains, traducteurs, \u00e9diteurs, illustrateurs, mais aussi scientifiques, politiques, membres du monde associatif ou professionnels divers, et le tout sans hi\u00e9rarchie \u00e9tablie a priori<sup><a href=\"#footnote_5_7692\" id=\"identifier_5_7692\" class=\"footnote-link footnote-identifier-link\" title=\"J&rsquo;exag&egrave;re un peu : une super star internationale de la science ou de la science-fiction remplissent plus les salles de conf&eacute;rences qu&rsquo;un obscur auteur d&eacute;butant. Reste que l&rsquo;on est loin de la hi&eacute;rarchie des plateaux m&eacute;diatiques.\">5<\/a><\/sup> autre que le talent et la pertinence du propos.<\/p>\n\n\n\n<figure class=\"wp-block-image\"><img decoding=\"async\" width=\"760\" height=\"360\" src=\"files\/2019\/11\/haters_will_hate.png\" alt=\"\" class=\"wp-image-7712\" srcset=\"https:\/\/hyperbate.fr\/castagne\/files\/2019\/11\/haters_will_hate.png 760w, https:\/\/hyperbate.fr\/castagne\/files\/2019\/11\/haters_will_hate-300x142.png 300w, https:\/\/hyperbate.fr\/castagne\/files\/2019\/11\/haters_will_hate-624x296.png 624w\" sizes=\"(max-width: 760px) 100vw, 760px\" \/><figcaption>Des bribes d&rsquo;une longue conversation rep\u00e9r\u00e9e sur Facebook. Je masque les noms, mais plusieurs intervenants sont des auteurs \u0153uvrant dans les \u00ab\u00a0litt\u00e9ratures de l&rsquo;imaginaire\u00a0\u00bb (mais les plus virulents ne sont pas forc\u00e9ment des auteurs de science fiction dite \u00ab\u00a0hard sci-fi\u00a0\u00bb). Roland Lehoucq peut avoir les oreilles qui sifflent, car il est beaucoup pris pour cible, parfois avec un curieux m\u00e9lange de proc\u00e8s d&rsquo;intention na\u00effs et de complotisme qui laisse prendre pour furtives des informations tout ce qu&rsquo;il y a de publiques et d&rsquo;officielles. Ce qui m&rsquo;a \u00e9tonn\u00e9 \u00e0 la lecture de cette conversation, c&rsquo;est de voir des amateurs de science-fiction r\u00e9duire le potentiel du genre \u00e0 celui d&rsquo;outil de propagande, de communication. Et au passage, je me demande bien o\u00f9 il est dit que le concours de nouvelles de l&rsquo;ANDRA doive n\u00e9cessairement aboutir \u00e0 la production de textes pro-nucl\u00e9aires militants. <br><\/figcaption><\/figure>\n\n\n\n<p>Je ne comprends pas bien toute cette indignation, et je la trouve bien vertueuse, au sens n\u00e9gatif du mot. Certes, peu parmi nous ont eu leur mot \u00e0 dire lorsque des gouvernements fran\u00e7ais ont d\u00e9cid\u00e9 de la doctrine d&rsquo;ind\u00e9pendance militaire et \u00e9nerg\u00e9tique de notre pays, nous n&rsquo;en sommes pas responsables et il serait un peu fort de nous en tenir comptables ou de nous interdire d&rsquo;en faire la critique. Chacun est libre de contester les modalit\u00e9s de la d\u00e9colonisation, ou de critiquer le rang g\u00e9opolitique que De Gaulle et la plupart de ses successeurs ont voulu que la France conserve. Et chacun est libre aussi de penser que la d\u00e9pendance de la France envers l&rsquo;industrie nucl\u00e9aire est un danger pour l&rsquo;avenir<sup><a href=\"#footnote_6_7692\" id=\"identifier_6_7692\" class=\"footnote-link footnote-identifier-link\" title=\"Et il y a des raisons de s&rsquo;inqui&eacute;ter, car plus le temps passe et plus la probabilit&eacute; d&rsquo;un accident tel que ceux de Three miles Island, Tchernobyl ou Fukushima s&rsquo;approche de 1, et il n&rsquo;est pas s&ucirc;r que ce sera facile &agrave; encaisser. Par ailleurs, l&rsquo;ouverture &agrave; la concurrence dans le domaine &eacute;nerg&eacute;tique me semble un p&eacute;ril concret et imm&eacute;diat, car des objectifs commerciaux &agrave; court-termes et une r&eacute;flexion technique et politique portant sur des mill&eacute;naires semblent assez incompatibles.\">6<\/a><\/sup>. Mais notre mode de vie ne reste pas moins tributaire de ces choix pass\u00e9s. Personne ne se plaint, en appuyant sur l&rsquo;interrupteur, de voir de la lumi\u00e8re appara\u00eetre. Et peut-on se plaindre que les d\u00e9chets nucl\u00e9aires, qui existent et qui ne cesseront d&rsquo;exister quand bien m\u00eame la fili\u00e8re nucl\u00e9aire serait d\u00e9mantel\u00e9e, soient g\u00e9r\u00e9s plut\u00f4t que coul\u00e9s au large de nos c\u00f4tes ou abandonn\u00e9s dans des terrains vagues ? <br>Personne ne se plaint non plus que la France \u00e9chappe un peu plus que d&rsquo;autres \u00e0 son statut de vassal des \u00c9tats-Unis<sup><a href=\"#footnote_7_7692\" id=\"identifier_7_7692\" class=\"footnote-link footnote-identifier-link\" title=\"Le discours de Villepin &agrave; l&rsquo;ONU contre une guerre mal justifi&eacute;e en Irak, qui reste une belle prise de position de la France, aurait-il &eacute;t&eacute; possible ou aurait-il fait sensation (&agrave; d&eacute;faut d&rsquo;aboutir) si nous n&rsquo;&eacute;tions pas une puissance militaire cons&eacute;quente ?\">7<\/a><\/sup>. Je me consid\u00e8re comme anarchiste (mais attach\u00e9 \u00e0 l&rsquo;\u00c9tat, ce n&rsquo;est du reste pas incompatible), je ne suis pas nationaliste, je n&rsquo;ai pas de go\u00fbt pour la guerre (on dit que les militaires de carri\u00e8re la d\u00e9testent eux les premiers), j&rsquo;ai \u00e9t\u00e9 objecteur de conscience, le drapeau et la Marseillaise ne me tirent pas de larmes et je ne suis pas s\u00fbr de pouvoir apporter mon soutient \u00e0 tout ce que l&rsquo;arm\u00e9e fran\u00e7aise fait hors des fronti\u00e8res du pays. Pourtant je constate que nous ne sommes pas \u00e0 ce jour une colonie russe ni, quoi qu&rsquo;on en dise, un satellite servile des \u00c9tats-Unis. Et cette ind\u00e9pendance a sans doute des r\u00e9percussions jusqu&rsquo;\u00e0 la vitalit\u00e9 de notre cin\u00e9ma ou de notre litt\u00e9rature.<br>Enfin, on peut d\u00e9tester les k\u00e9pis, mais les t\u00e9moignages d&rsquo;agents de nos services de renseignement et d&rsquo;action \u2014 qui sont des policiers ou des militaires \u2014 laissent percer que, pour que nous puissions tous dormir sur nos deux oreilles, il faut que d&rsquo;autres veillent discr\u00e8tement<sup><a href=\"#footnote_8_7692\" id=\"identifier_8_7692\" class=\"footnote-link footnote-identifier-link\" title=\"La discr&eacute;tion des services de contre-espionnage me semble paradoxalement une garantie qu&rsquo;ils se retiendront d&rsquo;aller outre leur mission. Ce n&rsquo;est peut-&ecirc;tre pas un hasard que le chef d&rsquo;&Eacute;tat fran&ccedil;ais que l&rsquo;on accuse d&rsquo;avoir instrumentalis&eacute; les services &agrave; son profit personnel (lire la superbe enqu&ecirc;te en bande dessin&eacute;e Sarkozy-Kadhafi, publi&eacute;e par la Revue dessin&eacute;e et Delcourt) soit aussi celui qui a d&eacute;sorganis&eacute; le renseignement, lui a impos&eacute; des actions d&eacute;monstratives et demande aujourd&rsquo;hui que les fich&eacute;s &laquo;&nbsp;S&nbsp;&raquo; (les gens qui n&rsquo;ont rien fait mais m&eacute;ritent attention) soient syst&eacute;matiquement assign&eacute;s &agrave; r&eacute;sidence&hellip;\">8<\/a><\/sup> sur notre tranquillit\u00e9, car il existe, dans le monde qui nous entoure, des \u00c9tats, des groupes terroristes, crapuleux ou sectaires (et certains qui sont tout \u00e7a \u00e0 la fois), qui ne nous souhaitent pas que du bien.<br>Bien s\u00fbr, tout \u00e7a se discute, mais le monde est complexe, et les prises de position simplistes ne me semblent ni pertinentes ni utiles, il ne suffit pas d&rsquo;en balayer toute r\u00e9f\u00e9rence d&rsquo;un revers de main pour que des probl\u00e8mes disparaissent.<\/p>\n\n\n\n<figure class=\"wp-block-image\"><a href=\"https:\/\/commons.wikimedia.org\/wiki\/File:AMISH_HORSE_AND_BUGGY-_A_VIABLE_ALTERNATIVE%5E_-_NARA_-_550095.jpg?uselang=fr\" target=\"_blank\" rel=\"noreferrer noopener\"><img decoding=\"async\" width=\"1024\" height=\"690\" src=\"files\/2019\/11\/1024px-AMISH_HORSE_AND_BUGGY-_A_VIABLE_ALTERNATIVE^_-_NARA_-_550095-1024x690.jpg\" alt=\"\" class=\"wp-image-7725\" srcset=\"https:\/\/hyperbate.fr\/castagne\/files\/2019\/11\/1024px-AMISH_HORSE_AND_BUGGY-_A_VIABLE_ALTERNATIVE^_-_NARA_-_550095.jpg 1024w, https:\/\/hyperbate.fr\/castagne\/files\/2019\/11\/1024px-AMISH_HORSE_AND_BUGGY-_A_VIABLE_ALTERNATIVE^_-_NARA_-_550095-300x202.jpg 300w, https:\/\/hyperbate.fr\/castagne\/files\/2019\/11\/1024px-AMISH_HORSE_AND_BUGGY-_A_VIABLE_ALTERNATIVE^_-_NARA_-_550095-768x518.jpg 768w, https:\/\/hyperbate.fr\/castagne\/files\/2019\/11\/1024px-AMISH_HORSE_AND_BUGGY-_A_VIABLE_ALTERNATIVE^_-_NARA_-_550095-624x420.jpg 624w\" sizes=\"(max-width: 1024px) 100vw, 1024px\" \/><\/a><figcaption>Si l&rsquo;on tient \u00e0 faire fermer Areva (enfin Orano, \u00e0 pr\u00e9sent), Total, les centrales d&rsquo;incin\u00e9ration ou m\u00eame les usines Lubrizol, il ne faut pas manifester devant, il faut abandonner l&rsquo;automobile, r\u00e9duire radicalement nos besoins en \u00e9lectricit\u00e9 et nos habitues de consommation. Il existe un mod\u00e8le sinc\u00e8rement vertueux au niveau \u00e9cologique au sein de pays d\u00e9velopp\u00e9s : celui des Amishs, qui sont autonomes pour se d\u00e9placer, se loger et se nourrir. Mais leur autonomie ne se peut qu&rsquo;au prix d&rsquo;un renoncement \u00e0 la libert\u00e9 individuelle au profit de la communaut\u00e9, \u00e0 un repli sur soi et \u00e0 un abandon de toute ambition de changement. <br>Photo : Frank J. Aleksandrowicz (1973) &#8211; domaine public<\/figcaption><\/figure>\n\n\n\n<p>C&rsquo;est pr\u00e9cis\u00e9ment ce qui me g\u00e8ne dans les positions vertueuses. Outre leur impossibilit\u00e9 \u00e0 composer avec tous les param\u00e8tres d&rsquo;une situation, et parfois il faut le dire, leur fond de tartuferie, il me semble qu&rsquo;elles constituent aussi un refus d&#8217;embrasser le monde dans sa complexit\u00e9 et dans sa d\u00e9mesure, un manque de curiosit\u00e9. Il est facile de se faire croire que tout peut se r\u00e9gler en prenant position \u00ab\u00a0pour\u00a0\u00bb ou \u00ab\u00a0contre\u00a0\u00bb ceci ou cela, comme le font les amuseurs de BFM ou CNEWS. Il est facile de se faire croire qu&rsquo;\u00e0 tout probl\u00e8me on peut opposer une solution simple (\u00ab\u00a0supprime un e-mail pour sauver un arbre\u00a0\u00bb<sup><a href=\"#footnote_9_7692\" id=\"identifier_9_7692\" class=\"footnote-link footnote-identifier-link\" title=\"D&eacute;sol&eacute; de le dire mais s&rsquo;il est certain qu&rsquo;il y aurait besoin de moins de serveurs si personne n&rsquo;utilisait l&rsquo;e-mail, un serveur ne se met pas &agrave; consommer moins d&rsquo;&eacute;lectricit&eacute; chaque fois qu&rsquo;on y supprime un e-mail.\">9<\/a><\/sup>). il est facile de se faire croire que les m\u00e9chants consommateurs de p\u00e9trole ne sont pas les automobiles mais les porte-conteneurs g\u00e9ants, comme si ce n&rsquo;\u00e9tait pas pour nous (nos biens \u00e9lectroniques, nos v\u00eatements, nos fruits et l\u00e9gumes exotiques ou hors saison,&#8230;) qu&rsquo;ils naviguaient. Il est facile de se faire croire que l&rsquo;on peut changer de mod\u00e8le \u00e9conomique ou industriel par caprice et en un instant. Il est facile, enfin, de se faire croire que nous sommes de blanches colombes qui n&rsquo;ont rien \u00e0 voir avec tout ce qui est un peu sale. Je peux vaguement concevoir qu&rsquo;on ne se r\u00e9signe pas \u00e0 admettre que rien ne soit id\u00e9al, qu&rsquo;entre plusieurs maux, il faille effectuer des choix d&rsquo;ordre politique, avoir une vision \u00e0 la fois inform\u00e9e, pragmatique et prospective : tout \u00e7a demande des efforts. Mais ceux qui refusent de s&rsquo;y engager doivent accepter que d&rsquo;autres effectuent ces choix pour eux, et admettre qu&rsquo;il est un peu \u00e9trange de leur en faire reproche. <\/p>\n\n\n\n<p>En dialoguant avec des acteurs v\u00e9ritables, en se rendant l\u00e0 o\u00f9 les choses se passent, les auteurs de science-fiction ou les chercheurs en design ne participent pas \u00e0 une improbable op\u00e9ration de manipulation de l&rsquo;opinion, ils sont t\u00e9moins et peuvent apporter une voix et des id\u00e9es. Je ne comprends pas une seconde o\u00f9 est le probl\u00e8me.<\/p>\n<ol class=\"footnotes\"><li id=\"footnote_1_7692\" class=\"footnote\">Je me suis bien emb\u00eat\u00e9 pour savoir s&rsquo;il fallait accorder \u00ab\u00a0\u00e9mu\u00a0\u00bb \u00e0 \u00ab\u00a0un nombre\u00a0\u00bb ou aux \u00ab\u00a0personnes\u00a0\u00bb. Apparemment on a le choix, selon le sens que l&rsquo;on veut privil\u00e9gier : individuel ou collectif. Mais bon je ne suis pas compl\u00e8tement s\u00fbr de moi, chaque solution possible me g\u00e8ne l&rsquo;\u0153il. <span class=\"footnote-back-link-wrapper\"> [<a href=\"#identifier_1_7692\" class=\"footnote-link footnote-back-link\">&#8617;<\/a>]<\/span><\/li><li id=\"footnote_2_7692\" class=\"footnote\">Le CEA, dont les pr\u00e9occupations s&rsquo;\u00e9tendent d\u00e9sormais aux \u00ab\u00a0\u00e9nergies alternatives\u00a0\u00bb, est un des plus prestigieux organismes de recherche au monde. <span class=\"footnote-back-link-wrapper\"> [<a href=\"#identifier_2_7692\" class=\"footnote-link footnote-back-link\">&#8617;<\/a>]<\/span><\/li><li id=\"footnote_3_7692\" class=\"footnote\">Lire : <em><a rel=\"noreferrer noopener\" aria-label=\"Science-fiction : quand l'arm\u00e9e recrute des auteurs pour pr\u00e9parer l'avenir (s\u2019ouvre dans un nouvel onglet)\" href=\"https:\/\/www.franceculture.fr\/societe\/science-fiction-quand-larmee-recrute-des-auteurs-pour-preparer-lavenir\" target=\"_blank\">Science-fiction : quand l&rsquo;arm\u00e9e recrute des auteurs pour pr\u00e9parer l&rsquo;avenir<\/a><\/em>. <span class=\"footnote-back-link-wrapper\"> [<a href=\"#identifier_3_7692\" class=\"footnote-link footnote-back-link\">&#8617;<\/a>]<\/span><\/li><li id=\"footnote_4_7692\" class=\"footnote\">Une r\u00e9flexion pertinente souffl\u00e9e par l&rsquo;autrice Jeanne-A Debats : les scientifiques qui trouveront (esp\u00e9rons) comment calmer le r\u00e9acteur de la centrale de Fukushima doivent-ils par avance renoncer \u00e0 un Prix Nobel ?<br>Et j&rsquo;ajouterais : doit-on aujourd&rsquo;hui les priver de financement dans leurs recherches, puisque \u00ab\u00a0le nucl\u00e9aire c&rsquo;est sale\u00a0\u00bb ? <span class=\"footnote-back-link-wrapper\"> [<a href=\"#identifier_4_7692\" class=\"footnote-link footnote-back-link\">&#8617;<\/a>]<\/span><\/li><li id=\"footnote_5_7692\" class=\"footnote\">J&rsquo;exag\u00e8re un peu : une super star internationale de la science ou de la science-fiction remplissent plus les salles de conf\u00e9rences qu&rsquo;un obscur auteur d\u00e9butant. Reste que l&rsquo;on est loin de la hi\u00e9rarchie des plateaux m\u00e9diatiques. <span class=\"footnote-back-link-wrapper\"> [<a href=\"#identifier_5_7692\" class=\"footnote-link footnote-back-link\">&#8617;<\/a>]<\/span><\/li><li id=\"footnote_6_7692\" class=\"footnote\">Et il y a des raisons de s&rsquo;inqui\u00e9ter, car plus le temps passe et plus la probabilit\u00e9 d&rsquo;un accident tel que ceux de Three miles Island, Tchernobyl ou Fukushima s&rsquo;approche de 1, et il n&rsquo;est pas s\u00fbr que ce sera facile \u00e0 encaisser. Par ailleurs, l&rsquo;ouverture \u00e0 la concurrence dans le domaine \u00e9nerg\u00e9tique me semble un p\u00e9ril concret et imm\u00e9diat, car des objectifs commerciaux \u00e0 court-termes et une r\u00e9flexion technique et politique portant sur des mill\u00e9naires semblent assez incompatibles.<span class=\"footnote-back-link-wrapper\"> [<a href=\"#identifier_6_7692\" class=\"footnote-link footnote-back-link\">&#8617;<\/a>]<\/span><\/li><li id=\"footnote_7_7692\" class=\"footnote\">Le discours de Villepin \u00e0 l&rsquo;ONU contre une guerre mal justifi\u00e9e en Irak, qui reste une belle prise de position de la France, aurait-il \u00e9t\u00e9 possible ou aurait-il fait sensation (\u00e0 d\u00e9faut d&rsquo;aboutir) si nous n&rsquo;\u00e9tions pas une puissance militaire cons\u00e9quente ? <span class=\"footnote-back-link-wrapper\"> [<a href=\"#identifier_7_7692\" class=\"footnote-link footnote-back-link\">&#8617;<\/a>]<\/span><\/li><li id=\"footnote_8_7692\" class=\"footnote\">La discr\u00e9tion des services de contre-espionnage me semble paradoxalement une garantie qu&rsquo;ils se retiendront d&rsquo;aller outre leur mission. Ce n&rsquo;est peut-\u00eatre pas un hasard que le chef d&rsquo;\u00c9tat fran\u00e7ais que l&rsquo;on accuse d&rsquo;avoir instrumentalis\u00e9 les services \u00e0 son profit personnel (lire la superbe enqu\u00eate en bande dessin\u00e9e Sarkozy-Kadhafi, publi\u00e9e par la Revue dessin\u00e9e et Delcourt) soit aussi celui qui a d\u00e9sorganis\u00e9 le renseignement, lui a impos\u00e9 des actions d\u00e9monstratives et demande aujourd&rsquo;hui que les fich\u00e9s \u00ab\u00a0S\u00a0\u00bb (les gens qui n&rsquo;ont rien fait mais m\u00e9ritent attention) soient syst\u00e9matiquement assign\u00e9s \u00e0 r\u00e9sidence&#8230; <span class=\"footnote-back-link-wrapper\"> [<a href=\"#identifier_8_7692\" class=\"footnote-link footnote-back-link\">&#8617;<\/a>]<\/span><\/li><li id=\"footnote_9_7692\" class=\"footnote\">D\u00e9sol\u00e9 de le dire mais s&rsquo;il est certain qu&rsquo;il y aurait besoin de moins de serveurs si personne n&rsquo;utilisait l&rsquo;e-mail, un serveur ne se met pas \u00e0 consommer moins d&rsquo;\u00e9lectricit\u00e9 chaque fois qu&rsquo;on y supprime un e-mail.  <span class=\"footnote-back-link-wrapper\"> [<a href=\"#identifier_9_7692\" class=\"footnote-link footnote-back-link\">&#8617;<\/a>]<\/span><\/li><\/ol>","protected":false},"excerpt":{"rendered":"<p>J&rsquo;avais parl\u00e9 ici m\u00eame de la r\u00e9action tr\u00e8s hostile d&rsquo;une partie de la communaut\u00e9 des designers graphiques \u00e0 l&rsquo;annonce de la cr\u00e9ation d&rsquo;une r\u00e9sidence au Centre National du Graphisme, dot\u00e9e par l&rsquo;agence nationale pour la gestion des d\u00e9chets radioactifs (ANDRA).Cette semaine, une grogne comparable touche une manifestation qui m&rsquo;est ch\u00e8re : le festival des Utopiales, [&hellip;]<\/p>\n","protected":false},"author":1,"featured_media":0,"comment_status":"open","ping_status":"open","sticky":false,"template":"","format":"standard","meta":{"footnotes":""},"categories":[7],"tags":[],"class_list":["post-7692","post","type-post","status-publish","format-standard","hentry","category-democratie"],"_links":{"self":[{"href":"https:\/\/hyperbate.fr\/castagne\/wp-json\/wp\/v2\/posts\/7692","targetHints":{"allow":["GET"]}}],"collection":[{"href":"https:\/\/hyperbate.fr\/castagne\/wp-json\/wp\/v2\/posts"}],"about":[{"href":"https:\/\/hyperbate.fr\/castagne\/wp-json\/wp\/v2\/types\/post"}],"author":[{"embeddable":true,"href":"https:\/\/hyperbate.fr\/castagne\/wp-json\/wp\/v2\/users\/1"}],"replies":[{"embeddable":true,"href":"https:\/\/hyperbate.fr\/castagne\/wp-json\/wp\/v2\/comments?post=7692"}],"version-history":[{"count":3,"href":"https:\/\/hyperbate.fr\/castagne\/wp-json\/wp\/v2\/posts\/7692\/revisions"}],"predecessor-version":[{"id":7780,"href":"https:\/\/hyperbate.fr\/castagne\/wp-json\/wp\/v2\/posts\/7692\/revisions\/7780"}],"wp:attachment":[{"href":"https:\/\/hyperbate.fr\/castagne\/wp-json\/wp\/v2\/media?parent=7692"}],"wp:term":[{"taxonomy":"category","embeddable":true,"href":"https:\/\/hyperbate.fr\/castagne\/wp-json\/wp\/v2\/categories?post=7692"},{"taxonomy":"post_tag","embeddable":true,"href":"https:\/\/hyperbate.fr\/castagne\/wp-json\/wp\/v2\/tags?post=7692"}],"curies":[{"name":"wp","href":"https:\/\/api.w.org\/{rel}","templated":true}]}}