{"id":7079,"date":"2019-07-28T15:21:38","date_gmt":"2019-07-28T14:21:38","guid":{"rendered":"http:\/\/hyperbate.fr\/castagne\/?p=7079"},"modified":"2019-07-28T15:21:40","modified_gmt":"2019-07-28T14:21:40","slug":"les-joyeuses-colonies-de-vacances","status":"publish","type":"post","link":"https:\/\/hyperbate.fr\/castagne\/2019\/07\/28\/les-joyeuses-colonies-de-vacances\/","title":{"rendered":"Les joyeuses colonies de vacances"},"content":{"rendered":"\n<p>Je suis tomb\u00e9 sur une s\u00e9rie de tweets dans lesquels un animateur de colonies de vacances racontait son exp\u00e9rience de la visite du ministre de l&rsquo;\u00e9ducation nationale, Jean-Michel Blanquer. L&rsquo;animateur expliquait que l&rsquo;\u00e9quipe minist\u00e9rielle et sa suite (presse, \u00e9lus,&#8230;) avaient envahi le lieu et s&rsquo;\u00e9taient montr\u00e9s plut\u00f4t sans-g\u00e8ne. Il racontait aussi, d\u00e9tail incroyable, que le ministre avait insist\u00e9 pour poser avec deux fillettes \u00e0 qui ses services ont fourni une pancarte pr\u00e9par\u00e9e \u00e0 cet effet et sur laquelle \u00e9tait \u00e9crit <em>\u00ab\u00a0Vive le ministre de l&rsquo;\u00e9ducasion nasionale\u00a0\u00bb<\/em>. <\/p>\n\n\n\n<div class=\"wp-block-image\"><figure class=\"aligncenter\"><img decoding=\"async\" width=\"293\" height=\"195\" src=\"files\/2019\/07\/vive_le_ministre.png\" alt=\"\" class=\"wp-image-7087\"\/><figcaption>La pancarte<\/figcaption><\/figure><\/div>\n\n\n\n<p>Imaginer que l&rsquo;on ajoute intentionnellement des fautes d&rsquo;orthographe pour obtenir un effet enfantin et mignonnet, c&rsquo;\u00e9tait tellement gros, tellement idiot que, n&rsquo;\u00e9tant personnellement pas connu pour mon soutien inconditionnel \u00e0 l&rsquo;actuel gouvernement, j&rsquo;ai bien voulu y croire.<br>Pas sans aucune pr\u00e9cautions, j&rsquo;ai bien entendu fait une v\u00e9rification superficielle : le profil de l&rsquo;auteur des tweets a \u00e9t\u00e9 cr\u00e9\u00e9 il y a cinq ans, il a des centaines d&rsquo;abonn\u00e9s et ses tweets jusqu&rsquo;ici \u00e9taient ceux d&rsquo;une v\u00e9ritable personne, avec ses pr\u00e9occupations de jeune homme, enfin ce n&rsquo;\u00e9tait pas le profil habituel d&rsquo;un troll politique destin\u00e9 \u00e0 diffuser des nouvelles douteuses. Au minimum je pouvais tout \u00e0 fait croire qu&rsquo;il \u00e9tait bel et bien un jeune animateur de colonies de vacances, ce qui semble se confirmer du reste.<br>J&rsquo;avais quelques autres arguments pour croire \u00e0 cette histoire, nptamment ma propre exp\u00e9rience des ministres (apr\u00e8s deux ans de service national dans un minist\u00e8re \u2014 je crois qu&rsquo;on me ferait un proc\u00e8s si je racontais certaines choses d\u00e9cevantes de la part de ministres qui ont laiss\u00e9 un bon souvenir) et des visites officielles. Et puis je trouvais le panneau ma\u00eetris\u00e9, et tellement fait (\u00e0 l&rsquo;exception du choix d&rsquo;un feutre jaune) pour \u00eatre lisible \u00e0 une certaine distance et donc, adapt\u00e9 \u00e0 une prise de vue, que \u00e7a me semblait l\u00e0 encore accr\u00e9diter la th\u00e8se.<br>Enfin, dans ses tweets, le jeune animateur me semblait un brin na\u00eff, notamment lorsqu&rsquo;il s&rsquo;\u00e9tonnait qu&rsquo;une visite minist\u00e9rielle perturbe son travail sans m\u00e9nagements et lorsqu&rsquo;il s&rsquo;indignait que le ministre et son \u00e9quipe ne rangent rien en partant, pr\u00e9occupation typique d&rsquo;animateur de structure d&rsquo;accueil d&rsquo;enfants.<br>Enfin, sans m\u00eame le r\u00e9cit de la manipulation, l&rsquo;image de deux petites filles posant avec un ministre qui tient lui-m\u00eame une pancarte \u00e0 sa gloire \u00e9tait assez \u00e9trange et perturbante.<\/p>\n\n\n\n<figure class=\"wp-block-image\"><img decoding=\"async\" width=\"800\" height=\"800\" src=\"files\/2019\/07\/dans_le_panneau.jpg\" alt=\"\" class=\"wp-image-7084\" srcset=\"https:\/\/hyperbate.fr\/castagne\/files\/2019\/07\/dans_le_panneau.jpg 800w, https:\/\/hyperbate.fr\/castagne\/files\/2019\/07\/dans_le_panneau-150x150.jpg 150w, https:\/\/hyperbate.fr\/castagne\/files\/2019\/07\/dans_le_panneau-300x300.jpg 300w, https:\/\/hyperbate.fr\/castagne\/files\/2019\/07\/dans_le_panneau-768x768.jpg 768w, https:\/\/hyperbate.fr\/castagne\/files\/2019\/07\/dans_le_panneau-624x624.jpg 624w\" sizes=\"(max-width: 800px) 100vw, 800px\" \/><figcaption> <em>La photographie en question (reconstitution, avec un peu d&rsquo;aide de Stanley Kubrick, pour Shining, et Barry Sonnenfleld pour son adaptation de la Famille Addams) <\/em> <\/figcaption><\/figure>\n\n\n\n<p>Comme j&rsquo;y ai cru, j&rsquo;ai retweet\u00e9, puis insist\u00e9, facebook\u00e9, j&rsquo;ai d\u00e9battu avec les militants de la R\u00e9publique en marche qui refusaient totalement que cette affaire p\u00fbt avoir eu un fond de v\u00e9rit\u00e9 quelconque, j&rsquo;ai particip\u00e9 \u00e0 indigner les indign\u00e9s. <br>Et puis hier, l&rsquo;auteur du t\u00e9moignage a eu un rendez-vous avec sa hi\u00e9rarchie, et \u00e0 la sortie, a publi\u00e9 un d\u00e9menti sur Twitter, expliquant que son t\u00e9moignage relevait du ressenti, qu&rsquo;il avait \u00e9t\u00e9 mal inform\u00e9 \u2014  formule \u00e9trange qui sugg\u00e8re que le ressenti \u00e9voqu\u00e9 n&rsquo;\u00e9tait pas le sien et qu&rsquo;il s&rsquo;agit d&rsquo;une histoire d&rsquo;homme qui a vu l&rsquo;homme qui a vu l&rsquo;ours. Que l&rsquo;affaire de la pancarte ait \u00e9t\u00e9 vraie ou non, c&rsquo;est sans doute ce que ce jeune homme aurait \u00e9t\u00e9 forc\u00e9 d&rsquo;\u00e9crire \u00e0 la fin : on ne ridiculise pas un ministre publiquement en le mettant en porte \u00e0 faux avec la structure \u00e0 laquelle on appartient, trop d&rsquo;int\u00e9r\u00eats sont en jeu pour que l&rsquo;initiateur de la pol\u00e9mique ne soit pas soumis \u00e0 une pression telle que, sauf militantisme r\u00e9el, il soit forc\u00e9 de s&rsquo;\u00e9craser. Mais il semble que ce soit vrai, enfin que la fausset\u00e9 du t\u00e9moignage soit finalement indiscutable puisqu&rsquo;<a href=\"https:\/\/www.francetvinfo.fr\/societe\/education\/vraioufake-le-ministere-de-l-education-a-t-il-fait-un-faux-dessin-d-enfant-pour-une-visite-de-jean-michel-blanquer-dans-une-colonie-de-vacances_3553889.html\">un article de France info l&rsquo;a r\u00e9v\u00e9l\u00e9<\/a> : la photographie n&rsquo;a pas \u00e9t\u00e9 prise dans la structure qui emploie l&rsquo;animateur, ni le jour qu&rsquo;il a dit. La messe est dite.<\/p>\n\n\n\n<figure class=\"wp-block-image\"><img decoding=\"async\" width=\"565\" height=\"224\" src=\"files\/2019\/07\/malinforme.png\" alt=\"\" class=\"wp-image-7119\" srcset=\"https:\/\/hyperbate.fr\/castagne\/files\/2019\/07\/malinforme.png 565w, https:\/\/hyperbate.fr\/castagne\/files\/2019\/07\/malinforme-300x119.png 300w\" sizes=\"(max-width: 565px) 100vw, 565px\" \/><figcaption>Gros malin !<\/figcaption><\/figure>\n\n\n\n<p>Dont acte. Conform\u00e9ment \u00e0 ma politique personnelle lorsque je suis pris en flagrant d\u00e9lit d&rsquo;avoir relay\u00e9 une fausse nouvelle, je n&rsquo;essaie pas de faire semblant : je ne supprime pas mes tweets, par \u00e9gard pour ceux qui ont particip\u00e9 \u00e0 la discussion, par souci de transparence et de tra\u00e7abilit\u00e9<sup><a href=\"#footnote_1_7079\" id=\"identifier_1_7079\" class=\"footnote-link footnote-identifier-link\" title=\"Nombre de gens pris dans un bad buzz twittereque ont eu le tr&egrave;s mauvais r&eacute;flexe de supprimer tout ce qu&rsquo;ils avaient post&eacute; de suspect, ne pouvant plus gu&egrave;re plaider leur cas sur pi&egrave;ces ensuite, puisque les indices avaient disparu.\">1<\/a><\/sup>, et aussi pour ne pas essayer de m&rsquo;en tirer ni-vu-ni-connu : je veux bien que l&rsquo;on me juge, mais sur pi\u00e8ces<sup><a href=\"#footnote_2_7079\" id=\"identifier_2_7079\" class=\"footnote-link footnote-identifier-link\" title=\"C&rsquo;est mon c&ocirc;t&eacute; rousseausite : &laquo;&nbsp;Que la trompette du jugement dernier sonne quand elle voudra, je viendrai, ce livre &agrave; la main, me pr&eacute;senter devant le souverain juge. Je dirai hautement : Voil&agrave; ce que j&rsquo;ai fait, ce que j&rsquo;ai pens&eacute;, ce que je fus. J&rsquo;ai dit le bien et le mal avec la m&ecirc;me franchise. Je n&rsquo;ai rien tu de mauvais, rien ajout&eacute; de bon ; et s&rsquo;il m&rsquo;est arriv&eacute; d&rsquo;employer quelque ornement indiff&eacute;rent, ce n&rsquo;a jamais &eacute;t&eacute; que pour remplir un vide occasionn&eacute; par mon d&eacute;faut de m&eacute;moire. J&rsquo;ai pu supposer vrai ce que je savais avoir pu l&rsquo;&ecirc;tre, jamais ce que je savais &ecirc;tre faux. Je me suis montr&eacute; tel que je fus : m&eacute;prisable et vil quand je l&rsquo;ai &eacute;t&eacute; ; bon, g&eacute;n&eacute;reux, sublime, quand je l&rsquo;ai &eacute;t&eacute; : j&rsquo;ai d&eacute;voil&eacute; mon int&eacute;rieur tel que tu l&rsquo;as vu toi-m&ecirc;me. &Ecirc;tre &eacute;ternel, rassemble autour de moi l&rsquo;innombrable foule de mes semblables ; qu&rsquo;ils &eacute;coutent mes confessions, qu&rsquo;ils g&eacute;missent de mes indignit&eacute;s, qu&rsquo;ils rougissent de mes mis&egrave;res. Que chacun d&rsquo;eux d&eacute;couvre &agrave; son tour son c&oelig;ur au pied de ton tr&ocirc;ne avec la m&ecirc;me sinc&eacute;rit&eacute;, et puis qu&rsquo;un seul te dise, s&rsquo;il l&rsquo;ose, Je fus meilleur que cet homme-l&agrave;.&nbsp;&raquo; J.-J. Rousseau,  Les Confessions.\">2<\/a><\/sup>. En revanche, j&rsquo;ai d\u00e9pens\u00e9 une certaine \u00e9nergie \u00e0 informer des nouveaux \u00e9l\u00e9ments ceux que j&rsquo;avais d\u00e9sinform\u00e9s, notamment en relayant l&rsquo;article de France-Info mentionn\u00e9 plus haut. Et j&rsquo;\u00e9cris m\u00eame un article, celui que vous \u00eates en train de lire, pour le raconter. Nulle perverse auto-flagellation ici, je crois fermement qu&rsquo;une erreur ne devient une horreur que lorsque l&rsquo;on n&rsquo;accepte pas de la reconna\u00eetre pour ce qu&rsquo;elle est, une erreur, ni d&rsquo;en tirer une le\u00e7on. <br>Ce qui m\u00e8ne au complotisme, je pense, c&rsquo;est ce dans quoi on tombe lorsque l&rsquo;on n&rsquo;arrive pas \u00e0 renoncer \u00e0 un r\u00e9cit s\u00e9duisant qui s&rsquo;est av\u00e9r\u00e9 erron\u00e9 et que l&rsquo;on ne peut continuer \u00e0 croire qu&rsquo;en refusant les faits et la logique, en excluant tout d\u00e9tail qui ne va pas dans le sens voulu, et parfois pire, en doutant que rien soit vrai, et surtout ce que tous consid\u00e8rent comme acquis. Dans les films, les h\u00e9ros complotistes sont r\u00e9compens\u00e9s par le sc\u00e9nario, car la v\u00e9rit\u00e9 est toujours cach\u00e9e et les illumin\u00e9s ont toujours raison. Ailleurs, c&rsquo;est plus rare ; le sc\u00e9nario de la vraie vie n&rsquo;est pas toujours \u00e9crit de mani\u00e8re tr\u00e9pidante. <br><\/p>\n\n\n\n<p>Je ne risque pas de m&rsquo;engager \u00e0 tourner \u00e0 l&rsquo;avenir sept fois mes mots dans ma bouche avant de les tweeter car si \u00e0 cinquante ans (dont la moiti\u00e9 pass\u00e9e \u00e0 \u00e9crire sur Internet, de Usenet \u00e0 Twitter) je n&rsquo;y suis jamais parvenu, \u00e7a ne risque pas de s&rsquo;arranger un jour<sup><a href=\"#footnote_3_7079\" id=\"identifier_3_7079\" class=\"footnote-link footnote-identifier-link\" title=\"Je suis n&eacute;anmoins conscient qu&rsquo;il faut faire un peu l&rsquo;effort de v&eacute;rifier les choses avant de les diffuser, car la r&eacute;paration d&rsquo;une erreur est souvent moins entendue que l&rsquo;erreur elle-m&ecirc;me : ce qui marque le plus, c&rsquo;est la premi&egrave;re chose que l&rsquo;on a ressenti (indignation, rire, col&egrave;re,&hellip;) en entendant un fait, pas le processus beaucoup plus c&eacute;r&eacute;bral de la pr&eacute;cision et de la r&eacute;vision.\">3<\/a><\/sup>. Et puis \u00e7a ne me d\u00e9range pas d&rsquo;\u00eatre un peu b\u00eate, \u00e7a me semble \u00eatre une forme \u00e9l\u00e9mentaire de politesse envers mes cong\u00e9n\u00e8res : c&rsquo;est trop facile d&rsquo;\u00eatre toujours vertueusement prudent. Enfin je me comprends. Mais \u00e7a me pousse n\u00e9anmoins comme toujours \u00e0 m&rsquo;interroger sur ce que je suis pr\u00eat \u00e0 croire et \u00e0 diffuser ais\u00e9ment et sur ce que \u00e7a dit sur moi (ne me dites pas, je pr\u00e9f\u00e8re trouver la r\u00e9ponse tout seul).<br><\/p>\n\n\n\n<p><\/p>\n<ol class=\"footnotes\"><li id=\"footnote_1_7079\" class=\"footnote\">Nombre de gens pris dans un bad buzz twittereque ont eu le tr\u00e8s mauvais r\u00e9flexe de supprimer tout ce qu&rsquo;ils avaient post\u00e9 de suspect, ne pouvant plus gu\u00e8re plaider leur cas sur pi\u00e8ces ensuite, puisque les indices avaient disparu. <span class=\"footnote-back-link-wrapper\"> [<a href=\"#identifier_1_7079\" class=\"footnote-link footnote-back-link\">&#8617;<\/a>]<\/span><\/li><li id=\"footnote_2_7079\" class=\"footnote\"> C&rsquo;est mon c\u00f4t\u00e9 rousseausite : \u00ab\u00a0Que la trompette du jugement dernier sonne quand elle voudra, je viendrai, ce livre \u00e0 la main, me pr\u00e9senter devant le souverain juge. Je dirai hautement : Voil\u00e0 ce que j\u2019ai fait, ce que j\u2019ai pens\u00e9, ce que je fus. J\u2019ai dit le bien et le mal avec la m\u00eame franchise. Je n\u2019ai rien tu de mauvais, rien ajout\u00e9 de bon ; et s\u2019il m\u2019est arriv\u00e9 d\u2019employer quelque ornement indiff\u00e9rent, ce n\u2019a jamais \u00e9t\u00e9 que pour remplir un vide occasionn\u00e9 par mon d\u00e9faut de m\u00e9moire. J\u2019ai pu supposer vrai ce que je savais avoir pu l\u2019\u00eatre, jamais ce que je savais \u00eatre faux. Je me suis montr\u00e9 tel que je fus : m\u00e9prisable et vil quand je l\u2019ai \u00e9t\u00e9 ; bon, g\u00e9n\u00e9reux, sublime, quand je l\u2019ai \u00e9t\u00e9 : j\u2019ai d\u00e9voil\u00e9 mon int\u00e9rieur tel que tu l\u2019as vu toi-m\u00eame. \u00catre \u00e9ternel, rassemble autour de moi l\u2019innombrable foule de mes semblables ; qu\u2019ils \u00e9coutent mes confessions, qu\u2019ils g\u00e9missent de mes indignit\u00e9s, qu\u2019ils rougissent de mes mis\u00e8res. Que chacun d\u2019eux d\u00e9couvre \u00e0 son tour son c\u0153ur au pied de ton tr\u00f4ne avec la m\u00eame sinc\u00e9rit\u00e9, et puis qu\u2019un seul te dise, s\u2019il l\u2019ose, <em>Je fus meilleur que cet homme-l\u00e0.<\/em>\u00a0\u00bb J.-J. Rousseau,  <em>Les Confessions<\/em>. <span class=\"footnote-back-link-wrapper\"> [<a href=\"#identifier_2_7079\" class=\"footnote-link footnote-back-link\">&#8617;<\/a>]<\/span><\/li><li id=\"footnote_3_7079\" class=\"footnote\">Je suis n\u00e9anmoins conscient qu&rsquo;il faut faire un peu l&rsquo;effort de v\u00e9rifier les choses avant de les diffuser, car la r\u00e9paration d&rsquo;une erreur est souvent moins entendue que l&rsquo;erreur elle-m\u00eame : ce qui marque le plus, c&rsquo;est la premi\u00e8re chose que l&rsquo;on a ressenti (indignation, rire, col\u00e8re,&#8230;) en entendant un fait, pas le processus beaucoup plus c\u00e9r\u00e9bral de la pr\u00e9cision et de la r\u00e9vision. <span class=\"footnote-back-link-wrapper\"> [<a href=\"#identifier_3_7079\" class=\"footnote-link footnote-back-link\">&#8617;<\/a>]<\/span><\/li><\/ol>","protected":false},"excerpt":{"rendered":"<p>Je suis tomb\u00e9 sur une s\u00e9rie de tweets dans lesquels un animateur de colonies de vacances racontait son exp\u00e9rience de la visite du ministre de l&rsquo;\u00e9ducation nationale, Jean-Michel Blanquer. L&rsquo;animateur expliquait que l&rsquo;\u00e9quipe minist\u00e9rielle et sa suite (presse, \u00e9lus,&#8230;) avaient envahi le lieu et s&rsquo;\u00e9taient montr\u00e9s plut\u00f4t sans-g\u00e8ne. Il racontait aussi, d\u00e9tail incroyable, que le [&hellip;]<\/p>\n","protected":false},"author":1,"featured_media":0,"comment_status":"open","ping_status":"open","sticky":false,"template":"","format":"standard","meta":{"footnotes":""},"categories":[1],"tags":[],"class_list":["post-7079","post","type-post","status-publish","format-standard","hentry","category-non-classe"],"_links":{"self":[{"href":"https:\/\/hyperbate.fr\/castagne\/wp-json\/wp\/v2\/posts\/7079","targetHints":{"allow":["GET"]}}],"collection":[{"href":"https:\/\/hyperbate.fr\/castagne\/wp-json\/wp\/v2\/posts"}],"about":[{"href":"https:\/\/hyperbate.fr\/castagne\/wp-json\/wp\/v2\/types\/post"}],"author":[{"embeddable":true,"href":"https:\/\/hyperbate.fr\/castagne\/wp-json\/wp\/v2\/users\/1"}],"replies":[{"embeddable":true,"href":"https:\/\/hyperbate.fr\/castagne\/wp-json\/wp\/v2\/comments?post=7079"}],"version-history":[{"count":3,"href":"https:\/\/hyperbate.fr\/castagne\/wp-json\/wp\/v2\/posts\/7079\/revisions"}],"predecessor-version":[{"id":7121,"href":"https:\/\/hyperbate.fr\/castagne\/wp-json\/wp\/v2\/posts\/7079\/revisions\/7121"}],"wp:attachment":[{"href":"https:\/\/hyperbate.fr\/castagne\/wp-json\/wp\/v2\/media?parent=7079"}],"wp:term":[{"taxonomy":"category","embeddable":true,"href":"https:\/\/hyperbate.fr\/castagne\/wp-json\/wp\/v2\/categories?post=7079"},{"taxonomy":"post_tag","embeddable":true,"href":"https:\/\/hyperbate.fr\/castagne\/wp-json\/wp\/v2\/tags?post=7079"}],"curies":[{"name":"wp","href":"https:\/\/api.w.org\/{rel}","templated":true}]}}