{"id":6727,"date":"2018-12-03T11:56:10","date_gmt":"2018-12-03T10:56:10","guid":{"rendered":"http:\/\/hyperbate.fr\/castagne\/?p=6727"},"modified":"2018-12-03T11:56:10","modified_gmt":"2018-12-03T10:56:10","slug":"des-hommes-et-des-pierres","status":"publish","type":"post","link":"https:\/\/hyperbate.fr\/castagne\/2018\/12\/03\/des-hommes-et-des-pierres\/","title":{"rendered":"Des hommes et des pierres"},"content":{"rendered":"<p>Des \u00ab\u00a0Gilets jaunes\u00a0\u00bb ont saccag\u00e9 l&rsquo;Arc de Triomphe. L&rsquo;un d&rsquo;entre eux a film\u00e9 l&rsquo;op\u00e9ration, montrant ses camarades de lutte s&rsquo;acharnant un peu laborieusement sur du mobilier mus\u00e9al en poussant des cris de joie. Lorsque certains de ses amis apparaissent dans le plan en ayant n\u00e9glig\u00e9 de masquer leur visage, il d\u00e9tourne son smartphone et leur dit <em>\u00ab\u00a0cache ta face !\u00a0\u00bb<\/em>. Il ne s&rsquo;agirait pas que les images servent de pi\u00e8ce \u00e0 conviction, tout de m\u00eame ! Le cadreur amateur a ensuite diffus\u00e9 la vid\u00e9o sur son propre compte Facebook. Plusieurs personnes lui ont fait remarquer qu&rsquo;il se d\u00e9non\u00e7ait lui-m\u00eame par cette publication, il a pris peur et l&rsquo;a supprim\u00e9e. Mais les images avaient eu le temps d&rsquo;\u00eatre rapatri\u00e9es par d&rsquo;autres et continuent de circuler.<br \/>\nDe la destruction d&rsquo;un mus\u00e9e \u00e0 la fi\u00e8re publication du m\u00e9fait par ses auteurs, j&rsquo;ai tendance \u00e0 soup\u00e7onner un manque de jugeote, mais \u00e7a n&rsquo;a pas emp\u00each\u00e9 beaucoup de gens que je pense dou\u00e9s d&rsquo;un peu plus de raison de justifier l&rsquo;action initiale (<em>\u00ab\u00a0faut les comprendre, ils sont \u00e0 bout\u00a0\u00bb<\/em>) de la relativiser (<em>\u00ab\u00a0ce n&rsquo;est qu&rsquo;une copie en pl\u00e2tre, on peut la refaire\u00a0\u00bb<\/em>), et plus couramment encore, de mettre en balance avec les violences polici\u00e8res pour culpabiliser ceux qui s&rsquo;\u00e9meuvent de la mise \u00e0 sac d&rsquo;un mus\u00e9e :<\/p>\n<div id=\"attachment_6736\" style=\"width: 610px\" class=\"wp-caption aligncenter\"><a href=\"https:\/\/twitter.com\/Leo_Lefrancois\/status\/1069166316660158464\"><img decoding=\"async\" aria-describedby=\"caption-attachment-6736\" class=\"size-full wp-image-6736\" src=\"files\/2018\/12\/statue_oeil.png\" alt=\"\" width=\"600\" height=\"350\" srcset=\"https:\/\/hyperbate.fr\/castagne\/files\/2018\/12\/statue_oeil.png 600w, https:\/\/hyperbate.fr\/castagne\/files\/2018\/12\/statue_oeil-300x175.png 300w\" sizes=\"(max-width: 600px) 100vw, 600px\" \/><\/a><p id=\"caption-attachment-6736\" class=\"wp-caption-text\">De nombreux tweets ont \u00e9tabli le m\u00eame parall\u00e8le &#8211; je reproduis celui-ci car j&rsquo;ai \u00e9chang\u00e9 avec son auteur.<\/p><\/div>\n<p>Vu de loin, \u00e7a fonctionne : est-ce qu&rsquo;une \u0153uvre vaut une vie ? Est-ce que les objets ne sont pas rempla\u00e7ables ? Apr\u00e8s tout, ce n&rsquo;est qu&rsquo;une reproduction en pl\u00e2tre, il suffira de sortir quelques milliers d&rsquo;euros pour que tout rentre dans l&rsquo;ordre. Pour l&rsquo;ensemble des d\u00e9gradations du mus\u00e9e, la facture monte \u00e0 plusieurs centaines de milliers d&rsquo;euros, tout de m\u00eame, mais allez, ce n&rsquo;est que de l&rsquo;argent, pas des vies bris\u00e9es par un handicap caus\u00e9 par l&rsquo;excitation de la mar\u00e9chauss\u00e9e.<br \/>\nJe dois dire que cette question d&rsquo;une indignation \u00e0 g\u00e9om\u00e9trie variable m&rsquo;a toujours laiss\u00e9 circonspect : il faudrait dire quoi ? <em>\u00ab\u00a0Je ne suis pas tout \u00e0 fait d&rsquo;accord avec ces d\u00e9gradations\u00a0\u00bb<\/em> ? <em>\u00ab\u00a0Sur une \u00e9chelle de gravit\u00e9 allant de 1 \u00e0 10, la destruction de cette statue m\u00e9rite un 1.3\u00a0\u00bb<\/em> ?<br \/>\nPersonnellement, j&rsquo;ai publi\u00e9 hier une vid\u00e9o montrant neuf policier passant \u00e0 tabac un manifestant \u00e0 terre mais aussi la vid\u00e9o des vandales de l&rsquo;Arc de Triomphe, et les deux actions m&rsquo;indignent, quoique je ne les place pas sur un m\u00eame plan. Il y a bien un lien, l&rsquo;un et l&rsquo;autre nous disent des choses sur le rapport du citoyen \u00e0 l&rsquo;\u00c9tat.<\/p>\n<div id=\"attachment_6754\" style=\"width: 802px\" class=\"wp-caption aligncenter\"><img decoding=\"async\" aria-describedby=\"caption-attachment-6754\" class=\"size-full wp-image-6754\" src=\"files\/2018\/12\/dulle_grillet_brueghel.jpg\" alt=\"\" width=\"792\" height=\"573\" srcset=\"https:\/\/hyperbate.fr\/castagne\/files\/2018\/12\/dulle_grillet_brueghel.jpg 792w, https:\/\/hyperbate.fr\/castagne\/files\/2018\/12\/dulle_grillet_brueghel-300x217.jpg 300w, https:\/\/hyperbate.fr\/castagne\/files\/2018\/12\/dulle_grillet_brueghel-768x556.jpg 768w, https:\/\/hyperbate.fr\/castagne\/files\/2018\/12\/dulle_grillet_brueghel-624x451.jpg 624w\" sizes=\"(max-width: 792px) 100vw, 792px\" \/><p id=\"caption-attachment-6754\" class=\"wp-caption-text\"><a href=\"https:\/\/fr.wikipedia.org\/wiki\/Dulle_Griet_(Brueghel)\" target=\"_blank\" rel=\"noopener\">Dulle Griet<\/a> (ou Margot la folle), tableau de Pierre Brueghel l&rsquo;ancien. Ce personnage du folklore flamand est montr\u00e9 ici dirigeant une arm\u00e9e de femmes pour aller piller l&rsquo;Enfer.<\/p><\/div>\n<p>Je ne mets pas les choses en balance, mais je dois avouer cependant que je me suis d\u00e9j\u00e0 demand\u00e9, par hypoth\u00e8se un peu idiote, si une vie valait une \u0153uvre. Est-ce qu&rsquo;il est plus grave de voir mourir une personne que de voir br\u00fbler le dernier exemplaire existant d&rsquo;un livre magnifique ? Si on me donne le choix entre br\u00fbler un tableau que je place au plus haut de l&rsquo;histoire de l&rsquo;art \u2014 <em>les Chasseurs<\/em> de Brueghel ou la <em>Liseuse<\/em> de Vermeer, disons\u00a0\u2014 et voir ex\u00e9cuter quelqu&rsquo;un qui ne m&rsquo;est rien mais qui n&rsquo;a demand\u00e9 ni \u00e0 vivre ni \u00e0 mourir, eh bien la mort dans l&rsquo;\u00e2me, je saurais qu&rsquo;il faut sacrifier le tableau ; une vie est sacr\u00e9e, sa destruction est irr\u00e9parable, tandis qu&rsquo;une peinture n&rsquo;est qu&rsquo;un objet, un peu de pigments et d&rsquo;huile fig\u00e9s sur un morceau de bois.<br \/>\nPourtant, si on pousse l&rsquo;exp\u00e9rience de pens\u00e9e, je peux finir par me mettre \u00e0 douter : imaginons qu&rsquo;on me donne le choix entre br\u00fbler deux maisons, dont la premi\u00e8re contient l&rsquo;unique partition existante d&rsquo;un op\u00e9ra in\u00e9dit de Mozart, un Bonnard magnifique que personne n&rsquo;avait vu depuis un si\u00e8cle et un roman in\u00e9dit d&rsquo;Italo Calvino\u00a0\u2014 des \u0153uvres qui, <em>a priori<\/em>, m&rsquo;enchantent ; Imaginons que dans la seconde maison, se trouve un sale type, disons quelqu&rsquo;un qui a \u00e9chapp\u00e9 \u00e0 la justice mais qui se trouve avoir \u00e9t\u00e9 tortionnaire dans une dictature sud-am\u00e9ricaine des ann\u00e9es 1970 et dont on sait qu&rsquo;il a tu\u00e9, tortur\u00e9, viol\u00e9, et fait tout cela avec plaisir.<br \/>\nDans ce cas, face \u00e0 un dilemme aussi outrancier, je ne sais pas trop si je continuerais \u00e0 dire <em>\u00ab\u00a0une vie est sacr\u00e9e, alors sacrifions l&rsquo;art et laissons vivre l&rsquo;assassin\u00a0\u00bb<\/em>, mais heureusement, la r\u00e9alit\u00e9 vole \u00e0 mon secours : \u00e7a n&rsquo;arrive pas, \u00e7a n&rsquo;arrive jamais, il n&rsquo;existe aucun ange vengeur qui un jour nous propose d&rsquo;\u00e9changer une \u0153uvre contre une vie. Sauv\u00e9s.<br \/>\nEt de la m\u00eame mani\u00e8re, rien ne force les \u00ab\u00a0gilets jaunes\u00a0\u00bb \u00e0 d\u00e9molir l&rsquo;int\u00e9rieur du mus\u00e9e de l&rsquo;Arc de Triomphe, de m\u00eame que rien ne force les policiers \u00e0 viser les yeux avec leurs \u00ab\u00a0armes non l\u00e9tales\u00a0\u00bb ni \u00e0 s&rsquo;en prendre en meute non aux bandes venues en d\u00e9coudre, mais au manifestant qui court moins vite que les autres. On a le droit de trouver scandaleux une violence polici\u00e8re gratuite comme on a le droit de d\u00e9sapprouver une destruction de bien gratuite. Les deux sont un gros probl\u00e8me, et ni l&rsquo;une ni l&rsquo;autre n&rsquo;am\u00e9liorent la situation \u00e0 laquelle elles r\u00e9pondent, ce ne sont que des expressions de d\u00e9foulement.<\/p>\n<p>Plusieurs personnes ont compar\u00e9 les malheurs de l&rsquo;Arc de Triomphe avec les destructions de sites arch\u00e9ologiques par Daech :<\/p>\n<div id=\"attachment_6748\" style=\"width: 610px\" class=\"wp-caption aligncenter\"><a href=\"https:\/\/twitter.com\/diazmantillanl\/status\/1069158885724958720\"><img decoding=\"async\" aria-describedby=\"caption-attachment-6748\" class=\"wp-image-6748 size-full\" src=\"files\/2018\/12\/gilets_daech.png\" alt=\"\" width=\"600\" height=\"558\" srcset=\"https:\/\/hyperbate.fr\/castagne\/files\/2018\/12\/gilets_daech.png 600w, https:\/\/hyperbate.fr\/castagne\/files\/2018\/12\/gilets_daech-300x279.png 300w\" sizes=\"(max-width: 600px) 100vw, 600px\" \/><\/a><p id=\"caption-attachment-6748\" class=\"wp-caption-text\">L\u00e0 encore, c&rsquo;est un tweet parmi bien d&rsquo;autres dont le propos est \u00e9quivalent. J&rsquo;ai s\u00e9lectionn\u00e9 celui-ci parce que le parall\u00e8le est fait par le texte mais aussi par l&rsquo;image.<\/p><\/div>\n<p>Je ne suis pas tellement d&rsquo;accord avec ce parall\u00e8le, car Daech a l&rsquo;horrible vertu d&rsquo;agir avec une certaine coh\u00e9rence. En effet, ce groupe organise la raret\u00e9 et le trafic d&rsquo;antiquit\u00e9s, qui lui rapporte beaucoup d&rsquo;argent, effraie le monde par de spectaculaires destructions de monuments irrempla\u00e7ables<sup><a href=\"#footnote_1_6727\" id=\"identifier_1_6727\" class=\"footnote-link footnote-identifier-link\" title=\"Mais parfois les destructions de Daech s&rsquo;av&egrave;rent factices, comme on l&rsquo;a vu avec une vid&eacute;o o&ugrave; des daechiens attaquaient au marteau-piqueur des reproductions visiblement faites de pl&acirc;tre.\">1<\/a><\/sup> \u2014 parmi ceux qui nous qui avaient r\u00e9ussi \u00e0 persister depuis l&rsquo;aube des civilisations \u2014, et, comme Al Qaeda en Afghanistan auparavant, fait dispara\u00eetre m\u00e9thodiquement les preuves que les pays aujourd&rsquo;hui musulmans ont une Histoire, puisque tout totalitarisme passe par la ma\u00eetrise absolue de l&rsquo;Histoire, jusqu&rsquo;\u00e0 la r\u00e9\u00e9crire ou jusqu&rsquo;\u00e0 l&rsquo;abolir. Ce n&rsquo;est heureusement pas le projet des \u00ab\u00a0gilets jaunes\u00a0\u00bb.<\/p>\n<div id=\"attachment_6756\" style=\"width: 802px\" class=\"wp-caption aligncenter\"><img decoding=\"async\" aria-describedby=\"caption-attachment-6756\" class=\"size-full wp-image-6756\" src=\"files\/2018\/12\/rond_point_moche.jpg\" alt=\"\" width=\"792\" height=\"446\" srcset=\"https:\/\/hyperbate.fr\/castagne\/files\/2018\/12\/rond_point_moche.jpg 792w, https:\/\/hyperbate.fr\/castagne\/files\/2018\/12\/rond_point_moche-300x169.jpg 300w, https:\/\/hyperbate.fr\/castagne\/files\/2018\/12\/rond_point_moche-768x432.jpg 768w, https:\/\/hyperbate.fr\/castagne\/files\/2018\/12\/rond_point_moche-624x351.jpg 624w\" sizes=\"(max-width: 792px) 100vw, 792px\" \/><p id=\"caption-attachment-6756\" class=\"wp-caption-text\">Le plus gros rond-point de France<\/p><\/div>\n<p>Mais l&rsquo;Arc de Triomphe, pourquoi ? Les \u00ab\u00a0gilets jaunes\u00a0\u00bb se disent souvent \u00ab\u00a0pacifistes\u00a0\u00bb, en cherchant \u00e0 dire \u00ab\u00a0pacifiques\u00a0\u00bb. S&rsquo;ils \u00e9taient effectivement des pacifistes, c&rsquo;est \u00e0 dire des gens qui luttent contre la guerre, et si ceux qui s&rsquo;en sont pris \u00e0 ce monument l&rsquo;avaient fait pour ce qu&rsquo;il repr\u00e9sentait \u00e0 sa construction, \u00e0 savoir les victoires militaires napol\u00e9oniennes, s&rsquo;ils avaient voulu \u00e9teindre la flamme du soldat inconnu pour rappeler que ceux qui sont morts dans les tranch\u00e9es de la Grande Guerre sont morts pour rien, et que ce bec-de-gaz est une insulte \u00e0 la m\u00e9moire d&rsquo;innocents, ma foi, \u00e7&rsquo;aurait \u00e9t\u00e9 une position id\u00e9ologique respectable. Mais si j&rsquo;ai lu quelques personnes d\u00e9fendre l&rsquo;action en rappelant la symbolique douteuse du lieu, je n&rsquo;ai pas l&rsquo;impression que \u00e7a ait \u00e9t\u00e9 le but des auteurs des d\u00e9pr\u00e9dations eux-m\u00eames : eux me semblent surtout avoir voulu s&#8217;emparer du plus gros rond-point de France, situ\u00e9 en haut de la plus moche avenue du monde, et tout \u00e7a pour un mouvement qui selon toute vraisemblance et quelles que soient ses autres causes profondes<sup><a href=\"#footnote_2_6727\" id=\"identifier_2_6727\" class=\"footnote-link footnote-identifier-link\" title=\"Je ne me hasarderai pas &agrave; parler des causes sociales du mouvement, de la d&eacute;tresse v&eacute;cue dans telle ou telle r&eacute;gion de France m&eacute;tropolitaine ou d&rsquo;outre-mer. Je ne porte pas de jugement sur ce sentiment, qui est fort et fond&eacute;. Mais je ne vois toujours pas ce que &ccedil;a am&egrave;ne de d&eacute;truire un mus&eacute;e.\">2<\/a><\/sup>, est li\u00e9 \u00e0 l&rsquo;automobile, puisqu&rsquo;il est n\u00e9 d&rsquo;une limitation de vitesse de dix kilom\u00e8tres \u00e0 l&rsquo;heure et d&rsquo;une augmentation du prix du litre de dix centimes<sup><a href=\"#footnote_3_6727\" id=\"identifier_3_6727\" class=\"footnote-link footnote-identifier-link\" title=\"Au passage, signalons que la r&eacute;duction de la vitesse maximale est une mesure en faveur du pouvoir d&rsquo;achat, car si l&rsquo;allongement du temps de trajet est n&eacute;gligeable, l&rsquo;&eacute;conomie de carburant est en moyenne de 120 euros par an.\">3<\/a><\/sup>.<\/p>\n<p>Emmanuel Macron doit \u00eatre effectivement d\u00e9connect\u00e9 de la France profonde, pour ignorer le caract\u00e8re sacr\u00e9 de l&rsquo;automobile dans ce pays. Tant pis pour lui.<br \/>\nEn tant que pi\u00e9ton, je me demande parfois si je ne devrais pas d\u00e9m\u00e9nager sur une petite \u00eele bretonne, ou \u00e0 Venise, enfin quelque part o\u00f9 l&rsquo;on ne voit pas une voiture.<\/p>\n<ol class=\"footnotes\"><li id=\"footnote_1_6727\" class=\"footnote\">Mais parfois les destructions de Daech s&rsquo;av\u00e8rent factices, comme on l&rsquo;a vu avec une vid\u00e9o o\u00f9 des daechiens attaquaient au marteau-piqueur des reproductions visiblement faites de pl\u00e2tre. <span class=\"footnote-back-link-wrapper\"> [<a href=\"#identifier_1_6727\" class=\"footnote-link footnote-back-link\">&#8617;<\/a>]<\/span><\/li><li id=\"footnote_2_6727\" class=\"footnote\">Je ne me hasarderai pas \u00e0 parler des causes sociales du mouvement, de la d\u00e9tresse v\u00e9cue dans telle ou telle r\u00e9gion de France m\u00e9tropolitaine ou d&rsquo;outre-mer. Je ne porte pas de jugement sur ce sentiment, qui est fort et fond\u00e9. Mais je ne vois toujours pas ce que \u00e7a am\u00e8ne de d\u00e9truire un mus\u00e9e. <span class=\"footnote-back-link-wrapper\"> [<a href=\"#identifier_2_6727\" class=\"footnote-link footnote-back-link\">&#8617;<\/a>]<\/span><\/li><li id=\"footnote_3_6727\" class=\"footnote\">Au passage, signalons que la r\u00e9duction de la vitesse maximale est une mesure en faveur du pouvoir d&rsquo;achat, car si l&rsquo;allongement du temps de trajet est n\u00e9gligeable, l&rsquo;\u00e9conomie de carburant est en moyenne de 120 euros par an. <span class=\"footnote-back-link-wrapper\"> [<a href=\"#identifier_3_6727\" class=\"footnote-link footnote-back-link\">&#8617;<\/a>]<\/span><\/li><\/ol>","protected":false},"excerpt":{"rendered":"<p>Des \u00ab\u00a0Gilets jaunes\u00a0\u00bb ont saccag\u00e9 l&rsquo;Arc de Triomphe. L&rsquo;un d&rsquo;entre eux a film\u00e9 l&rsquo;op\u00e9ration, montrant ses camarades de lutte s&rsquo;acharnant un peu laborieusement sur du mobilier mus\u00e9al en poussant des cris de joie. Lorsque certains de ses amis apparaissent dans le plan en ayant n\u00e9glig\u00e9 de masquer leur visage, il d\u00e9tourne son smartphone et leur [&hellip;]<\/p>\n","protected":false},"author":1,"featured_media":0,"comment_status":"open","ping_status":"open","sticky":false,"template":"","format":"standard","meta":{"footnotes":""},"categories":[7],"tags":[],"class_list":["post-6727","post","type-post","status-publish","format-standard","hentry","category-democratie"],"_links":{"self":[{"href":"https:\/\/hyperbate.fr\/castagne\/wp-json\/wp\/v2\/posts\/6727","targetHints":{"allow":["GET"]}}],"collection":[{"href":"https:\/\/hyperbate.fr\/castagne\/wp-json\/wp\/v2\/posts"}],"about":[{"href":"https:\/\/hyperbate.fr\/castagne\/wp-json\/wp\/v2\/types\/post"}],"author":[{"embeddable":true,"href":"https:\/\/hyperbate.fr\/castagne\/wp-json\/wp\/v2\/users\/1"}],"replies":[{"embeddable":true,"href":"https:\/\/hyperbate.fr\/castagne\/wp-json\/wp\/v2\/comments?post=6727"}],"version-history":[{"count":3,"href":"https:\/\/hyperbate.fr\/castagne\/wp-json\/wp\/v2\/posts\/6727\/revisions"}],"predecessor-version":[{"id":6768,"href":"https:\/\/hyperbate.fr\/castagne\/wp-json\/wp\/v2\/posts\/6727\/revisions\/6768"}],"wp:attachment":[{"href":"https:\/\/hyperbate.fr\/castagne\/wp-json\/wp\/v2\/media?parent=6727"}],"wp:term":[{"taxonomy":"category","embeddable":true,"href":"https:\/\/hyperbate.fr\/castagne\/wp-json\/wp\/v2\/categories?post=6727"},{"taxonomy":"post_tag","embeddable":true,"href":"https:\/\/hyperbate.fr\/castagne\/wp-json\/wp\/v2\/tags?post=6727"}],"curies":[{"name":"wp","href":"https:\/\/api.w.org\/{rel}","templated":true}]}}