{"id":6662,"date":"2018-11-22T13:53:45","date_gmt":"2018-11-22T12:53:45","guid":{"rendered":"http:\/\/hyperbate.fr\/castagne\/?p=6662"},"modified":"2018-11-22T20:04:25","modified_gmt":"2018-11-22T19:04:25","slug":"jaunisse","status":"publish","type":"post","link":"https:\/\/hyperbate.fr\/castagne\/2018\/11\/22\/jaunisse\/","title":{"rendered":"Jaunisse"},"content":{"rendered":"<p>Pendant l&rsquo;interminable s\u00e9quence de gr\u00e8ve de la SNCF, l&rsquo;an dernier, j&rsquo;ai r\u00e9guli\u00e8rement ha\u00ef les cheminots. Je comprenais leurs revendications, je les soutenais, m\u00eame, puisque nous sommes tous dans le m\u00eame bateau \u2014 enfin dans le m\u00eame wagon \u2014, et c&rsquo;est donc aussi au b\u00e9n\u00e9fice de l&rsquo;usager qu&rsquo;ils d\u00e9fendaient le mod\u00e8le public des transports. J&rsquo;en \u00e9tais parfaitement conscient, \u00e0 un niveau intellectuel. Mais en tant que passager, en tant que non-automobiliste d\u00e9pendant de la bonne circulation ferroviaire, \u00e0 la fois au titre de banlieusard et \u00e0 celui de turbo-prof, j&rsquo;ai surtout eu l&rsquo;impression de me faire punir moi, car apr\u00e8s tout, seuls ceux qui d\u00e9pendent du train ont personnellement souffert de la gr\u00e8ve. Bien entendu, les gr\u00e9vistes n&rsquo;ont pas mille moyens pour rappeler \u00e0 tous que leur travail est indispensable, mais je garderai le souvenir de mois terriblement p\u00e9nibles. Jusqu&rsquo;\u00e0 me donner parfois l&rsquo;envie de passer mon permis.<br \/>\nLes \u00ab\u00a0gilets jaunes\u00a0\u00bb, je les comprends aussi : il n&rsquo;est pas tr\u00e8s plaisant de voir son budget (cessons de parler de pouvoir d&rsquo;achat !) directement alt\u00e9r\u00e9 par une taxe dont l&rsquo;augmentation est certaine, mais dont la destination reste floue, surtout venant d&rsquo;un gouvernement qui ne cesse de r\u00e9duire son engagement \u00e9cologiste.<\/p>\n<div id=\"attachment_6714\" style=\"width: 802px\" class=\"wp-caption aligncenter\"><a href=\"https:\/\/commons.wikimedia.org\/wiki\/Category:Mouvement_des_gilets_jaunes,_Andelnans,_17_Nov_2018?uselang=fr#\/media\/File:2018-11-17_13-48-05_manif-gilets-jaunes-andelnans.jpg\" target=\"_blank\" rel=\"noopener\"><img decoding=\"async\" aria-describedby=\"caption-attachment-6714\" class=\"size-full wp-image-6714\" src=\"files\/2018\/11\/gilets_jaunes.jpg\" alt=\"\" width=\"792\" height=\"528\" srcset=\"https:\/\/hyperbate.fr\/castagne\/files\/2018\/11\/gilets_jaunes.jpg 792w, https:\/\/hyperbate.fr\/castagne\/files\/2018\/11\/gilets_jaunes-300x200.jpg 300w, https:\/\/hyperbate.fr\/castagne\/files\/2018\/11\/gilets_jaunes-768x512.jpg 768w, https:\/\/hyperbate.fr\/castagne\/files\/2018\/11\/gilets_jaunes-624x416.jpg 624w\" sizes=\"(max-width: 792px) 100vw, 792px\" \/><\/a><p id=\"caption-attachment-6714\" class=\"wp-caption-text\">Photo de Thomas Bresson (licence CC-BY-4.0)<\/p><\/div>\n<p>Il est aussi assez gonfl\u00e9 de la part de l&rsquo;\u00c9tat de \u00ab\u00a0punir\u00a0\u00bb aujourd&rsquo;hui les pollueurs qu&rsquo;on a hier fiscalement incit\u00e9s \u00e0 acheter des v\u00e9hicules diesel et qui se retrouvent, tels des drogu\u00e9s, \u00e0 la merci de hausses de tarifs qu&rsquo;ils ne peuvent plus refuser une fois devenus d\u00e9pendants.<br \/>\nAu passage, si je ne suis pas automobiliste, je n&rsquo;en suis pas moins concern\u00e9, car je me chauffe au fioul. Et puis je vois bien que dans la campagne o\u00f9 vivent mes parents, o\u00f9 les gens ne sont souvent pas bien riches, l&rsquo;automobile n&rsquo;est rien d&rsquo;autre qu&rsquo;une n\u00e9cessit\u00e9 vitale : augmenter le prix du gazole ne va pas modifier les habitudes des gens qui vivent dans le monde rural, ne va pas les inciter \u00e0 changer de voiture (pour qu&rsquo;apr\u00e8s trois ans on leur dise que finalement c&rsquo;est l&rsquo;essence qui pollue le plus ?), cela va juste avoir pour effet d&rsquo;alt\u00e9rer imm\u00e9diatement leurs conditions d&rsquo;existence.<\/p>\n<p>La col\u00e8re des \u00ab\u00a0gilets jaunes\u00a0\u00bb est compr\u00e9hensible, donc. Et pourtant, je dois dire que ces manifestants, hors toute pol\u00e9mique sur les d\u00e9bordements scabreux recens\u00e9s ici ou l\u00e0<sup><a href=\"#footnote_1_6662\" id=\"identifier_1_6662\" class=\"footnote-link footnote-identifier-link\" title=\"Je parle bien entendu des invectives racistes, sexistes, homophobes, violences contre les journalistes ou encore de l&rsquo;&eacute;pisode d&rsquo;arrestation de migrants par des &laquo;&nbsp;gilets jaunes&nbsp;&raquo;,.. Difficile de dire que ces &eacute;v&eacute;nements r&eacute;sument la pens&eacute;e gilet jaune, mais il semble clair qu&rsquo;ils ne la contredisent pas.\">1<\/a><\/sup>, ne m&rsquo;inspirent que de vilains sentiments, parce qu&rsquo;ils d\u00e9fendent un mod\u00e8le de civilisation construit autour de l&rsquo;automobile et du p\u00e9trole, un mod\u00e8le qui ruine le paysage et l&rsquo;atmosph\u00e8re, un mod\u00e8le qui donne de la force aux dictateurs et qui s\u00e8me des guerres pas si lointaines<sup><a href=\"#footnote_2_6662\" id=\"identifier_2_6662\" class=\"footnote-link footnote-identifier-link\" title=\"Quand les pays occidentaux soutiennent la dictature saoudienne, ils soutiennent non seulement un exportateur de p&eacute;trole mais aussi l&rsquo;exportateur de l&rsquo;Islam le plus r&eacute;gressiste, qui finance mosqu&eacute;es et imams. Quand aux guerres que nous menons au Moyen-orient, et qui sont li&eacute;es au contr&ocirc;le du p&eacute;trole et du gaz, elles forgent des djihadistes-boomerangs, n&eacute;s ici, form&eacute;s l&agrave;-bas au meurtre, et pr&ecirc;ts &agrave; revenir tuer ici.\">2<\/a><\/sup>, un mod\u00e8le qui devra dispara\u00eetre pour que nous vivions mieux.<\/p>\n<div id=\"attachment_6716\" style=\"width: 802px\" class=\"wp-caption aligncenter\"><a href=\"https:\/\/commons.wikimedia.org\/wiki\/Category:Mouvement_des_gilets_jaunes,_Belfort,_17_Nov_2018\"><img decoding=\"async\" aria-describedby=\"caption-attachment-6716\" class=\"size-full wp-image-6716\" src=\"files\/2018\/11\/gilets_jaunes2.jpg\" alt=\"\" width=\"792\" height=\"485\" srcset=\"https:\/\/hyperbate.fr\/castagne\/files\/2018\/11\/gilets_jaunes2.jpg 792w, https:\/\/hyperbate.fr\/castagne\/files\/2018\/11\/gilets_jaunes2-300x184.jpg 300w, https:\/\/hyperbate.fr\/castagne\/files\/2018\/11\/gilets_jaunes2-768x470.jpg 768w, https:\/\/hyperbate.fr\/castagne\/files\/2018\/11\/gilets_jaunes2-624x382.jpg 624w\" sizes=\"(max-width: 792px) 100vw, 792px\" \/><\/a><p id=\"caption-attachment-6716\" class=\"wp-caption-text\">Photo : Thomas Bresson (licence CC-BY-4.0)<\/p><\/div>\n<p><span style=\"font-size: 1rem;\">S&rsquo;ils manifestaient pour que leurs emplois soient plus proches de leur domicile, s&rsquo;ils manifestaient pour que les services et les commerces de proximit\u00e9 ne disparaissent pas, s&rsquo;ils manifestaient contre tout ce qui leur rend l&rsquo;automobile vitale, je les soutiendrais sans faille. S&rsquo;ils se battaient pour que l&rsquo;on favorise le t\u00e9l\u00e9travail, s&rsquo;ils se battaient contre les fermetures de petites gares, de bureaux de poste, d&rsquo;\u00e9coles, de bistrots, de librairies<sup><a href=\"#footnote_3_6662\" id=\"identifier_3_6662\" class=\"footnote-link footnote-identifier-link\" title=\"&Agrave; ce propos, lire On peut se passer d&rsquo;auto dans le rural montrent la Suisse et l&rsquo;Autriche, sur Reporterre.net.\">3<\/a><\/sup> ,&#8230;\u00a0<\/span>Mais non. Ils se battent pour que la taxe sur le diesel reste inf\u00e9rieure \u00e0 la taxe sur le super sans plomb<sup><a href=\"#footnote_4_6662\" id=\"identifier_4_6662\" class=\"footnote-link footnote-identifier-link\" title=\"La taxe sur le litre d&rsquo;essence (0,828 euros) reste sup&eacute;rieure &agrave; celle sur le diesel (0,730 euros). Lire le r&eacute;sum&eacute; par Checknews\/Lib&eacute;.&nbsp;\">4<\/a><\/sup>. En fait, lorsqu&rsquo;il a fallu se battre pour sauver un mod\u00e8le bienveillant d&rsquo;organisation \u00e9conomique (je dis cela au pass\u00e9 car j&rsquo;ai peur que la messe soit dite), la mobilisation n&rsquo;a pas \u00e9t\u00e9 aussi massive. Je ne donnerai pas de le\u00e7ons sur ce point, je ne suis pas non plus descendu dans la rue pour d\u00e9fendre ce en quoi je crois, mais la popularit\u00e9 effectivement importante des \u00ab\u00a0gilets jaunes\u00a0\u00bb montre bien o\u00f9 se situent les priorit\u00e9s communes<sup><a href=\"#footnote_5_6662\" id=\"identifier_5_6662\" class=\"footnote-link footnote-identifier-link\" title=\"Je ne peux en tout cas pas m&rsquo;emp&ecirc;cher de penser que les causes du ras-le-bol g&eacute;n&eacute;ral actuel sont &agrave; chercher dans la politique que les &eacute;lecteurs ont pl&eacute;biscit&eacute; pendant des d&eacute;cennies. Ils ont &eacute;lu Chirac, Sarkozy, Hollande, Macron, et quoi qu&rsquo;on pense de ces gens, leurs programmes ne constituent pas vraiment des trahisons, ils ont peu ou prou suivi les caps qu&rsquo;ils s&rsquo;&eacute;taient fix&eacute;s et qui aboutissent &agrave; un abandon des campagnes, &agrave; un enrichissement des d&eacute;j&agrave;-riches et &agrave; une &eacute;rosion des services publics.\">5<\/a><\/sup>.\u00a0Tout comme les actionnaires d&rsquo;une soci\u00e9t\u00e9, qui ne sont ni amis ni d&rsquo;accord, mais sont solidaires sur la seule question des b\u00e9n\u00e9fices de l&rsquo;entreprise, les \u00ab\u00a0gilets jaunes\u00a0\u00bb ont des profils politiques tr\u00e8s divers, mais se rejoignent au d\u00e9part sur un seul et unique point : le prix du gazole \u00e0 la pompe. Cette revendication, dite en ces termes, me semble bien mesquine, sachant les enjeux locaux ou globaux qui sont \u00e0 l&rsquo;\u0153uvre, mais je la comprends, bien entendu, de m\u00eame que si on doublait du jour au lendemain le prix de mon carburant \u00e0 moi, le caf\u00e9, je n&rsquo;en serais pas ravi, alors m\u00eame que \u00e7a serait peut-\u00eatre justice et raison \u00e0 tout point de vue.<br \/>\nJe ne pense cependant pas que je me mettrais \u00e0 br\u00fbler du caf\u00e9 pour faire conna\u00eetre mon m\u00e9contentement, comme certains \u00ab\u00a0gilets jaunes\u00a0\u00bb br\u00fblent express\u00e9ment des carburants.<\/p>\n<div id=\"attachment_6710\" style=\"width: 802px\" class=\"wp-caption aligncenter\"><img decoding=\"async\" aria-describedby=\"caption-attachment-6710\" class=\"size-full wp-image-6710\" src=\"files\/2018\/11\/mad_max.jpg\" alt=\"\" width=\"792\" height=\"446\" srcset=\"https:\/\/hyperbate.fr\/castagne\/files\/2018\/11\/mad_max.jpg 792w, https:\/\/hyperbate.fr\/castagne\/files\/2018\/11\/mad_max-300x169.jpg 300w, https:\/\/hyperbate.fr\/castagne\/files\/2018\/11\/mad_max-768x432.jpg 768w, https:\/\/hyperbate.fr\/castagne\/files\/2018\/11\/mad_max-624x351.jpg 624w\" sizes=\"(max-width: 792px) 100vw, 792px\" \/><p id=\"caption-attachment-6710\" class=\"wp-caption-text\">D\u00e9penser du carburant pour se plaindre de son prix, \u00e7a me rappelle l&rsquo;univers de Mad Max, o\u00f9 la p\u00e9nurie ne pousse personne \u00e0 l&rsquo;\u00e9conomie.<\/p><\/div>\n<p>Je comprends, donc, mais ce que je comprends mal (ou que je ne comprends que trop bien mais que j&rsquo;ai du mal \u00e0 accepter) c&rsquo;est la veulerie de la r\u00e9cup\u00e9ration politique dont le mouvement \u00ab\u00a0gilet jaune\u00a0\u00bb fait l&rsquo;objet. En dehors de <em>La R\u00e9publique en Marche<\/em>, toute la classe politique fran\u00e7aise me donne l&rsquo;impression de croire avoir gagn\u00e9 \u00e0 la loterie : enfin elle a un pr\u00e9texte \u00e0 la R\u00e9volution, ou plut\u00f4t, enfin une occasion pour exciter la masse et esp\u00e9rer gagner des si\u00e8ges de d\u00e9put\u00e9s aux prochaines \u00e9lections europ\u00e9ennes. Venant de partis d\u00e9pourvus de conscience \u00e9cologique, des fascistes aux trotskistes en passant par la droite dure, la gauche comateuse et le centre mou, ce n&rsquo;est gu\u00e8re surprenant. Que les Insoumis, dont je maintiens qu&rsquo;ils portaient le meilleur programme sur l&rsquo;\u00e9cologie, tentent de r\u00e9cup\u00e9rer le mouvement est autrement path\u00e9tique. Et ne parlons pas des louvoiements d&rsquo;Europe-\u00e9cologie-les-verts.<br \/>\nAu passage, je ne souscris pas du tout aux arguments de type <em>\u00ab\u00a0il faut taxer les grosses soci\u00e9t\u00e9s, pas les particuliers\u00a0\u00bb<\/em> et autres <em>\u00ab\u00a0les porte-conteneurs polluent plus que toutes les voitures\u00a0\u00bb<\/em><sup><a href=\"#footnote_6_6662\" id=\"identifier_6_6662\" class=\"footnote-link footnote-identifier-link\" title=\"Affirmation devenue r&eacute;cemment populaire mais erron&eacute;e, car s&rsquo;appuyant sur des extrapolations faites en 2009, d&eacute;menties par les faits, et ne portant que sur un type pr&eacute;cis de pollution, cf. cet article.\">6<\/a><\/sup>, car s&rsquo;il est certain qu&rsquo;il y a trop d&rsquo;avions et trop de bateaux, il est un peu facile de se faire croire que ce sont \u00ab\u00a0les autres\u00a0\u00bb : qui prend l&rsquo;avion ? Qui consomme des v\u00eatements jetables venus d&rsquo;Asie ? Et si on ferme les ports du Havre ou de Marseille, combien de camions seront affr\u00e9t\u00e9s pour remplacer le trafic maritime ? Tout \u00e7a est li\u00e9.<\/p>\n<p>Je comprends \u00e0 la rigueur que l&rsquo;on s&rsquo;enthousiasme du fait que les \u00ab\u00a0gilets jaunes\u00a0\u00bb aillent contre le mouvement le plus naturellement impos\u00e9 \u00e0 chacun de nous par l&rsquo;environnement politique et m\u00e9diatique : la r\u00e9signation. Mais si d\u00e9fendre une cause est bien, la qualit\u00e9 de la cause d\u00e9fendue n&rsquo;est pas une question accessoire. Comme le dit l&rsquo;adage des programmeurs : <em>\u00ab\u00a0garbage in, garbage out\u00a0\u00bb<\/em>. Si le pr\u00e9texte \u00e0 s&rsquo;insurger est m\u00e9diocre, ce qui en sortira ne le sera pas moins.<\/p>\n<div id=\"attachment_6706\" style=\"width: 653px\" class=\"wp-caption aligncenter\"><img decoding=\"async\" aria-describedby=\"caption-attachment-6706\" class=\"size-full wp-image-6706\" src=\"files\/2018\/11\/hanouna_gilet_jaune.jpg\" alt=\"\" width=\"643\" height=\"361\" srcset=\"https:\/\/hyperbate.fr\/castagne\/files\/2018\/11\/hanouna_gilet_jaune.jpg 643w, https:\/\/hyperbate.fr\/castagne\/files\/2018\/11\/hanouna_gilet_jaune-300x168.jpg 300w, https:\/\/hyperbate.fr\/castagne\/files\/2018\/11\/hanouna_gilet_jaune-624x350.jpg 624w\" sizes=\"(max-width: 643px) 100vw, 643px\" \/><p id=\"caption-attachment-6706\" class=\"wp-caption-text\">\u00ab\u00a0Garbage in, garbage out\u00a0\u00bb, \u00e7a commence bien : le bully Cyril Hanouna, qui a \u00e0 mon avis fait plus pour alt\u00e9rer les capacit\u00e9s cognitives de ses spectateurs que tous les perturbateurs endocriniens et t\u00e6nias parasites du liquide c\u00e9phalorachidien r\u00e9unis (oh \u00e7a va, j&rsquo;ai le droit d&rsquo;\u00eatre m\u00e9chant, parois, moi aussi, non ?), se propose de <a href=\"https:\/\/www.francetvinfo.fr\/economie\/transports\/gilets-jaunes\/cyril-hanouna-propose-d-etre-le-porte-parole-des-gilets-jaunes_3045117.html\" target=\"_blank\" rel=\"noopener\">devenir le \u00ab\u00a0porte-parole\u00a0\u00bb des \u00ab\u00a0gilets jaunes\u00a0\u00bb<\/a>. C&rsquo;est un peu la premi\u00e8re fois qu&rsquo;il s&rsquo;engage sur un sujet politique, je crois.<\/p><\/div>\n<p>S&rsquo;affliger de la pauvret\u00e9 du d\u00e9bat qui entoure ce mouvement spontan\u00e9 constitue-t-il, comme on ne cesse de me le dire, un m\u00e9pris de classe de bobo parisien privil\u00e9gi\u00e9 ? Peut-\u00eatre, mais tant pis.\u00a0En ce moment, je suis dans la lecture du\u00a0<em>Troupeau aveugle<\/em>, de John Brunner. Un livre de 1972 que je n&rsquo;avais jamais ouvert jusqu&rsquo;ici et qui traite de l&rsquo;\u00e9cologie avec une prescience (contemporaine du c\u00e9l\u00e8bre rapport Meadows bien s\u00fbr), que l&rsquo;on peut juger r\u00e9trospectivement extraordinaire : qualit\u00e9 de l&rsquo;air, allergies, disparition des abeilles, des lombrics, mille et un d\u00e9tails nous ram\u00e8nent \u00e0 des d\u00e9bats actuels. Le livre parle de toutes ces choses, mais surtout, il raconte la lutte quasi-g\u00e9n\u00e9rale des populations pour maintenir le syst\u00e8me qui les tue.<br \/>\nJe n&rsquo;en ai lu que le premier tiers, je ne sais pas encore comment \u00e7a se termine.<\/p>\n<ol class=\"footnotes\"><li id=\"footnote_1_6662\" class=\"footnote\">Je parle bien entendu des invectives racistes, sexistes, <a href=\"https:\/\/www.20minutes.fr\/societe\/2374851-20181118-blocage-gilets-jaunes-indignation-apres-agression-homophobe-presumee\" target=\"_blank\" rel=\"noopener\">homophobes<\/a>, <a href=\"https:\/\/www.francetvinfo.fr\/economie\/transports\/mobilisation-du-17-novembre\/on-ne-peut-plus-se-faire-taper-dessus-sur-payetoiunjournaliste-les-reporters-denoncent-les-violences-des-gilets-jaunes_3044987.html?utm_medium=Social&amp;utm_source=Facebook&amp;Echobox=1542867844&amp;fbclid=IwAR3H2688mntWOHalezKTvzribbh1VXSVNVQJCJmSwozp9XmBwFcGzZFmoeE#xtor=CS1-746\" target=\"_blank\" rel=\"noopener\">violences contre les journalistes<\/a> ou encore de l&rsquo;\u00e9pisode d&rsquo;<a href=\"https:\/\/www.cgtdouanes.fr\/actu\/article\/propos-sur-la-douane-des-manifestants-gilets-jaunes-a-flixecourt\" target=\"_blank\" rel=\"noopener\">arrestation de migrants<\/a> par des \u00ab\u00a0gilets jaunes\u00a0\u00bb,.. Difficile de dire que ces \u00e9v\u00e9nements r\u00e9sument la pens\u00e9e gilet jaune, mais il semble clair qu&rsquo;ils ne la contredisent pas. <span class=\"footnote-back-link-wrapper\"> [<a href=\"#identifier_1_6662\" class=\"footnote-link footnote-back-link\">&#8617;<\/a>]<\/span><\/li><li id=\"footnote_2_6662\" class=\"footnote\">Quand les pays occidentaux soutiennent la dictature saoudienne, ils soutiennent non seulement un exportateur de p\u00e9trole mais aussi l&rsquo;exportateur de l&rsquo;Islam le plus r\u00e9gressiste, qui finance mosqu\u00e9es et imams. Quand aux guerres que nous menons au Moyen-orient, et qui sont li\u00e9es au contr\u00f4le du p\u00e9trole et du gaz, elles forgent des djihadistes-boomerangs, n\u00e9s ici, form\u00e9s l\u00e0-bas au meurtre, et pr\u00eats \u00e0 revenir tuer ici. <span class=\"footnote-back-link-wrapper\"> [<a href=\"#identifier_2_6662\" class=\"footnote-link footnote-back-link\">&#8617;<\/a>]<\/span><\/li><li id=\"footnote_3_6662\" class=\"footnote\">\u00c0 ce propos, lire <a href=\"https:\/\/reporterre.net\/On-peut-se-passer-d-auto-dans-le-rural-montrent-la-Suisse-et-l-Autriche\" target=\"_blank\" rel=\"noopener\"><em>On peut se passer d&rsquo;auto dans le rural montrent la Suisse et l&rsquo;Autriche<\/em>, sur Reporterre.net<\/a>. <span class=\"footnote-back-link-wrapper\"> [<a href=\"#identifier_3_6662\" class=\"footnote-link footnote-back-link\">&#8617;<\/a>]<\/span><\/li><li id=\"footnote_4_6662\" class=\"footnote\">La taxe sur le litre d&rsquo;essence (0,828 euros) reste sup\u00e9rieure \u00e0 celle sur le diesel (0,730 euros). Lire le r\u00e9sum\u00e9 par <a href=\"https:\/\/www.liberation.fr\/checknews\/2018\/11\/13\/petrole-fiscalite-decryptage-de-la-hausse-des-prix-du-carburant-depuis-2010_1691741\" target=\"_blank\" rel=\"noopener\">Checknews\/Lib\u00e9<\/a>.\u00a0 <span class=\"footnote-back-link-wrapper\"> [<a href=\"#identifier_4_6662\" class=\"footnote-link footnote-back-link\">&#8617;<\/a>]<\/span><\/li><li id=\"footnote_5_6662\" class=\"footnote\">Je ne peux en tout cas pas m&#8217;emp\u00eacher de penser que les causes du ras-le-bol g\u00e9n\u00e9ral actuel sont \u00e0 chercher dans la politique que les \u00e9lecteurs ont pl\u00e9biscit\u00e9 pendant des d\u00e9cennies. Ils ont \u00e9lu Chirac, Sarkozy, Hollande, Macron, et quoi qu&rsquo;on pense de ces gens, leurs programmes ne constituent pas vraiment des trahisons, ils ont peu ou prou suivi les caps qu&rsquo;ils s&rsquo;\u00e9taient fix\u00e9s et qui aboutissent \u00e0 un abandon des campagnes, \u00e0 un enrichissement des d\u00e9j\u00e0-riches et \u00e0 une \u00e9rosion des services publics.<span class=\"footnote-back-link-wrapper\"> [<a href=\"#identifier_5_6662\" class=\"footnote-link footnote-back-link\">&#8617;<\/a>]<\/span><\/li><li id=\"footnote_6_6662\" class=\"footnote\">Affirmation devenue r\u00e9cemment populaire mais erron\u00e9e, car s&rsquo;appuyant sur des extrapolations faites en 2009, d\u00e9menties par les faits, et ne portant que sur un type pr\u00e9cis de pollution, cf. <a href=\"https:\/\/www.liberation.fr\/checknews\/2018\/09\/10\/est-ce-vrai-que-15-bateaux-de-marchandises-polluent-plus-quetoutes-les-voitures-du-monde_1677714\" target=\"_blank\" rel=\"noopener\">cet article<\/a>. <span class=\"footnote-back-link-wrapper\"> [<a href=\"#identifier_6_6662\" class=\"footnote-link footnote-back-link\">&#8617;<\/a>]<\/span><\/li><\/ol>","protected":false},"excerpt":{"rendered":"<p>Pendant l&rsquo;interminable s\u00e9quence de gr\u00e8ve de la SNCF, l&rsquo;an dernier, j&rsquo;ai r\u00e9guli\u00e8rement ha\u00ef les cheminots. Je comprenais leurs revendications, je les soutenais, m\u00eame, puisque nous sommes tous dans le m\u00eame bateau \u2014 enfin dans le m\u00eame wagon \u2014, et c&rsquo;est donc aussi au b\u00e9n\u00e9fice de l&rsquo;usager qu&rsquo;ils d\u00e9fendaient le mod\u00e8le public des transports. J&rsquo;en \u00e9tais [&hellip;]<\/p>\n","protected":false},"author":1,"featured_media":0,"comment_status":"open","ping_status":"open","sticky":false,"template":"","format":"standard","meta":{"footnotes":""},"categories":[7,10],"tags":[],"class_list":["post-6662","post","type-post","status-publish","format-standard","hentry","category-democratie","category-ecologie"],"_links":{"self":[{"href":"https:\/\/hyperbate.fr\/castagne\/wp-json\/wp\/v2\/posts\/6662","targetHints":{"allow":["GET"]}}],"collection":[{"href":"https:\/\/hyperbate.fr\/castagne\/wp-json\/wp\/v2\/posts"}],"about":[{"href":"https:\/\/hyperbate.fr\/castagne\/wp-json\/wp\/v2\/types\/post"}],"author":[{"embeddable":true,"href":"https:\/\/hyperbate.fr\/castagne\/wp-json\/wp\/v2\/users\/1"}],"replies":[{"embeddable":true,"href":"https:\/\/hyperbate.fr\/castagne\/wp-json\/wp\/v2\/comments?post=6662"}],"version-history":[{"count":3,"href":"https:\/\/hyperbate.fr\/castagne\/wp-json\/wp\/v2\/posts\/6662\/revisions"}],"predecessor-version":[{"id":6725,"href":"https:\/\/hyperbate.fr\/castagne\/wp-json\/wp\/v2\/posts\/6662\/revisions\/6725"}],"wp:attachment":[{"href":"https:\/\/hyperbate.fr\/castagne\/wp-json\/wp\/v2\/media?parent=6662"}],"wp:term":[{"taxonomy":"category","embeddable":true,"href":"https:\/\/hyperbate.fr\/castagne\/wp-json\/wp\/v2\/categories?post=6662"},{"taxonomy":"post_tag","embeddable":true,"href":"https:\/\/hyperbate.fr\/castagne\/wp-json\/wp\/v2\/tags?post=6662"}],"curies":[{"name":"wp","href":"https:\/\/api.w.org\/{rel}","templated":true}]}}