{"id":6592,"date":"2018-10-22T00:15:23","date_gmt":"2018-10-21T23:15:23","guid":{"rendered":"http:\/\/hyperbate.fr\/castagne\/?p=6592"},"modified":"2018-10-22T19:27:31","modified_gmt":"2018-10-22T18:27:31","slug":"ne-melenchons-pas-tout","status":"publish","type":"post","link":"https:\/\/hyperbate.fr\/castagne\/2018\/10\/22\/ne-melenchons-pas-tout\/","title":{"rendered":"Ne m\u00e9lenchons pas tout"},"content":{"rendered":"<p><em>(Le contexte (car dans dix ans on aura tout oubli\u00e9) :\u00a0Jean-Luc M\u00e9lenchon en personne, certains de ses proches et les locaux de la France Insoumise ont \u00e9t\u00e9 perquisitionn\u00e9s dans le cadre d&rsquo;une enqu\u00eate pr\u00e9liminaire relative \u00e0 leurs comptes de campagne. Le monsieur a assez mal r\u00e9agi et les m\u00e9dias qui ne l&rsquo;aiment pas trop y trouvent le pr\u00e9texte \u00e0 une joie mauvaise un peu suspecte)<\/em><\/p>\n<h4>D&rsquo;o\u00f9 je parle<\/h4>\n<p>Tout d&rsquo;abord, d&rsquo;o\u00f9 est-ce que je parle : ami, ennemi ? J&rsquo;imagine qu&rsquo;on peut dire que je suis un sympathisant. J&rsquo;ai vot\u00e9 plusieurs fois pour Jean-Luc M\u00e9lenchon, notamment au premier tour des derni\u00e8res pr\u00e9sidentielles mais aussi lors des l\u00e9gislatives<sup><a href=\"#footnote_1_6592\" id=\"identifier_1_6592\" class=\"footnote-link footnote-identifier-link\" title=\"J&rsquo;appartiens donc au groupe des gens que l&rsquo;imb&eacute;cile &Eacute;ric Brunet nomme &laquo;&nbsp;les abrutis&nbsp;&raquo;.\">1<\/a><\/sup>.<br \/>\nJ&rsquo;aime cependant rappeler r\u00e9guli\u00e8rement que <strong>je ne suis pas de gauche<\/strong> (mais encore moins de droite)<sup><a href=\"#footnote_2_6592\" id=\"identifier_2_6592\" class=\"footnote-link footnote-identifier-link\" title=\"Je me d&eacute;finirais aujourd&rsquo;hui comme un &laquo;&nbsp;anarchiste chr&eacute;tien ath&eacute;e pragmatique&nbsp;&raquo;.&nbsp;Anarchiste car j&rsquo;esp&egrave;re voir un jour les humains capables de se gouverner r&eacute;ellement eux-m&ecirc;mes, et quand je dis &laquo;&nbsp;eux-m&ecirc;mes&nbsp;&raquo;, je l&rsquo;entends autant au niveau collectif qu&rsquo;au niveau individuel, je refuse de croire que l&rsquo;&eacute;go&iuml;sme et la comp&eacute;tition soient le prix de la libert&eacute;. Je me comprends. Chr&eacute;tien, car je me sens tributaire de cette culture sur quelques uns se ses points-cl&eacute;, que j&rsquo;envisage de mani&egrave;re litt&eacute;rale et certainement pas spirituelle (trop facile !) tels que le pardon, la charit&eacute;, la bienveillance, l&rsquo;accueil ou la tol&eacute;rance. Ath&eacute;e car l&rsquo;id&eacute;e d&rsquo;une divinit&eacute; omnipotente dont il faudrait suivre les ordres muets me fait sourire en g&eacute;n&eacute;ral et me r&eacute;volte lorsqu&rsquo;elle est un outil de domination ou d&rsquo;ali&eacute;nation. Pragmatique, enfin, parce ce que je vote. Je suis conscient que le monde de mes r&ecirc;ves ne sera jamais celui dans lequel je vis, et que m&ecirc;me si notre r&eacute;gime n&rsquo;est que faiblement d&eacute;mocratique, un candidat n&rsquo;en vaut pas un autre. Je vote donc parfois pour des projets qui me semblent meilleurs que d&rsquo;autres et d&rsquo;autre fois, le plus souvent sans doute, contre ceux qui me semblent les pires. Pragmatique aussi parce que je n&rsquo;investis aucune croyance en personne, je n&rsquo;ai aucune illusion sur la haute opinion d&rsquo;eux-m&ecirc;mes qu&rsquo;ont ceux qui s&rsquo;envisagent pr&eacute;sidents de la R&eacute;publique, ce n&rsquo;est pas par passion pour une personne que je vote, et ce n&rsquo;est d&rsquo;ailleurs pas le sentiment que j&rsquo;esp&egrave;re &eacute;prouver, je me sens totalement libre de mes reniements et de mon ind&eacute;pendance vis &agrave; vis des choix que j&rsquo;ai pu faire &agrave; un moment ou un autre&nbsp;&mdash; je me fais m&ecirc;me un devoir de n&rsquo;&ecirc;tre fid&egrave;le qu&rsquo;&agrave; mes principes, mais pas aux mots, aux symboles ou aux personnes que j&rsquo;ai un jour peu ou prou soutenus.\">2<\/a><\/sup>.\u00a0J&rsquo;ai vot\u00e9 \u00ab\u00a0France Insoumise\u00a0\u00bb pour ce que j&rsquo;ai consid\u00e9r\u00e9 comme le seul programme \u00e9cologiste s\u00e9rieux mais pas sp\u00e9cialement par passion pour M\u00e9lenchon lui-m\u00eame, donc. Je suis persuad\u00e9 qu&rsquo;il est rare que \u00e7a soit la motivation de ses \u00e9lecteurs, contrairement \u00e0 ce que pr\u00e9tend le clich\u00e9 journalistique<sup><a href=\"#footnote_3_6592\" id=\"identifier_3_6592\" class=\"footnote-link footnote-identifier-link\" title=\"S&rsquo;il y a un candidat qui a attir&eacute; les votes pour sa personnalit&eacute; plus que pour ses id&eacute;es, c&rsquo;est plut&ocirc;t Macron &agrave; mon avis, et j&rsquo;en tiens pour preuve que celui-ci a fait l&rsquo;essentiel de sa campagne sans produire de programme politique !\">3<\/a><\/sup>. M\u00eame si je n&rsquo;\u00e9prouve pas de passion envers M\u00e9lenchon, je vois tout de m\u00eame en lui un homme talentueux, p\u00e9dagogue et pr\u00e9cis (\u00e0 \u00e9couter avec la m\u00eame pr\u00e9cision). Je trouve les m\u00e9dias qui le pr\u00e9sentent comme un d\u00e9magogue cherchant \u00e0 susciter chez ses \u00e9lecteurs un \u00ab\u00a0culte de la personnalit\u00e9\u00a0\u00bb extr\u00eamement malhonn\u00eates, et je dis bien malhonn\u00eates car j&rsquo;ai du mal \u00e0 croire qu&rsquo;ils croient \u00e0 ce qu&rsquo;ils \u00e9crivent. Et autant pour ceux qui font passer M\u00e9lenchon pour un communiste r\u00e9volutionnaire, lui qui a fait sa carri\u00e8re au Parti Socialiste. Qu&rsquo;on y souscrive ou non, ses analyses sont plut\u00f4t d\u00e9taill\u00e9es et ses conclusions suivent un raisonnement rationnel, nous sommes loin des divers embrouilleurs qui jouent sur l&rsquo;\u00e9motion du moment pour rallier \u00e0 eux des suffrages en improvisant\u00a0des projets de loi absurdes autant que des sp\u00e9cialistes du flou artistique qui appellent \u00ab\u00a0leur projet\u00a0\u00bb ce que les gens projettent sur eux.<\/p>\n<div id=\"attachment_6647\" style=\"width: 436px\" class=\"wp-caption aligncenter\"><img decoding=\"async\" aria-describedby=\"caption-attachment-6647\" class=\"size-full wp-image-6647\" src=\"files\/2018\/10\/perquisition.jpg\" alt=\"\" width=\"426\" height=\"426\" align=\"center\" srcset=\"https:\/\/hyperbate.fr\/castagne\/files\/2018\/10\/perquisition.jpg 426w, https:\/\/hyperbate.fr\/castagne\/files\/2018\/10\/perquisition-150x150.jpg 150w, https:\/\/hyperbate.fr\/castagne\/files\/2018\/10\/perquisition-300x300.jpg 300w\" sizes=\"(max-width: 426px) 100vw, 426px\" \/><p id=\"caption-attachment-6647\" class=\"wp-caption-text\">Jean-Luc M\u00e9lenchon a film\u00e9 et diffus\u00e9 en direct la perquisition qui avait lieu dans son domicile parisien. Ind\u00e9pendamment de l&rsquo;affaire, je trouve cette initiative tr\u00e8s int\u00e9ressante. La \u00ab\u00a0sousveillance\u00a0\u00bb (oppos\u00e9e \u00e0 la surveillance) est une des seules protections du citoyen face \u00e0 un \u00e9ventuel arbitraire judiciaire et sortir sa cam\u00e9ra, son appareil photo ou son t\u00e9l\u00e9phone mobile pour enregistrer ce qui se passe m\u00e9riterait d&rsquo;\u00eatre un r\u00e9flexe g\u00e9n\u00e9ral.<\/p><\/div>\n<h4>Le grand m\u00e9chant M\u00e9lenchon<\/h4>\n<p>Mais de M\u00e9lenchon il y a aussi les coups de gueule, pas toujours contr\u00f4l\u00e9s par leur auteur mais complaisamment diffus\u00e9s, parfois de mani\u00e8re l\u00e0 encore tr\u00e8s malhonn\u00eate, en n&rsquo;extrayant d&rsquo;une heure de vid\u00e9o qu&rsquo;une petite phrase charg\u00e9e d&rsquo;humeur, et en la montant en \u00e9pingle afin d&rsquo;\u00e9pouser le consensus m\u00e9diatique du moment : M\u00e9lenchon est autoritaire ; Macron m\u00e9prise les pauvres ; Sarkozy est vulgaire ; Hollande est ind\u00e9cis ; Chirac est sympa,&#8230; On nous construit des personnages, et tout le jeu est ensuite de donner une r\u00e9alit\u00e9 \u00e0 ces constructions, afin de cr\u00e9er un spectacle coh\u00e9rent, parsem\u00e9 \u00e7a et l\u00e0 de retournement de situation (<em>\u00ab\u00a0ah mais il est sympa en fait Fillon&#8230;\u00a0\u00bb<\/em>) et des contre-retournements (<em>\u00ab\u00a0ah mais non finalement dis donc il est pas sympa, et d&rsquo;ailleurs je l&rsquo;ai jamais senti\u00a0\u00bb<\/em>). Peut-\u00eatre que ces r\u00e9cits s&rsquo;appuient sur des r\u00e9alit\u00e9s, peut-\u00eatre que les petites phrases sont r\u00e9v\u00e9latrices de mentalit\u00e9s de leurs auteurs, mais il est dommage que les journalistes d\u00e9pensent si peu d&rsquo;\u00e9nergie \u00e0 commenter s\u00e9rieusement les actions, les propositions et les arguments, et autant \u00e0 commenter l&rsquo;anecdote et la forme. Mais je ne peux pas compl\u00e8tement les condamner, il est probable qu&rsquo;ils n&rsquo;aient pas tout \u00e0 fait le choix, la faute au public, qui pr\u00e9f\u00e8re la repr\u00e9sentation de guignol aux d\u00e9bats de sp\u00e9cialistes, et ce qu&rsquo;il peut constater lui-m\u00eame que ce qui lui \u00e9chappe. Il est plus valorisant de se dire qu&rsquo;on a compris qui sont les gentils et qui sont les m\u00e9chants sur la foi de quelques images que d&rsquo;avoir \u00e0 se renseigner ou pire, \u00e0 se sentir un peu humili\u00e9 en admettant ne pas \u00eatre capable de tout comprendre. En p\u00e9riode d&rsquo;incertitudes \u00e9conomiques, les m\u00e9dias n&rsquo;osent pas forc\u00e9ment se donner un r\u00f4le actif dans le d\u00e9bat d\u00e9mocratique : commenter r\u00e9ellement les id\u00e9es reviendrait \u00e0 se marquer politiquement, ce qui semble de plus en plus r\u00e9dhibitoire. Je trouve pr\u00e9occupant le fait qu&rsquo;\u00eatre confront\u00e9 \u00e0 des id\u00e9es que l&rsquo;on ne partage pas semble de plus en plus \u00eatre v\u00e9cu comme une violence (voyez comme on \u00ab\u00a0unfollowe\u00a0\u00bb facilement sur Twitter ceux \u00e0 qui l&rsquo;on ne sait r\u00e9pondre&#8230;). Sans doute pr\u00e9f\u00e9rons-nous \u00eatre soumis \u00e0 une propagande habilement d\u00e9guis\u00e9e en objectivit\u00e9 qu&rsquo;expos\u00e9s \u00e0 des arguments qui contredisent notre opinion, on ne s&rsquo;informe pas, on v\u00e9rifie juste que les faits correspondent \u00e0 notre pr\u00e9jug\u00e9.<\/p>\n<div id=\"attachment_6643\" style=\"width: 635px\" class=\"wp-caption alignright\"><a href=\"https:\/\/twitter.com\/EuropeElects\/status\/1043975443504930817\" target=\"_blank\" rel=\"noopener\"><img decoding=\"async\" aria-describedby=\"caption-attachment-6643\" class=\"wp-image-6643 size-large\" src=\"files\/2018\/10\/sondage_opinion_way-1024x519.png\" alt=\"\" width=\"625\" height=\"317\" srcset=\"https:\/\/hyperbate.fr\/castagne\/files\/2018\/10\/sondage_opinion_way-1024x519.png 1024w, https:\/\/hyperbate.fr\/castagne\/files\/2018\/10\/sondage_opinion_way-300x152.png 300w, https:\/\/hyperbate.fr\/castagne\/files\/2018\/10\/sondage_opinion_way-768x389.png 768w, https:\/\/hyperbate.fr\/castagne\/files\/2018\/10\/sondage_opinion_way-624x316.png 624w, https:\/\/hyperbate.fr\/castagne\/files\/2018\/10\/sondage_opinion_way.png 1200w\" sizes=\"(max-width: 625px) 100vw, 625px\" \/><\/a><p id=\"caption-attachment-6643\" class=\"wp-caption-text\">Tr\u00e8s peu m\u00e9diatis\u00e9, ce sondage du mois dernier faisait pour la premi\u00e8re fois passer Jean-Luc M\u00e9lenchon devant Emmanuel Macron&#8230; On voit le danger pour les \u00e9lections europ\u00e9ennes.<\/p><\/div>\n<h4>Les comptes<\/h4>\n<p>Je ne sais pas quoi penser des comptes de campagne de M\u00e9lenchon, mais m\u00eame si j&rsquo;ai tendance \u00e0 me dire que la justice fait son travail, et que c&rsquo;est normal et l\u00e9gitime, je remarque sans complotisme que l&rsquo;enqu\u00eate est aussi devenue un bel outil gouvernemental pour faire oublier quelques rat\u00e9es r\u00e9centes<sup><a href=\"#footnote_4_6592\" id=\"identifier_4_6592\" class=\"footnote-link footnote-identifier-link\" title=\"J&rsquo;identifie trois probl&egrave;mes r&eacute;cents pour le gouvernement qui font que la mauvaise semaine de M&eacute;lenchon tombe &agrave; pic : un remaniement qui sent le fond de tiroir, un sondage OpinionWay (quasi ignor&eacute; m&eacute;diatiquement !) qui a fait passer M&eacute;lenchon devant Macron pour les &eacute;lections europ&eacute;ennes (29% pour la France Insoumise, 28% pour la R&eacute;publique en marche), et une saillie particuli&egrave;rement bien relay&eacute;e de Fran&ccedil;ois Ruffin &agrave; propos du refus de la majorit&eacute; de d&eacute;battre des &eacute;l&egrave;ves en situation de handicap.\">4<\/a><\/sup> et laminer la force politique qui le g\u00e8ne vraiment\u00a0\u2014 les trois autres, le Front National, les R\u00e9publicains et le Parti socialiste ont tous \u00e9t\u00e9 tu\u00e9s par l&rsquo;\u00e9lection pr\u00e9sidentielle, l&rsquo;ennemi \u00e0 abattre est donc la France Insoumise<sup><a href=\"#footnote_5_6592\" id=\"identifier_5_6592\" class=\"footnote-link footnote-identifier-link\" title=\"Lire M&eacute;lenchongate : demandez le programme&nbsp;dont l&rsquo;auteur, l&rsquo;avocat R&eacute;gis de Castelnau, n&rsquo;est pas sp&eacute;cialement marqu&eacute; &agrave; gauche : &nbsp;&raquo; l&rsquo;op&eacute;ration du 16 octobre avec ses 15 (17 ?) perquisitions n&rsquo;a pas pu &ecirc;tre organis&eacute;e sans que non seulement le pouvoir ex&eacute;cutif soit au courant, mais ait pris lui-m&ecirc;me la d&eacute;cision&nbsp;&raquo;.\">5<\/a><\/sup>.<br \/>\nBref, la justice fait son travail et j&rsquo;ose pr\u00e9dire ici ce qu&rsquo;elle va trouver : pas grand chose. Quelques bizarreries, une caisse noire, enfin rien de plus ou de moins que ce que l&rsquo;on trouverait en menant le m\u00eame genre d&rsquo;op\u00e9ration \u00e0 l&rsquo;\u00e9gard d&rsquo;un des autres partis fran\u00e7ais importants<sup><a href=\"#footnote_6_6592\" id=\"identifier_6_6592\" class=\"footnote-link footnote-identifier-link\" title=\"Au passage, je me demande o&ugrave; en est l&rsquo;enqu&ecirc;te qui s&rsquo;est pench&eacute;e sur les soup&ccedil;ons de d&eacute;penses publiques ayant servi la campagne de Macron&nbsp;ou d&rsquo;instrumentalisation du minist&egrave;re de l&rsquo;&Eacute;conomie pour pr&eacute;parer le futur candidat&hellip; &Ccedil;a ne semble pas prioritaire, du moins m&eacute;diatiquement car personne n&rsquo;en parle !\">6<\/a><\/sup>. Mais quel que soit le r\u00e9sultat de l&rsquo;enqu\u00eate, le gouvernement a d\u00e9j\u00e0 gagn\u00e9 : M\u00e9lenchon et la France Insoumise sont d\u00e9sormais louches. On a pu profiter de l&rsquo;affaire pour dire et laisser dire tout un tas de choses, m\u00e9langer des informations sans rapport, et profiter de la situation de couple de M\u00e9lenchon (dont nous ne connaissons pourtant pas l&rsquo;histoire<sup><a href=\"#footnote_7_6592\" id=\"identifier_7_6592\" class=\"footnote-link footnote-identifier-link\" title=\"Notons que Sophia Chikirou en 2017 et Jean-Luc M&eacute;lenchon cette semaine nient constituer un couple.\nMais quand bien m&ecirc;me, s&rsquo;ils constituent un couple, on peut comme Daniel Schneidermann se demander si le but d&rsquo;une perquisition matinale au domicile n&rsquo;&eacute;tait pas pr&eacute;cis&eacute;ment destin&eacute;e &agrave; &laquo;&nbsp;d&eacute;couvrir&nbsp;&raquo; une telle liaison et permettre par l&agrave; m&ecirc;me &agrave; M&eacute;diapart d&rsquo;en parler.\">7<\/a><\/sup> ) et la singularit\u00e9 du fonctionnement financier de la campagne de la France Insoumise pour laisser planer un soup\u00e7on de favoritisme ou de corruption.<br \/>\nJe dois dire au passage que les amuseurs qui d\u00e9filent sur les plateaux pour expliquer ce qu&rsquo;est selon eux le tarif horaire normal pour cr\u00e9er une vid\u00e9o ou une infographie me font doucement rire, car sur sa globalit\u00e9, l&rsquo;estimation des d\u00e9penses me semble raisonnable. Les professionnels sont en tout cas pr\u00e9venus que ces gens ne seront pas des clients tr\u00e8s g\u00e9n\u00e9reux ! Certains commentateurs laissent entendre que si une partie du budget de la France Insoumise n&rsquo;a pas \u00e9t\u00e9 valid\u00e9, c&rsquo;est parce que certaines prestations \u00e9taient surfactur\u00e9es. Ce n&rsquo;est pas le cas<sup><a href=\"#footnote_8_6592\" id=\"identifier_8_6592\" class=\"footnote-link footnote-identifier-link\" title=\"On peut voir le d&eacute;tail de la d&eacute;cision sur L&eacute;gifrance&nbsp;: lorsqu&rsquo;il y a eu probl&egrave;me, c&rsquo;est quand des erreurs comptables (b&eacute;nignes, quelques factures compt&eacute;es deux fois&hellip;) ont &eacute;t&eacute; remarqu&eacute;s, ou que des d&eacute;penses n&rsquo;&eacute;taient pas li&eacute;es &agrave; la seule &eacute;lection pr&eacute;sidentielle.\">8<\/a><\/sup>, ou du moins \u00e7a reste \u00e0 prouver.<br \/>\nEn attendant, je trouverais bien que des journalistes qui se veulent soucieux du vrai fassent ce que propose M\u00e9lenchon \u00e0 ce sujet : comparer les tarifs des prestations de sa campagne \u00e0 celle des autres et aux tarifs qui ont cours sur le march\u00e9.<\/p>\n<h4>M\u00e9lenchon n&rsquo;attrape pas les mouches avec du vinaigre<\/h4>\n<p>Mais voil\u00e0, \u00ab\u00a0les m\u00e9dias\u00a0\u00bb ne vont pas forc\u00e9ment faire d&rsquo;efforts pour M\u00e9lenchon, et c&rsquo;est un peu de sa faute \u00e0 lui. Ses attaques r\u00e9guli\u00e8res contre eux, quoique partiellement fond\u00e9es (oui, une poign\u00e9e de milliardaires pas franchement gauchistes se partage les m\u00e9dias nationaux) ne risquent pas de l&rsquo;aider \u00e0 s&rsquo;attirer leur sympathie, d&rsquo;autant que les si les m\u00e9dias appartiennent souvent \u00e0 des soutiens objectifs de la politique du pouvoir en place, ce n&rsquo;est pas forc\u00e9ment le cas des journalistes eux-m\u00eames, dont beaucoup sont honn\u00eates, intelligents, et soucieux d&rsquo;ind\u00e9pendance vis-\u00e0-vis de ceux qui les dirigent.<br \/>\nUne chose que Jean-Luc M\u00e9lenchon ne mesure peut-\u00eatre pas, c&rsquo;est l&rsquo;effet que provoque l&rsquo;enthousiasme guerrier d&rsquo;une partie de ses soutiens sur les r\u00e9seaux sociaux. Les seuls proches de la France Insoumise que je connais en personne sont souvent issus de l&rsquo;enseignement sup\u00e9rieur et sont des gens avis\u00e9s avec qui on peut discuter (et avec qui en fait je suis souvent d&rsquo;accord). Ceux que je croise sur les r\u00e9seaux sociaux en revanche sont souvent, pour les plus d\u00e9monstratifs d&rsquo;entre eux malheureusement, passablement brutaux, maniant l&rsquo;insulte sans trop voir l&rsquo;image qu&rsquo;ils donnent du mouvement qu&rsquo;ils pensent d\u00e9fendre. J&rsquo;aimerais croire que ce sont des imposteurs, des trolls, mais tout laisse croire qu&rsquo;ils sont authentiques. Ils s&rsquo;av\u00e8rent souvent franchement anti-Europ\u00e9ens (ce qui ne correspond pas aux positions de la France Insoumise) et pas bien loin d&rsquo;un \u00ab\u00a0tous pourris\u00a0\u00bb ou de r\u00e9flexions aux limites du complotisme qu&rsquo;on s&rsquo;attendrait \u00e0 entendre \u00e0 l&rsquo;extr\u00eame-droite, donnant malheureusement raison au clich\u00e9 qui affirme que les \u00ab\u00a0extr\u00eames se rejoignent\u00a0\u00bb. La rh\u00e9torique offensive et les ennemis d\u00e9sign\u00e9s (Merkel, Hamon,&#8230;) donnent \u00e0 mon avis de la France Insoumise l&rsquo;image d&rsquo;un mouvement aigri et n\u00e9gatif qui ne tol\u00e8re d&rsquo;autre v\u00e9rit\u00e9 que la sienne et qui est constamment sur la d\u00e9fensive.<\/p>\n<p>C&rsquo;est dommage, car quand il a eu son compte d&rsquo;heures de sommeil, Jean-Luc M\u00e9lenchon dit des choses int\u00e9ressantes et \u00e9tay\u00e9es, d&rsquo;un niveau largement sup\u00e9rieur \u00e0 ce que proposent ses concurrents<sup><a href=\"#footnote_9_6592\" id=\"identifier_9_6592\" class=\"footnote-link footnote-identifier-link\" title=\"Comme beaucoup, je tique r&eacute;guli&egrave;rement sur ses positions &agrave; l&rsquo;international, mais elles sont souvent caricatur&eacute;es par des commentateurs qui font fi du contexte (d&eacute;fendre Chavez en 2000 ou en 2010 ce n&rsquo;est pas pareil) &agrave; qui imposent des alternatives binaires : si on critique la politique &eacute;tasunienne, alors on est du c&ocirc;t&eacute; de ses ennemis, etc.\">9<\/a><\/sup>. Et il y a autour de lui quelques personnalit\u00e9s tr\u00e8s int\u00e9ressantes (et une ou deux t\u00eates \u00e0 claques). Et je maintiens, enfin, que son programme \u00e9tait le plus s\u00e9rieux du point de vue de l&rsquo;\u00e9cologie notamment (et tout \u00e0 fait satisfaisant sur bien d&rsquo;autres chapitres, mais celui-ci est celui sur lequel je me focalise personnellement).\u00a0Alors mes conseils avant d&rsquo;aller me coucher : Insoumis c&rsquo;est bien<sup><a href=\"#footnote_10_6592\" id=\"identifier_10_6592\" class=\"footnote-link footnote-identifier-link\" title=\"En m&ecirc;me temps le mot &laquo;&nbsp;insoumis&nbsp;&raquo; me fait sourire, car ceux qui le revendiquent se donnent un r&ocirc;le particuli&egrave;rement h&eacute;ro&iuml;que alors que la France n&rsquo;est pas, que je sache, un r&eacute;gime totalitaire o&ugrave; il faudrait r&eacute;sister &agrave; une soumission&hellip; Le nom me fait sourire aussi parce que je l&rsquo;ai rencontr&eacute; pour la premi&egrave;re fois de ma vie en lisant Le Schtroumpfissime, qui certes est un des plus brillants trait&eacute;s politiques &agrave; c&ocirc;t&eacute; de ceux de Machiavel et Sun Tzu, mais qui rappelle surtout le caract&egrave;re grotesque et d&eacute;risoire des gesticulations politiques.\">10<\/a><\/sup>, insultants c&rsquo;est mal, remettez-vous de l&rsquo;\u00e9lection pass\u00e9e, proposez de bonnes choses pour l&rsquo;\u00e9lection \u00e0 venir. D\u00e9tendez-vous, quoi.<\/p>\n<ol class=\"footnotes\"><li id=\"footnote_1_6592\" class=\"footnote\">J&rsquo;appartiens donc au groupe des gens que l&rsquo;imb\u00e9cile \u00c9ric Brunet nomme \u00ab\u00a0les abrutis\u00a0\u00bb. <span class=\"footnote-back-link-wrapper\"> [<a href=\"#identifier_1_6592\" class=\"footnote-link footnote-back-link\">&#8617;<\/a>]<\/span><\/li><li id=\"footnote_2_6592\" class=\"footnote\">Je me d\u00e9finirais aujourd&rsquo;hui comme un \u00ab\u00a0anarchiste chr\u00e9tien ath\u00e9e pragmatique\u00a0\u00bb.\u00a0<em>Anarchiste<\/em> car j&rsquo;esp\u00e8re voir un jour les humains capables de se gouverner r\u00e9ellement eux-m\u00eames, et quand je dis \u00ab\u00a0eux-m\u00eames\u00a0\u00bb, je l&rsquo;entends autant au niveau collectif qu&rsquo;au niveau individuel, je refuse de croire que l&rsquo;\u00e9go\u00efsme et la comp\u00e9tition soient le prix de la libert\u00e9. Je me comprends. <em>Chr\u00e9tien<\/em>, car je me sens tributaire de cette culture sur quelques uns se ses points-cl\u00e9, que j&rsquo;envisage de mani\u00e8re litt\u00e9rale et certainement pas spirituelle (trop facile !) tels que le pardon, la charit\u00e9, la bienveillance, l&rsquo;accueil ou la tol\u00e9rance. <em>Ath\u00e9e<\/em> car l&rsquo;id\u00e9e d&rsquo;une divinit\u00e9 omnipotente dont il faudrait suivre les ordres muets me fait sourire en g\u00e9n\u00e9ral et me r\u00e9volte lorsqu&rsquo;elle est un outil de domination ou d&rsquo;ali\u00e9nation. <em>Pragmatique<\/em>, enfin, parce ce que je vote. Je suis conscient que le monde de mes r\u00eaves ne sera jamais celui dans lequel je vis, et que m\u00eame si notre r\u00e9gime n&rsquo;est que faiblement d\u00e9mocratique, un candidat n&rsquo;en vaut pas un autre. Je vote donc parfois pour des projets qui me semblent meilleurs que d&rsquo;autres et d&rsquo;autre fois, le plus souvent sans doute, contre ceux qui me semblent les pires. <em>Pragmatique<\/em> aussi parce que je n&rsquo;investis aucune croyance en personne, je n&rsquo;ai aucune illusion sur la haute opinion d&rsquo;eux-m\u00eames qu&rsquo;ont ceux qui s&rsquo;envisagent pr\u00e9sidents de la R\u00e9publique, ce n&rsquo;est pas par passion pour une personne que je vote, et ce n&rsquo;est d&rsquo;ailleurs pas le sentiment que j&rsquo;esp\u00e8re \u00e9prouver, je me sens totalement libre de mes reniements et de mon ind\u00e9pendance vis \u00e0 vis des choix que j&rsquo;ai pu faire \u00e0 un moment ou un autre\u00a0\u2014 je me fais m\u00eame un devoir de n&rsquo;\u00eatre fid\u00e8le qu&rsquo;\u00e0 mes principes, mais pas aux mots, aux symboles ou aux personnes que j&rsquo;ai un jour peu ou prou soutenus. <span class=\"footnote-back-link-wrapper\"> [<a href=\"#identifier_2_6592\" class=\"footnote-link footnote-back-link\">&#8617;<\/a>]<\/span><\/li><li id=\"footnote_3_6592\" class=\"footnote\">S&rsquo;il y a un candidat qui a attir\u00e9 les votes pour sa personnalit\u00e9 plus que pour ses id\u00e9es, c&rsquo;est plut\u00f4t Macron \u00e0 mon avis, et j&rsquo;en tiens pour preuve que celui-ci a fait l&rsquo;essentiel de sa campagne sans produire de programme politique !<span class=\"footnote-back-link-wrapper\"> [<a href=\"#identifier_3_6592\" class=\"footnote-link footnote-back-link\">&#8617;<\/a>]<\/span><\/li><li id=\"footnote_4_6592\" class=\"footnote\">J&rsquo;identifie trois probl\u00e8mes r\u00e9cents pour le gouvernement qui font que la mauvaise semaine de M\u00e9lenchon tombe \u00e0 pic : un remaniement qui sent le fond de tiroir, un sondage OpinionWay (quasi ignor\u00e9 m\u00e9diatiquement !) qui a fait passer M\u00e9lenchon devant Macron pour les \u00e9lections europ\u00e9ennes (29% pour la France Insoumise, 28% pour la R\u00e9publique en marche), et une saillie particuli\u00e8rement bien relay\u00e9e de Fran\u00e7ois Ruffin \u00e0 propos du refus de la majorit\u00e9 de d\u00e9battre des \u00e9l\u00e8ves en situation de handicap.<span class=\"footnote-back-link-wrapper\"> [<a href=\"#identifier_4_6592\" class=\"footnote-link footnote-back-link\">&#8617;<\/a>]<\/span><\/li><li id=\"footnote_5_6592\" class=\"footnote\">Lire <a href=\"http:\/\/www.vududroit.com\/2018\/10\/melenchongate-demandez-programme\/\" target=\"_blank\" rel=\"noopener\"><em>M\u00e9lenchongate : demandez le programme<\/em><\/a>\u00a0dont l&rsquo;auteur, l&rsquo;avocat R\u00e9gis de Castelnau, n&rsquo;est pas sp\u00e9cialement marqu\u00e9 \u00e0 gauche : <em>\u00a0\u00bb l\u2019op\u00e9ration du 16 octobre avec ses 15 (17 ?) perquisitions n\u2019a pas pu \u00eatre organis\u00e9e sans que non seulement le pouvoir ex\u00e9cutif soit au courant, mais ait pris lui-m\u00eame la d\u00e9cision\u00a0\u00bb<\/em>. <span class=\"footnote-back-link-wrapper\"> [<a href=\"#identifier_5_6592\" class=\"footnote-link footnote-back-link\">&#8617;<\/a>]<\/span><\/li><li id=\"footnote_6_6592\" class=\"footnote\">Au passage, je me demande o\u00f9 en est l&rsquo;enqu\u00eate qui s&rsquo;est pench\u00e9e sur les <a href=\"http:\/\/www.lefigaro.fr\/politique\/le-scan\/2018\/06\/20\/25001-20180620ARTFIG00101-collomb-a-t-il-aide-illegalement-macron-en-2016-les-lr-de-lyon-saisissent-le-procureur.php\" target=\"_blank\" rel=\"noopener\">soup\u00e7ons de d\u00e9penses publiques ayant servi la campagne de Macron<\/a>\u00a0ou d&rsquo;<a href=\"https:\/\/actu.orange.fr\/politique\/emmanuel-macron-une-campagne-aux-frais-du-ministere-de-l-economie-magic-CNT0000012XQqs.html\" target=\"_blank\" rel=\"noopener\">instrumentalisation du minist\u00e8re de l&rsquo;\u00c9conomie pour pr\u00e9parer le futur candidat<\/a>&#8230; \u00c7a ne semble pas prioritaire, du moins m\u00e9diatiquement car personne n&rsquo;en parle ! <span class=\"footnote-back-link-wrapper\"> [<a href=\"#identifier_6_6592\" class=\"footnote-link footnote-back-link\">&#8617;<\/a>]<\/span><\/li><li id=\"footnote_7_6592\" class=\"footnote\">Notons que Sophia Chikirou en 2017 et Jean-Luc M\u00e9lenchon cette semaine nient constituer un couple.<br \/>\nMais quand bien m\u00eame, s&rsquo;ils constituent un couple, on peut <a href=\"https:\/\/www.arretsurimages.net\/chroniques\/le-matinaute\/melenchon-chikirou-mediapart-le-scoop-et-le-piege\" target=\"_blank\" rel=\"noopener\">comme Daniel Schneidermann<\/a> se demander si le but d&rsquo;une perquisition matinale au domicile n&rsquo;\u00e9tait pas pr\u00e9cis\u00e9ment destin\u00e9e \u00e0 \u00ab\u00a0d\u00e9couvrir\u00a0\u00bb une telle liaison et permettre par l\u00e0 m\u00eame \u00e0 M\u00e9diapart d&rsquo;en parler. <span class=\"footnote-back-link-wrapper\"> [<a href=\"#identifier_7_6592\" class=\"footnote-link footnote-back-link\">&#8617;<\/a>]<\/span><\/li><li id=\"footnote_8_6592\" class=\"footnote\">On peut voir le d\u00e9tail de la d\u00e9cision sur <a href=\"https:\/\/www.legifrance.gouv.fr\/affichTexte.do?cidTexte=JORFTEXT000036593789\" target=\"_blank\" rel=\"noopener\">L\u00e9gifrance<\/a>\u00a0: lorsqu&rsquo;il y a eu probl\u00e8me, c&rsquo;est quand des erreurs comptables (b\u00e9nignes, quelques factures compt\u00e9es deux fois&#8230;) ont \u00e9t\u00e9 remarqu\u00e9s, ou que des d\u00e9penses n&rsquo;\u00e9taient pas li\u00e9es \u00e0 la seule \u00e9lection pr\u00e9sidentielle. <span class=\"footnote-back-link-wrapper\"> [<a href=\"#identifier_8_6592\" class=\"footnote-link footnote-back-link\">&#8617;<\/a>]<\/span><\/li><li id=\"footnote_9_6592\" class=\"footnote\">Comme beaucoup, je tique r\u00e9guli\u00e8rement sur ses positions \u00e0 l&rsquo;international, mais elles sont souvent caricatur\u00e9es par des commentateurs qui font fi du contexte (d\u00e9fendre Chavez en 2000 ou en 2010 ce n&rsquo;est pas pareil) \u00e0 qui imposent des alternatives binaires : si on critique la politique \u00e9tasunienne, alors on est du c\u00f4t\u00e9 de ses ennemis, etc. <span class=\"footnote-back-link-wrapper\"> [<a href=\"#identifier_9_6592\" class=\"footnote-link footnote-back-link\">&#8617;<\/a>]<\/span><\/li><li id=\"footnote_10_6592\" class=\"footnote\">En m\u00eame temps le mot \u00ab\u00a0insoumis\u00a0\u00bb me fait sourire, car ceux qui le revendiquent se donnent un r\u00f4le particuli\u00e8rement h\u00e9ro\u00efque alors que la France n&rsquo;est pas, que je sache, un r\u00e9gime totalitaire o\u00f9 il faudrait r\u00e9sister \u00e0 une soumission&#8230; Le nom me fait sourire aussi parce que je l&rsquo;ai rencontr\u00e9 pour la premi\u00e8re fois de ma vie en lisant Le <em>Schtroumpfissime<\/em>, qui certes est un des plus brillants trait\u00e9s politiques \u00e0 c\u00f4t\u00e9 de ceux de Machiavel et Sun Tzu, mais qui rappelle surtout le caract\u00e8re grotesque et d\u00e9risoire des gesticulations politiques. <span class=\"footnote-back-link-wrapper\"> [<a href=\"#identifier_10_6592\" class=\"footnote-link footnote-back-link\">&#8617;<\/a>]<\/span><\/li><\/ol>","protected":false},"excerpt":{"rendered":"<p>(Le contexte (car dans dix ans on aura tout oubli\u00e9) :\u00a0Jean-Luc M\u00e9lenchon en personne, certains de ses proches et les locaux de la France Insoumise ont \u00e9t\u00e9 perquisitionn\u00e9s dans le cadre d&rsquo;une enqu\u00eate pr\u00e9liminaire relative \u00e0 leurs comptes de campagne. Le monsieur a assez mal r\u00e9agi et les m\u00e9dias qui ne l&rsquo;aiment pas trop y [&hellip;]<\/p>\n","protected":false},"author":1,"featured_media":0,"comment_status":"open","ping_status":"open","sticky":false,"template":"","format":"standard","meta":{"footnotes":""},"categories":[7],"tags":[],"class_list":["post-6592","post","type-post","status-publish","format-standard","hentry","category-democratie"],"_links":{"self":[{"href":"https:\/\/hyperbate.fr\/castagne\/wp-json\/wp\/v2\/posts\/6592","targetHints":{"allow":["GET"]}}],"collection":[{"href":"https:\/\/hyperbate.fr\/castagne\/wp-json\/wp\/v2\/posts"}],"about":[{"href":"https:\/\/hyperbate.fr\/castagne\/wp-json\/wp\/v2\/types\/post"}],"author":[{"embeddable":true,"href":"https:\/\/hyperbate.fr\/castagne\/wp-json\/wp\/v2\/users\/1"}],"replies":[{"embeddable":true,"href":"https:\/\/hyperbate.fr\/castagne\/wp-json\/wp\/v2\/comments?post=6592"}],"version-history":[{"count":3,"href":"https:\/\/hyperbate.fr\/castagne\/wp-json\/wp\/v2\/posts\/6592\/revisions"}],"predecessor-version":[{"id":6660,"href":"https:\/\/hyperbate.fr\/castagne\/wp-json\/wp\/v2\/posts\/6592\/revisions\/6660"}],"wp:attachment":[{"href":"https:\/\/hyperbate.fr\/castagne\/wp-json\/wp\/v2\/media?parent=6592"}],"wp:term":[{"taxonomy":"category","embeddable":true,"href":"https:\/\/hyperbate.fr\/castagne\/wp-json\/wp\/v2\/categories?post=6592"},{"taxonomy":"post_tag","embeddable":true,"href":"https:\/\/hyperbate.fr\/castagne\/wp-json\/wp\/v2\/tags?post=6592"}],"curies":[{"name":"wp","href":"https:\/\/api.w.org\/{rel}","templated":true}]}}