{"id":6505,"date":"2018-09-23T16:23:21","date_gmt":"2018-09-23T15:23:21","guid":{"rendered":"http:\/\/hyperbate.fr\/castagne\/?p=6505"},"modified":"2018-09-24T08:39:56","modified_gmt":"2018-09-24T07:39:56","slug":"de-quoi-le-prenom-est-il-le-nom","status":"publish","type":"post","link":"https:\/\/hyperbate.fr\/castagne\/2018\/09\/23\/de-quoi-le-prenom-est-il-le-nom\/","title":{"rendered":"De quoi le pr\u00e9nom est-il le nom ?"},"content":{"rendered":"<p><em>(Je trouve les titres en <em>\u00ab\u00a0de quoi&#8230; est-il le nom ?\u00a0\u00bb<\/em> presque aussi lourdingues que les <em>\u00ab\u00a0m&rsquo;a tuer\u00a0\u00bb<\/em>, mais bon, pour le pr\u00e9nom, \u00e7a me semblait pertinent. Ou plut\u00f4t assez idiot pour \u00eatre dr\u00f4le)<\/em><\/p>\n<p>L&rsquo;affreux \u00c9ric Zemmour, lors de l&rsquo;enregistrement de l&rsquo;\u00e9mission <em>Les terriens du dimanche<\/em>\u00a0a lanc\u00e9 \u00e0 l&rsquo;animatrice Hapsatou Sy que son pr\u00e9nom \u00e9tait <em>\u00ab\u00a0une insulte \u00e0 la France\u00a0\u00bb<\/em>, qu&rsquo;il aurait pr\u00e9f\u00e9r\u00e9 qu&rsquo;elle f\u00fbt pr\u00e9nomm\u00e9e Corinne, et qu&rsquo;il regrettait la possibilit\u00e9 donn\u00e9e aux parents depuis 1993 de choisir le pr\u00e9nom de ses enfants ailleurs que dans le calendrier, c&rsquo;est \u00e0 dire dans la liste des saints chr\u00e9tiens<sup><a href=\"#footnote_1_6505\" id=\"identifier_1_6505\" class=\"footnote-link footnote-identifier-link\" title=\"Au fait, si l&rsquo;on doit piocher les pr&eacute;noms parmi les saints, faut-il en exclure les exotiques Bakhita, Kamel, Khalid, Eneko et Ainoha, qui se font tous attribuer un jour de f&ecirc;te dans le calendrier catholique Nominis ?\">1<\/a><\/sup>. Au passage, il se trompe, car la possibilit\u00e9 de choisir un pr\u00e9nom ext\u00e9rieur \u00e0 la tradition catholique existait d\u00e9j\u00e0 dans le cas des enfants issus d&rsquo;une filiation exog\u00e8ne : la mairie (qui en d\u00e9cidait) refusait <em>a priori<\/em> qu&rsquo;on nomme son enfant Knut, mais l&rsquo;acceptait si on \u00e9tait issu d&rsquo;une famille d&rsquo;origine scandinave. Et la preuve en est qu&rsquo;Hapsatou Sy est n\u00e9e en France avant 1993. Bien entendu, certains pr\u00e9noms exotiques ont toujours \u00e9t\u00e9 permis, comme par exemple&#8230; \u00c9ric, qui est un pr\u00e9nom scandinave par excellence et qui a \u00e9t\u00e9 peu attribu\u00e9 en France avant le d\u00e9but du XXe si\u00e8cle. Inversement, je ne sais pas si toutes les mairies de France, avant 1993, auraient laiss\u00e9 passer (sauf \u00e0 faire valoir une tradition familiale de vieille noblesse ?) des pr\u00e9noms tels que Rixende, Scholastique, Marcibilie, Ildefonse, Adenordis, Gaillarde, Aigline ou Narde, qui sont pourtant de vieux pr\u00e9noms fran\u00e7ais, Est-ce que j&rsquo;aurais pu nommer une de mes filles \u00ab\u00a0Am\u00e9na\u00efde\u00a0\u00bb, qui est le pr\u00e9nom de ma grand-m\u00e8re paternelle<sup><a href=\"#footnote_2_6505\" id=\"identifier_2_6505\" class=\"footnote-link footnote-identifier-link\" title=\"Aujourd&rsquo;hui, &laquo;&nbsp;Am&eacute;na&iuml;de&nbsp;&raquo; est surtout le nom d&rsquo;une marque de soins pour cheveux. Quand j&rsquo;&eacute;tais enfant, j&rsquo;&eacute;tais persuad&eacute; que c&rsquo;&eacute;tait le surnom que ses amies donnaient &agrave; ma grand-m&egrave;re, car &ccedil;a sonnait comme &laquo;&nbsp;bizarro&iuml;de&nbsp;&raquo;, et je n&rsquo;avais jamais rencontr&eacute; (ni n&rsquo;en ai rencontr&eacute; depuis) aucune autre Am&eacute;na&iuml;de.\">2<\/a><\/sup>, issue d&rsquo;une vieille famille du Limousin ?<\/p>\n<p><img decoding=\"async\" class=\"alignright size-full wp-image-6561\" src=\"files\/2018\/09\/nathalie_hannah_jeannoel.jpg\" alt=\"\" width=\"792\" height=\"537\" srcset=\"https:\/\/hyperbate.fr\/castagne\/files\/2018\/09\/nathalie_hannah_jeannoel.jpg 792w, https:\/\/hyperbate.fr\/castagne\/files\/2018\/09\/nathalie_hannah_jeannoel-300x203.jpg 300w, https:\/\/hyperbate.fr\/castagne\/files\/2018\/09\/nathalie_hannah_jeannoel-768x521.jpg 768w, https:\/\/hyperbate.fr\/castagne\/files\/2018\/09\/nathalie_hannah_jeannoel-624x423.jpg 624w\" sizes=\"(max-width: 792px) 100vw, 792px\" \/><\/p>\n<p>Nous avons pr\u00e9nomm\u00e9 notre a\u00een\u00e9e Hannah. Mais elle est n\u00e9e en 1990 et pour la mairie, \u00e7a n&rsquo;allait pas du tout, on nous a propos\u00e9, plut\u00f4t, Anna (qui est dans le calendrier), mais aussi Annach, qui apparemment \u00e9tait pr\u00e9sent sur une liste, mais qui ne semble pas tr\u00e8s fr\u00e9quent.<br \/>\nAvec une malhonn\u00eatet\u00e9 crasse, nous avons fait remarquer \u00e0 l&#8217;employ\u00e9e de la mairie que \u00ab\u00a0Hannah\u00a0\u00bb \u00e9tait un pr\u00e9nom h\u00e9breu, en lui demandant si elle avait un probl\u00e8me avec \u00e7a&#8230; Elle s&rsquo;est aussit\u00f4t ravis\u00e9e et le pr\u00e9nom a \u00e9t\u00e9 valid\u00e9. Quand nous avons parl\u00e9 de \u00ab\u00a0Marit\u00a0\u00bb comme second pr\u00e9nom, elle nous a dit que c&rsquo;\u00e9tait hors de question, qu&rsquo;un pr\u00e9nom exotique \u00e9tait d\u00e9j\u00e0 bien suffisant : <em>\u00ab\u00a0Ah non, hein, c&rsquo;est L&rsquo;UN, ou L&rsquo;AUTRE\u00a0\u00bb<\/em>.<br \/>\nIl s&rsquo;agit du pr\u00e9nom de ma m\u00e8re, et c&rsquo;est une variante norv\u00e9gienne de Marguerite, Margarit, Margret, Maaret, Magali,,.. C&rsquo;est finalement pass\u00e9.<br \/>\nL&rsquo;unique chose dont je sois s\u00fbr, c&rsquo;est que pour choisir ces pr\u00e9noms, nous avons beaucoup r\u00e9fl\u00e9chi, nous avons r\u00e9fl\u00e9chi \u00e0 ce que deviendrait notre fille (pianiste, cosmonaute ?), nous voulions qu&rsquo;elle ait un pr\u00e9nom qui soit \u00e0 la fois familier et rare (Nathalie se rappelle avoir eu jusqu&rsquo;\u00e0 huit homonymes dans sa classe, \u00e7a l&rsquo;a marqu\u00e9e !), nous voulions qu&rsquo;il nous plaise \u00e0 l&rsquo;oreille, qu&rsquo;il sonne bien une fois associ\u00e9 \u00e0 mon patronyme, et puis \u00e7a nous amusait qu&rsquo;il soit palindrome\u00a0\u2014 nous avions vingt-et-un ans, on est joueur \u00e0 cet \u00e2ge-l\u00e0. Par son second pr\u00e9nom, nous voulions bien entendu rattacher notre fille \u00e0 sa grand-m\u00e8re norv\u00e9gienne, et qu&rsquo;il porte la m\u00e9moire de cette origine familiale.<br \/>\nEnfin nous avons pens\u00e9 \u00e0 absolument tout, mais \u00e0 aucun moment nous ne nous sommes dit que ce pr\u00e9nom envoyait un message \u00e0 la France, qu&rsquo;il \u00e9tait destin\u00e9 \u00e0 cracher \u00e0 la figure de notre m\u00e8re patrie, \u00e0 revendiquer notre part exog\u00e8ne (la moiti\u00e9 des grands parents de mes enfants ne sont pas n\u00e9s en France, apr\u00e8s tout).<br \/>\n\u00c0 aucun moment nous n&rsquo;avons pens\u00e9 \u00e0 \u00e7a, ni de pr\u00e8s ni de loin.<\/p>\n<div id=\"attachment_6568\" style=\"width: 893px\" class=\"wp-caption alignright\"><img decoding=\"async\" aria-describedby=\"caption-attachment-6568\" class=\"wp-image-6568 size-full\" src=\"files\/2018\/09\/zemmour_cnews.jpg\" alt=\"\" width=\"883\" height=\"498\" srcset=\"https:\/\/hyperbate.fr\/castagne\/files\/2018\/09\/zemmour_cnews.jpg 883w, https:\/\/hyperbate.fr\/castagne\/files\/2018\/09\/zemmour_cnews-300x169.jpg 300w, https:\/\/hyperbate.fr\/castagne\/files\/2018\/09\/zemmour_cnews-768x433.jpg 768w, https:\/\/hyperbate.fr\/castagne\/files\/2018\/09\/zemmour_cnews-624x352.jpg 624w\" sizes=\"(max-width: 883px) 100vw, 883px\" \/><p id=\"caption-attachment-6568\" class=\"wp-caption-text\">Dans une autre \u00e9mission, \u00c9ric Zemmour se plaignait qu&rsquo;Hapsatou Sy se dise bless\u00e9e par ses propos, expliquant que c&rsquo;est lui qui est victime d&rsquo;un pr\u00e9judice, qui souffre. Je remarque pour ma part que les champions de la revirilisation du monde tels que Zemmour ou Marsault sont en sucre, un rien leur fait mal.<\/p><\/div>\n<p>Zemmour est pour moi plut\u00f4t attendrissant, parce qu&rsquo;il est compl\u00e8tement fou<sup><a href=\"#footnote_3_6505\" id=\"identifier_3_6505\" class=\"footnote-link footnote-identifier-link\" title=\"Je me demande si les m&eacute;dias qui se d&eacute;lectent de la parole de Zemmour ne le font pas moins par sympathie pour ses id&eacute;es que pour le plaisir malsain de voir quelqu&rsquo;un s&rsquo;enfoncer dans une forme de d&eacute;mence autodestructrice. Un lutin malingre aux origines juives maghr&eacute;bines, au physique m&eacute;diterran&eacute;en, qui d&eacute;fend P&eacute;tain et le virilisme, &ccedil;a ressemble moins &agrave; un projet politique qu&rsquo;&agrave; un probl&egrave;me psychologique. J&rsquo;ai un mal fou &agrave; imaginer que sa pens&eacute;e soit prise au s&eacute;rieux par ses (nombreux, cependant) lecteurs. Mais je dois avouer que je ne croyais pas que les fran&ccedil;ais puissent r&eacute;ellement voter Sarkozy en 2007, dont le principal argument politique &eacute;tait de vouloir &ecirc;tre &eacute;lu et qui promettait des choses inconciliables aux uns et aux autres, alors peut-&ecirc;tre est-ce mon imagination qui n&rsquo;est pas assez d&eacute;velopp&eacute;e pour accepter la triste r&eacute;alit&eacute; des faits.\">3<\/a><\/sup>. Comment peut-il reprocher \u00e0 quelqu&rsquo;un son pr\u00e9nom, c&rsquo;est \u00e0 dire le mot qu&rsquo;on utilise pour l&rsquo;appeler depuis sa naissance ? Un pr\u00e9nom, on ne le choisit g\u00e9n\u00e9ralement pas (mais on peut choisir d&rsquo;en changer \u2014 et apr\u00e8s tout on peut aussi changer de patronyme), on doit s&rsquo;y faire, parfois on passe sa vie \u00e0 lutter pour s&rsquo;y habituer parce qu&rsquo;on ne l&rsquo;aime pas, parce qu&rsquo;il sonne mal, parce qu&rsquo;on a souffert des jeux de mots impr\u00e9vus qu&rsquo;il permet, parce qu&rsquo;il est bizarre ou au contraire banal. Mais c&rsquo;est notre pr\u00e9nom, on vit avec, alors reprocher son pr\u00e9nom \u00e0 quelqu&rsquo;un est une id\u00e9e de d\u00e9ment.<br \/>\nZemmour se d\u00e9fend \u00e0 pr\u00e9sent en disant que bien entendu ce n&rsquo;est pas \u00e0 la porteuse du pr\u00e9nom qu&rsquo;il fait des reproches mais aux parents de celle-ci. Comment peut-on \u00eatre assez fou, l\u00e0 encore, pour essayer de convaincre une personne dont on ignore tout que ses parents ont eu tort de choisir un pr\u00e9nom plut\u00f4t qu&rsquo;un autre, et pour pr\u00e9tendre savoir mieux que cette personne quelles \u00e9taient les motivations profondes des auteurs de ses jours et quel est leur rapport \u00e0 la France ?<sup><a href=\"#footnote_4_6505\" id=\"identifier_4_6505\" class=\"footnote-link footnote-identifier-link\" title=\"Bien entendu, il existe des gens qui comme les parents d&rsquo;&Eacute;ric Zemmour donnent &agrave; leur enfant un pr&eacute;nom dont ils esp&egrave;rent qu&rsquo;il les aidera &agrave; s&rsquo;int&eacute;grer, ou qui comme certains asiatiques donnent un double-pr&eacute;nom &agrave; leurs enfants : Michel pour la mairie, et \u7c73\u6b47 (&agrave; la sonorit&eacute; proche) pour la famille.\nJ&rsquo;ai un couple d&rsquo;amis, lui fils d&rsquo;alg&eacute;riens, elle marocaine, qui se sont creus&eacute;s la t&ecirc;te pour trouver un pr&eacute;nom qui relie leur fils &agrave; ses origines tout en &eacute;chappant &agrave; la connotation religieuse et, bien s&ucirc;r, en &eacute;tant plaisant &agrave; l&rsquo;oreille. Et ils ont trouv&eacute; : Atlas. J&rsquo;ai trouv&eacute; &ccedil;a incroyablement fut&eacute;.\nToutes les attitudes sont respectables &eacute;videmment.\">4<\/a><\/sup> Comment peut-on \u00eatre obs\u00e9d\u00e9 par le patriotisme au point d&rsquo;\u00eatre capable d&rsquo;imaginer qu&rsquo;une femme de m\u00e9nage mauritanienne et un ouvrier s\u00e9n\u00e9galais ont choisi le pr\u00e9nom de leur fille dans le but de faire un pied-de-nez \u00e0 la France ?<sup><a href=\"#footnote_5_6505\" id=\"identifier_5_6505\" class=\"footnote-link footnote-identifier-link\" title=\"Bien entendu, &ccedil;a peut exister. Il n&rsquo;est pas inconcevable que les parents allemands qui avaient tent&eacute; de pr&eacute;nommer leur enfant &laquo;&nbsp;Oussama Ben Laden&nbsp;&raquo; en 2002 aient &eacute;t&eacute; anim&eacute;s d&rsquo;une id&eacute;ologie salafiste. Mais ce n&rsquo;est pas l&rsquo;&eacute;trang&egrave;rert&eacute; du pr&eacute;nom qui en fournissait l&rsquo;indice, c&rsquo;est plut&ocirc;t l&rsquo;intuition qu&rsquo;il constitue une r&eacute;f&eacute;rence et un hommage pr&eacute;cis &agrave; une personne et &agrave; son action. &Agrave; noter, en France le pr&eacute;nom &laquo;&nbsp;Ossama&nbsp;&raquo; a eu un succ&egrave;s croissant entre la fin des ann&eacute;es 1970 et l&rsquo;an 2000&hellip; Apr&egrave;s quoi il s&rsquo;est brusquement d&eacute;mod&eacute; et n&rsquo;a plus &eacute;t&eacute; attribu&eacute; que de mani&egrave;re rarissime.\">5<\/a><\/sup><br \/>\nEt puis dire les choses en ces termes, c&rsquo;est oublier cinq si\u00e8cles de colonisation fran\u00e7aise et trois si\u00e8cles d&rsquo;esclavagisme : affirmer qu&rsquo;un pr\u00e9nom africain n&rsquo;a pas sa place en France, c&rsquo;est un peu oublier que la France a su imposer sa place en Afrique et n&rsquo;a d&rsquo;ailleurs pas cess\u00e9 de le faire. Hors tout d\u00e9bat sur le repentir post-colonial, c&rsquo;est un fait : la France et l&rsquo;Afrique de l&rsquo;Ouest sont li\u00e9es par l&rsquo;histoire. Et comme d&rsquo;autres l&rsquo;ont fait remarquer \u00e0 \u00c9ric Zemmour, on n&rsquo;a pas pas eu jusqu&rsquo;ici le culot de reprocher leurs pr\u00e9noms aux tirailleurs africains qui sont morts par dizaines de milliers \u00ab\u00a0pour la patrie\u00a0\u00bb dans la gadoue des tranch\u00e9es de la Meuse.<\/p>\n<div id=\"attachment_6577\" style=\"width: 802px\" class=\"wp-caption alignright\"><img decoding=\"async\" aria-describedby=\"caption-attachment-6577\" class=\"size-full wp-image-6577\" src=\"files\/2018\/09\/eric_zemmour_hapsatou_sy.jpg\" alt=\"\" width=\"792\" height=\"224\" srcset=\"https:\/\/hyperbate.fr\/castagne\/files\/2018\/09\/eric_zemmour_hapsatou_sy.jpg 792w, https:\/\/hyperbate.fr\/castagne\/files\/2018\/09\/eric_zemmour_hapsatou_sy-300x85.jpg 300w, https:\/\/hyperbate.fr\/castagne\/files\/2018\/09\/eric_zemmour_hapsatou_sy-768x217.jpg 768w, https:\/\/hyperbate.fr\/castagne\/files\/2018\/09\/eric_zemmour_hapsatou_sy-624x176.jpg 624w\" sizes=\"(max-width: 792px) 100vw, 792px\" \/><p id=\"caption-attachment-6577\" class=\"wp-caption-text\">Le probl\u00e8me du discours de Zemmour \u00e0 mon sens (et l\u00e0 je ne parle plus seulement de pr\u00e9noms) ce n&rsquo;est pas tant qu&rsquo;il soit convaincant pour ceux qui ne sont pas d\u00e9j\u00e0 pr\u00eat \u00e0 \u00eatre convaincus, c&rsquo;est que sa r\u00e9currence dans le d\u00e9bat public finit par porter les choses sur son terrain. On va se positionner pour ou contre, mais selon ses termes, alors qu&rsquo;on pourrait parler de tant d&rsquo;autres choses et autrement. Oui, j&rsquo;admets que je suis tomb\u00e9 dans le pi\u00e8ge encore une fois.<\/p><\/div>\n<p>Le choix des pr\u00e9noms est une affaire passionnante \u00e0 tous les titres : sociologique, psychologique, ethnopsychologique<sup><a href=\"#footnote_6_6505\" id=\"identifier_6_6505\" class=\"footnote-link footnote-identifier-link\" title=\"Je pense au traumatisme des pr&eacute;noms d&rsquo;esclaves affranchis dans les Antilles fran&ccedil;aises, par exemple.\">6<\/a><\/sup>, historique, po\u00e9tique, politique,&#8230; mais elle m\u00e9rite plus de finesse et impose beaucoup de tact, car s&rsquo;attaquer au pr\u00e9nom d&rsquo;une personne, c&rsquo;est s&rsquo;attaquer \u00e0 la premi\u00e8re chose qu&rsquo;elle sait d&rsquo;elle-m\u00eame, et pour certains, ceux qui souffrent d&rsquo;une fragilit\u00e9 \u00e0 ce sujet, ce sera d&rsquo;une tr\u00e8s grande violence. On sait tous la petite douleur que repr\u00e9sente le fait d&rsquo;entendre son pr\u00e9nom \u00e9corch\u00e9 ou confondu, alors le voir mis en question !&#8230;<br \/>\nLes travaux men\u00e9s sur les pr\u00e9noms par <a href=\"http:\/\/coulmont.com\/\" target=\"_blank\" rel=\"noopener\">Baptiste Coulmont<\/a>, coll\u00e8gue du d\u00e9partement de sociologie \u00e0 Paris 8, sont passionnants, car ils sont men\u00e9s avec m\u00e9thode et intelligence\u00a0\u2014 mais \u00e7a n&#8217;emp\u00eache pas, chaque ann\u00e9e<sup><a href=\"#footnote_7_6505\" id=\"identifier_7_6505\" class=\"footnote-link footnote-identifier-link\" title=\"Baptiste Coulmont observe le rapport entre les pr&eacute;noms et l&rsquo;obtention de mentions au baccalaur&eacute;at. Pour cette raison, chaque ann&eacute;e les m&eacute;dias l&rsquo;interrogent sur le sujet, r&eacute;sumant parfois ses travaux de mani&egrave;re simpliste et d&eacute;terministe.\">7<\/a><\/sup>, que des gens se sentent bless\u00e9s en apprenant que leur pr\u00e9nom est un possible marqueur social. Le dernier ouvrage de Baptiste sur le sujet s&rsquo;intitule <em>Changer de pr\u00e9nom<\/em> (presses universitaires de Lyon 2016). En plein dans le sujet !<\/p>\n<p>Pour oublier un peu Zemmour (quoique l&rsquo;on revienne sur son autre sujet, les rapports entre hommes et femmes), j&rsquo;ai vu r\u00e9cemment passer des nouvelles int\u00e9ressantes quant au rapport qui lie le pr\u00e9nom au genre. Les parents d&rsquo;une petite fille pr\u00e9nomm\u00e9e \u00ab\u00a0Liam\u00a0\u00bb et ceux d&rsquo;un petit gar\u00e7on pr\u00e9nomm\u00e9 \u00ab\u00a0Ambre\u00a0\u00bb ont \u00e9t\u00e9 convoqu\u00e9s par un juge<sup><a href=\"#footnote_8_6505\" id=\"identifier_8_6505\" class=\"footnote-link footnote-identifier-link\" title=\"Peut-&ecirc;tre le ou la m&ecirc;me juge ? Les deux affaires ont eu lieu dans le Morbihan.\">8<\/a><\/sup> que g\u00eanait la possible confusion des sexes induite par l&rsquo;usage inhabituel de ces pr\u00e9noms. En th\u00e9orie la justice n&rsquo;intervient pour forcer des parents \u00e0 changer de choix de pr\u00e9nom que lorsqu&rsquo;elle les consid\u00e8re de nature \u00e0 porter pr\u00e9judice \u00e0 l&rsquo;enfant (par exemple, les pr\u00e9noms \u00ab\u00a0Nutella\u00a0\u00bb, \u00ab\u00a0Mini-Cooper\u00a0\u00bb ou \u00ab\u00a0Titeuf\u00a0\u00bb ont \u00e9t\u00e9 refus\u00e9s).<br \/>\nEt l\u00e0, ce que disent en substance ces initiatives judiciaires, c&rsquo;est surtout que le fait qu&rsquo;avoir un doute sur le sexe d&rsquo;une personne dont on lit ou entend le nom lui garantit un futur probl\u00e9matique. \u00c7a m&rsquo;a rappel\u00e9 mon enfance : j&rsquo;avais des cheveux longs (ce qui \u00e9tait plut\u00f4t \u00e0 la mode, du reste), et certaines personnes en \u00e9taient choqu\u00e9es, j&rsquo;entendais parfois des r\u00e9flexions de personnes \u00e2g\u00e9es telles que : <em>\u00ab\u00a0de nos jours, on n&rsquo;arrive pas diff\u00e9rencier les filles des gar\u00e7ons\u00a0\u00bb<\/em>\u00a0 \u2014 c&rsquo;\u00e9tait une allusion aux coupes de cheveux mais aussi aux v\u00eatements puisque les femmes se mettaient alors massivement au port du pantalon.<br \/>\nApparemment, le stress de la d\u00e9sorientation sexuelle op\u00e8re dans les p\u00e9riodes de revendication d&rsquo;\u00e9galit\u00e9, en r\u00e9action je suppose. Car \u00e0 d&rsquo;autres \u00e9poques, et des \u00e9poques o\u00f9 la domination masculine \u00e9tait si \u00e9vidente qu&rsquo;elle paraissait naturelle \u00e0 tous et \u00e0 toutes sans discussion, les choses se posaient diff\u00e9remment, puisqu&rsquo;\u00e9tablissant mon arbre g\u00e9n\u00e9alogique je tombe r\u00e9guli\u00e8rement sur des \u00ab\u00a0Marie\u00a0\u00bb, des \u00ab\u00a0Anne\u00a0\u00bb, des \u00ab\u00a0Claude\u00a0\u00bb, des \u00ab\u00a0Philippe\u00a0\u00bb qui sont indiff\u00e9remment femmes ou hommes.<\/p>\n<ol class=\"footnotes\"><li id=\"footnote_1_6505\" class=\"footnote\">Au fait, si l&rsquo;on doit piocher les pr\u00e9noms parmi les saints, faut-il en exclure les exotiques Bakhita, Kamel, Khalid, Eneko et Ainoha, qui se font tous attribuer un jour de f\u00eate dans le calendrier catholique <a href=\"https:\/\/nominis.cef.fr\" target=\"_blank\" rel=\"noopener\"><em>Nominis<\/em><\/a> ? <span class=\"footnote-back-link-wrapper\"> [<a href=\"#identifier_1_6505\" class=\"footnote-link footnote-back-link\">&#8617;<\/a>]<\/span><\/li><li id=\"footnote_2_6505\" class=\"footnote\">Aujourd&rsquo;hui, \u00ab\u00a0Am\u00e9na\u00efde\u00a0\u00bb est surtout le nom d&rsquo;une marque de soins pour cheveux. Quand j&rsquo;\u00e9tais enfant, j&rsquo;\u00e9tais persuad\u00e9 que c&rsquo;\u00e9tait le surnom que ses amies donnaient \u00e0 ma grand-m\u00e8re, car \u00e7a sonnait comme \u00ab\u00a0bizarro\u00efde\u00a0\u00bb, et je n&rsquo;avais jamais rencontr\u00e9 (ni n&rsquo;en ai rencontr\u00e9 depuis) aucune autre Am\u00e9na\u00efde. <span class=\"footnote-back-link-wrapper\"> [<a href=\"#identifier_2_6505\" class=\"footnote-link footnote-back-link\">&#8617;<\/a>]<\/span><\/li><li id=\"footnote_3_6505\" class=\"footnote\">Je me demande si les m\u00e9dias qui se d\u00e9lectent de la parole de Zemmour ne le font pas moins par sympathie pour ses id\u00e9es que pour le plaisir malsain de voir quelqu&rsquo;un s&rsquo;enfoncer dans une forme de d\u00e9mence autodestructrice. Un lutin malingre aux origines juives maghr\u00e9bines, au physique m\u00e9diterran\u00e9en, qui d\u00e9fend P\u00e9tain et le virilisme, \u00e7a ressemble moins \u00e0 un projet politique qu&rsquo;\u00e0 un probl\u00e8me psychologique. J&rsquo;ai un mal fou \u00e0 imaginer que sa pens\u00e9e soit prise au s\u00e9rieux par ses (nombreux, cependant) lecteurs. Mais je dois avouer que je ne croyais pas que les fran\u00e7ais puissent r\u00e9ellement voter Sarkozy en 2007, dont le principal argument politique \u00e9tait de vouloir \u00eatre \u00e9lu et qui promettait des choses inconciliables aux uns et aux autres, alors peut-\u00eatre est-ce mon imagination qui n&rsquo;est pas assez d\u00e9velopp\u00e9e pour accepter la triste r\u00e9alit\u00e9 des faits. <span class=\"footnote-back-link-wrapper\"> [<a href=\"#identifier_3_6505\" class=\"footnote-link footnote-back-link\">&#8617;<\/a>]<\/span><\/li><li id=\"footnote_4_6505\" class=\"footnote\">Bien entendu, il existe des gens qui comme les parents d&rsquo;\u00c9ric Zemmour donnent \u00e0 leur enfant un pr\u00e9nom dont ils esp\u00e8rent qu&rsquo;il les aidera \u00e0 s&rsquo;int\u00e9grer, ou qui comme certains asiatiques donnent un double-pr\u00e9nom \u00e0 leurs enfants : Michel pour la mairie, et \u7c73\u6b47 (\u00e0 la sonorit\u00e9 proche) pour la famille.<br \/>\nJ&rsquo;ai un couple d&rsquo;amis, lui fils d&rsquo;alg\u00e9riens, elle marocaine, qui se sont creus\u00e9s la t\u00eate pour trouver un pr\u00e9nom qui relie leur fils \u00e0 ses origines tout en \u00e9chappant \u00e0 la connotation religieuse et, bien s\u00fbr, en \u00e9tant plaisant \u00e0 l&rsquo;oreille. Et ils ont trouv\u00e9 : Atlas. J&rsquo;ai trouv\u00e9 \u00e7a incroyablement fut\u00e9.<br \/>\nToutes les attitudes sont respectables \u00e9videmment. <span class=\"footnote-back-link-wrapper\"> [<a href=\"#identifier_4_6505\" class=\"footnote-link footnote-back-link\">&#8617;<\/a>]<\/span><\/li><li id=\"footnote_5_6505\" class=\"footnote\">Bien entendu, \u00e7a peut exister. Il n&rsquo;est pas inconcevable que les parents allemands qui avaient tent\u00e9 de pr\u00e9nommer leur enfant \u00ab\u00a0Oussama Ben Laden\u00a0\u00bb en 2002 aient \u00e9t\u00e9 anim\u00e9s d&rsquo;une id\u00e9ologie salafiste. Mais ce n&rsquo;est pas l&rsquo;\u00e9trang\u00e8rert\u00e9 du pr\u00e9nom qui en fournissait l&rsquo;indice, c&rsquo;est plut\u00f4t l&rsquo;intuition qu&rsquo;il constitue une r\u00e9f\u00e9rence et un hommage pr\u00e9cis \u00e0 une personne et \u00e0 son action. \u00c0 noter, en France le pr\u00e9nom \u00ab\u00a0Ossama\u00a0\u00bb a eu un succ\u00e8s croissant entre la fin des ann\u00e9es 1970 et l&rsquo;an 2000&#8230; Apr\u00e8s quoi il s&rsquo;est brusquement d\u00e9mod\u00e9 et n&rsquo;a plus \u00e9t\u00e9 attribu\u00e9 que de mani\u00e8re rarissime. <span class=\"footnote-back-link-wrapper\"> [<a href=\"#identifier_5_6505\" class=\"footnote-link footnote-back-link\">&#8617;<\/a>]<\/span><\/li><li id=\"footnote_6_6505\" class=\"footnote\">Je pense au traumatisme des pr\u00e9noms d&rsquo;esclaves affranchis dans les Antilles fran\u00e7aises, par exemple. <span class=\"footnote-back-link-wrapper\"> [<a href=\"#identifier_6_6505\" class=\"footnote-link footnote-back-link\">&#8617;<\/a>]<\/span><\/li><li id=\"footnote_7_6505\" class=\"footnote\">Baptiste Coulmont observe le rapport entre les pr\u00e9noms et l&rsquo;obtention de mentions au baccalaur\u00e9at. Pour cette raison, chaque ann\u00e9e les m\u00e9dias l&rsquo;interrogent sur le sujet, r\u00e9sumant parfois ses travaux de mani\u00e8re simpliste et d\u00e9terministe. <span class=\"footnote-back-link-wrapper\"> [<a href=\"#identifier_7_6505\" class=\"footnote-link footnote-back-link\">&#8617;<\/a>]<\/span><\/li><li id=\"footnote_8_6505\" class=\"footnote\">Peut-\u00eatre le ou la m\u00eame juge ? Les deux affaires ont eu lieu dans le Morbihan. <span class=\"footnote-back-link-wrapper\"> [<a href=\"#identifier_8_6505\" class=\"footnote-link footnote-back-link\">&#8617;<\/a>]<\/span><\/li><\/ol>","protected":false},"excerpt":{"rendered":"<p>(Je trouve les titres en \u00ab\u00a0de quoi&#8230; est-il le nom ?\u00a0\u00bb presque aussi lourdingues que les \u00ab\u00a0m&rsquo;a tuer\u00a0\u00bb, mais bon, pour le pr\u00e9nom, \u00e7a me semblait pertinent. Ou plut\u00f4t assez idiot pour \u00eatre dr\u00f4le) L&rsquo;affreux \u00c9ric Zemmour, lors de l&rsquo;enregistrement de l&rsquo;\u00e9mission Les terriens du dimanche\u00a0a lanc\u00e9 \u00e0 l&rsquo;animatrice Hapsatou Sy que son pr\u00e9nom \u00e9tait [&hellip;]<\/p>\n","protected":false},"author":1,"featured_media":0,"comment_status":"open","ping_status":"open","sticky":false,"template":"","format":"standard","meta":{"footnotes":""},"categories":[5],"tags":[],"class_list":["post-6505","post","type-post","status-publish","format-standard","hentry","category-identites"],"_links":{"self":[{"href":"https:\/\/hyperbate.fr\/castagne\/wp-json\/wp\/v2\/posts\/6505","targetHints":{"allow":["GET"]}}],"collection":[{"href":"https:\/\/hyperbate.fr\/castagne\/wp-json\/wp\/v2\/posts"}],"about":[{"href":"https:\/\/hyperbate.fr\/castagne\/wp-json\/wp\/v2\/types\/post"}],"author":[{"embeddable":true,"href":"https:\/\/hyperbate.fr\/castagne\/wp-json\/wp\/v2\/users\/1"}],"replies":[{"embeddable":true,"href":"https:\/\/hyperbate.fr\/castagne\/wp-json\/wp\/v2\/comments?post=6505"}],"version-history":[{"count":3,"href":"https:\/\/hyperbate.fr\/castagne\/wp-json\/wp\/v2\/posts\/6505\/revisions"}],"predecessor-version":[{"id":6586,"href":"https:\/\/hyperbate.fr\/castagne\/wp-json\/wp\/v2\/posts\/6505\/revisions\/6586"}],"wp:attachment":[{"href":"https:\/\/hyperbate.fr\/castagne\/wp-json\/wp\/v2\/media?parent=6505"}],"wp:term":[{"taxonomy":"category","embeddable":true,"href":"https:\/\/hyperbate.fr\/castagne\/wp-json\/wp\/v2\/categories?post=6505"},{"taxonomy":"post_tag","embeddable":true,"href":"https:\/\/hyperbate.fr\/castagne\/wp-json\/wp\/v2\/tags?post=6505"}],"curies":[{"name":"wp","href":"https:\/\/api.w.org\/{rel}","templated":true}]}}