{"id":5503,"date":"2017-11-18T20:29:54","date_gmt":"2017-11-18T19:29:54","guid":{"rendered":"http:\/\/hyperbate.fr\/castagne\/?p=5503"},"modified":"2017-11-24T14:04:57","modified_gmt":"2017-11-24T13:04:57","slug":"faut-pas-prendre-les-avocats-du-diable-pour-des-guacamoles-au-piment","status":"publish","type":"post","link":"https:\/\/hyperbate.fr\/castagne\/2017\/11\/18\/faut-pas-prendre-les-avocats-du-diable-pour-des-guacamoles-au-piment\/","title":{"rendered":"Faut pas prendre les avocats du diable pour des guacamoles au piment"},"content":{"rendered":"<p>G\u00e9rard Filoche a publi\u00e9 hier nuit un visuel compl\u00e8tement ahurissant montrant Emmanuel Macron au dessus d&rsquo;une globe terrestre, avec un brassard rouge et blanc, \u00e0 la mode nazie, mais o\u00f9 la svastika est remplac\u00e9e par le sigle dollar. En dessous est \u00e9crit <em>\u00ab\u00a0En marche vers le chaos mondial\u00a0\u00bb<\/em>. Le tweet \u00e9tait accompagn\u00e9 du commentaire <em>\u00ab\u00a0un sale type, les fran\u00e7ais vont le savoir tous ensemble bient\u00f4t\u00a0\u00bb<\/em>. Le lien entre Macron, le dollar (nous le croyions europhile !), le nazisme et le chaos mondial est en soi tr\u00e8s tr\u00e8s tr\u00e8s douteux. Mais comme beaucoup j&rsquo;ai d\u00fb me pincer en\u00a0voyant les autres d\u00e9tails de l&rsquo;image, en filigrane : un drapeau am\u00e9ricain (ok), des billets de banque (ouais), un drapeau isra\u00e9lien (ah.), et trois personnages : Jacques Attali, que j&rsquo;ai reconnu, et deux autres personnes que je n&rsquo;ai pas reconnues mais qui se sont av\u00e9r\u00e9es \u00eatre Patrick Drahi, patron de SFR\/Altice, et Jacob Rothschild, de la banque du m\u00eame nom. En voyant \u00e7a, et avant m\u00eame d&rsquo;avoir identifi\u00e9 tous les personnages, j&rsquo;ai bondi, et j&rsquo;ai partag\u00e9 mon effarement sur Twitter puis sur Facebook : quelle mouche a piqu\u00e9 Filoche ? Les r\u00e9f\u00e9rences sentent \u00e0 plein nez ce qui rapprochait, pendant la p\u00e9riode d&rsquo;entre deux guerres, une certaine gauche et une certaine droite. Et effectivement, renseignement pris, l&rsquo;image \u00e9mane du site d&rsquo;Alain Soral, qui se dit \u00ab\u00a0antisioniste\u00a0\u00bb mais chez qui ce mot semble \u00eatre un cache-nez pour \u00ab\u00a0antis\u00e9mite\u00a0\u00bb.<br \/>\nMais au fond pas besoin d&rsquo;\u00eatre averti de l&rsquo;origine de l&rsquo;image ou docteur en s\u00e9miotique pour percevoir un \u00e9norme probl\u00e8me, qu&rsquo;on en juge :<\/p>\n<div id=\"attachment_5508\" style=\"width: 610px\" class=\"wp-caption aligncenter\"><a href=\"https:\/\/twitter.com\/gerardfiloche\/status\/931632550312681472\"><img decoding=\"async\" aria-describedby=\"caption-attachment-5508\" class=\"wp-image-5508 size-full\" src=\"files\/2017\/11\/filoche_931632550312681472.png\" alt=\"\" width=\"600\" height=\"434\" srcset=\"https:\/\/hyperbate.fr\/castagne\/files\/2017\/11\/filoche_931632550312681472.png 600w, https:\/\/hyperbate.fr\/castagne\/files\/2017\/11\/filoche_931632550312681472-300x217.png 300w\" sizes=\"(max-width: 600px) 100vw, 600px\" \/><\/a><p id=\"caption-attachment-5508\" class=\"wp-caption-text\">Le lamentable tweet en question, retir\u00e9 une heure plus tard environ. L&rsquo;image est issus du site \u00c9galit\u00e9 et r\u00e9conciliation, tenu par Alain Bonnet dit Soral, et a valu ces derniers jours \u00e0 son auteur une citation \u00e0 compara\u00eetre au Tribunal de Grande Instance de Paris pour provocation \u00e0 la haine envers une personne ou un groupe de personnes en vertu de leur origine.<\/p><\/div>\n<p>Je suis ensuite all\u00e9 voir mon \u00e9pisode de la s\u00e9rie <em>Gaston Ph\u00e9bus : le lion des Pyr\u00e9n\u00e9es<\/em>\u00a0(1978) dont j&rsquo;ai acquis le DVD et dont je tiens \u00e0 dire qu&rsquo;\u00e0 part un acteur (Georges Marchal) tout le monde joue mal, \u00e0 commencer par Jean-Claude Drouot (Thierry la Fronde), qui incarne Gaston III de Foix-B\u00e9arn. Quant \u00e0 Nicole Garcia (Agn\u00e8s de Navarre), elle fait ce qu&rsquo;elle peut mais son r\u00f4le est \u00e9crit avec les pieds. Le r\u00e9cit tombe dans le grand n&rsquo;importe quoi, sans aucun lien \u00e0 ce qu&rsquo;on sait de la biographie v\u00e9ritable du prince de B\u00e9arn.<br \/>\nJ&rsquo;ai profit\u00e9 de ce temps perdu pour r\u00e9fl\u00e9chir un peu au cas de G\u00e9rard Filoche. Je n&rsquo;aime pas \u00e9norm\u00e9ment ce monsieur<sup><a href=\"#footnote_1_5503\" id=\"identifier_1_5503\" class=\"footnote-link footnote-identifier-link\" title=\"G&eacute;rard Filoche me semble un peu l&rsquo;homologue de Nathalie Kosciusko-Morizet dans la cr&egrave;merie concurrente : le repr&eacute;sentant d&rsquo;une fallacieuse opposition interne au parti, qui affirme porter un discours &laquo;&nbsp;alternatif&nbsp;&raquo; pour rabattre les h&eacute;sitants qui quitteraient le parti sinon, mais qui in fine, n&rsquo;a aucune influence sur les orientations de son parti et vote pour l&rsquo;essentiel avec lui : un apparatchik d&eacute;guis&eacute; en refuznik ! Je le trouve excessif dans ses paroles (hier aussi il proposait la cour martiale pour M&eacute;lenchon pour crime d&rsquo;avoir refus&eacute; de s&rsquo;allier &agrave; lui&hellip;), et je ne me suis pas fait avoir deux fois &agrave; ses tr&eacute;molos pour les retrait&eacute;s, les ch&ocirc;meurs, les travailleurs et qui vous voulez : c&rsquo;est un camelot sans grande vision qui occupe un cr&eacute;neau. Enfin c&rsquo;est ainsi qu&rsquo;il m&rsquo;appara&icirc;t, je ne sais pas si j&rsquo;ai raison (je n&rsquo;ai pas creus&eacute; plus que &ccedil;a). Par ailleurs il ne m&rsquo;a jamais r&eacute;pondu sur Twitter, c&rsquo;est donc quelqu&rsquo;un d&rsquo;antipathique.\">1<\/a><\/sup>, je ne me sens pas li\u00e9 \u00e0 lui politiquement ou affectivement, mais je n&rsquo;ai jamais d\u00e9cel\u00e9 chez lui d&rsquo;indices qui laissent croire \u00e0 une proximit\u00e9 de vues avec Alain Soral, hors d&rsquo;un petit d\u00e9nominateur commun consistant \u00e0 critiquer la finance mondialis\u00e9e et \u00e0 d\u00e9tester Emmanuel Macron bien entendu. Enfin bref, quelque chose ne collait pas, et, avec bien d&rsquo;autres, j&rsquo;ai r\u00e9fl\u00e9chi \u00e0 des hypoth\u00e8ses : compte pirat\u00e9 ? Dans <a href=\"http:\/\/www.filoche.net\/2017\/11\/17\/macron-pour-la-societe-\u00ab-post-salariale-\u00bb-le-salariat-le-battra\/\" target=\"_blank\" rel=\"noopener\">un commentaire de blog<\/a>, Filoche a confirm\u00e9 qu&rsquo;il avait sciemment publi\u00e9 l&rsquo;image, qu&rsquo;il jugeait son tweet \u00ab\u00a0pas terrible\u00a0\u00bb et que, averti du toll\u00e9, il l&rsquo;avait fait effacer :<\/p>\n<blockquote><p>oui je dormais, \u00e7a m\u2019a r\u00e9veill\u00e9 alors que j\u2019ai beaucoup boss\u00e9 aujourd\u2019hui<br \/>\na ce que comprends, ils tentent d\u2019interpr\u00e9ter un tweet pas comme il est, il y a un brassard dollars pas nazi bien sur<br \/>\nle tweet est pas terrible<br \/>\nmais y\u2019a rien de tel de ce qu\u2019ils pr\u00e9tendent y voir, le reste est leur cabale<sup><a href=\"#footnote_2_5503\" id=\"identifier_2_5503\" class=\"footnote-link footnote-identifier-link\" title=\"Je vous laisse imaginer ce qu&rsquo;a pris Filoche pour avoir employ&eacute; le mot &laquo;&nbsp;Cabale&nbsp;&raquo;, qui vient de l&rsquo;h&eacute;breu Kabbale.\">2<\/a><\/sup><br \/>\nje l\u2019ai fait quand m\u00eame retirer aussit\u00f4t que j\u2019ai su<br \/>\nce genre de cabale vient de gens qui d\u00e9fendent macron plus qu\u2019ils ne le combattent<br \/>\na chaque fois ils essaient, je remarque que ce sont les m\u00eames, contre moi, \u00e7a tente de faire diversion, c\u2019est leur complot \u00e0 eux, pas a moi<br \/>\nquand on parle du fond, y a plus personne pour r\u00e9pondre,<br \/>\nhaussez les salaires et baissez les dividendes !<\/p><\/blockquote>\n<p>On remarque qu&rsquo;il ne parle que du brassard, et je me suis dit une chose : et s&rsquo;il n&rsquo;avait pas vu le reste ? Apr\u00e8s tout, l&rsquo;image est sombre, peu lisible, il suffit d&rsquo;avoir la vue basse, d&rsquo;utiliser un \u00e9cran trop petit, par exemple celui d&rsquo;un t\u00e9l\u00e9phone, ou juste mal calibr\u00e9, et on peut rater des d\u00e9tails qui comptent. L&rsquo;hypoth\u00e8se qu&rsquo;il ait diffus\u00e9 l&rsquo;image sans conna\u00eetre son origine (elle circule hors du site d&rsquo;Alain Soral), et sans en percevoir (litt\u00e9ralement) le contenu me semble au fond cr\u00e9dible, car le personnage est sans finesse dans son utilisation des images. Il est tout \u00e0 fait du genre \u00e0 publier \u00ab\u00a0finance=SS\u00a0\u00bb, mais on ne l&rsquo;a jusqu&rsquo;ici jamais vu \u00eatre dans le fielleux registre du sous-entendu-bien-entendu si typique \u00e0 l&rsquo;extr\u00eame-droite.<\/p>\n<div id=\"attachment_5528\" style=\"width: 802px\" class=\"wp-caption aligncenter\"><img decoding=\"async\" aria-describedby=\"caption-attachment-5528\" class=\"size-full wp-image-5528\" src=\"files\/2017\/11\/gaston.jpg\" alt=\"\" width=\"792\" height=\"298\" srcset=\"https:\/\/hyperbate.fr\/castagne\/files\/2017\/11\/gaston.jpg 792w, https:\/\/hyperbate.fr\/castagne\/files\/2017\/11\/gaston-300x113.jpg 300w, https:\/\/hyperbate.fr\/castagne\/files\/2017\/11\/gaston-768x289.jpg 768w, https:\/\/hyperbate.fr\/castagne\/files\/2017\/11\/gaston-624x235.jpg 624w\" sizes=\"(max-width: 792px) 100vw, 792px\" \/><p id=\"caption-attachment-5528\" class=\"wp-caption-text\">Alors \u00e7a c&rsquo;est vraiment d\u00e9gueulasse. Ph\u00e9bus (casque verte, teinture ni-faite-ni-\u00e0-faire, sur l&rsquo;image de droite) s&rsquo;est fait usurper le tr\u00f4ne par son fr\u00e8re b\u00e2tard, lequel complotait avec le fr\u00e8re de l&rsquo;\u00e9pouse de Gaston qui s&rsquo;\u00e9tait mari\u00e9 par vengeance mais c&rsquo;est un peu compliqu\u00e9 \u00e0 expliquer. Bon donc Gaston s&rsquo;\u00e9chappe de la prison du Ch\u00e2telet, revient, et reprend son tr\u00f4ne. Mais voil\u00e0 que son oncle, le b\u00e2tard Corbeyran, d\u00e9cide qu&rsquo;il doit se battre en duel contre son neveu imposteur : \u00ab\u00a0\u00e7a doit se r\u00e9gler entre b\u00e2tards\u00a0\u00bb. M\u00eame si je suis une personne de banlieue, c&rsquo;est pas moi qui dis \u00ab\u00a0b\u00e2tards\u00a0\u00bb tout le temps hein, c&rsquo;est dans le film. Bon, bref, Corebeyran est vieux mais il est vaillant, il r\u00e9ussit rapidement \u00e0 prendre le dessus. Seulement voil\u00e0, l&rsquo;autre profite d&rsquo;un moment d&rsquo;inattention de son oncle, le seul gars sens\u00e9 de l&rsquo;histoire et l&rsquo;unique bon acteur du t\u00e9l\u00e9film, pour lui planter dans le cou une lame qu&rsquo;il avait cach\u00e9e dans sa manche. Et l&rsquo;autre meurt, quoi. C&rsquo;est vraiment d\u00e9gueulasse.<\/p><\/div>\n<p>Beaucoup ont \u00e9t\u00e9 moins indulgents que moi et Filoche s&rsquo;est fait traiter de tous les noms, notamment par tous ceux qui ne l&rsquo;aimaient d\u00e9j\u00e0 pas du tout, ou qui sont oppos\u00e9s \u00e0 tout ce qu&rsquo;il a tent\u00e9 d&rsquo;incarner politiquement, \u00e0 savoir une aile gauche du PS donnant des le\u00e7ons \u00e0 Hollande, Valls, Sapin, El Khomery ou Macron. Et m\u00eame si je n&rsquo;ai pas d&rsquo;affection particuli\u00e8re pour Filoche, j&rsquo;ai trouv\u00e9 \u00e7a injuste : utiliser la suspicion d&rsquo;antis\u00e9mitisme comme dernier clou-du-cercueil, comme gale-qu&rsquo;on-accuse-le-chien-d&rsquo;avoir, comme flacon-qui-importe-peu-du-moment-qu&rsquo;il-procure-l&rsquo;ivresse, venant d&rsquo;opposants politiques (comme Rachid Temal, mon s\u00e9nateur PS, dont j&rsquo;ai d\u00e9couvert l&rsquo;existence \u00e0 cette occasion<sup><a href=\"#footnote_3_5503\" id=\"identifier_3_5503\" class=\"footnote-link footnote-identifier-link\" title=\"Les s&eacute;nateurs sont &eacute;lus selon un processus non-d&eacute;mocratique, cette fonction sert &agrave; placer les cadres du partis, ils se sentent donc tout &agrave; fait dispens&eacute;s de faire conna&icirc;tre leur existence &agrave; leurs administr&eacute;s.\">3<\/a><\/sup>) je trouve \u00e7a petit. Et venant de gens de bonne foi, je trouve \u00e7a dommage.<br \/>\nAlors en idiot inutile que je suis, j&rsquo;ai pass\u00e9 ma journ\u00e9e \u00e0 d\u00e9fendre G\u00e9rard Filoche !<br \/>\nUne amie a fini par me demander :<\/p>\n<blockquote><p>Jean No, tu peux juste expliquer pourquoi tu essayes de pardonner son geste ?<\/p><\/blockquote>\n<p>Eh bien voil\u00e0 ma r\u00e9ponse : je ne pardonne rien, mais tout b\u00eatement, ici, je ne crois pas au crime, ou en tout cas, sauf preuve du contraire, je crois que le crime est plut\u00f4t de tweeter fatigu\u00e9, voire en ayant un coup dans le nez, de poster une image sans l&rsquo;avoir bien regard\u00e9e. Mais surtout, je consid\u00e8re que la parano\u00efa complotiste antis\u00e9mite est une question suffisamment grave pour ne pas la banaliser en en accusant quelqu&rsquo;un avec l\u00e9g\u00e8ret\u00e9 juste parce qu&rsquo;on n&rsquo;aime pas sa t\u00eate. Sur cette question comme sur d&rsquo;autres, j&rsquo;ai tendance \u00e0 me faire l&rsquo;avocat du diable, et souvent pr\u00e9cis\u00e9ment pour d\u00e9fendre des gens pour qui je n&rsquo;ai pas de sympathie car j&rsquo;essaie d&rsquo;\u00e9chapper contre moi-m\u00eame au biais de confirmation et autre effet de halo illustr\u00e9s et justifi\u00e9s par des adages tels que <em>\u00ab\u00a0y&rsquo;a pas de fum\u00e9e sans feu\u00a0\u00bb<\/em>, <em>\u00ab\u00a0si ce n&rsquo;est toi c&rsquo;est donc ton fr\u00e8re\u00a0\u00bb<\/em> et <em>\u00ab\u00a0qui vole un \u0153uf vole un b\u0153uf\u00a0\u00bb<\/em> qui reviennent tous \u00e0 dire que l&rsquo;on ne tient pour vrai que ce qui correspond \u00e0 ce qu&rsquo;on pensait d\u00e9j\u00e0.<br \/>\nOn tombe facilement dans ce genre de travers sans le vouloir, je ne pourrais pas me regarder dans une glace si je le faisais sciemment, et je suis, par extension, incapable de ne pas r\u00e9agir si j&rsquo;ai l&rsquo;impression que c&rsquo;est ce que d&rsquo;autres sont en train de faire. Surtout si je les appr\u00e9cie, hein.<\/p>\n<p><small>Lire ailleurs : <a href=\"http:\/\/imagesociale.fr\/5284\" target=\"_blank\" rel=\"noopener\">L&rsquo;inqui\u00e9tante \u00e9tranget\u00e9 de la caricature <em>antis\u00e9mite,<\/em><\/a> par Andr\u00e9 Gunthert\/Imagesociale.fr.<\/small><\/p>\n<ol class=\"footnotes\"><li id=\"footnote_1_5503\" class=\"footnote\">G\u00e9rard Filoche me semble un peu l&rsquo;homologue de Nathalie Kosciusko-Morizet dans la cr\u00e8merie concurrente : le repr\u00e9sentant d&rsquo;une fallacieuse opposition interne au parti, qui affirme porter un discours \u00ab\u00a0alternatif\u00a0\u00bb pour rabattre les h\u00e9sitants qui quitteraient le parti sinon, mais qui <em>in fine<\/em>, n&rsquo;a aucune influence sur les orientations de son parti et vote pour l&rsquo;essentiel avec lui : un apparatchik d\u00e9guis\u00e9 en refuznik ! Je le trouve excessif dans ses paroles (hier aussi il proposait la cour martiale pour M\u00e9lenchon pour crime d&rsquo;avoir refus\u00e9 de s&rsquo;allier \u00e0 lui&#8230;), et je ne me suis pas fait avoir deux fois \u00e0 ses tr\u00e9molos pour les retrait\u00e9s, les ch\u00f4meurs, les travailleurs et qui vous voulez : c&rsquo;est un camelot sans grande vision qui occupe un cr\u00e9neau. Enfin c&rsquo;est ainsi qu&rsquo;il m&rsquo;appara\u00eet, je ne sais pas si j&rsquo;ai raison (je n&rsquo;ai pas creus\u00e9 plus que \u00e7a). Par ailleurs il ne m&rsquo;a jamais r\u00e9pondu sur Twitter, c&rsquo;est donc quelqu&rsquo;un d&rsquo;antipathique. <span class=\"footnote-back-link-wrapper\"> [<a href=\"#identifier_1_5503\" class=\"footnote-link footnote-back-link\">&#8617;<\/a>]<\/span><\/li><li id=\"footnote_2_5503\" class=\"footnote\">Je vous laisse imaginer ce qu&rsquo;a pris Filoche pour avoir employ\u00e9 le mot \u00ab\u00a0Cabale\u00a0\u00bb, qui vient de l&rsquo;h\u00e9breu Kabbale. <span class=\"footnote-back-link-wrapper\"> [<a href=\"#identifier_2_5503\" class=\"footnote-link footnote-back-link\">&#8617;<\/a>]<\/span><\/li><li id=\"footnote_3_5503\" class=\"footnote\">Les s\u00e9nateurs sont \u00e9lus selon un processus non-d\u00e9mocratique, cette fonction sert \u00e0 placer les cadres du partis, ils se sentent donc tout \u00e0 fait dispens\u00e9s de faire conna\u00eetre leur existence \u00e0 leurs administr\u00e9s. <span class=\"footnote-back-link-wrapper\"> [<a href=\"#identifier_3_5503\" class=\"footnote-link footnote-back-link\">&#8617;<\/a>]<\/span><\/li><\/ol>","protected":false},"excerpt":{"rendered":"<p>G\u00e9rard Filoche a publi\u00e9 hier nuit un visuel compl\u00e8tement ahurissant montrant Emmanuel Macron au dessus d&rsquo;une globe terrestre, avec un brassard rouge et blanc, \u00e0 la mode nazie, mais o\u00f9 la svastika est remplac\u00e9e par le sigle dollar. En dessous est \u00e9crit \u00ab\u00a0En marche vers le chaos mondial\u00a0\u00bb. Le tweet \u00e9tait accompagn\u00e9 du commentaire \u00ab\u00a0un [&hellip;]<\/p>\n","protected":false},"author":1,"featured_media":0,"comment_status":"open","ping_status":"open","sticky":false,"template":"","format":"standard","meta":{"footnotes":""},"categories":[7],"tags":[],"class_list":["post-5503","post","type-post","status-publish","format-standard","hentry","category-democratie"],"_links":{"self":[{"href":"https:\/\/hyperbate.fr\/castagne\/wp-json\/wp\/v2\/posts\/5503","targetHints":{"allow":["GET"]}}],"collection":[{"href":"https:\/\/hyperbate.fr\/castagne\/wp-json\/wp\/v2\/posts"}],"about":[{"href":"https:\/\/hyperbate.fr\/castagne\/wp-json\/wp\/v2\/types\/post"}],"author":[{"embeddable":true,"href":"https:\/\/hyperbate.fr\/castagne\/wp-json\/wp\/v2\/users\/1"}],"replies":[{"embeddable":true,"href":"https:\/\/hyperbate.fr\/castagne\/wp-json\/wp\/v2\/comments?post=5503"}],"version-history":[{"count":3,"href":"https:\/\/hyperbate.fr\/castagne\/wp-json\/wp\/v2\/posts\/5503\/revisions"}],"predecessor-version":[{"id":5592,"href":"https:\/\/hyperbate.fr\/castagne\/wp-json\/wp\/v2\/posts\/5503\/revisions\/5592"}],"wp:attachment":[{"href":"https:\/\/hyperbate.fr\/castagne\/wp-json\/wp\/v2\/media?parent=5503"}],"wp:term":[{"taxonomy":"category","embeddable":true,"href":"https:\/\/hyperbate.fr\/castagne\/wp-json\/wp\/v2\/categories?post=5503"},{"taxonomy":"post_tag","embeddable":true,"href":"https:\/\/hyperbate.fr\/castagne\/wp-json\/wp\/v2\/tags?post=5503"}],"curies":[{"name":"wp","href":"https:\/\/api.w.org\/{rel}","templated":true}]}}