{"id":5444,"date":"2017-11-19T12:09:32","date_gmt":"2017-11-19T11:09:32","guid":{"rendered":"http:\/\/hyperbate.fr\/castagne\/?p=5444"},"modified":"2017-11-19T15:08:38","modified_gmt":"2017-11-19T14:08:38","slug":"ou-nous-allons-et-comment-tenter-de-leviter-mais-bon-cest-trop-tard-de-toute-facon","status":"publish","type":"post","link":"https:\/\/hyperbate.fr\/castagne\/2017\/11\/19\/ou-nous-allons-et-comment-tenter-de-leviter-mais-bon-cest-trop-tard-de-toute-facon\/","title":{"rendered":"O\u00f9 nous allons et comment tenter de l&rsquo;\u00e9viter, mais bon c&rsquo;est trop tard de toute fa\u00e7on"},"content":{"rendered":"<p><em>(bonjour ami ! La premi\u00e8re partie de cet article ne te sert \u00e0 rien, tes convictions sont arr\u00eat\u00e9es, tu es bouch\u00e9 \u00e0 l&rsquo;\u00e9meri et tu ne reviendras pas dessus : tu chercheras dans ma prose une confirmation de tes pr\u00e9jug\u00e9s, qu&rsquo;ils soient oppos\u00e9s ou semblables aux miens. Je le sais parce qu&rsquo;on est tous pareil, je fais exactement comme toi et, m\u00eame si j&rsquo;aimerais \u00eatre plus malin, rien ne m&rsquo;est plus d\u00e9sagr\u00e9able que des id\u00e9es ou des informations qui vont contre ma vision du monde. Tu peux donc directement sauter \u00e0 la fin de l&rsquo;article, apr\u00e8s un spoil du d\u00e9but de l&rsquo;\u00e9pisode 6 de la s\u00e9rie Gaston Ph\u00e9bus, sortie en 1978, qui ne casse pas des briques et dont j&rsquo;ai d\u00e9j\u00e0 parl\u00e9 dans <a href=\"https:\/\/hyperbate.fr\/castagne\/2017\/11\/18\/faut-pas-prendre-les-avocats-du-diable-pour-des-guacamoles-au-piment\/\">mon article d&rsquo;hier<\/a>)<\/em><\/p>\n<p>Au cours d\u2019une \u00e9mission anim\u00e9e par David Pujadas o\u00f9 il r\u00e9pondait \u00e0 une tirade \u00e9nergique de l\u2019humoriste Yassine Belattar, Jean-Sebastien Ferjou (<i>LCI<\/i>, <i>Atlantico<\/i>) expliquait que <i>\u00ab\u00a0poser la question de l\u2019Islam et de l\u2019Islamisme ce n\u2019est pas mettre en cause les musulmans\u00a0\u00bb<\/i> et ajoutait respecter l\u2019analyse de son contradicteur, tout en signalant qu\u2019il ne <i>\u00ab\u00a0tol\u00e8re pas l\u2019emploi du terme islamophobie\u00a0\u00bb<\/i>. Il respecte ses interlocuteurs tant que ceux-ci utilisent les mots qu&rsquo;il veut, quoi.<\/p>\n<div id=\"attachment_5556\" style=\"width: 802px\" class=\"wp-caption aligncenter\"><a href=\"http:\/\/www.lesinrocks.com\/inrocks.tv\/video-le-salutaire-coup-de-gueule-de-yacine-bellatar-face-david-pujadas\/\"><img decoding=\"async\" aria-describedby=\"caption-attachment-5556\" class=\"size-full wp-image-5556\" src=\"files\/2017\/11\/belattar.jpg\" alt=\"\" width=\"792\" height=\"150\" srcset=\"https:\/\/hyperbate.fr\/castagne\/files\/2017\/11\/belattar.jpg 792w, https:\/\/hyperbate.fr\/castagne\/files\/2017\/11\/belattar-300x57.jpg 300w, https:\/\/hyperbate.fr\/castagne\/files\/2017\/11\/belattar-768x145.jpg 768w, https:\/\/hyperbate.fr\/castagne\/files\/2017\/11\/belattar-624x118.jpg 624w\" sizes=\"(max-width: 792px) 100vw, 792px\" \/><\/a><p id=\"caption-attachment-5556\" class=\"wp-caption-text\">David Pujadas, Yassine Belattar et Jean-S\u00e9bastien Ferjou. Belattar l&rsquo;humoriste ne s&rsquo;est pas montr\u00e9 tr\u00e8s dr\u00f4le, mais en tout cas tr\u00e8s \u00e9loquent.<\/p><\/div>\n<p>Je reviendrais sur la premi\u00e8re pens\u00e9e exprim\u00e9e plus loin, commen\u00e7ons par ce que me sugg\u00e8re la seconde\u00a0: je pense que ce monsieur est islamophobophobe, c\u2019est \u00e0 dire qu\u2019il craint le mot \u00ab\u00a0islamophobie\u00a0\u00bb. cette affection courante s\u2019appuie sur un <i>thought-terminating clich\u00e9<\/i> qui affirme tout \u00e0 la fois que le mot \u00ab\u00a0islamophobie\u00a0\u00bb :<br \/>\n1- assimile l\u2019Islam, qui est une religion, \u00e0 une race.<br \/>\n2- rend impossible toute critique de l\u2019Islam, et constitue donc un outil de chantage id\u00e9ologique, puisque toute critique de la doctrine musulmane est associ\u00e9 \u00e0 du racisme (voir 1).<br \/>\n3- a \u00e9t\u00e9 invent\u00e9 par les mollahs de la R\u00e9volution islamique iranienne afin d\u2019interdire, donc, toute critique de l\u2019Islam (voir 2).<\/p>\n<p>Sur le dernier point, certains ont fait remarquer de longue date que le mot \u00ab\u00a0islamophobie\u00a0\u00bb est au moins centenaire<sup><a href=\"#footnote_1_5444\" id=\"identifier_1_5444\" class=\"footnote-link footnote-identifier-link\" title=\"Demandez &agrave; Google books.&nbsp;\">1<\/a><\/sup>, et donc plus ancien que la prise du pouvoir en Iran par l\u2019ayatollah Khomeini, mais c\u2019est peine perdue, l&rsquo;origine lexicale invent\u00e9e par Caroline Fourest et Fiametta Venner en 2003 vit sa petite vie, ind\u00e9pendamment de toute v\u00e9rification et ne cesse d\u2019\u00eatre reprise par des politiques, des philosophes m\u00e9diatiques et des \u00e9ditorialistes\u00a0: ce mot, selon eux, n\u2019est pas un simple mot, c\u2019est une arme de combat, l\u2019outil d\u2019une conjuration visant \u00e0 interdire certains d\u00e9bats, et ils se sentent donc en cons\u00e9quence autoris\u00e9s \u00e0 refuser autant le mot que le fait, \u00e0 se sentir par avance eux-m\u00eames absous de toute suspicion d&rsquo;islamophobie, puisque c&rsquo;est un mot de l&rsquo;ennemi\u2026\u00a0 Si les preuves d\u2019une anciennet\u00e9 du mot ne parviennent pas \u00e0 impressionner ceux qui colportent son origine de mani\u00e8re erron\u00e9e, c\u2019est parce qu\u2019ils ont trop envie de refuser qu&rsquo;il existe.<br \/>\nPourtant, m\u00eame si c\u2019\u00e9tait vrai, m\u00eame si le mot avait v\u00e9ritablement \u00e9t\u00e9 invent\u00e9 au cours des ann\u00e9es 1980 par les lugubres gardiens de la R\u00e9volution, qu\u2019est-ce que \u00e7a changerait\u00a0? En langue fran\u00e7aise, on a le droit d\u2019inventer des mots et pourquoi pas des mots en \u00ab\u00a0phobe\u00a0\u00bb autant qu\u2019on le veut ? Je peux dire que quelqu\u2019un est googleophobe, skateboardophobe ou ComicsansMSophobe \u00e7a ne sera pas tr\u00e8s beau, \u00e7a ne sera pas un vrai mot, peut-\u00eatre que \u00e7a ne d\u00e9crira rien qui existe r\u00e9ellement, mais on le comprendra ce que je veux dire. On ne dira pas que je transforme Google, le skateboard ou la Comic sans MS en \u00ab\u00a0races\u00a0\u00bb \u2013 pas plus que les espaces confin\u00e9s qui effraient les claustrophobes ou la foule que redoutent les agoraphobes constituent des \u00ab\u00a0races\u00a0\u00bb, bien s\u00fbr.<br \/>\nLa phobie, par ailleurs, ce n\u2019est pas forc\u00e9ment le rejet ou la haine, c\u2019est la peur \u2014 peur qui peut, certes, devenir la cause d&rsquo;un rejet ou d&rsquo;une haine.<\/p>\n<div id=\"attachment_5472\" style=\"width: 802px\" class=\"wp-caption aligncenter\"><img decoding=\"async\" aria-describedby=\"caption-attachment-5472\" class=\"wp-image-5472 size-full\" src=\"files\/2017\/11\/darkvador.jpg\" alt=\"\" width=\"792\" height=\"510\" srcset=\"https:\/\/hyperbate.fr\/castagne\/files\/2017\/11\/darkvador.jpg 792w, https:\/\/hyperbate.fr\/castagne\/files\/2017\/11\/darkvador-300x193.jpg 300w, https:\/\/hyperbate.fr\/castagne\/files\/2017\/11\/darkvador-768x495.jpg 768w, https:\/\/hyperbate.fr\/castagne\/files\/2017\/11\/darkvador-624x402.jpg 624w\" sizes=\"(max-width: 792px) 100vw, 792px\" \/><p id=\"caption-attachment-5472\" class=\"wp-caption-text\">Vu dans les locaux de la F\u00e9daration nationale d&rsquo;achats des cadres du passage du Havre, pas plus tard qu&rsquo;il y a deux jours. C&rsquo;\u00e9tait une journ\u00e9e sp\u00e9ciale pour les adh\u00e9rents \u00ab\u00a0One\u00a0\u00bb. Je le savais pas, j&rsquo;y \u00e9tais par hasard, c&rsquo;est vraiment du bol car j&rsquo;ai pu profiter d&rsquo;une super promo. Cependant j&rsquo;ai compris en discutant avec la vendeuse que ma promo \u00e9tait de m\u00eame valeur que la r\u00e9duction que j&rsquo;aurais eu notamment en tant qu&rsquo;adh\u00e9rent. Du coup je me dis que je me suis un peu fait avoir. C&rsquo;est int\u00e9ressant, hein ! C&rsquo;est juste pour v\u00e9rifier si vous lisez les l\u00e9gendes, en fait. Mais tout est vrai.<\/p><\/div>\n<p>La vraie question n&rsquo;est pas de savoir qui est propri\u00e9taire du mot, mais de se demander s&rsquo;il existe bel et bien une peur de l\u2019Islam en France en 2017. Je me souviens d\u2019avoir vu toute la classe politique disserter pendant l&rsquo;\u00e9t\u00e9 2016 sur le \u00ab\u00a0<a href=\"https:\/\/hyperbate.fr\/castagne\/2016\/08\/\">burkini<\/a>\u00ab\u00a0, tenue r\u00e9put\u00e9e conforme \u00e0 l\u2019Islam selon un mufti australien<sup><a href=\"#footnote_2_5444\" id=\"identifier_2_5444\" class=\"footnote-link footnote-identifier-link\" title=\"Il para&icirc;t que de nombreuses femmes britanniques portent ce v&ecirc;tement sans rapport &agrave; des convictions religieuses mais pour &eacute;pargner le soleil &agrave; leur peau trop fragile, et que ce v&ecirc;tement a aussi du succ&egrave;s en Asie du Sud Est chez des femmes qui veulent aller &agrave; la plage mais refusent de bronzer. En revanche il n&rsquo;est pas sp&eacute;cialement valid&eacute; par Daech.\">2<\/a><\/sup>, dont le nom est un gag (burqa + bikini) et que personne n\u2019a jamais du porter en France puisque les seules photos que la presse a trouv\u00e9 pour illustrer les articles sur le sujet \u00e9taient syst\u00e9matiquement issues du catalogue de la styliste cr\u00e9atrice de ce v\u00eatement, et puisque les quelques cas de femmes bannies des plages pour cause de burkini, pour autant que je sache, l&rsquo;avaient \u00e9t\u00e9 pour d&rsquo;autres tenues r\u00e9put\u00e9es islamiques et pas pour avoir effectivement port\u00e9 le burkini. Une r\u00e9action aussi excessive, o\u00f9 tout un pays d\u00e9bat d&rsquo;une question qui rel\u00e8ve plut\u00f4t de l&rsquo;imaginaire, me semble un bon exemple, parmi bien d\u2019autres souvent moins l\u00e9gers, d\u2019un climat de psychose g\u00e9n\u00e9ralis\u00e9e. Oui, la peur de l\u2019Islam existe en France et elle est pr\u00e9gnante. Et comme l\u2019arachnophobie, par exemple, cette peur n\u2019est pas forc\u00e9ment irrationnelle\u00a0: certaines araign\u00e9es sont bel et bien dangereuses, apr\u00e8s tout, et de la m\u00eame mani\u00e8re des gens se sont montr\u00e9s coupables ces derni\u00e8res ann\u00e9es d&rsquo;abominables d\u00e9cha\u00eenement de violence terroriste au nom de l&rsquo;Islam. Au passage, si des gens comme Riss ou comme Coco, et d&rsquo;autres membres de la r\u00e9daction de Charlie Hebdo qui \u00e9taient l\u00e0 le jour du massacre de leurs amis, ont peur des musulmans, s&rsquo;ils fr\u00e9missent en entendant <em>\u00ab\u00a0Allahu akbar\u00a0\u00bb<\/em>\u00a0(dieu est le plus grand \u2014 profession de foi banale de tout musulman mais cri de guerre pouss\u00e9 par les fr\u00e8res Kouachi entre deux rafales de fusil mitrailleur), je n&rsquo;ai rien \u00e0 leur dire, aucune le\u00e7on politique \u00e0 leur donner, et si je trouve injuste et idiot l&rsquo;\u00e9ditorial de la semaine de Riss, qui accuse par avance Edwy Plenel du prochain attentat qui touchera l&rsquo;hebdomadaire satirique, je sais que je ne peux pas me mettre \u00e0 la place qui est la sienne, je n&rsquo;ai aucune l\u00e9gitimit\u00e9 \u00e0 mettre en question sa r\u00e9action. De la m\u00eame mani\u00e8re, je salue sans r\u00e9serves le courage des gens qui se battent contre l&rsquo;oppression religieuse l\u00e0 o\u00f9 la religion a du pouvoir, et je comprends mal les fran\u00e7ais qui au nom d&rsquo;un calcul assez pervers reprochent \u00e0 des gens de culture musulmane de renier la religion de leurs p\u00e8res ou de se rebeller contre des tyrannies dont ils ne voudraient pas pour eux-m\u00eames.<\/p>\n<div id=\"attachment_5558\" style=\"width: 795px\" class=\"wp-caption aligncenter\"><img decoding=\"async\" aria-describedby=\"caption-attachment-5558\" class=\"wp-image-5558 size-full\" src=\"files\/2017\/11\/Fran\u00e7ais_5594_fol._211_haut_D\u00e9part_pour_la_troisi\u00e8me_Croisade.jpeg\" alt=\"\" width=\"785\" height=\"721\" srcset=\"https:\/\/hyperbate.fr\/castagne\/files\/2017\/11\/Fran\u00e7ais_5594_fol._211_haut_D\u00e9part_pour_la_troisi\u00e8me_Croisade.jpeg 785w, https:\/\/hyperbate.fr\/castagne\/files\/2017\/11\/Fran\u00e7ais_5594_fol._211_haut_D\u00e9part_pour_la_troisi\u00e8me_Croisade-300x276.jpeg 300w, https:\/\/hyperbate.fr\/castagne\/files\/2017\/11\/Fran\u00e7ais_5594_fol._211_haut_D\u00e9part_pour_la_troisi\u00e8me_Croisade-768x705.jpeg 768w, https:\/\/hyperbate.fr\/castagne\/files\/2017\/11\/Fran\u00e7ais_5594_fol._211_haut_D\u00e9part_pour_la_troisi\u00e8me_Croisade-624x573.jpeg 624w\" sizes=\"(max-width: 785px) 100vw, 785px\" \/><p id=\"caption-attachment-5558\" class=\"wp-caption-text\">D\u00e9part des fran\u00e7ais pour la troisi\u00e8me croisade.<\/p><\/div>\n<p>Bien que les terroristes djihadistes ne soient pas repr\u00e9sentatifs de la masse de leurs coreligionnaires, ils sont effectivement de vrais musulmans. On aime bien dire d\u2019eux <em>\u00ab\u00a0\u00e7a ce n\u2019est pas le vrai Islam\u00a0\u00bb<\/em>, mais c\u2019est comme de dire que les croisades ne sont pas repr\u00e9sentatives du Catholicisme, c\u2019est faux. Les croisades ne r\u00e9sument pas le catholicisme mais elles sont bel et bien une partie de l\u2019histoire de cette religion, et les crois\u00e9s \u00e9taient sans doute nombreux \u00e0 penser que c&rsquo;est bien J\u00e9sus qui leur commandait de partir couvrir J\u00e9rusalem de sang sarazin.<br \/>\nEt les gens de Daech, d\u2019Al Qaeda ou les Fr\u00e8res musulmans sont tous autant qu\u2019ils sont des musulmans. Pas <u>les<\/u> musulmans mais bien\u00a0<u>des<\/u> musulmans. Le leur d\u00e9nier n\u2019est pas plus logique que de r\u00e9sumer leur religion aux crimes qu\u2019ils commettent.<br \/>\nPour les psychiatres, une phobie est une peur qui se manifeste de mani\u00e8re excessive. Plut\u00f4t que de jurer que l&rsquo;islamophobie n&rsquo;existe pas, ceux qui l&rsquo;\u00e9prouvent devraient \u00eatre honn\u00eates avec eux-m\u00eames et constater qu&rsquo;ils ont d\u00e9velopp\u00e9 une sensibilit\u00e9 disproportionn\u00e9e et potentiellement probl\u00e9matique \u00e0 tout ce qui touche \u00e0 la religion des musulmans. Car c&rsquo;est un probl\u00e8me : les musulmans existent en France, o\u00f9 ils repr\u00e9sentent 7,5% de la population, ce qui n&rsquo;est pas rien, mais leur pr\u00e9sence imaginaire est bien plus \u00e9lev\u00e9e puisqu&rsquo;un sondage r\u00e9cent a \u00e9tabli que les Fran\u00e7ais <a href=\"http:\/\/www.lefigaro.fr\/actualite-france\/2016\/12\/14\/01016-20161214ARTFIG00214-la-population-musulmane-largement-surestimee-en-france.php\" target=\"_blank\" rel=\"noopener\">estimaient en moyenne la pr\u00e9sence des musulmans en France<\/a> \u00e0 31%, soit pr\u00e8s d&rsquo;un tiers de la population, contre \u00e0 peine plus d&rsquo;un quinzi\u00e8me en r\u00e9alit\u00e9 !<br \/>\nLa peur, la haine, la d\u00e9testation, sont des sentiments naturels qu&rsquo;on ne peut pas s&rsquo;interdire \u00e0 soi-m\u00eame afin de coller \u00e0 quelques principes. Ce ne sont ni des crimes, ni des d\u00e9lits, m\u00eame si leur expression, pour les effets qu&rsquo;elle peut avoir, peut \u00eatre p\u00e9nalis\u00e9e.\u00a0Je me souviens que l&rsquo;\u00e9crivain Michel Houellebecq ou l&rsquo;actrice V\u00e9ronique Genest se sont d\u00e9crits eux-m\u00eames comme islamophobes, ou qu&rsquo;\u00c9lisabeth Badinter a dit qu&rsquo;il ne fallait pas craindre d&rsquo;\u00eatre qualifi\u00e9 d&rsquo;islamophobe.\u00a0M\u00eame s&rsquo;il est dommage pour ces gens de vivre dans la peur, je trouve plus honn\u00eate de leur part de faire un tel constat que de se faire croire qu&rsquo;on peut rejeter une id\u00e9e, une id\u00e9ologie, une croyance, une culture, ind\u00e9pendamment des personnes qui les portent, qui y adh\u00e8rent.<\/p>\n<div id=\"attachment_5551\" style=\"width: 802px\" class=\"wp-caption aligncenter\"><img decoding=\"async\" aria-describedby=\"caption-attachment-5551\" class=\"wp-image-5551 size-full\" src=\"files\/2017\/11\/union_sacree_1.jpg\" alt=\"\" width=\"792\" height=\"365\" srcset=\"https:\/\/hyperbate.fr\/castagne\/files\/2017\/11\/union_sacree_1.jpg 792w, https:\/\/hyperbate.fr\/castagne\/files\/2017\/11\/union_sacree_1-300x138.jpg 300w, https:\/\/hyperbate.fr\/castagne\/files\/2017\/11\/union_sacree_1-768x354.jpg 768w, https:\/\/hyperbate.fr\/castagne\/files\/2017\/11\/union_sacree_1-624x288.jpg 624w\" sizes=\"(max-width: 792px) 100vw, 792px\" \/><p id=\"caption-attachment-5551\" class=\"wp-caption-text\">L&rsquo;union sacr\u00e9e contre Edwy Plenel est une v\u00e9ritable cour des miracles avec par exemple une ancienne ministre socialiste ; un journaliste alg\u00e9rien connu pour son opposition \u00e0 l&rsquo;islamisme ; un quotidien catholique traditionaliste et nationaliste. Eh oui, M\u00e9diapart s&rsquo;est fait beaucoup d&rsquo;ennemis.<\/p><\/div>\n<p>Revenons \u00e0 la premi\u00e8re pens\u00e9e exprim\u00e9e par le gars d&rsquo;Atlantico : dire qu&rsquo;on peut <em>\u00ab\u00a0poser la question de l&rsquo;Islam et de l&rsquo;Islamisme\u00a0\u00bb<\/em> sans pour autant mettre en cause les musulmans induit d&rsquo;une part que la question pos\u00e9e a d\u00e9j\u00e0 sa r\u00e9ponse (si poser la question doit aboutir \u00e0 une mise en cause), et d&rsquo;autre part que les musulmans peuvent \u00eatre consid\u00e9r\u00e9s \u00e0 part de l&rsquo;Islam alors qu&rsquo;ils se caract\u00e9risent par le fait qu&rsquo;ils adh\u00e8rent \u00e0 cette religion. Quand \u00e0 l&rsquo;association de \u00ab\u00a0Islam\u00a0\u00bb et \u00ab\u00a0Islamisme\u00a0\u00bb, elle semble quelque part nier la distinction entre les deux notions (une religion, d&rsquo;une part, et l&rsquo;inspiration religieuse d&rsquo;une action ou d&rsquo;un r\u00e9gime politique, d&rsquo;autre part). Essayons la m\u00eame phrase en visant une autre communaut\u00e9 regroup\u00e9e autour d&rsquo;une foi : <em>\u00ab\u00a0Poser la question du Christianisme et de l&rsquo;int\u00e9grisme ce n&rsquo;est pas mettre en cause le chr\u00e9tiens\u00a0\u00bb.<\/em> \u00c7a sonne mal, non ? C&rsquo;est ce genre de formules, ou les habituels <em>\u00ab\u00a0les terroristes ne sont qu&rsquo;une fraction infinit\u00e9simale des musulmans mais ne trouvez-vous pas que le Coran pousse au crime ?\u00a0\u00bb<\/em> qui sont il me semble une insulte pour les musulmans fran\u00e7ais, et une mani\u00e8re constante de leur dire : <em>\u00ab\u00a0on ne veut pas de vous, on veut que vous rasiez les murs !\u00a0\u00bb<\/em>&#8230; Et que peut-on attendre d&rsquo;une telle ambiance ? Si on vous intime l&rsquo;ordre de raser les murs, qu&rsquo;est-ce que vous ferez ?<sup><a href=\"#footnote_3_5444\" id=\"identifier_3_5444\" class=\"footnote-link footnote-identifier-link\" title=\"Il semble que certaines jeunes femmes ne se mettent &agrave; porter le hijab que par r&eacute;action &agrave; ce qu&rsquo;elles ressentent comme une attaque envers leur religion. Lire &agrave; ce sujet le livre de t&eacute;moignages&nbsp;Des voix derri&egrave;re le voile, par Fa&iuml;za Zerouala, &eacute;d. Premier Parall&egrave;le.\">3<\/a><\/sup><\/p>\n<p>Tout \u00e7a m\u2019am\u00e8ne \u00e0 une notion m\u00e9diatique que je trouve tr\u00e8s perverse\u00a0: celle du <em>\u00ab\u00a0musulman mod\u00e9r\u00e9\u00a0\u00bb<\/em>. Si on suit les journaux t\u00e9l\u00e9vis\u00e9s les plus banals, ceux qui fa\u00e7onnent les consciences et qui expriment tout \u00e0 la fois les poncifs les plus r\u00e9pandus, on apprend qu\u2019il existe des bons musulmans, les musulmans \u00ab\u00a0mod\u00e9r\u00e9s\u00a0\u00bb, et puis des mauvais, qui n\u2019ont pas de nom g\u00e9n\u00e9rique, mais peuvent \u00eatre appel\u00e9s int\u00e9gristes, radicaux, ou encore salafistes et djihaddistes, autant de mots qui ne sont pas synonymes les uns des autres mais que regroupe l\u2019ensemble des \u00ab\u00a0non-mod\u00e9r\u00e9s\u00a0\u00bb.<br \/>\nJe ne suis pas croyant, et je suis m\u00eame clairement religiophobe, mais il me semble que de nombreuses religions\u00a0\u2014 et c\u2019est en tout cas le cas du Christianisme et de l\u2019Islam, deux religions monoth\u00e9istes exclusives qui reposent sur un credo \u2014, condamnent la mod\u00e9ration\u00a0: le croyant est cens\u00e9 se donner tout entier \u00e0 la divinit\u00e9 qu\u2019il adule, et s\u2019il ne le fait pas, sa foi n\u2019a pas de valeur, il n&rsquo;a pas le droit d&rsquo;\u00eatre \u00ab\u00a0ti\u00e8de\u00a0\u00bb, comme le dit le livre des R\u00e9v\u00e9lations : <em>\u00ab\u00a0Ainsi, parce que tu es ti\u00e8de, et que tu n&rsquo;es ni froid ni bouillant, je te vomirai de ma bouche\u00a0\u00bb<\/em><sup><a href=\"#footnote_4_5444\" id=\"identifier_4_5444\" class=\"footnote-link footnote-identifier-link\" title=\"Apocalypse 3:16.\">4<\/a><\/sup>. On trouve des r\u00e9flexions du m\u00eame tonneau tout au long de la Torah<sup><a href=\"#footnote_5_5444\" id=\"identifier_5_5444\" class=\"footnote-link footnote-identifier-link\" title=\"Par exemple Rois 8:61 : &laquo;&nbsp;Que votre c&oelig;ur soit tout &agrave; l&rsquo;&Eacute;ternel, notre Dieu, comme il l&rsquo;est aujourd&rsquo;hui, pour suivre ses lois et pour observer ses commandements&nbsp;&raquo;. Les dix commandements, d&eacute;j&agrave;, ne disent rien d&rsquo;autre avec cet avertissement : &laquo;&nbsp;car moi, l&rsquo;&Eacute;ternel, ton Dieu, je suis un Dieu jaloux&nbsp;&raquo;.\">5<\/a><\/sup>. Enfin, dans l&rsquo;Islam, peu de p\u00e9ch\u00e9s sont plus graves que l&rsquo;<em>\u00ab\u00a0association\u00a0\u00bb<\/em> (rendre un culte \u00e0 d&rsquo;autres divinit\u00e9s, v\u00e9n\u00e9rer des saints ou m\u00eame, selon certaines interpr\u00e9tations, se montrer superstitieux), et il vaut mieux \u00eatre incroyant qu&rsquo;<em>\u00ab\u00a0hypocrite\u00a0\u00bb<\/em>, c&rsquo;est \u00e0 dire que si l&rsquo;on se dit croyant il faut l&rsquo;\u00eatre sans r\u00e9serves et sans calcul.<br \/>\nOui moi aussi je trouve que tout cela constitue une forme malsaine de chantage, mais c&rsquo;est un fait, cela fait partie des principes th\u00e9oriques de ces religions\u00a0et le plus tol\u00e9rant des cur\u00e9s, le plus lib\u00e9ral des imams, auront du mal \u00e0 absoudre une de leurs ouailles qui se dira <em>\u00ab\u00a0un tiers chr\u00e9tien, un tiers musulman, un tiers bouddhiste\u00a0\u00bb<\/em>. Puisque la religion est avant tout un outil de coercition sociale, un moyen pour souder le groupe autour d\u2019un certain nombre de rites, de pratiques, de croyances, de lieux, de valeurs, alors on n\u2019est pas cens\u00e9 dire que l\u2019on n\u2019y adh\u00e8re qu\u2019\u00e0 moiti\u00e9, et on n&rsquo;est pas cens\u00e9 choisir ce \u00e0 quoi on adh\u00e8re, on doit prendre le pack entier. Du moins officiellement, car tout croyant effectue une s\u00e9lection, ne serait-ce que parce qu&rsquo;il est logiquement impossible de cocher toutes les cases en m\u00eame temps, eu \u00e9gard \u00e0 l&rsquo;incoh\u00e9rence des livres et \u00e0 la grande latitude d&rsquo;interpr\u00e9tation permise par des si\u00e8cles de r\u00e9flexion th\u00e9ologique et de pratique populaire<sup><a href=\"#footnote_6_5444\" id=\"identifier_6_5444\" class=\"footnote-link footnote-identifier-link\" title=\"Je note que les religions laissent une latitude au doute et aux errements du croyant, tant que tout cela permet de renforcer son adh&eacute;sion au cr&eacute;do, mais il faut que cela soit contr&ocirc;l&eacute;, dirig&eacute; : on peut confesser &agrave; un pr&ecirc;tre que l&rsquo;on doute, et se le reprocher &agrave; soi-m&ecirc;me, mais on n&rsquo;est pas cens&eacute; en parler autour d&rsquo;un verre avec des gens qui ont d&rsquo;autres croyances : on lave son linge sale en famille.\">6<\/a><\/sup>.<\/p>\n<div id=\"attachment_5553\" style=\"width: 802px\" class=\"wp-caption aligncenter\"><img decoding=\"async\" aria-describedby=\"caption-attachment-5553\" class=\"size-full wp-image-5553\" src=\"files\/2017\/11\/union_sacree_2.jpg\" alt=\"\" width=\"792\" height=\"304\" srcset=\"https:\/\/hyperbate.fr\/castagne\/files\/2017\/11\/union_sacree_2.jpg 792w, https:\/\/hyperbate.fr\/castagne\/files\/2017\/11\/union_sacree_2-300x115.jpg 300w, https:\/\/hyperbate.fr\/castagne\/files\/2017\/11\/union_sacree_2-768x295.jpg 768w, https:\/\/hyperbate.fr\/castagne\/files\/2017\/11\/union_sacree_2-624x240.jpg 624w\" sizes=\"(max-width: 792px) 100vw, 792px\" \/><p id=\"caption-attachment-5553\" class=\"wp-caption-text\">Natacha Polony devient une h\u00e9ro\u00efne pour le site identitaire fdesouche, Christophe Barbier le plus mauvais journaliste de France \u00e0 ma connaissance prend parti contre Edwy Plenel, et enfin, un ancien premier ministre, au nom de la libert\u00e9 d&rsquo;expression et de la d\u00e9mocratie, veut que M\u00e9diapart \u00ab\u00a0rende gorge\u00a0\u00bb et soit \u00ab\u00a0exclu du d\u00e9bat public\u00a0\u00bb. Charmant !<\/p><\/div>\n<p>On peut en penser ce qu&rsquo;on veut (j&rsquo;en pense beaucoup de mal, pour ma part), mais cette injonction \u00e0 se donner entier \u00e0 son dieu fait qu&rsquo;il est absurde d&rsquo;exiger des croyants de se revendiquer \u00ab\u00a0mod\u00e9r\u00e9s\u00a0\u00bb, et un peu idiot de laisser entendre que les seuls musulmans non-mod\u00e9r\u00e9s, passionn\u00e9s, entiers, sont ceux qui posent des bombes ! Du reste, laisser penser qu&rsquo;un musulman v\u00e9ritable est un meurtrier est pr\u00e9cis\u00e9ment le c\u0153ur de la propagande de Daech&#8230; Quelle id\u00e9e d&rsquo;\u00e9pouser la m\u00eame vision des choses ? Ceux qui insultent les musulmans travaillent au m\u00eame monde de mis\u00e8re que ceux qui leur promettent le Califat : l&rsquo;un pousse, l&rsquo;autre attire, il n&rsquo;y a pas de tension, juste une direction.<br \/>\nJe vais en choquer plus d&rsquo;un en l&rsquo;\u00e9crivant mais pour moi, \u00c9lisabeth Badinter, Dieudonn\u00e9, Manuel Valls, le Printemps R\u00e9publicain, Riposte la\u00efque, Tariq Ramadan, Caroline Fourest, le Parti des Indig\u00e8nes de la R\u00e9publique, etc., etc., s&rsquo;ils sont bien adversaires, n&rsquo;en sont pas moins unis autour d&rsquo;une vision du monde assez semblable. Parfois avec une vraie honn\u00eatet\u00e9 intellectuelle et en esp\u00e9rant sinc\u00e8rement aller dans le bon sens, je ne mets pas \u00e7a en question a priori (m\u00eame si j&rsquo;ai mon opinion sur le degr\u00e9 d&rsquo;opportunisme de certains). J&rsquo;ai peur que tous ces gens nous m\u00e8nent vers la guerre, peut-\u00eatre vers une nouvelle Saint-Barth\u00e9l\u00e9my, peut-\u00eatre juste vers une extension du communautarisme, vers une vague de radicalisation molle mais d\u00e9vastatrice<sup><a href=\"#footnote_7_5444\" id=\"identifier_7_5444\" class=\"footnote-link footnote-identifier-link\" title=\"Daech est comme l&rsquo;&eacute;pisode des Anabaptistes de M&uuml;nster au XVIe si&egrave;cle (et bien d&rsquo;autres pouss&eacute;es de fi&egrave;vre sectaires dans l&rsquo;histoire) : ravageur et spectaculaire, mais forc&eacute;ment &eacute;puisant pour tout le monde et appel&eacute; &agrave; l&rsquo;autodestruction.\nMais d&rsquo;autres mouvements sont plus lents, moins visibles, moins meurtriers en apparence mais plus solides et plus efficaces &agrave; long terme, con&ccedil;us pour durer.\">7<\/a><\/sup> d&rsquo;une partie des musulmans autant que d&rsquo;une partie des chr\u00e9tiens. Ma th\u00e9orie, je l&rsquo;ai dit souvent, c&rsquo;est que nous nous dirigeons vers un affrontement, non pas parce que le livre de l&rsquo;un dit noir et que le livre de l&rsquo;autre dit blanc, \u00e7a n&rsquo;a en g\u00e9n\u00e9ral aucune importance, mais parce que le p\u00e9trole, l&rsquo;uranium, les terres cultivables, l&rsquo;eau non-souill\u00e9e, l&rsquo;air respirable, sont inexorablement amen\u00e9s \u00e0 manquer, et que m\u00eame si en apparence tout se passe encore bien, m\u00eame si nous nous faisons encore croire que la science et la technologie pourront nous sauver <em>in extremis<\/em><sup><a href=\"#footnote_8_5444\" id=\"identifier_8_5444\" class=\"footnote-link footnote-identifier-link\" title=\"Alors m&ecirc;me que certains d&rsquo;entre nous voient la science comme une sorte de luxe inutile et id&eacute;ologiquement nuisible &mdash; on trouve &ccedil;a chez Trump, chez les religieux et chez certains &eacute;cologistes, mais aussi de mani&egrave;re plus insidieuse dans le discours m&eacute;diatique et dans les politiques publiques de partis politiques pourtant &laquo;&nbsp;science-friendly&nbsp;&raquo;.\">8<\/a><\/sup>, nous nous pr\u00e9parons \u00e0 nous entre-tuer, c&rsquo;est ce que disait Claude L\u00e9vi-Strauss quelques ann\u00e9es avant sa mort :<\/p>\n<blockquote><p>(&#8230;) De ces disparitions, l&rsquo;homme est sans doute l&rsquo;auteur, mais leurs effets se retournent contre lui. Il n&rsquo;est aucun, peut-\u00eatre, des grands drames contemporains qui ne trouve son origine directe ou indirecte dans la difficult\u00e9 croissante de vivre ensemble, inconsciemment ressentie par une humanit\u00e9 en proie \u00e0 l&rsquo;explosion d\u00e9mographique et qui &#8211; tels ces vers de farine qui s&#8217;empoisonnent \u00e0 distance dans le sac qui les enferme bien avant que la nourriture commence \u00e0 leur manquer &#8211; se mettrait \u00e0 se ha\u00efr elle-m\u00eame parce qu&rsquo;une prescience secr\u00e8te l&rsquo;avertit qu&rsquo;elle devient trop nombreuse pour que chacun de ses membres puisse librement jouir de ces biens essentiels que sont l&rsquo;espace libre, l&rsquo;eau pure, l&rsquo;air non pollu\u00e9<sup><a href=\"#footnote_9_5444\" id=\"identifier_9_5444\" class=\"footnote-link footnote-identifier-link\" title=\"Claude L&eacute;vi-Strauss, r&eacute;ception du Prix international de Catalogne, mai 2005.\">9<\/a><\/sup>.<\/p><\/blockquote>\n<p>Pour s&rsquo;entre-tuer, il faut des camps bien identifi\u00e9s, il faut qu&rsquo;il y ait les \u00ab\u00a0n\u00f4tres\u00a0\u00bb et les \u00ab\u00a0autres\u00a0\u00bb, et il faut un pr\u00e9texte, un d\u00e9saccord fondamental, irr\u00e9conciliable, puis, \u00e7a marche toujours, accuser son adversaire d&rsquo;\u00eatre un danger futur. Le temps se charge d&rsquo;apporter l&rsquo;\u00e9tincelle.<\/p>\n<p>Si je partage l&rsquo;analyse d&rsquo;Edwy Plenel sur le fait qu&rsquo;il existe une gauche et une droite alli\u00e9s dans une guerre contre les musulmans, je ne mets pas Charlie Hebdo dans ce sac, ne serait-ce que parce que Charlie Hebdo exprime de nombreuses sensibilit\u00e9s diff\u00e9rentes et, par son caract\u00e8re satirique, (vaguement) anar et (encore un peu) d\u00e9conneur, permet le d\u00e9calage, permet de ridiculiser tous les discours, ou permet de ridiculiser l&rsquo;id\u00e9e m\u00eame de s\u00e9rieux<sup><a href=\"#footnote_10_5444\" id=\"identifier_10_5444\" class=\"footnote-link footnote-identifier-link\" title=\"La zone d&rsquo;ombre de Charlie Hebdo, pour moi, c&rsquo;est la psychanalyse, qu&rsquo;ils traitent avec une d&eacute;votion respectueuse tr&egrave;s constante.\">10<\/a><\/sup>. L&rsquo;humour est une des armes de l&rsquo;intelligence. Malheureusement pour eux, le monde entier, que ce soient ceux qui leur souhaitent mille morts ou ceux qui veulent en faire un porte-\u00e9tendard politique, les force \u00e0 se prendre au s\u00e9rieux. Si j&rsquo;ai trouv\u00e9 l&rsquo;\u00e9dito de Riss excessif, j&rsquo;admets qu&rsquo;il est maladroit ou imprudent de la part de Plenel de mentionner Charlie Hebdo comme faisant partie d&rsquo;une \u00ab\u00a0guerre contre les musulmans\u00a0\u00bb<sup><a href=\"#footnote_11_5444\" id=\"identifier_11_5444\" class=\"footnote-link footnote-identifier-link\" title=\"Notons tout de m&ecirc;me que la phrase dite par Plenel sur France Info &agrave; ce sujet a &eacute;t&eacute; malhonn&ecirc;tement tronqu&eacute;e.\">11<\/a><\/sup>. Tout comme je trouve injuste de la part de Charlie Hebdo de se ranger derri\u00e8re l&rsquo;id\u00e9e qu&rsquo;en consid\u00e9rant que les musulmans de France sont victimes d&rsquo;une forme de stigmatisation, M\u00e9diapart est au mieux <em>\u00ab\u00a0idiot utile de l&rsquo;islamisme\u00a0\u00bb<\/em> et au pire, un m\u00e9dia <em>\u00ab\u00a0compagnon de route de l&rsquo;int\u00e9grisme\u00a0\u00bb<\/em>, comme je l&rsquo;ai entendu dire vendredi par une journaliste sur Arte. Et ne parlons pas de l&rsquo;odieuse accusation d&rsquo;avoir sciemment couvert des viols, ou encore plus incroyable, le rapprochement assez obsc\u00e8ne fait par Joann Sfar et repris sans v\u00e9rification par une partie de la presse entre les 130 morts du Bataclan et les 130 signataires (en fait 150) d&rsquo;une tribune de soutien \u00e0 Edwy Plenel.<br \/>\n\u00c0 l&rsquo;heure o\u00f9 je parle, la dessinatrice Coco a ferm\u00e9 son compte Twitter, sous le poids des insultes\u00a0\u2014 elle a tout mon soutien, mais m\u00eame si son dessin affirmant qu&rsquo;Edwy Plenel avait volontairement \u00e9vit\u00e9 de s&rsquo;int\u00e9resser aux m\u0153urs sexuelles de Tariq Ramadan \u00e9tait plut\u00f4t r\u00e9ussi et dr\u00f4le (elle est un des derniers talents de ce journal), il \u00e9tait injuste. La seule personne qui se soit elle-m\u00eame accus\u00e9e d&rsquo;avoir \u00e9t\u00e9 au courant et de n&rsquo;avoir rien dit, c&rsquo;est Caroline Fourest<sup><a href=\"#footnote_12_5444\" id=\"identifier_12_5444\" class=\"footnote-link footnote-identifier-link\" title=\"Bien que je la mentionne plusieurs fois dans ce texte, je ne pense pas de mal de Caroline Fourest, si ce n&rsquo;est qu&rsquo;elle peine &agrave; revenir sur ses emballements quand bien m&ecirc;me ils a &eacute;t&eacute; d&eacute;montr&eacute; qu&rsquo;ils &eacute;taient mal inform&eacute;s, ce qui d&eacute;cr&eacute;dibilise totalement son propos. L&rsquo;orgueil la rend malhonn&ecirc;te. Mais depuis que j&rsquo;ai vu une manifestation de deux cent hommes, avec &agrave; leur t&ecirc;te un cur&eacute; illumin&eacute; en soutane, l&rsquo;accueillir &agrave; la sortie d&rsquo;un train avec des intentions brutales, je me dis que sa vie quotidienne doit &ecirc;tre un enfer et qu&rsquo;elle est courageuse de s&rsquo;en tenir &agrave; ses id&eacute;es m&ecirc;me si celles-ci sont erron&eacute;es.\">12<\/a><\/sup>.<br \/>\nJ&rsquo;en veux vraiment \u00e0 ceux qui se servent opportun\u00e9ment de cette histoire pour r\u00e9gler des comptes. Je pense par exemple \u00e0 Manuel Valls qui, au nom de la d\u00e9fense de la libert\u00e9 d&rsquo;expression et de la d\u00e9mocratie a souhait\u00e9 tout haut que M\u00e9diapart <a href=\"https:\/\/tempsreel.nouvelobs.com\/politique\/20171115.OBS7371\/je-veux-qu-ils-rendent-gorge-valls-attaque-violemment-plenel-et-mediapart.html\" target=\"_blank\" rel=\"noopener\"><em>\u00ab\u00a0soit exclu du d\u00e9bat public\u00a0\u00bb<\/em> et <em>\u00ab\u00a0rende gorge\u00a0\u00bb<\/em> !<\/a> J&rsquo;en viens \u00e0 me demander si Plenel ne pr\u00e9pare pas un dossier sur l&rsquo;ancien premier ministre et si ce dernier n&rsquo;est pas en train de jouer le tout pour le tout, \u00e0 coup d&rsquo;insinuations toxiques, pour d\u00e9cr\u00e9dibiliser le site d&rsquo;investigation ou pour faire passer son travail pour une vendetta entre personnes. Ou bien il cherche juste un pr\u00e9texte pour pousser plus avant son personnage de \u00ab\u00a0monsieur je-serais-intraitable\u00a0\u00bb, son cr\u00e9neau marketing.<\/p>\n<div id=\"attachment_5569\" style=\"width: 802px\" class=\"wp-caption aligncenter\"><img decoding=\"async\" aria-describedby=\"caption-attachment-5569\" class=\"size-full wp-image-5569\" src=\"files\/2017\/11\/phebus_aban.jpg\" alt=\"\" width=\"792\" height=\"298\" srcset=\"https:\/\/hyperbate.fr\/castagne\/files\/2017\/11\/phebus_aban.jpg 792w, https:\/\/hyperbate.fr\/castagne\/files\/2017\/11\/phebus_aban-300x113.jpg 300w, https:\/\/hyperbate.fr\/castagne\/files\/2017\/11\/phebus_aban-768x289.jpg 768w, https:\/\/hyperbate.fr\/castagne\/files\/2017\/11\/phebus_aban-624x235.jpg 624w\" sizes=\"(max-width: 792px) 100vw, 792px\" \/><p id=\"caption-attachment-5569\" class=\"wp-caption-text\">Gaston Ph\u00e9bus (1978) \u00e9pisode 1. On entend toujours parler de l&rsquo;arm\u00e9e de Ph\u00e9bus dans la s\u00e9rie, compos\u00e9e de dizaine de milliers d&rsquo;hommes, mais \u00e0 l&rsquo;image on a toujours les six ou sept m\u00eames mecs. C&rsquo;est un peu cheap. Comme d&rsquo;utiliser une pauvre carri\u00e8re \u00e0 ciel ouvert comme d\u00e9cor pour repr\u00e9senter la Palestine. La s\u00e9quence ci-dessus est int\u00e9ressante pour la mani\u00e8re dont elle repr\u00e9sente les Croisades : les soldats francs, qui sont techniquement une arm\u00e9e d&rsquo;invasion, sont pr\u00e9sent\u00e9s comme les preux chevaliers qui vont au secours d&rsquo;un homme tortur\u00e9 et se font prendre en \u00e9tau par une bande d&rsquo;orientaux patibulaires \u00e0 qui la cam\u00e9ra ne donne jamais la chance d&rsquo;\u00eatre montr\u00e9s comme des personnes : ce sont des burnous et des turbans qui braillent en faisant tourner des sabres. Ils sont fourbes, bruyants et l\u00e2ches<sup><a href=\"#footnote_13_5444\" id=\"identifier_13_5444\" class=\"footnote-link footnote-identifier-link\" title=\"Les Croisades, dont on parle avec l&eacute;g&egrave;ret&eacute; chez nous &agrave; pr&eacute;sent, n&rsquo;ont pas &eacute;t&eacute; une entreprise pacifique mais bien une sanglante s&eacute;rie de guerres de conqu&ecirc;te. Rappelons le c&eacute;l&egrave;bre t&eacute;moignage de Raymond d&rsquo;Agiles (Historia francorum qui ceperint Jerusalem) : &laquo;&nbsp;On vit alors des choses jamais vues. De nombreux infid&egrave;les furent d&eacute;capit&eacute;s, tu&eacute;s par les archers ou contraints de sauter du haut des tours. D&rsquo;autres encore furent tortur&eacute;s puis jet&eacute;s dans les flammes. On pouvait voir dans les rues des monceaux de t&ecirc;tes, de mains et de pieds. On chevauchait partout sur des cadavres. Ce fut un tel massacre dans la ville que les n&ocirc;tres marchaient dans le sang jusqu&rsquo;aux chevilles. Les crois&eacute;s pillaient &agrave; sati&eacute;t&eacute; : ils parcouraient les rues, entraient dans les maisons, raflaient or, argent, chevaux, tout ce qu&rsquo;ils trouvaient&hellip;&nbsp;&raquo;. Notons qu&rsquo;&agrave; l&rsquo;&eacute;poque, &laquo;&nbsp;les infid&egrave;les&nbsp;&raquo; c&rsquo;&eacute;taient les musulmans. C&rsquo;est encore sous ce nom que, cinq si&egrave;cles plus tard, ont &eacute;t&eacute; massacr&eacute;s les Mayas et les Azt&egrave;ques.\">13<\/a><\/sup>.<\/p><\/div>\n<p>Une chose me choque de plus en plus dans le discours ambiant, c&rsquo;est sa binarit\u00e9 : si on ne va pas dans le sens du troupeau, c&rsquo;est qu&rsquo;on est l&rsquo;ennemi\u00a0\u2014 et on d\u00e9couvre vite \u00e0 ses d\u00e9pens qu&rsquo;il s&rsquo;agissait d&rsquo;un troupeau de loups pour qui d\u00e9signer l&rsquo;ennemi, c&rsquo;est se donner la permission de le juger sans proc\u00e8s, de le condamner sans jugement et d&rsquo;ex\u00e9cuter sa peine sans condamnation. \u00c0 une \u00e9poque pas si lointaine, la tol\u00e9rance consistait \u00e0 accepter que quelqu&rsquo;un soit diff\u00e9rent, ait une autre vision du monde, d&rsquo;autres id\u00e9es. Aujourd&rsquo;hui, chez beaucoup, c&rsquo;est un cri de ralliement : on est dans la bande des tol\u00e9rants d\u00e9goulinants d&rsquo;esprit d\u00e9mocratique, ou bien on est l&rsquo;ennemi et on doit \u00eatre abattu. \u00c0 une \u00e9poque on pouvait ne pas aimer quelque chose sans demander pour autant une loi pour l&rsquo;interdire !<br \/>\nPour ma part j&rsquo;ai l&rsquo;impression et je m&rsquo;efforce constamment d&rsquo;\u00eatre tol\u00e9rant suivant l&rsquo;acception ancienne du mot. Je consid\u00e8re que le monde entier a tort, je n&rsquo;aime pas la politique, Je n&rsquo;aime pas les religions, elles me font peur, je n&rsquo;aime pas les symboles qui vont avec les religions, et notamment l&rsquo;obsession de la distinction sexuelle dans les religions monoth\u00e9istes. Beaucoup de valeurs politiques, religieuses ou philosophiques qui ne sont pas les miennes me r\u00e9pugnent, mais je respecte la folie de chacun tant que je n&rsquo;ai pas la preuve que les fous font du mal \u00e0 d&rsquo;autres qu&rsquo;\u00e0 eux-m\u00eames.<\/p>\n<div id=\"attachment_5549\" style=\"width: 802px\" class=\"wp-caption aligncenter\"><img decoding=\"async\" aria-describedby=\"caption-attachment-5549\" class=\"size-full wp-image-5549\" src=\"files\/2017\/11\/gaston2.jpg\" alt=\"\" width=\"792\" height=\"298\" srcset=\"https:\/\/hyperbate.fr\/castagne\/files\/2017\/11\/gaston2.jpg 792w, https:\/\/hyperbate.fr\/castagne\/files\/2017\/11\/gaston2-300x113.jpg 300w, https:\/\/hyperbate.fr\/castagne\/files\/2017\/11\/gaston2-768x289.jpg 768w, https:\/\/hyperbate.fr\/castagne\/files\/2017\/11\/gaston2-624x235.jpg 624w\" sizes=\"(max-width: 792px) 100vw, 792px\" \/><p id=\"caption-attachment-5549\" class=\"wp-caption-text\"><em>Gaston Ph\u00e9bus<\/em> (1978), suite. Ayant eu contre son gr\u00e9 un enfant avec son \u00e9pouse qu&rsquo;il d\u00e9teste (c&rsquo;est un peu compliqu\u00e9 \u00e0 expliquer), Gaston III de Foix-B\u00e9arn hait son rejeton Gaston, un adolescent difficile (qui, sous-entend lourdement mais s\u00fbrement le sc\u00e9nario, s&rsquo;int\u00e9resse plut\u00f4t aux gar\u00e7ons qu&rsquo;aux filles). Tout naturellement, comme \u00e7a se faisait \u00e0 l&rsquo;\u00e9poque, le jeune homme essaie d&#8217;empoisonner sa famille sur le conseil de son oncle maternel, Charles le mauvais. L&rsquo;affaire tourne mal car son fr\u00e8re Yvain (Lambert Wilson, alors \u00e0 ses d\u00e9buts) parvient \u00e0 l&rsquo;en emp\u00eacher. Il ne veut cependant pas que son demi-fr\u00e8re soit puni (dans les fratries, on se chamaille, mais face \u00e0 l&rsquo;autorit\u00e9 parentale, on peut aussi \u00eatre solidaire !), mais le poison est involontairement rep\u00e9r\u00e9 par un chien qui, apr\u00e8s l&rsquo;avoir ing\u00e9r\u00e9, d\u00e9c\u00e8de. C&rsquo;est la goute d&rsquo;eau qui fait d\u00e9border le vase, Gaston est envoy\u00e9 dans sa chambre sans manger. Mais quand les choses se calment, il continue de refuser de s&rsquo;alimenter ! Dans la sc\u00e8ne ci-dessus, Gaston III essaie de convaincre son fils de go\u00fbter une cuisse de poulet mais ce dernier refuse. Alors son p\u00e8re n\u00e9gocie, menace, s&rsquo;\u00e9nerve. Mais \u00e7a marche pas ces trucs-l\u00e0, croyez-en mon exp\u00e9rience, l&rsquo;\u00e9ducation est un truc bien plus fin. Le fils meurt, la jugulaire accidentellement tranch\u00e9e par son papa qui faisait mine de le menacer avec un poignard et qui s&rsquo;est montr\u00e9 maladroit en le manipulant. En plus il savait pas que son fils \u00e9tait h\u00e9mophile.<\/p><\/div>\n<p>Bon, maintenant, parlons solutions.<br \/>\nCar quand des gens a priori intelligents s&rsquo;\u00e9charpent, des gens qui a priori cherchent \u00e0 \u00eatre du bon c\u00f4t\u00e9 de la barre, il y a un probl\u00e8me \u00e0 r\u00e9gler. Sur les affaires dont il est question, je dois dire que je suis effray\u00e9, chaque jour, sur Twitter, en voyant les positions des uns et des autres se rendre caricaturales et devenir affaire de r\u00e9flexes, de r\u00e9actions \u00e9pidermiques qui transforment des personnes estimables en machines \u00e0 penser par cat\u00e9gories et par mots-cl\u00e9s.<br \/>\nJe veux continuer \u00e0 d\u00e9battre m\u00eame si \u00e7a m&rsquo;\u00e9puise et si \u00e7a me d\u00e9sesp\u00e8re, alors je vais tenter de me tenir \u00e0 quelques principes qui peuvent m&rsquo;aider \u00e0 \u00eatre juste :<br \/>\n\u2014 \u00c9viter la tentation des oppositions qui s&rsquo;\u00e9quilibrent : si on me parle d&rsquo;une injustice commise par x, il ne faut pas lui opposer une injustice commise par y : une injustice plus une injustice, \u00e7a ne fait pas un \u00e9quilibre, \u00e7a fait deux injustices. Les deux injustices doivent \u00eatre condamn\u00e9es, elles ne s&rsquo;annulent pas. Par ailleurs, chacun a ses points sensibles et ses points aveugles, il faut l&rsquo;admettre (y compris \u00e0 son propre sujet) et \u00e9viter de poser \u00e7a en termes accusatoires.<br \/>\n\u2014 Ne pas r\u00e9agir \u00e0 une nouvelle sans conna\u00eetre le contexte, sans avoir pris connaissance de la phrase enti\u00e8re et m\u00eame des phrases qui pr\u00e9c\u00e8dent et qui suivent, sans avoir vu la vid\u00e9o, sans avoir lu l&rsquo;article.<\/p>\n<div id=\"attachment_5575\" style=\"width: 802px\" class=\"wp-caption aligncenter\"><img decoding=\"async\" aria-describedby=\"caption-attachment-5575\" class=\"size-full wp-image-5575\" src=\"files\/2017\/11\/auroreberge.jpg\" alt=\"\" width=\"792\" height=\"253\" srcset=\"https:\/\/hyperbate.fr\/castagne\/files\/2017\/11\/auroreberge.jpg 792w, https:\/\/hyperbate.fr\/castagne\/files\/2017\/11\/auroreberge-300x96.jpg 300w, https:\/\/hyperbate.fr\/castagne\/files\/2017\/11\/auroreberge-768x245.jpg 768w, https:\/\/hyperbate.fr\/castagne\/files\/2017\/11\/auroreberge-624x199.jpg 624w\" sizes=\"(max-width: 792px) 100vw, 792px\" \/><p id=\"caption-attachment-5575\" class=\"wp-caption-text\">Un exemple tout frais de probl\u00e8me de contexte : hier Aurore Berg\u00e9 (porte-parole de la R\u00e9publique en Marche) a exhum\u00e9 un tweet de M\u00e9lenchon qui proposait que le Parti de Gauche offre l&rsquo;asile politique \u00e0 G\u00e9rard Filoche, laissant croire que cette proposition suit le tweet douteux de G\u00e9rard Filoche. L&rsquo;indignation est g\u00e9n\u00e9rale, jusqu&rsquo;\u00e0 ce que certains remarquent que le tweet de M\u00e9lenchon date de 2014 et ne peut donc pas \u00eatre li\u00e9 \u00e0 une affaire de 2017.\u00a0La jeune d\u00e9put\u00e9e a \u00e9t\u00e9 forc\u00e9e d&rsquo;admettre son erreur, expliquant qu&rsquo;elle n&rsquo;avait pas vu la date du tweet (admettons &#8211; \u00e7a m&rsquo;est arriv\u00e9 assez souvent pour que je puisse y croire), mais ajoutant l&rsquo;insulte \u00e0 l&rsquo;injure en se demandant tout haut si l&rsquo;offre est toujours d&rsquo;actualit\u00e9, en accusant M\u00e9lenchon d'\u00a0\u00bbavoir des amiti\u00e9s avec le Parti des Indig\u00e8nes de la R\u00e9publique\u00a0\u00bb (dont il s&rsquo;est pourtant fermement d\u00e9marqu\u00e9), et finissant par retourner sa chaussette sale en demandant que l&rsquo;on se calme puisqu&rsquo;elle n&rsquo;a <em><a href=\"https:\/\/twitter.com\/auroreberge\/status\/932049908915466242\" target=\"_blank\" rel=\"noopener\">\u00ab\u00a0justement aucune envie d&#8217;employer les m\u00e9thodes qui sont celles des Insoumis\u00a0\u00bb<\/a><\/em>. Ce qui m&rsquo;int\u00e9resse ici et qui motive le point suivant, c&rsquo;est que je pense que le sentiment que M\u00e9lenchon est suspect d&rsquo;indulgence envers l&rsquo;antis\u00e9mitisme, provoqu\u00e9 l&rsquo;exhumation opportuniste d&rsquo;un de ses vieux tweets, ne va pas quitter ceux qui l&rsquo;auront \u00e9prouv\u00e9 (notamment ceux qui \u00e9taient d\u00e9j\u00e0 pr\u00eats \u00e0 la recevoir sans filtre), alors m\u00eame qu&rsquo;ils auront \u00e9t\u00e9 ensuite inform\u00e9s de la manipulation. Les sentiments sont comme l&rsquo;amiante ou ces m\u00e9taux lourds qui s&rsquo;accumulent dans l&rsquo;organisme et ne le quittent jamais : les r\u00e9visions, le compl\u00e9ment d&rsquo;information, la r\u00e9flexion, ne permettent jamais de s&rsquo;en d\u00e9barrasser vraiment, et ils refont surface \u00e0 la premi\u00e8re occasion.<\/p><\/div>\n<p>\u2014\u00a0 S&rsquo;efforcer de mettre \u00e0 jour les informations qu&rsquo;on a tenues pour exactes et qui se sont r\u00e9v\u00e9l\u00e9es ne pas l&rsquo;\u00eatre, et tenter de revenir sur les sentiments que l&rsquo;on a \u00e9prouv\u00e9 en les entendant. Cette seconde partie est presque impossible \u00e0 effectuer, malheureusement : une indignation qui s&rsquo;appuie sur une mauvaise information restera toujours en sourdine quand bien m\u00eame on aura d\u00e9couvert sa fausset\u00e9.<br \/>\n\u2014\u00a0 R\u00e9agir \u00e0 ce que les gens font, \u00e0 ce qu&rsquo;ils disent, pas \u00e0 ce qu&rsquo;on pense qu&rsquo;ils pensent en vertu de leurs amiti\u00e9s ou de la personne qui s&rsquo;est trouv\u00e9e avec eux, un jour lambda, sur une photographie.<br \/>\n\u2014\u00a0 Se rappeler que les gens (et se compter dedans) sont bien plus largu\u00e9s qu&rsquo;ils ne se le font croire, bien moins ma\u00eetres de leurs pens\u00e9es, de leurs \u00e9motions, de leurs r\u00e9f\u00e9rences, de leurs go\u00fbts, de leurs r\u00e9pulsions, de leurs frayeurs, qu&rsquo;ils ne le voudraient.\u00a0 Chacun de nous est jet\u00e9 dans le monde sans avoir rien demand\u00e9 et passe les quelques d\u00e9cennies qu&rsquo;il y vit \u00e0 tenter de donner un sens aux choses en attendant de dispara\u00eetre. Et puis il meurt sans avoir rien compris, mais en ayant parfois fait du bien ou du mal, et\u00a0 en ayant parfois eu le choix de ses actes.<br \/>\n\u2014 Tenter d&rsquo;\u00e9viter les exc\u00e8s verbaux, qui braquent forc\u00e9ment, et les m\u00e9taphores outranci\u00e8res.<br \/>\n\u2014 Traiter chacun, m\u00eame adversaire, m\u00eame ennemi, comme une personne, c&rsquo;est \u00e0 dire comme quelqu&rsquo;un qui est responsable de ses actes et qui s&rsquo;exprime en son nom. Cela sert autant \u00e0 \u00eatre juste soi-m\u00eame qu&rsquo;\u00e0 contraindre sont interlocuteur \u00e0 ne se cacher ni derri\u00e8re un leader, ni derri\u00e8re un dieu, ni derri\u00e8re une id\u00e9e, et \u00e0 agir en tant que personne et non en tant qu&rsquo;agent.<\/p>\n<p>Hier avant d&rsquo;aller me coucher j&rsquo;avais plein d&rsquo;autres id\u00e9es de m\u00e9thodes \u00e0 appliquer pour rendre le monde moins stupide mais au r\u00e9veil, je les ai oubli\u00e9es. On verra une autre fois.<br \/>\nEt toi, lecteur, as-tu des propositions ?<\/p>\n<ol class=\"footnotes\"><li id=\"footnote_1_5444\" class=\"footnote\">Demandez \u00e0 <a href=\"https:\/\/www.google.com\/search?q=islamophobie&amp;biw=1366&amp;bih=662&amp;source=lnt&amp;tbs=cdr%3A1%2Ccd_min%3A1%2F1%2F1800%2Ccd_max%3A12%2F31%2F1950&amp;tbm=bks\" target=\"_blank\" rel=\"noopener\">Google books<\/a>.\u00a0<span class=\"footnote-back-link-wrapper\"> [<a href=\"#identifier_1_5444\" class=\"footnote-link footnote-back-link\">&#8617;<\/a>]<\/span><\/li><li id=\"footnote_2_5444\" class=\"footnote\">Il para\u00eet que de nombreuses femmes britanniques portent ce v\u00eatement sans rapport \u00e0 des convictions religieuses mais pour \u00e9pargner le soleil \u00e0 leur peau trop fragile, et que ce v\u00eatement a aussi du succ\u00e8s en Asie du Sud Est chez des femmes qui veulent aller \u00e0 la plage mais refusent de bronzer. En revanche il n&rsquo;est pas sp\u00e9cialement valid\u00e9 par Daech. <span class=\"footnote-back-link-wrapper\"> [<a href=\"#identifier_2_5444\" class=\"footnote-link footnote-back-link\">&#8617;<\/a>]<\/span><\/li><li id=\"footnote_3_5444\" class=\"footnote\">Il semble que certaines jeunes femmes ne se mettent \u00e0 porter le hijab que par r\u00e9action \u00e0 ce qu&rsquo;elles ressentent comme une attaque envers leur religion. Lire \u00e0 ce sujet le livre de t\u00e9moignages\u00a0<a href=\"http:\/\/www.premierparallele.fr\/livre\/des-voix-derriere-le-voile\" target=\"_blank\" rel=\"noopener\"><em>Des voix derri\u00e8re le voile<\/em><\/a>, par Fa\u00efza Zerouala, \u00e9d. Premier Parall\u00e8le. <span class=\"footnote-back-link-wrapper\"> [<a href=\"#identifier_3_5444\" class=\"footnote-link footnote-back-link\">&#8617;<\/a>]<\/span><\/li><li id=\"footnote_4_5444\" class=\"footnote\">Apocalypse 3:16. <span class=\"footnote-back-link-wrapper\"> [<a href=\"#identifier_4_5444\" class=\"footnote-link footnote-back-link\">&#8617;<\/a>]<\/span><\/li><li id=\"footnote_5_5444\" class=\"footnote\">Par exemple Rois 8:61 : <em>\u00ab\u00a0Que votre c\u0153ur soit tout \u00e0 l&rsquo;\u00c9ternel, notre Dieu, comme il l&rsquo;est aujourd&rsquo;hui, pour suivre ses lois et pour observer ses commandements\u00a0\u00bb<\/em>. Les dix commandements, d\u00e9j\u00e0, ne disent rien d&rsquo;autre avec cet avertissement : <em>\u00ab\u00a0car moi, l&rsquo;\u00c9ternel, ton Dieu, je suis un Dieu jaloux\u00a0\u00bb<\/em>. <span class=\"footnote-back-link-wrapper\"> [<a href=\"#identifier_5_5444\" class=\"footnote-link footnote-back-link\">&#8617;<\/a>]<\/span><\/li><li id=\"footnote_6_5444\" class=\"footnote\">Je note que les religions laissent une latitude au doute et aux errements du croyant, tant que tout cela permet de renforcer son adh\u00e9sion au cr\u00e9do, mais il faut que cela soit contr\u00f4l\u00e9, dirig\u00e9 : on peut confesser \u00e0 un pr\u00eatre que l&rsquo;on doute, et se le reprocher \u00e0 soi-m\u00eame, mais on n&rsquo;est pas cens\u00e9 en parler autour d&rsquo;un verre avec des gens qui ont d&rsquo;autres croyances : on lave son linge sale en famille. <span class=\"footnote-back-link-wrapper\"> [<a href=\"#identifier_6_5444\" class=\"footnote-link footnote-back-link\">&#8617;<\/a>]<\/span><\/li><li id=\"footnote_7_5444\" class=\"footnote\">Daech est comme l&rsquo;\u00e9pisode des Anabaptistes de M\u00fcnster au XVIe si\u00e8cle (et bien d&rsquo;autres pouss\u00e9es de fi\u00e8vre sectaires dans l&rsquo;histoire) : ravageur et spectaculaire, mais forc\u00e9ment \u00e9puisant pour tout le monde et appel\u00e9 \u00e0 l&rsquo;autodestruction.<br \/>\nMais d&rsquo;autres mouvements sont plus lents, moins visibles, moins meurtriers en apparence mais plus solides et plus efficaces \u00e0 long terme, con\u00e7us pour durer. <span class=\"footnote-back-link-wrapper\"> [<a href=\"#identifier_7_5444\" class=\"footnote-link footnote-back-link\">&#8617;<\/a>]<\/span><\/li><li id=\"footnote_8_5444\" class=\"footnote\">Alors m\u00eame que certains d&rsquo;entre nous voient la science comme une sorte de luxe inutile et id\u00e9ologiquement nuisible \u2014 on trouve \u00e7a chez Trump, chez les religieux et chez certains \u00e9cologistes, mais aussi de mani\u00e8re plus insidieuse dans le discours m\u00e9diatique et dans les politiques publiques de partis politiques pourtant \u00ab\u00a0science-friendly\u00a0\u00bb.<span class=\"footnote-back-link-wrapper\"> [<a href=\"#identifier_8_5444\" class=\"footnote-link footnote-back-link\">&#8617;<\/a>]<\/span><\/li><li id=\"footnote_9_5444\" class=\"footnote\">Claude L\u00e9vi-Strauss, r\u00e9ception du Prix international de Catalogne, mai 2005. <span class=\"footnote-back-link-wrapper\"> [<a href=\"#identifier_9_5444\" class=\"footnote-link footnote-back-link\">&#8617;<\/a>]<\/span><\/li><li id=\"footnote_10_5444\" class=\"footnote\">La zone d&rsquo;ombre de Charlie Hebdo, pour moi, c&rsquo;est la psychanalyse, qu&rsquo;ils traitent avec une d\u00e9votion respectueuse tr\u00e8s constante. <span class=\"footnote-back-link-wrapper\"> [<a href=\"#identifier_10_5444\" class=\"footnote-link footnote-back-link\">&#8617;<\/a>]<\/span><\/li><li id=\"footnote_11_5444\" class=\"footnote\">Notons tout de m\u00eame que la phrase dite par Plenel sur France Info \u00e0 ce sujet a \u00e9t\u00e9 malhonn\u00eatement tronqu\u00e9e. <span class=\"footnote-back-link-wrapper\"> [<a href=\"#identifier_11_5444\" class=\"footnote-link footnote-back-link\">&#8617;<\/a>]<\/span><\/li><li id=\"footnote_12_5444\" class=\"footnote\">Bien que je la mentionne plusieurs fois dans ce texte, je ne pense pas de mal de Caroline Fourest, si ce n&rsquo;est qu&rsquo;elle peine \u00e0 revenir sur ses emballements quand bien m\u00eame ils a \u00e9t\u00e9 d\u00e9montr\u00e9 qu&rsquo;ils \u00e9taient mal inform\u00e9s, ce qui d\u00e9cr\u00e9dibilise totalement son propos. L&rsquo;orgueil la rend malhonn\u00eate. Mais depuis que j&rsquo;ai vu une manifestation de deux cent hommes, avec \u00e0 leur t\u00eate un cur\u00e9 illumin\u00e9 en soutane, l&rsquo;accueillir \u00e0 la sortie d&rsquo;un train avec des intentions brutales, je me dis que sa vie quotidienne doit \u00eatre un enfer et qu&rsquo;elle est courageuse de s&rsquo;en tenir \u00e0 ses id\u00e9es m\u00eame si celles-ci sont erron\u00e9es. <span class=\"footnote-back-link-wrapper\"> [<a href=\"#identifier_12_5444\" class=\"footnote-link footnote-back-link\">&#8617;<\/a>]<\/span><\/li><li id=\"footnote_13_5444\" class=\"footnote\">Les Croisades, dont on parle avec l\u00e9g\u00e8ret\u00e9 chez nous \u00e0 pr\u00e9sent, n&rsquo;ont pas \u00e9t\u00e9 une entreprise pacifique mais bien une sanglante s\u00e9rie de guerres de conqu\u00eate. Rappelons le c\u00e9l\u00e8bre t\u00e9moignage de Raymond d&rsquo;Agiles (<em>Historia francorum qui ceperint Jerusalem<\/em>) : <em>\u00ab\u00a0On vit alors des choses jamais vues. De nombreux infid\u00e8les furent d\u00e9capit\u00e9s, tu\u00e9s par les archers ou contraints de sauter du haut des tours. D&rsquo;autres encore furent tortur\u00e9s puis jet\u00e9s dans les flammes. On pouvait voir dans les rues des monceaux de t\u00eates, de mains et de pieds. On chevauchait partout sur des cadavres. Ce fut un tel massacre dans la ville que les n\u00f4tres marchaient dans le sang jusqu&rsquo;aux chevilles. Les crois\u00e9s pillaient \u00e0 sati\u00e9t\u00e9 : ils parcouraient les rues, entraient dans les maisons, raflaient or, argent, chevaux, tout ce qu&rsquo;ils trouvaient&#8230;\u00a0\u00bb<\/em>. Notons qu&rsquo;\u00e0 l&rsquo;\u00e9poque, <em>\u00ab\u00a0les infid\u00e8les\u00a0\u00bb<\/em> c&rsquo;\u00e9taient les musulmans. C&rsquo;est encore sous ce nom que, cinq si\u00e8cles plus tard, ont \u00e9t\u00e9 massacr\u00e9s les Mayas et les Azt\u00e8ques. <span class=\"footnote-back-link-wrapper\"> [<a href=\"#identifier_13_5444\" class=\"footnote-link footnote-back-link\">&#8617;<\/a>]<\/span><\/li><\/ol>","protected":false},"excerpt":{"rendered":"<p>(bonjour ami ! La premi\u00e8re partie de cet article ne te sert \u00e0 rien, tes convictions sont arr\u00eat\u00e9es, tu es bouch\u00e9 \u00e0 l&rsquo;\u00e9meri et tu ne reviendras pas dessus : tu chercheras dans ma prose une confirmation de tes pr\u00e9jug\u00e9s, qu&rsquo;ils soient oppos\u00e9s ou semblables aux miens. Je le sais parce qu&rsquo;on est tous pareil, [&hellip;]<\/p>\n","protected":false},"author":1,"featured_media":0,"comment_status":"open","ping_status":"open","sticky":false,"template":"","format":"standard","meta":{"footnotes":""},"categories":[7,6],"tags":[],"class_list":["post-5444","post","type-post","status-publish","format-standard","hentry","category-democratie","category-religion"],"_links":{"self":[{"href":"https:\/\/hyperbate.fr\/castagne\/wp-json\/wp\/v2\/posts\/5444","targetHints":{"allow":["GET"]}}],"collection":[{"href":"https:\/\/hyperbate.fr\/castagne\/wp-json\/wp\/v2\/posts"}],"about":[{"href":"https:\/\/hyperbate.fr\/castagne\/wp-json\/wp\/v2\/types\/post"}],"author":[{"embeddable":true,"href":"https:\/\/hyperbate.fr\/castagne\/wp-json\/wp\/v2\/users\/1"}],"replies":[{"embeddable":true,"href":"https:\/\/hyperbate.fr\/castagne\/wp-json\/wp\/v2\/comments?post=5444"}],"version-history":[{"count":3,"href":"https:\/\/hyperbate.fr\/castagne\/wp-json\/wp\/v2\/posts\/5444\/revisions"}],"predecessor-version":[{"id":5589,"href":"https:\/\/hyperbate.fr\/castagne\/wp-json\/wp\/v2\/posts\/5444\/revisions\/5589"}],"wp:attachment":[{"href":"https:\/\/hyperbate.fr\/castagne\/wp-json\/wp\/v2\/media?parent=5444"}],"wp:term":[{"taxonomy":"category","embeddable":true,"href":"https:\/\/hyperbate.fr\/castagne\/wp-json\/wp\/v2\/categories?post=5444"},{"taxonomy":"post_tag","embeddable":true,"href":"https:\/\/hyperbate.fr\/castagne\/wp-json\/wp\/v2\/tags?post=5444"}],"curies":[{"name":"wp","href":"https:\/\/api.w.org\/{rel}","templated":true}]}}