{"id":525,"date":"2013-05-09T02:23:56","date_gmt":"2013-05-09T01:23:56","guid":{"rendered":"http:\/\/hyperbate.fr\/castagne\/?p=525"},"modified":"2022-09-07T09:12:16","modified_gmt":"2022-09-07T08:12:16","slug":"rallumer-les-lumieres","status":"publish","type":"post","link":"https:\/\/hyperbate.fr\/castagne\/2013\/05\/09\/rallumer-les-lumieres\/","title":{"rendered":"Rallumer les Lumi\u00e8res"},"content":{"rendered":"<p>Le neuf mai \u00e0 trois heures vingt-cinq du matin, je ne suis pas couch\u00e9, \u00e0 la place je poste un article pour d\u00e9fendre Jean-Jacques Rousseau. Eh oui, comment me coucher alors que <em>someone is wrong on the Internet<\/em> ?<\/p>\n<p>Note : les personnes dont j&rsquo;ai relev\u00e9 les tweets plus bas ne sont pas vis\u00e9s par cet article, ils ne sont ni les premiers ni les derniers \u00e0 r\u00e9p\u00e9ter les informations ou les rumeurs dont je veux d\u00e9noncer les motivations profondes.<\/p>\n<p><a href=\"http:\/\/xkcd.com\/386\/\"><img decoding=\"async\" class=\"aligncenter\" src=\"http:\/\/imgs.xkcd.com\/comics\/duty_calls.png\" alt=\"\" width=\"300\" height=\"330\" \/><\/a><\/p>\n<p>Je suis tomb\u00e9 par hasard sur Twitter sur des bribes de conversation o\u00f9 \u00e9tait cit\u00e9 Jean-Jacques Rousseau. Et comme \u00e0 chaque fois o\u00f9 Rousseau ou Voltaire (et parfois encore Montesquieu) est cit\u00e9 de mani\u00e8re positive dans un espace de conversation sur Internet, quelqu&rsquo;un vient les d\u00e9nigrer. Pour Rousseau, le premier angle, c&rsquo;est bien s\u00fbr l&rsquo;abandon de ses enfants, contre le v\u0153u de leur m\u00e8re, fait qui nous semble \u00e0 pr\u00e9sent terriblement choquant, surtout venant d&rsquo;un auteur qui a tant r\u00e9fl\u00e9chi \u00e0 l&rsquo;enfance et \u00e0 l&rsquo;\u00e9ducation<sup><a href=\"#footnote_1_525\" id=\"identifier_1_525\" class=\"footnote-link footnote-identifier-link\" title=\"Lire Les Confessions, livre VIII : &laquo;&nbsp;Si je disais mes raisons, j&rsquo;en dirais trop. Puisqu&rsquo;elles ont pu me s&eacute;duire, elles en s&eacute;duiraient bien d&rsquo;autres&nbsp;: je ne veux pas exposer les jeunes gens qui pourraient me lire &agrave; se laisser abuser par la m&ecirc;me erreur. Je me contenterai de dire qu&rsquo;elle fut telle, qu&rsquo;en livrant mes enfants &agrave; l&rsquo;&eacute;ducation publique, faute de pouvoir les &eacute;lever moi-m&ecirc;me, en les destinant &agrave; devenir ouvriers et paysans plut&ocirc;t qu&rsquo;aventuriers et coureurs de fortunes, je crus faire un acte de citoyen et de p&egrave;re, et je me regardai comme un membre de la r&eacute;publique de Platon. Plus d&rsquo;une fois, depuis lors, les regrets de mon c&oelig;ur m&rsquo;ont appris que je m&rsquo;&eacute;tais tromp&eacute; (&hellip;)&nbsp;Tout pes&eacute;, je choisis pour mes enfants le mieux, ou ce que je crus l&rsquo;&ecirc;tre. J&rsquo;aurais voulu, je voudrais encore avoir &eacute;t&eacute; &eacute;lev&eacute; et nourri comme ils l&rsquo;ont &eacute;t&eacute;&nbsp;&raquo;.\">1<\/a><\/sup>.<\/p>\n<p><span style=\"line-height: 1.714285714; font-size: 1rem;\">Bien entendu, c&rsquo;est choquant. Mais il faudrait conna\u00eetre mieux le contexte pour en juger : pour un intellectuel pauvre et sa compagne (avec qui il n&rsquo;\u00e9tait pas mari\u00e9), avoir des enfants n&rsquo;\u00e9tait pas forc\u00e9ment une chose \u00e9vidente, mais \u00e0 l&rsquo;\u00e9poque, il n&rsquo;existait pas vraiment de moyen de contr\u00f4ler les naissances, en dehors d&rsquo;avortements tardifs et dangereux. L&rsquo;abandon d&rsquo;enfants \u00e9tait une chose tr\u00e8s r\u00e9pandue, pour de nombreuses raisons (unions ill\u00e9gitimes, pauvret\u00e9). Mais on ne s&rsquo;en vantait pas. Rousseau, fid\u00e8le \u00e0 son projet de tout dire sur lui-m\u00eame<sup><a href=\"#footnote_2_525\" id=\"identifier_2_525\" class=\"footnote-link footnote-identifier-link\" title=\"&laquo;&nbsp;Je forme une entreprise qui n&rsquo;eut jamais d&rsquo;exemple, et dont l&rsquo;ex&eacute;cution n&rsquo;aura point d&rsquo;imitateur. Je veux montrer &agrave; mes semblables un homme dans toute la v&eacute;rit&eacute; de la nature, et cet homme, ce sera moi&nbsp;&raquo;.\">2<\/a><\/sup>, et peut-\u00eatre aussi forc\u00e9 de le faire puisque la rumeur l&rsquo;accablait d\u00e9j\u00e0, a os\u00e9 \u00e9voquer ce sujet. On le lui reproche plus de deux cent ans plus tard, mais peut-\u00eatre pourrait-on faire ce m\u00eame genre de reproches \u00e0 nombre de ses contemporains si ceux-ci avaient \u00e9t\u00e9 aussi loin que Rousseau dans l&rsquo;exposition de ses fautes.<\/span><\/p>\n<p><img decoding=\"async\" class=\"size-full wp-image-10649 aligncenter\" src=\"https:\/\/hyperbate.fr\/castagne\/files\/2013\/05\/rousseau.png\" alt=\"\" width=\"519\" height=\"169\" srcset=\"https:\/\/hyperbate.fr\/castagne\/files\/2013\/05\/rousseau.png 519w, https:\/\/hyperbate.fr\/castagne\/files\/2013\/05\/rousseau-300x98.png 300w\" sizes=\"(max-width: 519px) 100vw, 519px\" \/><\/p>\n<p><span style=\"line-height: 1.714285714; font-size: 1rem;\">Si cette histoire d&rsquo;enfants abandonn\u00e9s nous choque, c&rsquo;est peut-\u00eatre pr\u00e9cis\u00e9ment gr\u00e2ce \u00e0 Rousseau, qui a fait comprendre \u00e0 ses contemporains que l&rsquo;enfant \u00e9tait pr\u00e9cieux. \u00c0 son \u00e9poque, les femmes des villes n&rsquo;allaitaient pas leurs enfants, elles les envoyaient \u00e0 la campagne, chez des nourrices. Un tiers d&rsquo;entre eux seulement y survivait.<\/span><\/p>\n<p>Le second genre de reproche qu&rsquo;on lit souvent depuis quelque temps, c&rsquo;est le racisme suppos\u00e9 des philosophes des Lumi\u00e8res, parmi lesquels Rousseau. C&rsquo;est une accusation \u00e9trange dans le cas de ce dernier car on serait bien en peine de trouver des citations douteuse \u00e9manant de lui dans ce registre<sup><a href=\"#footnote_3_525\" id=\"identifier_3_525\" class=\"footnote-link footnote-identifier-link\" title=\"Voir par exemple cet article de Respectmag, qui cherche des poux &agrave; Rousseau, Montesquieu et Diderot, mais de mani&egrave;re assez peu convaincante.\">3<\/a><\/sup>. \u00a0Mais la rumeur a du succ\u00e8s, et on va (cf. plus bas) jusqu&rsquo;\u00e0 l&rsquo;accuser d&rsquo;avoir cru en la <em>\u00ab\u00a0sup\u00e9riorit\u00e9 de la race blanche\u00a0\u00bb<\/em>, rh\u00e9torique anachronique puisqu&rsquo;elle rappelle l&rsquo;\u00e9poque coloniale de la France voire le nazisme : on n&rsquo;utilisait pas ces termes au XVIIIe si\u00e8cle.<br \/>\nEt si, comme le disent certains, les philosophes des Lumi\u00e8res n&rsquo;ont pas franchement pris position contre la traite n\u00e9gri\u00e8re, ils ne l&rsquo;ont pas sp\u00e9cialement justifi\u00e9e non plus : au pire, ils ont fait preuve de quelques pr\u00e9jug\u00e9s. On peut peut-\u00eatre plus l\u00e9gitimement taper sur Voltaire, qui adorait faire des th\u00e9ories sur les peuples, th\u00e9ories qu&rsquo;on peut qualifier de racistes. En revanche le document qui l&rsquo;accuse d&rsquo;avoir investi de l&rsquo;argent dans l&rsquo;esclavagisme<sup><a href=\"#footnote_4_525\" id=\"identifier_4_525\" class=\"footnote-link footnote-identifier-link\" title=\"Mais aujourd&rsquo;hui, ne peut-on pas reprocher le m&ecirc;me genre de choses qu&rsquo;&agrave; Voltaire &agrave; une personne qui a des actions dans une marque de sportswear qui fabrique ses v&ecirc;tements dans les plus pauvres r&eacute;gions de l&rsquo;Asie ou dans des soci&eacute;t&eacute;s de production &eacute;nerg&eacute;tique qui pillent l&rsquo;Afrique ?\">4<\/a><\/sup> est, semble-t-il, un faux. Mais Voltaire est aussi l&rsquo;auteur du monologue de l&rsquo;esclave de Surinam<sup><a href=\"#footnote_5_525\" id=\"identifier_5_525\" class=\"footnote-link footnote-identifier-link\" title=\"Lire Candide ou l&rsquo;optimisme, chapitre 19.\">5<\/a><\/sup>, qui parle sans d\u00e9tours de la cruaut\u00e9 de l&rsquo;esclavagisme : <em>\u00ab\u00a0On nous donne un cale\u00e7on de toile pour tout v\u00eatement deux fois l&rsquo;ann\u00e9e. Quand nous travaillons aux sucreries, et que la meule nous attrape le doigt, on nous coupe la main ; quand nous voulons nous enfuir, on nous coupe la jambe : je me suis trouv\u00e9 dans les deux cas. C&rsquo;est \u00e0 ce prix que vous mangez du sucre en Europe (&#8230;) Les f\u00e9tiches hollandais qui m&rsquo;ont converti me disent tous les dimanches que nous sommes tous enfants d&rsquo;Adam, blancs et noirs. Je ne suis pas g\u00e9n\u00e9alogiste ; mais si ces pr\u00eacheurs disent vrai, nous sommes tous cousins issus de germains. Or vous m&rsquo;avouerez qu&rsquo;on ne peut pas en user avec ses parents d&rsquo;une mani\u00e8re plus horrible\u00a0\u00bb<\/em>.<br \/>\n\u00c0 mon avis, Voltaire \u00e9tait nettement moins entier, et plus conscient de ses\u00a0ambigu\u00eft\u00e9s\u00a0et de ses contradictions que Rousseau. Plus hypocrite, quoi. Et plus malin.<\/p>\n<p><img decoding=\"async\" class=\"size-full wp-image-10651 aligncenter\" src=\"https:\/\/hyperbate.fr\/castagne\/files\/2013\/05\/rousseau2-1.png\" alt=\"\" width=\"519\" height=\"174\" srcset=\"https:\/\/hyperbate.fr\/castagne\/files\/2013\/05\/rousseau2-1.png 519w, https:\/\/hyperbate.fr\/castagne\/files\/2013\/05\/rousseau2-1-300x101.png 300w\" sizes=\"(max-width: 519px) 100vw, 519px\" \/><\/p>\n<p><span style=\"font-size: 1rem; line-height: 1.714285714;\">Je m&rsquo;interroge sur cette propension r\u00e9cente \u00e0 salir les philosophes des lumi\u00e8res. Leurs \u00e9crits datent d&rsquo;il y a deux-cent cinquante ans, ils n&rsquo;\u00e9taient que des hommes, avec des pr\u00e9jug\u00e9s, des faiblesses, des contradictions, des compromissions, ils vivaient dans un monde qui a peu \u00e0 voir avec le n\u00f4tre et on peut, me semble-t-il, relativiser \u2014\u00a0sans pour autant les occulter\u00a0\u2014\u00a0un peu leurs d\u00e9fauts, lesquels ne p\u00e8sent pas grand chose\u00a0si on les met en balance avec ce qu&rsquo;ils nous ont apport\u00e9. Car ils ont quand m\u00eame th\u00e9oris\u00e9 la libert\u00e9 de l&rsquo;individu face \u00e0 la\u00a0<\/span>tyrannie<span style=\"font-size: 1rem; line-height: 1.714285714;\">\u00a0et \u00e0 l&rsquo;arbitraire tout en r\u00e9fl\u00e9chissant \u00e0 la citoyennet\u00e9, au fonctionnement de l&rsquo;\u00c9tat, de la justice, \u00e0 la s\u00e9paration des pouvoirs, \u00e0 la libre-circulation de la connaissance,&#8230; Nous leur devons \u00e9norm\u00e9ment.<\/span><\/p>\n<p><span style=\"font-size: 1rem; line-height: 1.714285714;\">Mais voil\u00e0, Voltaire\u00a0le th\u00e9iste anticl\u00e9rical, Rousseau le Chr\u00e9tien suspect (converti au Catholicisme pour quitter la Suisse, il \u00e9tait croyant mais pas sp\u00e9cialement respectueux de la religion) et Diderot le mat\u00e9rialiste, ont (avec bien d&rsquo;autres) ouvert la\u00a0<\/span>br\u00e8che<span style=\"font-size: 1rem; line-height: 1.714285714;\">\u00a0du rejet de la religion, de l&rsquo;ath\u00e9isme et de l&rsquo;anticl\u00e9ricalisme. Je pense que c&rsquo;est cela, ainsi que leur r\u00e9flexion sur l&rsquo;universalisme, qui sont la raison de l&rsquo;esp\u00e8ce de campagne qui est men\u00e9e contre eux et que beaucoup, par manque de connaissance du sujet, relaient.<\/span><br \/>\n<span style=\"font-size: 1rem; line-height: 1.714285714;\"> Je pense qu&rsquo;il n&rsquo;y a rien d&rsquo;innocent dans cette cabale, qui sert moins \u00e0 parler des philosophes en tant qu&rsquo;individus qu&rsquo;\u00e0\u00a0<\/span>disqualifier sans discussion leur pens\u00e9e et leur post\u00e9rit\u00e9, et ce au profit de projets\u00a0extr\u00eamement\u00a0r\u00e9actionnaires.<\/p>\n<ol class=\"footnotes\"><li id=\"footnote_1_525\" class=\"footnote\">Lire <a href=\"http:\/\/fr.wikisource.org\/wiki\/Les_Confessions_(Rousseau)\/Livre_VIII\" target=\"_blank\" rel=\"noopener\"><em>Les Confessions<\/em><\/a>, livre VIII : <em>\u00ab\u00a0Si je disais mes raisons, j\u2019en dirais trop. Puisqu&rsquo;elles ont pu me s\u00e9duire, elles en s\u00e9duiraient bien d\u2019autres\u00a0: je ne veux pas exposer les jeunes gens qui pourraient me lire \u00e0 se laisser abuser par la m\u00eame erreur. Je me contenterai de dire qu\u2019elle fut telle, qu\u2019en livrant mes enfants \u00e0 l\u2019\u00e9ducation publique, faute de pouvoir les \u00e9lever moi-m\u00eame, en les destinant \u00e0 devenir ouvriers et paysans plut\u00f4t qu\u2019aventuriers et coureurs de fortunes, je crus faire un acte de citoyen et de p\u00e8re, et je me regardai comme un membre de la r\u00e9publique de Platon. Plus d\u2019une fois, depuis lors, les regrets de mon c\u0153ur m\u2019ont appris que je m\u2019\u00e9tais tromp\u00e9 (&#8230;)\u00a0Tout pes\u00e9, je choisis pour mes enfants le mieux, ou ce que je crus l\u2019\u00eatre. J\u2019aurais voulu, je voudrais encore avoir \u00e9t\u00e9 \u00e9lev\u00e9 et nourri comme ils l\u2019ont \u00e9t\u00e9\u00a0\u00bb<\/em>.<span class=\"footnote-back-link-wrapper\"> [<a href=\"#identifier_1_525\" class=\"footnote-link footnote-back-link\">&#8617;<\/a>]<\/span><\/li><li id=\"footnote_2_525\" class=\"footnote\"><\/span><em>\u00ab\u00a0Je forme une entreprise qui n\u2019eut jamais d\u2019exemple, et dont l\u2019ex\u00e9cution n\u2019aura point d\u2019imitateur. Je veux montrer \u00e0 mes semblables un homme dans toute la v\u00e9rit\u00e9 de la nature, et cet homme, ce sera moi\u00a0\u00bb<\/em><span style=\"line-height: 1.714285714; font-size: 1rem;\">.<span class=\"footnote-back-link-wrapper\"> [<a href=\"#identifier_2_525\" class=\"footnote-link footnote-back-link\">&#8617;<\/a>]<\/span><\/li><li id=\"footnote_3_525\" class=\"footnote\">Voir par exemple <a href=\"http:\/\/www.respectmag.com\/la-face-sombre-des-lumi%C3%A8res\" target=\"_blank\" rel=\"noopener\">cet article de Respectmag<\/a>, qui cherche des poux \u00e0 Rousseau, Montesquieu et Diderot, mais de mani\u00e8re assez peu convaincante.<span class=\"footnote-back-link-wrapper\"> [<a href=\"#identifier_3_525\" class=\"footnote-link footnote-back-link\">&#8617;<\/a>]<\/span><\/li><li id=\"footnote_4_525\" class=\"footnote\">Mais aujourd&rsquo;hui, ne peut-on pas reprocher le m\u00eame genre de choses qu&rsquo;\u00e0 Voltaire \u00e0 une personne qui a des actions dans une marque de sportswear qui fabrique ses v\u00eatements dans les plus pauvres r\u00e9gions de l&rsquo;Asie ou dans des soci\u00e9t\u00e9s de production \u00e9nerg\u00e9tique qui pillent l&rsquo;Afrique ?<span class=\"footnote-back-link-wrapper\"> [<a href=\"#identifier_4_525\" class=\"footnote-link footnote-back-link\">&#8617;<\/a>]<\/span><\/li><li id=\"footnote_5_525\" class=\"footnote\">Lire <em>Candide ou l&rsquo;optimisme, chapitre 19<\/em>.<span class=\"footnote-back-link-wrapper\"> [<a href=\"#identifier_5_525\" class=\"footnote-link footnote-back-link\">&#8617;<\/a>]<\/span><\/li><\/ol>","protected":false},"excerpt":{"rendered":"<p>Le neuf mai \u00e0 trois heures vingt-cinq du matin, je ne suis pas couch\u00e9, \u00e0 la place je poste un article pour d\u00e9fendre Jean-Jacques Rousseau. Eh oui, comment me coucher alors que someone is wrong on the Internet ? Note : les personnes dont j&rsquo;ai relev\u00e9 les tweets plus bas ne sont pas vis\u00e9s par [&hellip;]<\/p>\n","protected":false},"author":1,"featured_media":0,"comment_status":"open","ping_status":"open","sticky":false,"template":"","format":"standard","meta":{"footnotes":""},"categories":[7,5,6],"tags":[],"class_list":["post-525","post","type-post","status-publish","format-standard","hentry","category-democratie","category-identites","category-religion"],"_links":{"self":[{"href":"https:\/\/hyperbate.fr\/castagne\/wp-json\/wp\/v2\/posts\/525","targetHints":{"allow":["GET"]}}],"collection":[{"href":"https:\/\/hyperbate.fr\/castagne\/wp-json\/wp\/v2\/posts"}],"about":[{"href":"https:\/\/hyperbate.fr\/castagne\/wp-json\/wp\/v2\/types\/post"}],"author":[{"embeddable":true,"href":"https:\/\/hyperbate.fr\/castagne\/wp-json\/wp\/v2\/users\/1"}],"replies":[{"embeddable":true,"href":"https:\/\/hyperbate.fr\/castagne\/wp-json\/wp\/v2\/comments?post=525"}],"version-history":[{"count":2,"href":"https:\/\/hyperbate.fr\/castagne\/wp-json\/wp\/v2\/posts\/525\/revisions"}],"predecessor-version":[{"id":10653,"href":"https:\/\/hyperbate.fr\/castagne\/wp-json\/wp\/v2\/posts\/525\/revisions\/10653"}],"wp:attachment":[{"href":"https:\/\/hyperbate.fr\/castagne\/wp-json\/wp\/v2\/media?parent=525"}],"wp:term":[{"taxonomy":"category","embeddable":true,"href":"https:\/\/hyperbate.fr\/castagne\/wp-json\/wp\/v2\/categories?post=525"},{"taxonomy":"post_tag","embeddable":true,"href":"https:\/\/hyperbate.fr\/castagne\/wp-json\/wp\/v2\/tags?post=525"}],"curies":[{"name":"wp","href":"https:\/\/api.w.org\/{rel}","templated":true}]}}