{"id":5233,"date":"2017-07-31T14:53:57","date_gmt":"2017-07-31T13:53:57","guid":{"rendered":"http:\/\/hyperbate.fr\/castagne\/?p=5233"},"modified":"2017-07-31T15:39:03","modified_gmt":"2017-07-31T14:39:03","slug":"sequelles-de-la-presidentielle","status":"publish","type":"post","link":"https:\/\/hyperbate.fr\/castagne\/2017\/07\/31\/sequelles-de-la-presidentielle\/","title":{"rendered":"S\u00e9quelles de la pr\u00e9sidentielle"},"content":{"rendered":"<p><small><em>(un peu confus, je publie tr\u00e8s vite cet article en vrac parce que je n&rsquo;aurai bient\u00f4t plus acc\u00e8s \u00e0 Internet pour une p\u00e9riode ind\u00e9termin\u00e9e. En esp\u00e9rant que le lecteur se montre indulgent et y retrouve ses petits)<\/em><\/small><\/p>\n<p>Ces temps-ci je me retrouve r\u00e9guli\u00e8rement amen\u00e9 \u00e0 d\u00e9fendre Jean-Luc M\u00e9lenchon alors que je n&rsquo;ai pas de passion pour le personnage et, m\u00eame, que je porte un jugement assez n\u00e9gatif sur l&rsquo;attitude du leader de la \u00ab\u00a0France insoumise\u00a0\u00bb depuis le soir du premier tour de l&rsquo;\u00e9lection pr\u00e9sidentielle. Je ne parle pas sp\u00e9cialement ici de ses louvoiements lorsqu&rsquo;il s&rsquo;est agi d&rsquo;appeler ou non \u00e0 voter contre Marine Le Pen, qui semblaient anim\u00e9s par la joie mauvaise de soumettre l&rsquo;insoumis, mais il ne semble pas s&rsquo;\u00eatre bien remis de cette campagne assez intense, et para\u00eet peu \u00e0 peu avoir perdu de vue les qualit\u00e9s qui l&rsquo;ont rendu si populaire jusqu&rsquo;\u00e0 l&rsquo;\u00e9lection. Ne semblent lui rester qu&rsquo;une forme de fiert\u00e9 bileuse un peu pitoyable. Mais cette perception des choses est probablement biais\u00e9e, car M\u00e9lenchon et les d\u00e9put\u00e9s ou responsables de la France insoumise me semblent p\u00e2tir d&rsquo;un <em>\u00ab\u00a0traitement de faveur\u00a0\u00bb<\/em>\u00a0m\u00e9diatique bien lourd, comme s&rsquo;ils \u00e9taient devenus le dernier carr\u00e9 d&rsquo;opposition \u00e0 abattre. Une petite phrase, une expression, voire la mani\u00e8re de dire un mot (<em>\u00ab\u00a0matheux\u00a0\u00bb<\/em>) ou m\u00eame de ne pas ob\u00e9ir \u00e0 des injonctions absurdes (comme la jeune d\u00e9put\u00e9e Dani\u00e8le Obono somm\u00e9e par un journaliste de prouver son patriotisme en disant, sur commande, <em>\u00ab\u00a0vive la France !\u00a0\u00bb<\/em>), tout est pr\u00e9texte \u00e0 forger une image lamentable des \u00ab\u00a0insoumis\u00a0\u00bb. Si les journalistes n&rsquo;inventent certes pas les faits qu&rsquo;ils rapportent, ils sont responsables de ce qu&rsquo;ils filtrent et qui oriente la perception g\u00e9n\u00e9rale que l&rsquo;on a du tableau. Ils ont d\u00e9cid\u00e9 que les insoumis avaient le \u00ab\u00a0culte de la personnalit\u00e9\u00a0\u00bb, que M\u00e9lenchon \u00e9tait l&rsquo;homme au couteau entre les dents et \u00e9tait un d\u00e9magogue, et ils \u00e9cartent toute information qui contrarie cette vision des choses. Je me souviens par exemple qu&rsquo;une cha\u00eene d&rsquo;information en continu posait une fois une question d&rsquo;ordre g\u00e9n\u00e9ral \u00e0 M\u00e9lenchon, qui se tourne vers une militante du mouvement insoumis en disant que c&rsquo;\u00e9tait cette femme qui allait r\u00e9pondre&#8230; Et aussi sec, l&rsquo;image et le son sont chuint\u00e9s, la femme est coup\u00e9e et le journaliste qui reprend l&rsquo;antenne commente : <em>\u00ab\u00a0Jean-Luc M\u00e9lenchon refuse de r\u00e9pondre&#8230;\u00a0\u00bb<\/em>. Alors que la v\u00e9rit\u00e9 \u00e9tait que la cha\u00eene avait d\u00e9cid\u00e9 qu&rsquo;elle ne voulait pas \u00e9couter quelqu&rsquo;un d&rsquo;autre que M\u00e9lenchon&#8230; L&rsquo;accuser ensuite d&rsquo;organiser un culte de la personnalit\u00e9, c&rsquo;est un peu le serpent qui se mange la queue dans un h\u00f4pital qui se moque de la charit\u00e9.<\/p>\n<p>M\u00e9lenchon a-t-il la fibre autocratique, hors sa propension \u00e0 rouler des m\u00e9caniques ? Est-ce la motivation inconsciente de son souhait de supprimer la Ve r\u00e9publique et son r\u00e9gime d&rsquo;hyper-pr\u00e9sidentialit\u00e9 ? On ne le saura jamais, sa chance vient de passer pour de bon.<\/p>\n<div id=\"attachment_5176\" style=\"width: 652px\" class=\"wp-caption aligncenter\"><a href=\"httpstwitter.comTeamMacronPRstatus877836862857003008\"><img decoding=\"async\" aria-describedby=\"caption-attachment-5176\" class=\"wp-image-5176 size-full\" src=\"files\/2017\/06\/team_macron_obono_877836862857003008.png\" alt=\"\" width=\"642\" height=\"734\" srcset=\"https:\/\/hyperbate.fr\/castagne\/files\/2017\/06\/team_macron_obono_877836862857003008.png 642w, https:\/\/hyperbate.fr\/castagne\/files\/2017\/06\/team_macron_obono_877836862857003008-262x300.png 262w, https:\/\/hyperbate.fr\/castagne\/files\/2017\/06\/team_macron_obono_877836862857003008-624x713.png 624w\" sizes=\"(max-width: 642px) 100vw, 642px\" \/><\/a><p id=\"caption-attachment-5176\" class=\"wp-caption-text\">Je ne m&rsquo;attendais pas \u00e0 ce genre d&rsquo;attaques venant du camp Macron, qui n&rsquo;est pas trop dans la traque aux petites phrases. J&rsquo;imagine que c&rsquo;est pour se d\u00e9marquer des (rares) critiques subies par \u00ab\u00a0La R\u00e9publique en Marche\u00a0\u00bb sur la question du voile et de la la\u00efcit\u00e9. Dommage, car j&rsquo;avais appr\u00e9ci\u00e9 que Macron parvienne \u00e0 ce que ce ne soit pas un sujet dans sa campagne. Personnellement, je pense que les trois premi\u00e8res affirmations de la d\u00e9put\u00e9e Danielle Obono sont d\u00e9fendables (et d\u00e9fendues par moult analystes politiques ou sociologues), sinon justes. Il est \u00e9tonnant de les pr\u00e9senter comme \u00ab\u00a0scandaleux\u00a0\u00bb. J&rsquo;ai bien aim\u00e9 <a href=\"http:\/\/www.slate.fr\/story\/147543\/obono-nique-la-france\" target=\"_blank\" rel=\"noopener\">l&rsquo;article que Claude Askolovitch a consacr\u00e9 \u00e0 la question<\/a>.<\/p><\/div>\n<p>Personnellement, j&rsquo;ai vot\u00e9 \u00ab\u00a0France insoumise\u00a0\u00bb pour le programme, parce que je ne pensais pas tellement avoir le choix (entre les verts absents et Hamon sabord\u00e9 par son propre parti), mais je m&rsquo;en fous un peu de M\u00e9lenchon, et je pense que je ne suis pas le seul \u00e0 avoir vot\u00e9 pour son programme et non pour sa personne<sup><a href=\"#footnote_1_5233\" id=\"identifier_1_5233\" class=\"footnote-link footnote-identifier-link\" title=\"Sur Twitter je viens de d&eacute;finir ma ligne politique comme : anarchiste chr&eacute;tien ath&eacute;e &eacute;colo. &nbsp;C&rsquo;est &agrave; dire influenc&eacute; par la pens&eacute;e de quelqu&rsquo;un comme Ivan Illitch, quoique sans mystique de l&rsquo;ordre naturel des choses : quand j&rsquo;ai mal &agrave; la t&ecirc;te, je veux bien une aspirine, et au fond je crois &agrave; la possibilit&eacute; du progr&egrave;s technique comme un progr&egrave;s humain.\">1<\/a><\/sup>. En fait la plupart des gens qui ont vot\u00e9 M\u00e9lenchon \u00e0 la pr\u00e9sidentielle m&rsquo;ont dit \u00e0 un moment ou un autre un truc du genre <em>\u00ab\u00a0j&rsquo;ai des r\u00e9serves sur le personnage mais c&rsquo;est le programme qui correspond le plus \u00e0 ce que je veux\u00a0\u00bb<\/em>. La cuisine politique semble \u00e9puiser beaucoup de gens, qui pr\u00e9f\u00e8rent quelqu&rsquo;un qui propose assez \u00e9vasivement un renouveau dans la continuit\u00e9 \u00e0 son concurrent dont le programme se veut complet et coh\u00e9rent.<br \/>\nCeux qui se m\u00e9fient d&rsquo;un candidat pour son temp\u00e9rament au point de rejeter son programme n&rsquo;ont pas forc\u00e9ment tort dans l&rsquo;absolu : la politique ne se joue pas seulement sur le papier, sur le contrat, elle est faite par des femmes et des hommes en lesquels on peut ne pas avoir confiance. Mais il est dommage de s&rsquo;interdire de lire et de r\u00e9fl\u00e9chir les propositions malgr\u00e9 tout, ou de n&rsquo;en retenir que ce que l&rsquo;on en combat\u00a0<sup><a href=\"#footnote_2_5233\" id=\"identifier_2_5233\" class=\"footnote-link footnote-identifier-link\" title=\"Je pense que la fatigue de la politique n&rsquo;est pas neuve, c&rsquo;est elle aussi qui a fait pencher la balance du c&ocirc;t&eacute; du &laquo;&nbsp;non&nbsp;&raquo; au r&eacute;f&eacute;rendum sur le trait&eacute; constitutionnel en 2005 : &agrave; l&rsquo;&eacute;poque, tout le monde voulait voir l&rsquo;UE progresser et esp&eacute;rait un cadre constitutionnel plus philosophique qu&rsquo;autre chose, mais en se renseignant, les gens sont tomb&eacute;s sur un obscur texte juridique bien plus inqui&eacute;tant qu&rsquo;autre chose. Une sacr&eacute;e occasion rat&eacute;e. L&rsquo;id&eacute;ologie &mdash; &ccedil;a va avec &mdash; est elle aussi pas mal rejet&eacute;e, et si je trouve &ccedil;a bien pour esquiver la tentation de se cantonner &agrave; une pens&eacute;e automatique, je trouve dommage d&rsquo;ignorer que l&rsquo;absence d&rsquo;id&eacute;ologie est souvent aussi une id&eacute;ologie.\">2<\/a><\/sup>.<\/p>\n<p>Reste que malgr\u00e9 tous ses d\u00e9fauts, M\u00e9lenchon a beaucoup de talent, il s&rsquo;adresse (et c&rsquo;est l\u00e0 la seule mani\u00e8re de respecter les \u00e9lecteurs, \u00e0 mon sens) au cerveau des gens, c&rsquo;est \u00e0 dire que ses propositions sont \u00ab\u00a0r\u00e9futables\u00a0\u00bb, au sens de Karl Popper : on peut les \u00e9valuer rationnellement, \u00eatre d&rsquo;accord ou non, mais elles reposent sur des informations et sur un raisonnement, et ce dernier est expos\u00e9 de mani\u00e8re tr\u00e8s p\u00e9dagogique. Je suis toujours sid\u00e9r\u00e9 du d\u00e9calage entre ces qualit\u00e9s que beaucoup per\u00e7oivent comme moi, et la r\u00e9putation g\u00e9n\u00e9rale qui lui est plaqu\u00e9e et que le bonhomme semble avoir des difficult\u00e9s \u00e0 percevoir comme \u00e0 conjurer.<\/p>\n<p>&nbsp;<\/p>\n<div id=\"attachment_5166\" style=\"width: 650px\" class=\"wp-caption aligncenter\"><a href=\"https:\/\/twitter.com\/jeromegodefroy\/status\/878155606795968512\" target=\"_blank\" rel=\"noopener\"><img decoding=\"async\" aria-describedby=\"caption-attachment-5166\" class=\"size-full wp-image-5166\" src=\"files\/2017\/06\/Melenchon_polpot_878155606795968512.png\" alt=\"\" width=\"640\" height=\"340\" srcset=\"https:\/\/hyperbate.fr\/castagne\/files\/2017\/06\/Melenchon_polpot_878155606795968512.png 640w, https:\/\/hyperbate.fr\/castagne\/files\/2017\/06\/Melenchon_polpot_878155606795968512-300x159.png 300w, https:\/\/hyperbate.fr\/castagne\/files\/2017\/06\/Melenchon_polpot_878155606795968512-624x332.png 624w\" sizes=\"(max-width: 640px) 100vw, 640px\" \/><\/a><p id=\"caption-attachment-5166\" class=\"wp-caption-text\">N&rsquo;ayons pas peur des mots&#8230; On qualifie Villani de \u00ab\u00a0matheux\u00a0\u00bb, et hop, on est sous Pol Pot !<\/p><\/div>\n<p>\u00c9tonnante, en tout cas, cette campagne qui nous a tous rendus fous :\u00a0pour une fois, rien n&rsquo;\u00e9tait jou\u00e9 d&rsquo;avance si ce n&rsquo;est la pr\u00e9sence du Front National au second tour, seule certitude, martel\u00e9e depuis des ann\u00e9es, et\u00a0l&rsquo;assurance de la victoire finale de son comp\u00e9titeur.<br \/>\nDe mani\u00e8re temporaire, l&rsquo;ind\u00e9cision est un \u00e9tat plaisant \u2014\u00a0c&rsquo;est ce qui provoque l&rsquo;addiction au jeux de hasard \u2014 mais \u00e0 la longue, l&rsquo;excitation\u00a0s&rsquo;av\u00e8re nerveusement\u00a0\u00e9puisante. Au fil des semaines, chacun de nous a, comme toujours, choisi son camp, son candidat, ou son non-camp, et en est venu \u00e0 trouver difficilement supportables ceux qui ont fait d&rsquo;autres choix. On n&rsquo;avait jamais vu, me semble-t-il, tant de gens se lancer dans des menaces : <em>\u00ab\u00a0Je vais faire du m\u00e9nage parmi mes amis Facebook, je vais \u00e9jecter de la liste ceux qui me disent de ne pas voter blanc\/ceux qui votent blanc\/ceux qui me contredisent\/ceux qui votent machin\u00a0\u00bb<\/em>.<br \/>\nEt des semaines apr\u00e8s, ce n&rsquo;est pas fini, on sent beaucoup de haine de toutes parts, les camps se s\u00e9dimentent, et le retour \u00e0 la raison semble impossible, on continue \u00e0 se renvoyer \u00e0 l&rsquo;alliance bolivarienne et \u00e0 la banque Rotschild, comme si ces d\u00e9tails suffisaient \u00e0 r\u00e9sumer les programmes des uns et des autres<sup><a href=\"#footnote_3_5233\" id=\"identifier_3_5233\" class=\"footnote-link footnote-identifier-link\" title=\"Au passage, j&rsquo;ai trouv&eacute; que &laquo;&nbsp;extr&ecirc;me finance&nbsp;&raquo; lanc&eacute; par M&eacute;lenchon pour d&eacute;crire le projet de Macron sonnait terriblement creux.\">3<\/a><\/sup>.<\/p>\n<p>Tout \u00e7a est dommage. J&rsquo;ai tendance \u00e0 douter des chances de succ\u00e8s de la politique \u00ab\u00a0quantique\u00a0\u00bb (\u00e0 la fois de droite et de gauche, on ne conna\u00eetra le r\u00e9sultat qu&rsquo;en ouvrant la boite) de Macron, mais s&rsquo;il parvient \u00e0 \u00a0pulv\u00e9riser les partis et les oppositions automatiques, \u00e7a sera d\u00e9j\u00e0 une chose de gagn\u00e9e. Mais une fois que le vide sera fait, avec quoi le combler ?\u00a0<span style=\"font-size: 1rem;\">D\u00e8s qu&rsquo;on est attentif \u00e0 un sujet pr\u00e9cis, on peut s&rsquo;inqui\u00e9ter de l&rsquo;absence de <\/span>propositions<span style=\"font-size: 1rem;\">\u00a0concr\u00e8tes, il semble y avoir eu peu d&rsquo;\u00e9volution de la \u00ab\u00a0R\u00e9publique en Marche\u00a0\u00bb depuis son programme, qui ne contenait que des constats (<em>\u00ab\u00a0il faut une France qui soit plus&#8230; Il faut que&#8230;.\u00a0\u00bb<\/em>). S<\/span><span style=\"font-size: 1rem;\">\u00e9gol\u00e8ne Royal avait tent\u00e9 le coup de la politique de la page blanche en 2007, en proposant aux gens de participer collectivement \u00e0 \u00e9crire la politique du pays&#8230; Mais personne n&rsquo;a voulu de \u00e7a, chacun veut un \u00ab\u00a0chef\u00a0\u00bb qui sait ce qu&rsquo;il veut (que ce soit pour le suivre ou pour le combattre, du reste), qui ait de l&rsquo;assurance. Macron r\u00e9ussit l&rsquo;\u00e9quation : il ne dit pas grand chose mais il le fait avec une grande assurance. On se rappellera du <em>\u00ab\u00a0parce que c&rsquo;est notre projet!\u00a0\u00bb<\/em> qui a tant fait rire mais qui est plus \u00e9tonnant que dr\u00f4le si on constate que pas une personne dans la foule apparemment galvanis\u00e9e n&rsquo;aurait pu d\u00e9crire ledit projet. Je remarque de Macron fait depuis son \u00e9lection plein d&rsquo;efforts pour montrer qu&rsquo;il est un chef, qu&rsquo;il ne se laisse pas chier dans les bottes par son chef d&rsquo;\u00c9tat-major, qu&rsquo;il sait broyer les mains, etc. Esp\u00e9rons qu&rsquo;il s&rsquo;arr\u00eate vite, parce que \u00e7a devient lourd.<br \/>\nConfus\u00e9ment, le danger que je sens chez Macron, c&rsquo;est \u00a0un\u00a0<\/span><span style=\"font-size: 1rem;\">certain aveuglement face aux probl\u00e8mes structurels de la soci\u00e9t\u00e9 fran\u00e7aise, il semble pr\u00e9f\u00e9rer se faire croire que tout le monde peut \u00ab\u00a0y arriver\u00a0\u00bb, que tout le monde y arrivera&#8230; C&rsquo;est une vision des choses qui a ses vertus, puisque rien ne d\u00e9sesp\u00e8re plus les classes populaires que de voir des sociologues leur expliquer qu&rsquo;elles sont \u00e0 jamais maudites : on a besoin d&rsquo;espoir, apr\u00e8s tout, et, quoiqu&rsquo;on en dise, personne n&rsquo;aime se voir comme une victime passive ! Mais c&rsquo;est aussi le meilleur moyen pour ne rien changer.<br \/>\nBref, je n&rsquo;ai rien contre Macron, je m&rsquo;en fous, je ne me sens pas oppos\u00e9 \u00e0 tout ce qu&rsquo;il repr\u00e9sente comme j&rsquo;ai pu l&rsquo;\u00eatre avec Nicolas Sarkozy en son temps. J&rsquo;esp\u00e8re pour la France qu&rsquo;il va r\u00e9ussir \u00e0 apporter quelque chose au pays. Je n&rsquo;arrive pas \u00e0 y croire, mais si \u00e7a marche<sup><a href=\"#footnote_4_5233\" id=\"identifier_4_5233\" class=\"footnote-link footnote-identifier-link\" title=\"Pour l&rsquo;instant je remarque juste que le budget des universit&eacute;s risque de baisser lourdement, que mon salaire va nettement baisser lui aussi (car m&ecirc;me si je ne suis pas fonctionnaire, mon salaire est calcul&eacute; pareil), que les villes &ndash; dont je d&eacute;pends &ndash; ont peur d&rsquo;&ecirc;tre ruin&eacute;es par la suppression de la taxe d&rsquo;habitation. Je dois avouer que le fait que tout &ccedil;a serve &agrave; financer la fin de l&rsquo;ISF et la recapitalisation d&rsquo;Areva (victime d&rsquo;une gestion castrophique dont je ne parviens pas &agrave; me sentir responsable) n&rsquo;arrive pas &agrave; me consoler de mani&egrave;re satisfaisante.\">4<\/a><\/sup>, j&rsquo;accepterai de le voir, pas de probl\u00e8me.\u00a0<\/span><\/p>\n<ol class=\"footnotes\"><li id=\"footnote_1_5233\" class=\"footnote\">Sur Twitter je viens de d\u00e9finir ma ligne politique comme : <em>anarchiste chr\u00e9tien ath\u00e9e \u00e9colo<\/em>. \u00a0C&rsquo;est \u00e0 dire influenc\u00e9 par la pens\u00e9e de quelqu&rsquo;un comme Ivan Illitch, quoique sans mystique de l&rsquo;ordre naturel des choses : quand j&rsquo;ai mal \u00e0 la t\u00eate, je veux bien une aspirine, et au fond je crois \u00e0 la possibilit\u00e9 du progr\u00e8s technique comme un progr\u00e8s humain. <span class=\"footnote-back-link-wrapper\"> [<a href=\"#identifier_1_5233\" class=\"footnote-link footnote-back-link\">&#8617;<\/a>]<\/span><\/li><li id=\"footnote_2_5233\" class=\"footnote\">Je pense que la fatigue de la politique n&rsquo;est pas neuve, c&rsquo;est elle aussi qui a fait pencher la balance du c\u00f4t\u00e9 du \u00ab\u00a0non\u00a0\u00bb au r\u00e9f\u00e9rendum sur le trait\u00e9 constitutionnel en 2005 : \u00e0 l&rsquo;\u00e9poque, tout le monde voulait voir l&rsquo;UE progresser et esp\u00e9rait un cadre constitutionnel plus philosophique qu&rsquo;autre chose, mais en se renseignant, les gens sont tomb\u00e9s sur un obscur texte juridique bien plus inqui\u00e9tant qu&rsquo;autre chose. Une sacr\u00e9e occasion rat\u00e9e. L&rsquo;id\u00e9ologie \u2014 \u00e7a va avec \u2014 est elle aussi pas mal rejet\u00e9e, et si je trouve \u00e7a bien pour esquiver la tentation de se cantonner \u00e0 une pens\u00e9e automatique, je trouve dommage d&rsquo;ignorer que l&rsquo;absence d&rsquo;id\u00e9ologie est souvent aussi une id\u00e9ologie.<span class=\"footnote-back-link-wrapper\"> [<a href=\"#identifier_2_5233\" class=\"footnote-link footnote-back-link\">&#8617;<\/a>]<\/span><\/li><li id=\"footnote_3_5233\" class=\"footnote\">Au passage, j&rsquo;ai trouv\u00e9 que \u00ab\u00a0extr\u00eame finance\u00a0\u00bb lanc\u00e9 par M\u00e9lenchon pour d\u00e9crire le projet de Macron sonnait terriblement creux. <span class=\"footnote-back-link-wrapper\"> [<a href=\"#identifier_3_5233\" class=\"footnote-link footnote-back-link\">&#8617;<\/a>]<\/span><\/li><li id=\"footnote_4_5233\" class=\"footnote\">Pour l&rsquo;instant je remarque juste que le budget des universit\u00e9s risque de baisser lourdement, que mon salaire va nettement baisser lui aussi (car m\u00eame si je ne suis pas fonctionnaire, mon salaire est calcul\u00e9 pareil), que les villes &#8211; dont je d\u00e9pends &#8211; ont peur d&rsquo;\u00eatre ruin\u00e9es par la suppression de la taxe d&rsquo;habitation. Je dois avouer que le fait que tout \u00e7a serve \u00e0 financer la fin de l&rsquo;ISF et la recapitalisation d&rsquo;Areva (victime d&rsquo;une gestion castrophique dont je ne parviens pas \u00e0 me sentir responsable) n&rsquo;arrive pas \u00e0 me consoler de mani\u00e8re satisfaisante. <span class=\"footnote-back-link-wrapper\"> [<a href=\"#identifier_4_5233\" class=\"footnote-link footnote-back-link\">&#8617;<\/a>]<\/span><\/li><\/ol>","protected":false},"excerpt":{"rendered":"<p>(un peu confus, je publie tr\u00e8s vite cet article en vrac parce que je n&rsquo;aurai bient\u00f4t plus acc\u00e8s \u00e0 Internet pour une p\u00e9riode ind\u00e9termin\u00e9e. En esp\u00e9rant que le lecteur se montre indulgent et y retrouve ses petits) Ces temps-ci je me retrouve r\u00e9guli\u00e8rement amen\u00e9 \u00e0 d\u00e9fendre Jean-Luc M\u00e9lenchon alors que je n&rsquo;ai pas de passion [&hellip;]<\/p>\n","protected":false},"author":1,"featured_media":0,"comment_status":"open","ping_status":"open","sticky":false,"template":"","format":"standard","meta":{"footnotes":""},"categories":[7],"tags":[],"class_list":["post-5233","post","type-post","status-publish","format-standard","hentry","category-democratie"],"_links":{"self":[{"href":"https:\/\/hyperbate.fr\/castagne\/wp-json\/wp\/v2\/posts\/5233","targetHints":{"allow":["GET"]}}],"collection":[{"href":"https:\/\/hyperbate.fr\/castagne\/wp-json\/wp\/v2\/posts"}],"about":[{"href":"https:\/\/hyperbate.fr\/castagne\/wp-json\/wp\/v2\/types\/post"}],"author":[{"embeddable":true,"href":"https:\/\/hyperbate.fr\/castagne\/wp-json\/wp\/v2\/users\/1"}],"replies":[{"embeddable":true,"href":"https:\/\/hyperbate.fr\/castagne\/wp-json\/wp\/v2\/comments?post=5233"}],"version-history":[{"count":3,"href":"https:\/\/hyperbate.fr\/castagne\/wp-json\/wp\/v2\/posts\/5233\/revisions"}],"predecessor-version":[{"id":5271,"href":"https:\/\/hyperbate.fr\/castagne\/wp-json\/wp\/v2\/posts\/5233\/revisions\/5271"}],"wp:attachment":[{"href":"https:\/\/hyperbate.fr\/castagne\/wp-json\/wp\/v2\/media?parent=5233"}],"wp:term":[{"taxonomy":"category","embeddable":true,"href":"https:\/\/hyperbate.fr\/castagne\/wp-json\/wp\/v2\/categories?post=5233"},{"taxonomy":"post_tag","embeddable":true,"href":"https:\/\/hyperbate.fr\/castagne\/wp-json\/wp\/v2\/tags?post=5233"}],"curies":[{"name":"wp","href":"https:\/\/api.w.org\/{rel}","templated":true}]}}