{"id":5138,"date":"2017-07-14T19:08:58","date_gmt":"2017-07-14T18:08:58","guid":{"rendered":"http:\/\/hyperbate.fr\/castagne\/?p=5138"},"modified":"2017-07-16T14:25:57","modified_gmt":"2017-07-16T13:25:57","slug":"les-derniers-jours-de-la-politique","status":"publish","type":"post","link":"https:\/\/hyperbate.fr\/castagne\/2017\/07\/14\/les-derniers-jours-de-la-politique\/","title":{"rendered":"Les derniers jours de la politique"},"content":{"rendered":"<p>Je me souviens que ma grand-m\u00e8re paternelle n&rsquo;aimait pas beaucoup Fran\u00e7ois Mitterrand, mais qu&rsquo;apr\u00e8s l&rsquo;\u00e9lection de ce dernier, elle m&rsquo;avait dit quelque chose comme : <em>\u00ab\u00a0maintenant, c&rsquo;est lui le pr\u00e9sident, il n&rsquo;y a plus \u00e0 en discuter, esp\u00e9rons qu&rsquo;il travaillera bien\u00a0\u00bb<\/em>. \u00c0 pr\u00e9sent, Emmanuel Macron est le pr\u00e9sident, et il faut bien en prendre son parti et souhaiter que le destin de la France tourne au mieux.\u00a0Promis, jur\u00e9, donc j&rsquo;ai envie de croire en Emmanuel Macron. Enfin j&rsquo;avais envie d&rsquo;y croire, je le dis au pass\u00e9, car le d\u00e9but de son mandat ne prend pas un tour tr\u00e8s rassurant.<br \/>\nBien s\u00fbr, je n&rsquo;ai pas vot\u00e9 pour lui, j&rsquo;ai m\u00eame parfois eu l&rsquo;impression d&rsquo;assister \u00e0 un \u00e9pisode d&rsquo;hallucination collective en observant son ascension, alors bien s\u00fbr, j&rsquo;attendais peu de son quinquennat, mais j&rsquo;esp\u00e9rais au moins que les qualit\u00e9s que j&rsquo;avais cru identifier chez le nouveau pr\u00e9sident s&rsquo;exprimeraient. Il me semblait qu&rsquo;un pr\u00e9sident qui invente sa majorit\u00e9 en piochant les personnes et les id\u00e9es \u00e0 droite, \u00e0 gauche et au centre, aurait comme premi\u00e8re vertu d&rsquo;abandonner les automatismes propres \u00e0 chaque culture politique et peut s&rsquo;autoriser toutes les solutions aux probl\u00e8mes qu&rsquo;il doit r\u00e9gler, peut s&rsquo;autoriser le dialogue avec tous les acteurs politiques et non-politiques du pays. On pouvait aussi esp\u00e9rer que sa majorit\u00e9, du fait de la diversit\u00e9 des parcours et des id\u00e9es de ses membres, permettraient des d\u00e9bats ouverts, non m\u00e9caniques, et au fond bien plus int\u00e9ressants que les traditionnelles oppositions entre partis.<br \/>\nEnfin, puisqu&rsquo;il avait brillamment r\u00e9ussi \u00e0 emp\u00eacher la presse de l&rsquo;amener sur le terrain de l&rsquo;identit\u00e9 et de la religion, j&rsquo;esp\u00e9rais que nous allions enfin vivre une pr\u00e9sidence un peu reposante sur ces sujets qui pourrissent le pays et montent les gens les uns contre les autres.<\/p>\n<div id=\"attachment_5216\" style=\"width: 531px\" class=\"wp-caption aligncenter\"><img decoding=\"async\" aria-describedby=\"caption-attachment-5216\" class=\"size-full wp-image-5216\" src=\"files\/2017\/07\/engagements_en_marche.png\" alt=\"\" width=\"521\" height=\"559\" srcset=\"https:\/\/hyperbate.fr\/castagne\/files\/2017\/07\/engagements_en_marche.png 521w, https:\/\/hyperbate.fr\/castagne\/files\/2017\/07\/engagements_en_marche-280x300.png 280w\" sizes=\"(max-width: 521px) 100vw, 521px\" \/><p id=\"caption-attachment-5216\" class=\"wp-caption-text\">Les promesses n&rsquo;engagent que ceux qui y croient, comme chacun sait. Ces propositions, issues du programme d&rsquo;Emmanuel Macron se trouvent encore sur son site mais sont contredites par la proposition de budget : 850 millions d&rsquo;euros de coupes dans l&rsquo;arm\u00e9e, 80 millions dans l&rsquo;\u00e9ducation nationale et 331 millions d&rsquo;euros de coupes pour l&rsquo;\u00e9ducation et la recherche.<\/p><\/div>\n<p>Mais o\u00f9 en sommes-nous exactement ?\u00a0Pour financer la baisse de l&rsquo;ISF et la recapitalisation d&rsquo;AREVA (une question critique, effectivement, car notre s\u00e9curit\u00e9 nucl\u00e9aire en d\u00e9pend&#8230; Ce que nos gouvernants pr\u00e9c\u00e9dents auraient pu mieux mesurer), le gouvernement contredit toutes les promesses d&rsquo;une campagne termin\u00e9e depuis quelques mois seulement, en supprimant des cr\u00e9dits partout o\u00f9 il s&rsquo;\u00e9tait engag\u00e9 au progr\u00e8s ou \u00e0 la stabilit\u00e9, y compris lorsque cela m\u00e8ne \u00e0 un vrai p\u00e9ril. Pour exemple, les universit\u00e9s, depuis leur autonomisation, peuvent faire faillite, et leur finances sont d\u00e9j\u00e0 bien fragiles. Je ne suis pas sp\u00e9cialement attach\u00e9 \u00e0 l&rsquo;id\u00e9e de porter le budget de la D\u00e9fense \u00e0 2% du PIB, mais il est incroyable d&rsquo;avoir fait une telle promesse pour enlever ensuite pr\u00e8s d&rsquo;un milliard d&rsquo;euros \u00e0 l&rsquo;arm\u00e9e&#8230; La semaine o\u00f9 on s&rsquo;est engag\u00e9 \u00e0 r\u00e9server plus de six milliards pour les jeux olympiques de 2024 \u2014 et en sachant tr\u00e8s bien qu&rsquo;il n&rsquo;est jamais arriv\u00e9 que le budget pr\u00e9visionnel des jeux soit tenu, et qu&rsquo;un doublement ou un triplement de la somme n&rsquo;est pas rare. Bien entendu, en 2024, le pr\u00e9sident aura peut-\u00eatre chang\u00e9, et c&rsquo;est de toute fa\u00e7on lorsque les jeux seront pass\u00e9s depuis longtemps les jeux que la dette p\u00e8sera durablement.<\/p>\n<p>Trois mois seulement pour ravaler ses promesses (en se disant surpris de la mauvaise gestion des gouvernements pr\u00e9c\u00e9dents dont l&rsquo;actuel pr\u00e9sident a \u00e9t\u00e9 ministre de l&rsquo;\u00c9conomie et par les probl\u00e8mes d&rsquo;Areva dont le premier ministre a \u00e9t\u00e9 le lobbyiste), c&rsquo;est rapide. C&rsquo;est m\u00eame fulgurant, comme tout ce que fait Macron. Tant qu&rsquo;\u00e0 trahir ses promesses, apr\u00e8s tout, peut-\u00eatre vaut-il mieux le faire d&rsquo;un coup sec comme on arrache un sparadrap, qu&rsquo;en y allant petit \u00e0 petit comme l&rsquo;a fait le pr\u00e9c\u00e9dent pr\u00e9sident : la premi\u00e8re m\u00e9thode laisse \u00e0 peine le temps de comprendre que l&rsquo;on souffre.<\/p>\n<div id=\"attachment_5203\" style=\"width: 993px\" class=\"wp-caption aligncenter\"><img decoding=\"async\" aria-describedby=\"caption-attachment-5203\" class=\"wp-image-5203 size-full\" src=\"files\/2017\/07\/jamesBondDeLelysee.jpg\" alt=\"\" width=\"983\" height=\"780\" srcset=\"https:\/\/hyperbate.fr\/castagne\/files\/2017\/07\/jamesBondDeLelysee.jpg 983w, https:\/\/hyperbate.fr\/castagne\/files\/2017\/07\/jamesBondDeLelysee-300x238.jpg 300w, https:\/\/hyperbate.fr\/castagne\/files\/2017\/07\/jamesBondDeLelysee-768x609.jpg 768w, https:\/\/hyperbate.fr\/castagne\/files\/2017\/07\/jamesBondDeLelysee-624x495.jpg 624w\" sizes=\"(max-width: 983px) 100vw, 983px\" \/><p id=\"caption-attachment-5203\" class=\"wp-caption-text\">La fascination qu&rsquo;exerce Emmanuel Macron sur les m\u00e9dias n&rsquo;est pas forc\u00e9ment de l&rsquo;amour, mais elle n&rsquo;en est pas moins d\u00e9rangeante. Comme les passereaux qui nourrissent l&rsquo;oisillon du coucou au d\u00e9triment de leur prog\u00e9niture, ils voient ce qu&rsquo;il se passe et ironisent m\u00eame sur le sujet, mais n&rsquo;en sont pas moins irr\u00e9sistiblement attir\u00e9s, comme hypnotis\u00e9s.<\/p><\/div>\n<p>S&rsquo;il n&rsquo;avait fait que revenir sur ses promesses financi\u00e8res, Macron ne ferait que suivre la tradition de ses pr\u00e9d\u00e9cesseurs. Mais, fort de sa majorit\u00e9 absolue \u00e0 l&rsquo;Assembl\u00e9e, il donne aussi quelques signes inqui\u00e9tants d&rsquo;autocratie et de mauvaise \u00e9ducation bourgeoise. Sur la mauvaise \u00e9ducation, on se rappellera de sa m\u00e9prisante sortie sur le tee-shirt et le costume (<em>\u00ab\u00a0Vous n&rsquo;allez pas me faire peur avec votre Tee-shirt. La meilleure fa\u00e7on de se payer un costard, c&rsquo;est de travailler\u00a0\u00bb<\/em>), de son ironie sur les Comoriens qui tentent d&rsquo;atteindre Mayotte (<em>\u00ab\u00a0Le kwassa-kwassa p\u00eache peu, il am\u00e8ne du Comorien, c\u2019est diff\u00e9rent.\u00a0\u00bb<\/em>), de sa r\u00e9cente description des gares (<em>\u00ab\u00a0Une gare, c\u2019est un lieu o\u00f9 l\u2019on croise les gens qui r\u00e9ussissent et les gens qui ne sont rien\u00a0\u00bb<\/em>) ou plus r\u00e9cemment encore, de son affirmation que le probl\u00e8me de d\u00e9veloppement de l&rsquo;Afrique \u00e9tait civilisationnel, et s&rsquo;expliquait notamment par le fait que les femmes y ont sept ou huit enfants&#8230; M\u00eame si l&rsquo;ensemble du propos est moins choquant que les phrases qui en ont \u00e9t\u00e9 extraites, il y a l\u00e0 une terrible ignorance de principes d\u00e9mographiques universels connus depuis deux si\u00e8cles (la richesse fait la d\u00e9natalit\u00e9, pas le contraire), et une essentialisation de la mis\u00e8re qui est aussi obsc\u00e8ne que l&rsquo;\u00e9taient nos a\u00efeux r\u00e9actionnaires lorsqu&rsquo;ils affirmaient que les femmes ne pouvaient \u00eatre ni scientifiques ni artistes, n&rsquo;ayant pas le cerveau conform\u00e9 pour cela.<br \/>\nBien entendu, plus on parle devant des micros et plus on est amen\u00e9 \u00e0 dire des choses rapides, impr\u00e9cises, idiotes, parfois contre ses propres opinions&#8230; Peut-\u00eatre ne faut-il voir l\u00e0 que des phrases malheureuses qu&rsquo;on regrette sit\u00f4t apr\u00e8s les avoir dites et auxquelles il faut \u00e9viter de donner de l&rsquo;importance. Mais si ces petites phrases qui \u00e9chappent \u00e0 leur auteur et le rendent suspect d&rsquo;une mentalit\u00e9 bien moins moderne que pr\u00e9vu persistent \u00e0 s&rsquo;accumuler, il faudra se poser des questions et se demander si le vernis n&rsquo;est pas en train de craquer. Comme beaucoup l&rsquo;ont remarqu\u00e9, en tout cas, les m\u00eames phrases n&rsquo;auraient jamais \u00e9t\u00e9 pardonn\u00e9es \u00e0 Sarkozy ou Valls.<\/p>\n<div id=\"attachment_5157\" style=\"width: 1008px\" class=\"wp-caption aligncenter\"><img decoding=\"async\" aria-describedby=\"caption-attachment-5157\" class=\"wp-image-5157 size-full\" src=\"files\/2017\/05\/wolframandmacron.jpg\" alt=\"\" width=\"998\" height=\"445\" srcset=\"https:\/\/hyperbate.fr\/castagne\/files\/2017\/05\/wolframandmacron.jpg 998w, https:\/\/hyperbate.fr\/castagne\/files\/2017\/05\/wolframandmacron-300x134.jpg 300w, https:\/\/hyperbate.fr\/castagne\/files\/2017\/05\/wolframandmacron-768x342.jpg 768w, https:\/\/hyperbate.fr\/castagne\/files\/2017\/05\/wolframandmacron-624x278.jpg 624w\" sizes=\"(max-width: 998px) 100vw, 998px\" \/><p id=\"caption-attachment-5157\" class=\"wp-caption-text\">Pr\u00e9sident de la R\u00e9publique \u00e0 trente-neuf ans en ayant attendu d&rsquo;avoir d\u00e9marr\u00e9 sa campagne pour construire son programme &#8211; un programme avant tout compos\u00e9 d&rsquo;affirmations tautoloqiques ou \u00e9videntes (du niveau \u00ab\u00a0pour que la France retrouve sa grandeur il faut qu&rsquo;elle retrouve sa grandeur\u00a0\u00bb) et dont les seules promesses pr\u00e9cises ont d\u00e9j\u00e0 \u00e9t\u00e9 abandonn\u00e9es&#8230; \u00a0Je ne vois qu&rsquo;une explication au maraboutage g\u00e9n\u00e9ral dont les Fran\u00e7ais ont \u00e9t\u00e9 victimes : Emmanuel Macron est soutenu par le cabinet d&rsquo;avocats d\u00e9moniaques Wolfram &amp; Hart (dans la s\u00e9rie Angel, pour ceux qui ne connaissent pas).<\/p><\/div>\n<p>Enfin, notre tout nouveau pr\u00e9sident montre quelques signes d&rsquo;autoritarisme : il veut ma\u00eetriser la presse (qui s&rsquo;en plaint), affirme avoir une pens\u00e9e trop complexe pour s&rsquo;abaisser \u00e0 expliquer ses actions aux mis\u00e9rables vermisseaux que nous sommes : ce n&rsquo;est pas de la mauvaise volont\u00e9, ce n&rsquo;est pas qu&rsquo;il refuse de r\u00e9pondre aux questions des journalistes, c&rsquo;est juste que ces derniers ne pourraient pas appr\u00e9hender la complexit\u00e9 de ses r\u00e9ponses. On imagine qu&rsquo;il n&rsquo;aurait pas os\u00e9 leur dire une chose pareille avant d&rsquo;\u00eatre \u00e9lu !\u00a0J&rsquo;ai l&rsquo;impression d&rsquo;\u00eatre dans un tr\u00e8s mauvais remake du <em>Schtroumpfissime<\/em> (1964), par Peyo<sup><a href=\"#footnote_1_5138\" id=\"identifier_1_5138\" class=\"footnote-link footnote-identifier-link\" title=\"Mise &agrave; jour du 16 juillet : en vacances chez mes parents, o&ugrave; se trouve l&rsquo;album, je me suis d&eacute;cid&eacute; &agrave; relire le Schtroumpfissime, qui &eacute;tait conforme &agrave; mon souvenir, &agrave; un d&eacute;tail tr&egrave;s savoureux pr&egrave;s : j&rsquo;avais compl&egrave;tement oubli&eacute; que ceux qui r&eacute;sistent au despote se font appeler&hellip; &laquo;&nbsp;Les Insoumis&nbsp;&raquo;. &Agrave; la fin de l&rsquo;histoire, le pouvoir est repris par le grand schtroumpf, dont l&rsquo;autorit&eacute; ne sera pas contest&eacute;e : la d&eacute;mocratie, d&eacute;cid&eacute;ment, c&rsquo;est trop dangereux.\">1<\/a><\/sup>.<br \/>\nPuisque c&rsquo;\u00e9tait le point faible que certains craignaient de lui d\u00e9couvrir, Macron tente de s&rsquo;imposer comme \u00ab\u00a0leader\u00a0\u00bb : il broie la main de Donald Trump (puis s&rsquo;en vante pendant deux semaines), il dit \u00e0 l&rsquo;arm\u00e9e \u00ab\u00a0Je suis votre chef\u00a0\u00bb, et il impose au groupe parlementaire La R\u00e9publique en marche un r\u00e8glement particuli\u00e8rement autoritaire : interdiction de laver son linge sale en public, interdiction de co-signer des amendements ou des lois avec des membres d&rsquo;autres groupes,&#8230; Quant aux statuts du parti, que vont bient\u00f4t voter ses adh\u00e9rents, ils semblent \u00eatre <a href=\"https:\/\/www.marianne.net\/politique\/le-parti-de-macron-en-passe-de-devenir-le-moins-democratique-de-france\" target=\"_blank\" rel=\"noopener\">particuli\u00e8rement peu d\u00e9mocratiques<\/a>. C&rsquo;\u00e9tait pr\u00e9visible : le parti est n\u00e9 pour servir les ambitions d&rsquo;un homme, et pas pour promouvoir des id\u00e9es : les id\u00e9es sont venues apr\u00e8s, ce qui a d\u00e9termin\u00e9 le vote, c&rsquo;est plut\u00f4t le renouveau que repr\u00e9sente une personnalit\u00e9 presque sortie de nulle part, presque vierge en politique puisque son tout premier mandat \u00e9lectif aura \u00e9t\u00e9 la pr\u00e9sidence de la R\u00e9publique.<\/p>\n<p>J&rsquo;imagine bien qu&rsquo;il ne faut pas trop d\u00e9sesp\u00e9rer les \u00e9lecteurs d&rsquo;Emmanuel Macron<sup><a href=\"#footnote_2_5138\" id=\"identifier_2_5138\" class=\"footnote-link footnote-identifier-link\" title=\"Ce qui me semble positif dans le Macronisme ce sont justement les &eacute;lecteurs, des gens qui veulent autre chose qu&rsquo;une path&eacute;tique guerre de partis, qui veulent une France moderne, dans son si&egrave;cle, mais aussi apais&eacute;e. J&rsquo;ai peur qu&rsquo;ils aient mis&eacute; sur le mauvais cheval.\">2<\/a><\/sup>, parce qu&rsquo;on ne sait pas trop vers o\u00f9 ils se tourneront lorsqu&rsquo;ils auront fait le deuil du renouveau et de la modernit\u00e9 qu&rsquo;ils ont voulu qu&rsquo;il repr\u00e9sente. On dit souvent \u00ab\u00a0apr\u00e8s \u00e7a, c&rsquo;est s\u00fbr, les gens voteront Le Pen\u00a0\u00bb. Mais je n&rsquo;y crois pas, les gens n&rsquo;\u00e9liront jamais Le Pen, qui est \u00e0 mon avis la plus grande perdante de l&rsquo;\u00e9lection qui vient d&rsquo;avoir lieu. Je parie plut\u00f4t sur quelque chose d&rsquo;encore plus grave : l&rsquo;abandon de toute foi dans le d\u00e9bat politique pour organiser notre pays : nous serons m\u00fbrs pour confier nos destin\u00e9es \u00e0 des instances administratives technocratiques et \u00e0 de grandes soci\u00e9t\u00e9s bienveillantes qui sauront ce qui est bien pour nous comme pour elles et qui se partageront les restes des grandes entreprises publiques (notre patrimoine commun) : sant\u00e9, \u00e9ducation, transports, \u00e9nergie,&#8230; J&rsquo;aimerais me tromper, mais j&rsquo;ai peur qu&rsquo;Emmanuel Macron, comme Fran\u00e7ois Hollande, comme Nicolas Sarkozy, comme l&rsquo;aurait pu faire Fran\u00e7ois Fillon, e\u00fbt-il \u00e9t\u00e9 \u00e9lu, travaille \u00e0 une France dans laquelle les frais d&rsquo;inscription annuels \u00e0 l&rsquo;universit\u00e9 co\u00fbtent le prix d&rsquo;une automobile, une France o\u00f9 les salari\u00e9s ne peuvent pas porter de projet collectif, une France o\u00f9 les services vitaux sont \u00e0 la merci de quelques multinationales. J&rsquo;ai des enfants, je leur souhaite tout autre chose que \u00e7a<sup><a href=\"#footnote_3_5138\" id=\"identifier_3_5138\" class=\"footnote-link footnote-identifier-link\" title=\"On me fait la remarque que cette phrase semble un peu &eacute;go&iuml;ste. D&rsquo;une part, peut-&ecirc;tre, oui : au fond il est naturel de souhaiter que ses enfants aient une belle vie, parce que c&rsquo;est &agrave; &ccedil;a que servent les parents. Ensuite, bien s&ucirc;r, je ne parle pas sp&eacute;cifiquement de mes enfants &agrave; moi, je veux dire par l&agrave; que ce n&rsquo;est pas pour moi-m&ecirc;me que je m&rsquo;inqui&egrave;te, mais pour ceux qui me survivront, pour l&rsquo;avenir, quoi.\">3<\/a><\/sup>, J&rsquo;aimerais me tromper. Sinc\u00e8rement.<\/p>\n<ol class=\"footnotes\"><li id=\"footnote_1_5138\" class=\"footnote\">Mise \u00e0 jour du 16 juillet : en vacances chez mes parents, o\u00f9 se trouve l&rsquo;album, je me suis d\u00e9cid\u00e9 \u00e0 relire le Schtroumpfissime, qui \u00e9tait conforme \u00e0 mon souvenir, \u00e0 un d\u00e9tail tr\u00e8s savoureux pr\u00e8s : j&rsquo;avais compl\u00e8tement oubli\u00e9 que ceux qui r\u00e9sistent au despote se font appeler&#8230; \u00ab\u00a0Les Insoumis\u00a0\u00bb. \u00c0 la fin de l&rsquo;histoire, le pouvoir est repris par le grand schtroumpf, dont l&rsquo;autorit\u00e9 ne sera pas contest\u00e9e : la d\u00e9mocratie, d\u00e9cid\u00e9ment, c&rsquo;est trop dangereux. <span class=\"footnote-back-link-wrapper\"> [<a href=\"#identifier_1_5138\" class=\"footnote-link footnote-back-link\">&#8617;<\/a>]<\/span><\/li><li id=\"footnote_2_5138\" class=\"footnote\">Ce qui me semble positif dans le Macronisme ce sont justement les \u00e9lecteurs, des gens qui veulent autre chose qu&rsquo;une path\u00e9tique guerre de partis, qui veulent une France moderne, dans son si\u00e8cle, mais aussi apais\u00e9e. J&rsquo;ai peur qu&rsquo;ils aient mis\u00e9 sur le mauvais cheval. <span class=\"footnote-back-link-wrapper\"> [<a href=\"#identifier_2_5138\" class=\"footnote-link footnote-back-link\">&#8617;<\/a>]<\/span><\/li><li id=\"footnote_3_5138\" class=\"footnote\">On me fait la remarque que cette phrase semble un peu \u00e9go\u00efste. D&rsquo;une part, peut-\u00eatre, oui : au fond il est naturel de souhaiter que ses enfants aient une belle vie, parce que c&rsquo;est \u00e0 \u00e7a que servent les parents. Ensuite, bien s\u00fbr, je ne parle pas sp\u00e9cifiquement de mes enfants \u00e0 moi, je veux dire par l\u00e0 que ce n&rsquo;est pas pour moi-m\u00eame que je m&rsquo;inqui\u00e8te, mais pour ceux qui me survivront, pour l&rsquo;avenir, quoi. <span class=\"footnote-back-link-wrapper\"> [<a href=\"#identifier_3_5138\" class=\"footnote-link footnote-back-link\">&#8617;<\/a>]<\/span><\/li><\/ol>","protected":false},"excerpt":{"rendered":"<p>Je me souviens que ma grand-m\u00e8re paternelle n&rsquo;aimait pas beaucoup Fran\u00e7ois Mitterrand, mais qu&rsquo;apr\u00e8s l&rsquo;\u00e9lection de ce dernier, elle m&rsquo;avait dit quelque chose comme : \u00ab\u00a0maintenant, c&rsquo;est lui le pr\u00e9sident, il n&rsquo;y a plus \u00e0 en discuter, esp\u00e9rons qu&rsquo;il travaillera bien\u00a0\u00bb. \u00c0 pr\u00e9sent, Emmanuel Macron est le pr\u00e9sident, et il faut bien en prendre son [&hellip;]<\/p>\n","protected":false},"author":1,"featured_media":0,"comment_status":"open","ping_status":"open","sticky":false,"template":"","format":"standard","meta":{"footnotes":""},"categories":[7],"tags":[],"class_list":["post-5138","post","type-post","status-publish","format-standard","hentry","category-democratie"],"_links":{"self":[{"href":"https:\/\/hyperbate.fr\/castagne\/wp-json\/wp\/v2\/posts\/5138","targetHints":{"allow":["GET"]}}],"collection":[{"href":"https:\/\/hyperbate.fr\/castagne\/wp-json\/wp\/v2\/posts"}],"about":[{"href":"https:\/\/hyperbate.fr\/castagne\/wp-json\/wp\/v2\/types\/post"}],"author":[{"embeddable":true,"href":"https:\/\/hyperbate.fr\/castagne\/wp-json\/wp\/v2\/users\/1"}],"replies":[{"embeddable":true,"href":"https:\/\/hyperbate.fr\/castagne\/wp-json\/wp\/v2\/comments?post=5138"}],"version-history":[{"count":3,"href":"https:\/\/hyperbate.fr\/castagne\/wp-json\/wp\/v2\/posts\/5138\/revisions"}],"predecessor-version":[{"id":5245,"href":"https:\/\/hyperbate.fr\/castagne\/wp-json\/wp\/v2\/posts\/5138\/revisions\/5245"}],"wp:attachment":[{"href":"https:\/\/hyperbate.fr\/castagne\/wp-json\/wp\/v2\/media?parent=5138"}],"wp:term":[{"taxonomy":"category","embeddable":true,"href":"https:\/\/hyperbate.fr\/castagne\/wp-json\/wp\/v2\/categories?post=5138"},{"taxonomy":"post_tag","embeddable":true,"href":"https:\/\/hyperbate.fr\/castagne\/wp-json\/wp\/v2\/tags?post=5138"}],"curies":[{"name":"wp","href":"https:\/\/api.w.org\/{rel}","templated":true}]}}