{"id":4967,"date":"2017-04-29T10:34:29","date_gmt":"2017-04-29T09:34:29","guid":{"rendered":"http:\/\/hyperbate.fr\/castagne\/?p=4967"},"modified":"2017-04-29T14:47:29","modified_gmt":"2017-04-29T13:47:29","slug":"pas-de-printemps-pour-marine","status":"publish","type":"post","link":"https:\/\/hyperbate.fr\/castagne\/2017\/04\/29\/pas-de-printemps-pour-marine\/","title":{"rendered":"Pas de printemps pour Marine"},"content":{"rendered":"<p>Dans mon <a href=\"https:\/\/hyperbate.fr\/castagne\/2017\/04\/26\/vote-pour-nous-connard-sinon-tu-es-un-salaud\/\">billet pr\u00e9c\u00e9dent<\/a>\u00a0je dis\u00a0clairement que je n&rsquo;ai aucune envie de donner des le\u00e7ons \u00e0 ceux qui n&rsquo;iront pas voter le 7 mai, qu&rsquo;ils soient des abstentionnistes permanents, des abstentionnistes du ni-Macron-ni-Le-Pen ou des abstentionnistes du <em>\u00ab\u00a0j&rsquo;ai d\u00e9cid\u00e9 de partir en long week end mais j&rsquo;ai compl\u00e8tement oubli\u00e9 la procuration\u00a0\u00bb<\/em>. En revanche, je ne sais pas trop quoi dire aux gens qui ont vot\u00e9 M\u00e9lenchon et comptent reporter leur voix sur Le Pen par affinit\u00e9 politique : ceux-l\u00e0 sont trop loin de moi pour que je puisse comprendre un grand \u00e9cart aussi extravagant. Ils sont tellement loin de moi, du reste, que je n&rsquo;en connais aucun. Je suis aussi tr\u00e8s circonspect envers ceux qui esp\u00e8rent l&rsquo;\u00e9lection de Le Pen non par adh\u00e9sion envers ses vues ni m\u00eame par rejet visc\u00e9ral d&rsquo;Emmanuel Macron mais parce que son \u00e9lection permettrait de s&rsquo;opposer directement \u00e0 elle, \u00e0 l&rsquo;\u00c9tat ; une envie de catastrophe, de guerre civile&#8230;. En tant que sp\u00e9cialiste des mythes de fins du monde autant qu&rsquo;en tant que lecteur d&rsquo;Henri Laborit, je comprends cette envie de quitter le <em>status quo<\/em> de la pr\u00e9tendue social-d\u00e9mocratie (sociale tant qu&rsquo;elle y est forc\u00e9e, d\u00e9mocratique au minimum possible). Je le comprends mais je ne peux pas le partager, il y a bien trop \u00e0 perdre : la bataille, bien entendu, mais aussi sa propre humanit\u00e9.<br \/>\nNon seulement je ne donnerai pas de le\u00e7ons, mais je pense que ceux qui le font ont tort, et que si quelqu&rsquo;un se tire une balle dans le pied, pour reprendre une m\u00e9taphore qui a du succ\u00e8s ces jours-ci, c&rsquo;est bien eux : rien de plus contre-productif que d&rsquo;insulter, culpabiliser, menacer une personne dont on aimerait qu&rsquo;elle se rallie \u00e0 sa vision des choses. \u00c0 moins que le but ne soit pas de partager un raisonnement,\u00a0mais juste de dire qui on a envie de d\u00e9tester, et d&rsquo;ajouter : <em>\u00ab\u00a0j&rsquo;en \u00e9tais s\u00fbr !\u00a0\u00bb<\/em>. Pas de le\u00e7ons, donc, mais pour \u00e9viter de me r\u00e9p\u00e9ter, conversation apr\u00e8s conversation, je vais tout de m\u00eame tenter d&rsquo;exposer de mani\u00e8re synth\u00e9tique\u00a0ici\u00a0les arguments qui me convainquent d&rsquo;aller voter pour le paltoquet, malgr\u00e9 son programme, en commen\u00e7ant par exposer ma vision de la d\u00e9mocratie repr\u00e9sentative.<\/p>\n<p><img decoding=\"async\" class=\"aligncenter size-full wp-image-5050\" src=\"files\/2017\/04\/democratie.png\" alt=\"\" width=\"1126\" height=\"678\" srcset=\"https:\/\/hyperbate.fr\/castagne\/files\/2017\/04\/democratie.png 1126w, https:\/\/hyperbate.fr\/castagne\/files\/2017\/04\/democratie-300x181.png 300w, https:\/\/hyperbate.fr\/castagne\/files\/2017\/04\/democratie-768x462.png 768w, https:\/\/hyperbate.fr\/castagne\/files\/2017\/04\/democratie-1024x617.png 1024w, https:\/\/hyperbate.fr\/castagne\/files\/2017\/04\/democratie-624x376.png 624w\" sizes=\"(max-width: 1126px) 100vw, 1126px\" \/><\/p>\n<p>Pour moi, voter, ce n&rsquo;est pas choisir le\u00a0bon dirigeant, c&rsquo;est se d\u00e9terminer entre des ambitieux plus ou moins n\u00e9fastes, plus ou moins honn\u00eates, et aussi choisir entre des programmes\u00a0et des groupes politiques plus ou moins dangereux. Je ne vote pas par adh\u00e9sion inconditionnelle\u00a0(croire en quelqu&rsquo;un d&rsquo;autre alors que je ne suis pas capable d&rsquo;\u00eatre d&rsquo;accord avec moi-m\u00eame constituerait une blessure narcissique bien\u00a0douloureuse), mais avec l&rsquo;id\u00e9e d&rsquo;obtenir des am\u00e9liorations\u00a0ou plus souvent encore, d&rsquo;\u00e9viter une d\u00e9t\u00e9rioration. Je ne dis pas que je n&rsquo;adh\u00e8re pas un peu aux programmes pour lesquels je vote, mais je n&rsquo;ai pas de foi, pas de religion, je refuse les \u00ab\u00a0packs\u00a0\u00bb (si je suis d&rsquo;accord sur tel point je dois \u00eatre d&rsquo;accord sur tel autre), je ne suis pas dupe du c\u00f4t\u00e9 self-service de l&rsquo;offre<sup><a href=\"#footnote_1_4967\" id=\"identifier_1_4967\" class=\"footnote-link footnote-identifier-link\" title=\"Au self-service, on a certes le choix, mais on se fait imposer une s&eacute;lection r&eacute;alis&eacute;e en amont et sans nous. Bien entendu, faire savoir au chef ce qui nous plait peut orienter son choix.\">1<\/a><\/sup>. Je constate que la d\u00e9mocratie repr\u00e9sentative ne m\u00e8ne pas forc\u00e9ment aux bonnes politiques, puisqu&rsquo;elle ne favorise pas la coop\u00e9ration ou la recherche d&rsquo;un int\u00e9r\u00eat v\u00e9ritablement commun, mais j&rsquo;y reste attach\u00e9 faute de mieux car je la vois comme un contre-pouvoir, au m\u00eame titre que la libre-circulation de l&rsquo;information ou que l&rsquo;ind\u00e9pendance de la justice.<\/p>\n<p>\u00c0 pr\u00e9sent, comparons.<br \/>\nEmmanuel Macron propose de rester dans la continuit\u00e9 du quinquennat de Fran\u00e7ois Hollande, en parachevant l&rsquo;\u0153uvre de d\u00e9politisation de la vie politique qu&rsquo;a incarn\u00e9 ce dernier : avec Macron, l&rsquo;antagonisme gauche-droite, certes un peu d\u00e9pass\u00e9 ou ridicule sur certains sujets, s&rsquo;efface au profit d&rsquo;un syst\u00e8me men\u00e9 par les n\u00e9gociations\u00a0de lobbies et orient\u00e9e par des\u00a0think-tanks qui semblent depuis longtemps avoir conclu que la social-d\u00e9mocratie \u00e9tait une chose trop s\u00e9rieuse pour \u00eatre confi\u00e9e \u00e0 des \u00e9lecteurs. Il faut dire que ce n&rsquo;est pas faux, l&rsquo;\u00e9lecteur d&rsquo;aujourd&rsquo;hui n&rsquo;est plus vraiment un citoyen mais quelqu&rsquo;un qui d\u00e9l\u00e8gue sa souverainet\u00e9 sans jamais se sentir responsable ensuite, ce qui constitue une vision un peu consum\u00e9riste de la politique<sup><a href=\"#footnote_2_4967\" id=\"identifier_2_4967\" class=\"footnote-link footnote-identifier-link\" title=\"Cela doit &ecirc;tre vrai depuis longtemps, je m&rsquo;&eacute;tais dit &ccedil;a d&egrave;s l&rsquo;&eacute;lection de Nicolas Sarkozy, il m&rsquo;avait sembl&eacute; &eacute;vident que les gens qui avaient vot&eacute; pour lui se pr&eacute;paraient &agrave; le d&eacute;tester plus tard, comme ces souverains d&rsquo;&icirc;les d&rsquo;Oc&eacute;anie (que j&rsquo;invente, peut-&ecirc;tre)&nbsp;qui sont d&eacute;sign&eacute;s pour &ecirc;tre sacrifi&eacute;s par la foule lorsqu&rsquo;un cataclysme advient. J&rsquo;expliquerai en d&eacute;tail cette th&eacute;orie un jour.\">2<\/a><\/sup>.<br \/>\nEmmanuel Macron est un promoteur du lib\u00e9ralisme \u00e9conomique, il veut r\u00e9former le droit du travail d\u00e8s sa prise de fonctions, par ordonnances<sup><a href=\"#footnote_3_4967\" id=\"identifier_3_4967\" class=\"footnote-link footnote-identifier-link\" title=\"Syst&egrave;me, si j&rsquo;ai bien compris, dans lequel l&rsquo;application&nbsp;de la loi pr&eacute;c&egrave;de sa validation par les assembl&eacute;es.\">3<\/a><\/sup> : moins d&rsquo;indemnisations par les Prud&rsquo;hommes en cas de licenciement contest\u00e9 ; possibilit\u00e9 de toucher des indemnit\u00e9s ch\u00f4mage lorsque l&rsquo;on d\u00e9missionne (ce qui est a priori\u00a0plut\u00f4t une bonne chose, mais il faut voir dans le d\u00e9tail) ; la perte de pouvoir des syndicats en entreprise, au profit de syst\u00e8mes de r\u00e9f\u00e9rendum interne. Sur la fiscalit\u00e9, \u00ab\u00a0En marche !\u00a0\u00bb marche clairement pour le capital, en supprimant l&rsquo;Imp\u00f4t sur la fortune et en le rempla\u00e7ant par un imp\u00f4t sur le patrimoine immobilier. Il propose dans le m\u00eame temps une suppression de la taxe d&rsquo;habitation en dessous d&rsquo;un certain revenu annuel. Sur la plupart des autres sujets, le programme d&rsquo;Emmanuel Macron ne fait qu&rsquo;indiquer des v\u0153ux : l&rsquo;arm\u00e9e doit prot\u00e9ger les fran\u00e7ais et assurer la souverainet\u00e9 du pays \u2014 \u00a0<em>Original !<\/em> \u2014 Il faut donner le go\u00fbt de la Culture et soutenir les artistes \u2014 \u00a0<em>Incroyable, non ?<\/em> \u2014 \u00a0L&rsquo;\u00e9cole doit accompagner la r\u00e9ussite de chacun et r\u00e9duire les in\u00e9galit\u00e9s \u2014 \u00a0<em>Jamais entendu un truc pareil !<\/em> \u2014 \u00a0La justice doit \u00eatre juste\u00a0et efficace \u2014\u00a0<em>Moderne\u00a0!<\/em> \u00a0\u2014 \u00a0Les pauvres doivent \u00eatre moins pauvres \u2014 \u00a0<em>On leur dira<\/em>. \u2014 \u00a0Etc., etc. Il ne manque\u00a0plus qu&rsquo;\u00e0 demander \u00e0 la pluie\u00a0de mouiller, et on a\u00a0un programme parfait. Je force le trait ? Peut-\u00eatre, je vous laisse aller <a href=\"https:\/\/en-marche.fr\" target=\"_blank\" rel=\"noopener noreferrer\">consulter le programme<\/a> pour v\u00e9rifier, ou encore <a href=\"https:\/\/blogs.mediapart.fr\/georges-ledoux-lanvin\/blog\/160417\/presidentielles-2017-revue-des-etudes-de-20-ong-et-experts-les-avis-sont-unanimes\" target=\"_blank\" rel=\"noopener noreferrer\">cette m\u00e9ta-\u00e9tude qui compile l&rsquo;analyse compar\u00e9e des diff\u00e9rents programmes<\/a> par une vingtaine d&rsquo;ONGs. Au fond, le programme d&rsquo;Emmanuel Macron consiste \u00e0 dire qu&rsquo;il n&rsquo;y a pas grand chose \u00e0 changer \u00e0 la pente actuelle, et en cela, il est l\u00e9gitime de voir en lui l&rsquo;h\u00e9ritier de Fran\u00e7ois Hollande. Peut-\u00eatre n&rsquo;est-ce pas un mauvais signe, peut-\u00eatre que cela veut dire, avant tout, que les Fran\u00e7ais n&rsquo;ont pas tant envie de catastrophe que cela.<br \/>\nPlus que des mesures v\u00e9ritablement iniques, c&rsquo;est la dissolution du politique (et du syndicalisme) qui m&rsquo;effraie chez Emmanuel Macron, puisque par petites touches, il se propose de supprimer la souverainet\u00e9 qu&rsquo;exercent\u00a0les\u00a0citoyens sur l&rsquo;\u00c9tat dont ils d\u00e9pendent. Et je parle de la vraie souverainet\u00e9, pas du fait d&rsquo;agiter un drapeau, de chanter des hymnes patriotique et d&rsquo;invoquer Jeanne d&rsquo;Arc en se faisant faire les poches par ceux qui savent d\u00e9tourner votre attention \u00e0 coup de fiert\u00e9\u00a0mal plac\u00e9<sup><a href=\"#footnote_4_4967\" id=\"identifier_4_4967\" class=\"footnote-link footnote-identifier-link\" title=\"J&rsquo;ai vu la chose &agrave; l&rsquo;&oelig;uvre dans la Croatie d&rsquo;apr&egrave;s-guerre : on voit des drapeaux &agrave; damiers partout, les mots jug&eacute;s &laquo;&nbsp;serbes&nbsp;&raquo; sont remplac&eacute;s par d&rsquo;autres (cela va des noms des mois de l&rsquo;ann&eacute;e&hellip; aux h&eacute;licopt&egrave;res, car pour une raison incompr&eacute;hensible les Croates pensent que helikopter est un mot sp&eacute;cifique aux Serbes &mdash; en fait, on le doit au fran&ccedil;ais Gustave Ponton d&rsquo;Am&eacute;court), la religion est redevenue un pouvoir important&hellip;&nbsp;Et les politiciens qui ont promu tout cela se sont enrichis au d&eacute;triment du pays, puisque les services publics ont &eacute;t&eacute; d&eacute;pec&eacute;s et vendus &agrave; des soci&eacute;t&eacute;s allemandes ou fran&ccedil;aises. Des jugements pour corruption ont &eacute;t&eacute; rendus des ann&eacute;es plus tard, trop tard.\">4<\/a><\/sup>.<\/p>\n<div id=\"attachment_5044\" style=\"width: 351px\" class=\"wp-caption aligncenter\"><img decoding=\"async\" aria-describedby=\"caption-attachment-5044\" class=\"size-full wp-image-5044\" src=\"files\/2017\/04\/pas_de_printemps_pour_marnie.jpg\" alt=\"\" width=\"341\" height=\"484\" srcset=\"https:\/\/hyperbate.fr\/castagne\/files\/2017\/04\/pas_de_printemps_pour_marnie.jpg 341w, https:\/\/hyperbate.fr\/castagne\/files\/2017\/04\/pas_de_printemps_pour_marnie-211x300.jpg 211w\" sizes=\"(max-width: 341px) 100vw, 341px\" \/><p id=\"caption-attachment-5044\" class=\"wp-caption-text\">Jeu : inversez deux lettres dans le titre du film et d\u00e9couvrez le message subliminal que je tente de vous faire passer.<\/p><\/div>\n<p>Vous voyez de quoi je veux parler.<br \/>\nD&rsquo;un point de vue purement \u00e9conomique et social, le programme de Marine Le Pen n&rsquo;est ni un pari \u00ab\u00a0utopiste\u00a0\u00bb sur l&rsquo;avenir et le progr\u00e8s, ni une forme de r\u00e9signation \u00ab\u00a0r\u00e9aliste\u00a0\u00bb, il n&rsquo;a pas de coh\u00e9rence, et on doute que quiconque\u00a0dans son parti ait\u00a0de comp\u00e9tence pour traiter ces sujets. Les \u00e9conomistes qui se sont pench\u00e9s sur le\u00a0programme \u00e9conomique de Marine Le Pen le consid\u00e8rent comme aberrant, puisqu&rsquo;il promet d&rsquo;immenses d\u00e9penses (renforcement d&rsquo;effectifs dans la sant\u00e9, la police,&#8230;), des baisses imm\u00e9diates de tarifs r\u00e9glement\u00e9s (gaz, \u00e9lectricit\u00e9, etc.), des revalorisations importantes pour les salaires de fonctionnaires ou les pensions, des d\u00e9penses accrues (d\u00e9fense), des exon\u00e9rations (entreprises, successions,&#8230;), et tout cela ne serait financ\u00e9 que par une astuce : la sorti de l&rsquo;Euro en faveur du franc, qui deviendrait la devise de la dette publique du pays et pourrait \u00eatre d\u00e9valu\u00e9 brutalement pour ramener ladite dette \u00e0 peu de choses. En fait, ce que propose Le Pen est rien moins que d&rsquo;escroquer les cr\u00e9anciers de la France, lesquels ne seront pas contents et sont pour une bonne\u00a0part&#8230; fran\u00e7ais :\u00a0\u00a0Axa, Allianz, MMA, CIC, BNP Paribas, etc. Comptons sur ces institutions financi\u00e8res pour reprendre aux fran\u00e7ais d&rsquo;un c\u00f4t\u00e9 que ce que la France leur aura pris de l&rsquo;autre.\u00a0Parmi les autres sources de revenus propos\u00e9s se trouve notamment une taxe sur les embauches de travailleurs \u00e9trangers. Une id\u00e9e trumpienne qui l\u00e0 encore co\u00fbtera pr\u00e9cis\u00e9ment \u00e0 l&rsquo;\u00e9conomie fran\u00e7aise. L&rsquo;incomp\u00e9tence de Marine Le Pen est totale, mais il est probable que ses \u00e9lecteurs s&rsquo;en moquent de mani\u00e8re toute aussi totale.<br \/>\nDe mani\u00e8re incroyablement rus\u00e9e, Marine Le Pen a amen\u00e9\u00a0le parti de son g\u00e9niteur,\u00a0longtemps promoteur d&rsquo;un lib\u00e9ralisme \u00e9conomique total, \u00e0 s&rsquo;appuyer sur un discours social et empathique. Le Pen\u00a0ne dit pas aux ouvriers ce qu&rsquo;elle va faire pour leur usine qui ferme, ou si elle le fait, elle leur promet n&rsquo;importe quoi. \u00c0 la place, elle fait des selfies avec eux, elle est \u00ab\u00a0proche\u00a0\u00bb d&rsquo;eux, comme Chirac savait l&rsquo;\u00eatre. Cette \u00ab\u00a0proximit\u00e9\u00a0\u00bb, je la mets entre guillemets puisqu&rsquo;elle rel\u00e8ve du spectacle, mais elle\u00a0s&rsquo;adresse avec efficacit\u00e9 aux gens un peu d\u00e9sempar\u00e9s et inquiets, \u00e0 ceux qui vivent dans une petite ville\u00a0alsacienne et qui ne voient pas ce qu&rsquo;ils peuvent faire contre la mont\u00e9e du salafisme dont la t\u00e9l\u00e9 leur bourre le cr\u00e2ne, elle s&rsquo;adresse \u00e0 ceux qui sont persuad\u00e9s\u00a0que leur niveau de vie va baisser, elle s&rsquo;adresse \u00e0 ceux qui ont l&rsquo;impression de n&rsquo;avoir aucune prise sur un monde complexe et immense. Et elle s&rsquo;adresse, bien s\u00fbr, \u00e0 ceux qui ont envie de punir les gouvernements pr\u00e9c\u00e9dents de leur incapacit\u00e9 \u00e0 r\u00e9gler certains probl\u00e8mes. Elle ne fera rien pour eux, elle en est bien incapable, mais elle sait leur faire croire qu&rsquo;elle n&rsquo;est pas une technocrate, qu&rsquo;elle ne repr\u00e9sente pas une \u00e9lite politique et financi\u00e8re \u00e9tablie. Face \u00e0 cette promesse de proximit\u00e9, un nouveau Giscard qui explique d&rsquo;une voix mal assur\u00e9e \u00e0 des\u00a0syndicalistes comment on se paie un beau costume et promet de ne rien tenter d&rsquo;imposer \u00e0 l&rsquo;Europe peut faire p\u00e2le figure.<\/p>\n<p><img decoding=\"async\" class=\"aligncenter size-full wp-image-5021\" src=\"files\/2017\/04\/bons_baisers_amiens.jpg\" alt=\"\" width=\"1200\" height=\"1200\" srcset=\"https:\/\/hyperbate.fr\/castagne\/files\/2017\/04\/bons_baisers_amiens.jpg 1200w, https:\/\/hyperbate.fr\/castagne\/files\/2017\/04\/bons_baisers_amiens-150x150.jpg 150w, https:\/\/hyperbate.fr\/castagne\/files\/2017\/04\/bons_baisers_amiens-300x300.jpg 300w, https:\/\/hyperbate.fr\/castagne\/files\/2017\/04\/bons_baisers_amiens-768x768.jpg 768w, https:\/\/hyperbate.fr\/castagne\/files\/2017\/04\/bons_baisers_amiens-1024x1024.jpg 1024w, https:\/\/hyperbate.fr\/castagne\/files\/2017\/04\/bons_baisers_amiens-624x624.jpg 624w\" sizes=\"(max-width: 1200px) 100vw, 1200px\" \/><\/p>\n<p>Ce qui rend le programme de Marine Le Pen particuli\u00e8rement intol\u00e9rable, ce n&rsquo;est pas sa d\u00e9magogie et son manque de comp\u00e9tence \u00e9conomique, \u00e9cologique, culturelle \u2014 qui certes sont graves en elles-m\u00eames \u2014 , c&rsquo;est toute la peur et la d\u00e9testation de l&rsquo;autre qui l&rsquo;anime. Les immigr\u00e9s clandestins<sup><a href=\"#footnote_5_4967\" id=\"identifier_5_4967\" class=\"footnote-link footnote-identifier-link\" title=\"Pour s&rsquo;autoriser &agrave; d&eacute;tester les immigr&eacute;s, certains se sont focalis&eacute;s sur les &laquo;&nbsp;clandestins&nbsp;&raquo;. Mais ces derniers ne sont d&eacute;linquants que parce qu&rsquo;ils ont un probl&egrave;me administratif, et non par go&ucirc;t de la dissimulation. Ma propre m&egrave;re, n&eacute;e norv&eacute;gienne,&nbsp;avait peur d&rsquo;&ecirc;tre renvoy&eacute;e dans son pays si elle &eacute;tait contr&ocirc;l&eacute;e par des policiers pendant les &eacute;v&eacute;nements de mai 1968 &mdash; elle &eacute;tait en France par amour, accessoirement enceinte, et avait d&eacute;pass&eacute; la date autoris&eacute;e par son visa. Mon beau-p&egrave;re Franko, venu de Yougoslavie,&nbsp;a quitt&eacute; ill&eacute;galement son pays et est entr&eacute; clandestinement en Italie puis en France au d&eacute;but des ann&eacute;es 1960. Il voulait gagner sa vie, ce qu&rsquo;il a fait comme footballeur puis ouvrier. Bref, deux des grands parents de mes enfants ont &eacute;t&eacute; des immigr&eacute;s clandestins pendant une partie de leur vie. Et puis &ccedil;a s&rsquo;est arrang&eacute;, car si les r&egrave;gles &eacute;taient sans doute strictes, les Fran&ccedil;ais &eacute;taient plus d&eacute;tendus sur ces questions. Aujourd&rsquo;hui encore il existe des gens qui apr&egrave;s cinq ans d&rsquo;&eacute;tudes en France ont d&eacute;velopp&eacute; ici des amours et des amiti&eacute;s et ne veulent pas partir, mais devraient le faire s&rsquo;ils respectaient la r&egrave;gle. Aujourd&rsquo;hui aussi, des gens viennent ill&eacute;galement d&rsquo;anciennes colonies pour travailler en France. Employ&eacute;s par des soci&eacute;t&eacute;s bidon elles-m&ecirc;mes prestataires de soci&eacute;t&eacute; &eacute;ph&eacute;m&egrave;res qui fournissent de la main d&rsquo;&oelig;uvre &agrave; de grandes soci&eacute;t&eacute;s publiques ou priv&eacute;es, ces gens nettoient les bureaux de la d&eacute;fense, sont vigiles, travaillent sur les chantiers. La pr&eacute;carit&eacute; administrative de ces gens est un cruel outil pour les maintenir dans la peur et s&rsquo;assurer qu&rsquo;ils restent sous pay&eacute;s&nbsp;et non-couverts par les lois sociales. Marine Le Pen se propose juste de raidir les lois qui les concernent pour emp&ecirc;cher toute am&eacute;lioration de cette situation administrative. Absurde, contre-productif, inhumain.\">5<\/a><\/sup> ne pourront \u00eatre r\u00e9gularis\u00e9s, le regroupement familial ne sera plus possible, les fronti\u00e8res seront r\u00e9tablies (les gens ont-il oubli\u00e9 comme c&rsquo;\u00e9tait p\u00e9nible ?), les demandeurs d&rsquo;asile devront d\u00e9poser leur requ\u00eate dans leur pays d&rsquo;origine, et l&rsquo;aide m\u00e9dicale d&rsquo;\u00c9tat sera supprim\u00e9e (pr\u00e9voir un retour brutal de la tuberculose et de quelques autres maladies pour l&rsquo;instant rares en France).<br \/>\nJe me souviens, depuis mon tout petit bout de lorgnette, comme la vie \u00e9tait difficile pour mes \u00e9tudiants \u00e9trangers \u00e0 l&rsquo;universit\u00e9 sous Sarkozy, j&rsquo;imagine bien ce que cela deviendra sous Marine Le Pen !<\/p>\n<div id=\"attachment_5042\" style=\"width: 655px\" class=\"wp-caption aligncenter\"><img decoding=\"async\" aria-describedby=\"caption-attachment-5042\" class=\"size-full wp-image-5042\" src=\"files\/2017\/04\/unes_magazines.jpg\" alt=\"\" width=\"645\" height=\"140\" srcset=\"https:\/\/hyperbate.fr\/castagne\/files\/2017\/04\/unes_magazines.jpg 645w, https:\/\/hyperbate.fr\/castagne\/files\/2017\/04\/unes_magazines-300x65.jpg 300w, https:\/\/hyperbate.fr\/castagne\/files\/2017\/04\/unes_magazines-624x135.jpg 624w\" sizes=\"(max-width: 645px) 100vw, 645px\" \/><p id=\"caption-attachment-5042\" class=\"wp-caption-text\"><a href=\"http:\/\/www.acrimed.org\/Les-obsessions-islamiques-de-la-presse-magazine\" target=\"_blank\" rel=\"noopener noreferrer\">Les m\u00e9dias obnubil\u00e9s par l&rsquo;Islam<\/a> sont directement responsables de l&rsquo;importance qu&rsquo;a d\u00e9sormais acquis le Front National dans le d\u00e9bat public. \u00c0 pr\u00e9sent, ils appellent \u00e0 faire \u00ab\u00a0barrage\u00a0\u00bb \u00e0 un parti \u00ab\u00a0anti-r\u00e9publicain\u00a0\u00bb dont ils ont pourtant accompagn\u00e9 et favoris\u00e9 la pr\u00e9tendue d\u00e9diabolisation.<\/p><\/div>\n<p>Sous Marine Le Pen, les libert\u00e9s\u00a0publiques risquent de souffrir. \u00a0Voir par exemple cette d\u00e9claration r\u00e9cente :\u00a0<em>\u00abAvec moi, les fich\u00e9s S, pour eux, la r\u00e8gle sera simple mais drastique. Le fich\u00e9 S \u00e9tranger est expuls\u00e9 vers son pays d\u2019origine. Le fich\u00e9 S binational est d\u00e9chu de sa nationalit\u00e9 et expuls\u00e9 vers son pays. Le fich\u00e9 S fran\u00e7ais est poursuivi pour intelligence avec l\u2019ennemi et condamn\u00e9 \u00e0 de la prison et \u00e0 l\u2019indignit\u00e9 nationale qui le prive de tous ses droits.\u00bb<\/em>. \u00a0Depuis\u00a0quelques ann\u00e9es, les m\u00e9dias parlent beaucoup des \u00ab\u00a0fich\u00e9s S\u00a0\u00bb : tel triste personnage coupable de meurtre terroriste \u00e9tait-il ou n&rsquo;\u00e9tait-il pas \u00ab\u00a0fich\u00e9 S\u00a0\u00bb ? On en vient \u00e0 croire qu&rsquo;\u00eatre \u00ab\u00a0fich\u00e9 S\u00a0\u00bb signifie \u00eatre un membre radicalis\u00e9 de Daech. Mais ce n&rsquo;est pas le cas, la \u00ab\u00a0fiche S\u00a0\u00bb concerne toute personne qui n&rsquo;a commis aucun crime ou d\u00e9lit mais que la s\u00e9curit\u00e9 int\u00e9rieure juge pertinent de surveiller. On trouve dans ce fichier de plus de 20 000 personnes des djihadistes potentiels, des fauteurs de trouble organis\u00e9s (hooligans, black blocs), des membres de groupes d&rsquo;extr\u00eame-droite ou d&rsquo;extr\u00eame-gauche mais aussi des activistes divers (Kurdes, \u00e9cologistes,\u00a0ind\u00e9pendantistes r\u00e9gionaux). On imagine l&rsquo;absurdit\u00e9 juridique de la situation des personnes pr\u00e9sentes dans le fichier si elles \u00e9taient soumises au traitement pr\u00e9vu, au risque de l&rsquo;erreur judiciaire ou de la faute morale, et au d\u00e9triment des services de renseignement, qui seront d\u00e8s lors priv\u00e9s d&rsquo;un pr\u00e9cieux outil de surveillance, dans le seul but d&rsquo;apaiser l&rsquo;\u00e9pouvante populaire, Et ensuite quoi ? On met des milliers de gens en prison, et on en fait quoi ? On ne peut pas les condamner, puisqu&rsquo;ils n&rsquo;ont rien fait, alors on est cens\u00e9 les enfermer combien de temps ?<br \/>\nLe retour de la peine de mort<sup><a href=\"#footnote_6_4967\" id=\"identifier_6_4967\" class=\"footnote-link footnote-identifier-link\" title=\"Il m&rsquo;est venu une id&eacute;e odieuse de science-fiction &agrave; propos de la peine de mort : si elle devait revenir, je proposerais ceci : que les membres du jury qui ont d&eacute;lib&eacute;r&eacute; cette sentence soient forc&eacute;s d&rsquo;en &ecirc;tre aussi les ex&eacute;cuteurs, qu&rsquo;ils soient les bourreaux. Ils auraient le droit, bien entendu, de changer d&rsquo;avis et de gracier la personne.\">6<\/a><\/sup> a \u00e9t\u00e9 enlev\u00e9 tout r\u00e9cemment du programme du Front National, mais il semble faire partie des projets, tout comme la \u00ab\u00a0perp\u00e9tuit\u00e9 r\u00e9elle\u00a0\u00bb.<br \/>\nLe mod\u00e8le de l&rsquo;actuel Front National n&rsquo;est sans doute ni le nazisme ni le fascisme italien (quoique le m\u00e9lange entre extr\u00eame-droite et discours social rappelle Mussolini). Non, son mod\u00e8le, c&rsquo;est Donald Trump : raconter n&rsquo;importe quoi, promettre n&rsquo;importe quoi, sans jamais peser les cons\u00e9quences logiques des promesses. Mais ce n&rsquo;est pas un handicap puisque ce n&rsquo;est pas\u00a0\u00e0 l&rsquo;intelligence des \u00e9lecteurs que le message est adress\u00e9,\u00a0mais \u00e0 leur peur, \u00e0 leur envie que les probl\u00e8mes complexes trouvent une solution simple \u00e0 comprendre et exp\u00e9ditive. Que fera-t-elle concr\u00e8tement une fois au pouvoir ?\u00a0Je ne suis pas devin, mais si je pense aux militants et aux cadres de son parti, je pense qu&rsquo;on a raison d&rsquo;avoir peur, du moins si on vient d&rsquo;ailleurs et\/ou si on aime la libert\u00e9. Les quinquennats pr\u00e9c\u00e9dents laissent au prochain pr\u00e9sident ou \u00e0 la prochaine pr\u00e9sidente des outils puissants de surveillance et d&rsquo;autorit\u00e9 (\u00e0 commencer par l&rsquo;\u00e9tat d&rsquo;urgence), ce qui constitue\u00a0une ignominie irresponsable. Que se passera-t-il au prochain attentat ? En Turquie, pays d\u00e9mocratique, une vague tentative de coup d&rsquo;\u00c9tat a permis en quelques mois au d\u00e9j\u00e0 tr\u00e8s autoritaire pr\u00e9sident\u00a0Erdo\u011fan d&rsquo;effectuer une purge massive parmi les fonctionnaires du pays et d&rsquo;obtenir, d\u00e9mocratiquement, qu&rsquo;on change la constitution du pays pour lui donner quelque chose qui ressemble aux\u00a0pleins-pouvoirs.<\/p>\n<div id=\"attachment_5051\" style=\"width: 1210px\" class=\"wp-caption aligncenter\"><img decoding=\"async\" aria-describedby=\"caption-attachment-5051\" class=\"wp-image-5051 size-full\" src=\"files\/2017\/04\/mec_bourre_paris-1.png\" alt=\"\" width=\"1200\" height=\"898\" srcset=\"https:\/\/hyperbate.fr\/castagne\/files\/2017\/04\/mec_bourre_paris-1.png 1200w, https:\/\/hyperbate.fr\/castagne\/files\/2017\/04\/mec_bourre_paris-1-300x225.png 300w, https:\/\/hyperbate.fr\/castagne\/files\/2017\/04\/mec_bourre_paris-1-768x575.png 768w, https:\/\/hyperbate.fr\/castagne\/files\/2017\/04\/mec_bourre_paris-1-1024x766.png 1024w, https:\/\/hyperbate.fr\/castagne\/files\/2017\/04\/mec_bourre_paris-1-624x467.png 624w\" sizes=\"(max-width: 1200px) 100vw, 1200px\" \/><p id=\"caption-attachment-5051\" class=\"wp-caption-text\">Vu \u00e0 Paris jeudi soir. Un homme arr\u00eate son automobile en pleine rue et bloque la circulation. Il est en fait compl\u00e8tement ivre. Le conducteur qui se trouve derri\u00e8re lui est un trentenaire d&rsquo;origine, a priori, maghr\u00e9bine. Il crie \u00e0 celui qui le bloque de se pousser, puis sort de sa voiture en col\u00e8re. Il comprend vite qu&rsquo;il a affaire \u00e0 un so\u00fblard. Le conducteur ivre marmonne de mani\u00e8re confuse mais suffisamment intelligible que \u00ab\u00a0quand Marine sera pr\u00e9sidente\u00a0\u00bb, \u00e7a ne se passera pas comme \u00e7a, les gens aux cheveux cr\u00e9pus n&rsquo;engueuleront pas les fran\u00e7ais-de-souche qui bloquent la rue parce qu&rsquo;ils sont torch\u00e9s. Je ne suis pas press\u00e9 de voir advenir la \u00ab\u00a0revanche du m\u00e2le blanc\u00a0\u00bb ici. (reconstitu\u00e9 de m\u00e9moire, d\u00e9sol\u00e9, je ne sais pas bien dessiner les automobiles).<\/p><\/div>\n<p>Un ami me disait : <em>\u00ab\u00a0de toute fa\u00e7on, Le Pen ne peut pas passer, alors je voterai blanc pour que Macron ne l&#8217;emporte pas avec un trop gros score, on ne doit pas lui laisser ce plaisir, il faut envoyer un message\u00a0\u00bb<\/em>. Je comprends le calcul (tout en me rappelant qu&rsquo;on a pu l&rsquo;entendre de la part des partisans de Bernie Sanders), mais je pense au contraire qu&rsquo;il faut que Macron l&#8217;emporte avec un score de r\u00e9publique banani\u00e8re, comme Chirac en 2002, car ce score\u00a0sera la preuve de sa propre ill\u00e9gitimit\u00e9, personne ne sera dupe de sa signification : il ne marquera pas un soutien envers\u00a0le marmouset Emmanuel Macron, mais le\u00a0rejet sans ambigu\u00eft\u00e9 d&rsquo;une politique fond\u00e9e sur la haine de l&rsquo;autre et qui d\u00e9voie \u00e9hont\u00e9ment\u00a0les mots \u00ab\u00a0f\u00e9minisme\u00a0\u00bb, \u00ab\u00a0la\u00efcit\u00e9\u00a0\u00bb ou \u00ab\u00a0gaullisme\u00a0\u00bb.<br \/>\nLes gens qui ont vot\u00e9 pour le programme de la \u00ab\u00a0France insoumise\u00a0\u00bb n&rsquo;ont rien \u00e0 voir avec Marine Le Pen, elle est aux antipodes de leurs id\u00e9es m\u00eame si Le Pen\u00a0a l&rsquo;habilit\u00e9 d&#8217;employer\u00a0certains de leurs mots-cl\u00e9s<sup><a href=\"#footnote_7_4967\" id=\"identifier_7_4967\" class=\"footnote-link footnote-identifier-link\" title=\"Une liste de points de convergence entre Front National et France Insoumise circule avec succ&egrave;s sur les r&eacute;seaux sociaux. Elle est d&rsquo;une malhonn&ecirc;tet&eacute; crasse et en dehors d&rsquo;un engagement sur l&rsquo;&acirc;ge de la retraite, rien n&rsquo;est vrai.\">7<\/a><\/sup>, et a \u00e9t\u00e9 assez rus\u00e9e pour protester \u00e0 raison contre les lois liberticides (comme la loi renseignement)\u00a0au moment de leur vote \u2014 comptez sur elle pour en profiter sans r\u00e9serves une fois au pouvoir.<br \/>\nMarine Le Pen sait sourire, sait faire croire aux gens qu&rsquo;elle veut leur bien, que le parti est \u00ab\u00a0d\u00e9diabolis\u00e9\u00a0\u00bb, mais il ne faut pas s&rsquo;y tromper. Ses proches sont du GUD<sup><a href=\"#footnote_8_4967\" id=\"identifier_8_4967\" class=\"footnote-link footnote-identifier-link\" title=\"Groupe Union D&eacute;fense : organisation &eacute;tudiante d&rsquo;extr&ecirc;me-droite connue pour ses actions violentes.\">8<\/a><\/sup> et son jeu de ping-pong avec son p\u00e8re n&rsquo;est une habile com\u00e9die\u00a0: le vieillard sort une horreur raciste, antis\u00e9mite, homophobe, la fille prend un air constern\u00e9, et le public se dit que le parti a chang\u00e9. Mais c&rsquo;est une ruse, Le Pen p\u00e8re dit tout haut ce que son parti pense tout bas, tandis que sa fille se contente d&rsquo;am\u00e9liorer l&#8217;emballage d&rsquo;id\u00e9es qui n&rsquo;ont chang\u00e9 en rien. Les sorties s\u00e9niles de Le Pen sont des clins d&rsquo;\u0153ils adress\u00e9s \u00e0 la vieille garde du parti.<\/p>\n<div id=\"attachment_5039\" style=\"width: 554px\" class=\"wp-caption aligncenter\"><img decoding=\"async\" aria-describedby=\"caption-attachment-5039\" class=\"size-full wp-image-5039\" src=\"files\/2017\/04\/savoir_se_taire.jpg\" alt=\"\" width=\"544\" height=\"612\" srcset=\"https:\/\/hyperbate.fr\/castagne\/files\/2017\/04\/savoir_se_taire.jpg 544w, https:\/\/hyperbate.fr\/castagne\/files\/2017\/04\/savoir_se_taire-267x300.jpg 267w\" sizes=\"(max-width: 544px) 100vw, 544px\" \/><p id=\"caption-attachment-5039\" class=\"wp-caption-text\">Pour Emmanuel Macron, Jean-Luc M\u00e9lenchon a \u00ab trahi les siens \u00bb. Ah oui ? Eh bien pour Jean-No\u00ebl Lafargue, Emmanuel Macron \u00ab ne sait pas quand il vaut mieux se taire \u00bb. Si Macron remporte cette \u00e9lection, \u00e7a n&rsquo;aura pas \u00e9t\u00e9 \u00e0 la loyale, mais par force. Peut-\u00eatre n&rsquo;est-il pas avis\u00e9 d&rsquo;ajouter l&rsquo;insulte \u00e0 la blessure ! Je sens qu&rsquo;il va me plaire, celui-l\u00e0.<\/p><\/div>\n<p><strong>Oui<\/strong>, Emmanuel Macron est le dangereux repr\u00e9sentant du <em>There is no alternative<\/em>\u00a0cher \u00e0 Margareth Thatcher et de la <em>fin de l&rsquo;histoire<\/em> de\u00a0Francis Fukuyama, c&rsquo;est \u00e0 dire d&rsquo;un lib\u00e9ralisme qui juge la lutte des classes obsol\u00e8te, \u00e9vacue le d\u00e9bat politique de la vie publique et installe une n\u00e9o-f\u00e9odalit\u00e9 dont les seigneurs sont les conseils d&rsquo;administrations de grandes soci\u00e9t\u00e9s. Des gens qui se croient souvent tr\u00e8s bienveillants, mais qui ne commencent \u00e0 l\u00e2cher des miettes \u00e0 ceux qui travaillent \u00e0 leur fortune qu&rsquo;une fois qu&rsquo;ils y sont vraiment forc\u00e9s.<br \/>\n<strong>Oui<\/strong>, l&rsquo;ascension de Marine Le Pen a \u00e9t\u00e9 favoris\u00e9e\u00a0avec complaisance par ceux qui en ont fait un \u00e9pouvantail universel, nous laissant le\u00a0\u00ab\u00a0choix\u00a0\u00bb entre la p\u00e9rennisation du\u00a0syst\u00e8me qui leur profite et la barbarie. C&rsquo;\u00e9tait irresponsable de leur part ; l&rsquo;\u00e9pouvantail est l\u00e0 depuis trop longtemps, les moineaux n&rsquo;en ont plus peur et il r\u00e9gnera peut-\u00eatre demain sur le champ. C&rsquo;\u00e9tait irresponsable. Nous pouvons donc nous dire : <em>\u00ab\u00a0ni Le Pen ni Macron, je n&rsquo;y suis pour rien, ce n&rsquo;est pas mon probl\u00e8me\u00a0\u00bb<\/em>.\u00a0Je comprends cette id\u00e9e\u00a0et dans un monde id\u00e9al, je la\u00a0partage sans r\u00e9serves, mais rappelons-nous que le syst\u00e8me \u00e9lectoral ne pr\u00e9voit rien de ce genre : \u00e0 la fin, nous aurons bien l&rsquo;un ou l&rsquo;autre, il n&rsquo;existe pas de troisi\u00e8me possibilit\u00e9, et quelle que soit\u00a0la personne \u00e9lue, elle sera bel et bien notre probl\u00e8me.<\/p>\n<p>Alors de force, toute honte bue, en pensant \u00e0 ceux qui seront les premiers \u00e0 se prendre les bottes dans la figure, et m\u00eame si ce sont les responsables de la situation qui vont en profiter de mani\u00e8re imm\u00e9diate, je pense qu&rsquo;il faut que nous nous assurions\u00a0que la menace d&rsquo;une Le Pen est \u00e9cart\u00e9e avant de repartir au combat contre son concurrent. J&rsquo;ai peur que \u00e7a passe par un bulletin en faveur du paltoquet. C&rsquo;est quand m\u00eame un cas de conscience un peu moins douloureux que s&rsquo;il avait fallu voter Fillon, non ?<\/p>\n<p><span style=\"border-radius: 2px; text-indent: 20px; width: auto; padding: 0px 4px 0px 0px; text-align: center; font: bold 11px\/20px 'Helvetica Neue',Helvetica,sans-serif; color: #ffffff; background: #bd081c no-repeat scroll 3px 50% \/ 14px 14px; position: absolute; opacity: 1; z-index: 8675309; display: none; cursor: pointer;\">Enregistrer<\/span><\/p>\n<p><span style=\"border-radius: 2px; text-indent: 20px; width: auto; padding: 0px 4px 0px 0px; text-align: center; font: bold 11px\/20px 'Helvetica Neue',Helvetica,sans-serif; color: #ffffff; background: #bd081c no-repeat scroll 3px 50% \/ 14px 14px; position: absolute; opacity: 1; z-index: 8675309; display: none; cursor: pointer; top: 4102px; left: 24px;\">Enregistrer<\/span><\/p>\n<ol class=\"footnotes\"><li id=\"footnote_1_4967\" class=\"footnote\">Au self-service, on a certes le choix, mais on se fait imposer une s\u00e9lection r\u00e9alis\u00e9e en amont et sans nous. Bien entendu, faire savoir au chef ce qui nous plait peut orienter son choix. <span class=\"footnote-back-link-wrapper\"> [<a href=\"#identifier_1_4967\" class=\"footnote-link footnote-back-link\">&#8617;<\/a>]<\/span><\/li><li id=\"footnote_2_4967\" class=\"footnote\">Cela doit \u00eatre vrai depuis longtemps, je m&rsquo;\u00e9tais dit \u00e7a d\u00e8s l&rsquo;\u00e9lection de Nicolas Sarkozy, il m&rsquo;avait sembl\u00e9 \u00e9vident que les gens qui avaient vot\u00e9 pour lui se pr\u00e9paraient \u00e0 le d\u00e9tester plus tard, comme ces souverains d&rsquo;\u00eeles d\u2019Oc\u00e9anie (que j&rsquo;invente, peut-\u00eatre)\u00a0qui sont d\u00e9sign\u00e9s pour \u00eatre sacrifi\u00e9s par la foule lorsqu&rsquo;un cataclysme advient. J&rsquo;expliquerai en d\u00e9tail cette th\u00e9orie un jour. <span class=\"footnote-back-link-wrapper\"> [<a href=\"#identifier_2_4967\" class=\"footnote-link footnote-back-link\">&#8617;<\/a>]<\/span><\/li><li id=\"footnote_3_4967\" class=\"footnote\">Syst\u00e8me, si j&rsquo;ai bien compris, dans lequel l&rsquo;application\u00a0de la loi pr\u00e9c\u00e8de sa validation par les assembl\u00e9es. <span class=\"footnote-back-link-wrapper\"> [<a href=\"#identifier_3_4967\" class=\"footnote-link footnote-back-link\">&#8617;<\/a>]<\/span><\/li><li id=\"footnote_4_4967\" class=\"footnote\">J&rsquo;ai vu la chose \u00e0 l&rsquo;\u0153uvre dans la Croatie d&rsquo;apr\u00e8s-guerre : on voit des drapeaux \u00e0 damiers partout, les mots jug\u00e9s \u00ab\u00a0serbes\u00a0\u00bb sont remplac\u00e9s par d&rsquo;autres (cela va des noms des mois de l&rsquo;ann\u00e9e&#8230; aux h\u00e9licopt\u00e8res, car pour une raison incompr\u00e9hensible les Croates pensent que <em>helikopter<\/em> est un mot sp\u00e9cifique aux Serbes \u2014 en fait, on le doit au fran\u00e7ais Gustave Ponton d&rsquo;Am\u00e9court), la religion est redevenue un pouvoir important&#8230;\u00a0Et les politiciens qui ont promu tout cela se sont enrichis au d\u00e9triment du pays, puisque les services publics ont \u00e9t\u00e9 d\u00e9pec\u00e9s et vendus \u00e0 des soci\u00e9t\u00e9s allemandes ou fran\u00e7aises. Des jugements pour corruption ont \u00e9t\u00e9 rendus des ann\u00e9es plus tard, trop tard. <span class=\"footnote-back-link-wrapper\"> [<a href=\"#identifier_4_4967\" class=\"footnote-link footnote-back-link\">&#8617;<\/a>]<\/span><\/li><li id=\"footnote_5_4967\" class=\"footnote\">Pour s&rsquo;autoriser \u00e0 d\u00e9tester les immigr\u00e9s, certains se sont focalis\u00e9s sur les \u00ab\u00a0clandestins\u00a0\u00bb. Mais ces derniers ne sont d\u00e9linquants que parce qu&rsquo;ils ont un probl\u00e8me administratif, et non par go\u00fbt de la dissimulation. Ma propre m\u00e8re, n\u00e9e norv\u00e9gienne,\u00a0avait peur d&rsquo;\u00eatre renvoy\u00e9e dans son pays si elle \u00e9tait contr\u00f4l\u00e9e par des policiers pendant les \u00e9v\u00e9nements de mai 1968 \u2014 elle \u00e9tait en France par amour, accessoirement enceinte, et avait d\u00e9pass\u00e9 la date autoris\u00e9e par son visa. Mon beau-p\u00e8re <a href=\"https:\/\/hyperbate.fr\/dernier\/?p=20797\" target=\"_blank\" rel=\"noopener noreferrer\">Franko<\/a>, venu de Yougoslavie,\u00a0a quitt\u00e9 ill\u00e9galement son pays et est entr\u00e9 clandestinement en Italie puis en France au d\u00e9but des ann\u00e9es 1960. Il voulait gagner sa vie, ce qu&rsquo;il a fait comme footballeur puis ouvrier. Bref, deux des grands parents de mes enfants ont \u00e9t\u00e9 des immigr\u00e9s clandestins pendant une partie de leur vie. Et puis \u00e7a s&rsquo;est arrang\u00e9, car si les r\u00e8gles \u00e9taient sans doute strictes, les Fran\u00e7ais \u00e9taient plus d\u00e9tendus sur ces questions. Aujourd&rsquo;hui encore il existe des gens qui apr\u00e8s cinq ans d&rsquo;\u00e9tudes en France ont d\u00e9velopp\u00e9 ici des amours et des amiti\u00e9s et ne veulent pas partir, mais devraient le faire s&rsquo;ils respectaient la r\u00e8gle. Aujourd&rsquo;hui aussi, des gens viennent ill\u00e9galement d&rsquo;anciennes colonies pour travailler en France. Employ\u00e9s par des soci\u00e9t\u00e9s bidon elles-m\u00eames prestataires de soci\u00e9t\u00e9 \u00e9ph\u00e9m\u00e8res qui fournissent de la main d&rsquo;\u0153uvre \u00e0 de grandes soci\u00e9t\u00e9s publiques ou priv\u00e9es, ces gens nettoient les bureaux de la d\u00e9fense, sont vigiles, travaillent sur les chantiers. La pr\u00e9carit\u00e9 administrative de ces gens est un cruel outil pour les maintenir dans la peur et s&rsquo;assurer qu&rsquo;ils restent sous pay\u00e9s\u00a0et non-couverts par les lois sociales. Marine Le Pen se propose juste de raidir les lois qui les concernent pour emp\u00eacher toute am\u00e9lioration de cette situation administrative. Absurde, contre-productif, inhumain. <span class=\"footnote-back-link-wrapper\"> [<a href=\"#identifier_5_4967\" class=\"footnote-link footnote-back-link\">&#8617;<\/a>]<\/span><\/li><li id=\"footnote_6_4967\" class=\"footnote\">Il m&rsquo;est venu une id\u00e9e odieuse de science-fiction \u00e0 propos de la peine de mort : si elle devait revenir, je proposerais ceci : que les membres du jury qui ont d\u00e9lib\u00e9r\u00e9 cette sentence soient forc\u00e9s d&rsquo;en \u00eatre aussi les ex\u00e9cuteurs, qu&rsquo;ils soient les bourreaux. Ils auraient le droit, bien entendu, de changer d&rsquo;avis et de gracier la personne. <span class=\"footnote-back-link-wrapper\"> [<a href=\"#identifier_6_4967\" class=\"footnote-link footnote-back-link\">&#8617;<\/a>]<\/span><\/li><li id=\"footnote_7_4967\" class=\"footnote\">Une liste de points de convergence entre Front National et France Insoumise <a href=\"http:\/\/www.lemonde.fr\/les-decodeurs\/article\/2017\/04\/26\/un-trac-fn-de-supposes-points-communs-pour-recuperer-les-electeurs-de-melenchon_5117895_4355770.html\" target=\"_blank\" rel=\"noopener noreferrer\">circule avec succ\u00e8s sur les r\u00e9seaux sociaux<\/a>. Elle est d&rsquo;une malhonn\u00eatet\u00e9 crasse et en dehors d&rsquo;un engagement sur l&rsquo;\u00e2ge de la retraite, rien n&rsquo;est vrai. <span class=\"footnote-back-link-wrapper\"> [<a href=\"#identifier_7_4967\" class=\"footnote-link footnote-back-link\">&#8617;<\/a>]<\/span><\/li><li id=\"footnote_8_4967\" class=\"footnote\">Groupe Union D\u00e9fense : organisation \u00e9tudiante d&rsquo;extr\u00eame-droite connue pour ses actions violentes. <span class=\"footnote-back-link-wrapper\"> [<a href=\"#identifier_8_4967\" class=\"footnote-link footnote-back-link\">&#8617;<\/a>]<\/span><\/li><\/ol>","protected":false},"excerpt":{"rendered":"<p>Dans mon billet pr\u00e9c\u00e9dent\u00a0je dis\u00a0clairement que je n&rsquo;ai aucune envie de donner des le\u00e7ons \u00e0 ceux qui n&rsquo;iront pas voter le 7 mai, qu&rsquo;ils soient des abstentionnistes permanents, des abstentionnistes du ni-Macron-ni-Le-Pen ou des abstentionnistes du \u00ab\u00a0j&rsquo;ai d\u00e9cid\u00e9 de partir en long week end mais j&rsquo;ai compl\u00e8tement oubli\u00e9 la procuration\u00a0\u00bb. En revanche, je ne sais [&hellip;]<\/p>\n","protected":false},"author":1,"featured_media":0,"comment_status":"open","ping_status":"open","sticky":false,"template":"","format":"standard","meta":{"footnotes":""},"categories":[7],"tags":[],"class_list":["post-4967","post","type-post","status-publish","format-standard","hentry","category-democratie"],"_links":{"self":[{"href":"https:\/\/hyperbate.fr\/castagne\/wp-json\/wp\/v2\/posts\/4967","targetHints":{"allow":["GET"]}}],"collection":[{"href":"https:\/\/hyperbate.fr\/castagne\/wp-json\/wp\/v2\/posts"}],"about":[{"href":"https:\/\/hyperbate.fr\/castagne\/wp-json\/wp\/v2\/types\/post"}],"author":[{"embeddable":true,"href":"https:\/\/hyperbate.fr\/castagne\/wp-json\/wp\/v2\/users\/1"}],"replies":[{"embeddable":true,"href":"https:\/\/hyperbate.fr\/castagne\/wp-json\/wp\/v2\/comments?post=4967"}],"version-history":[{"count":5,"href":"https:\/\/hyperbate.fr\/castagne\/wp-json\/wp\/v2\/posts\/4967\/revisions"}],"predecessor-version":[{"id":5069,"href":"https:\/\/hyperbate.fr\/castagne\/wp-json\/wp\/v2\/posts\/4967\/revisions\/5069"}],"wp:attachment":[{"href":"https:\/\/hyperbate.fr\/castagne\/wp-json\/wp\/v2\/media?parent=4967"}],"wp:term":[{"taxonomy":"category","embeddable":true,"href":"https:\/\/hyperbate.fr\/castagne\/wp-json\/wp\/v2\/categories?post=4967"},{"taxonomy":"post_tag","embeddable":true,"href":"https:\/\/hyperbate.fr\/castagne\/wp-json\/wp\/v2\/tags?post=4967"}],"curies":[{"name":"wp","href":"https:\/\/api.w.org\/{rel}","templated":true}]}}