{"id":4901,"date":"2017-04-24T01:55:05","date_gmt":"2017-04-24T00:55:05","guid":{"rendered":"http:\/\/hyperbate.fr\/castagne\/?p=4901"},"modified":"2017-04-24T19:53:45","modified_gmt":"2017-04-24T18:53:45","slug":"le-bon-cote","status":"publish","type":"post","link":"https:\/\/hyperbate.fr\/castagne\/2017\/04\/24\/le-bon-cote\/","title":{"rendered":"Le bon c\u00f4t\u00e9&#8230;"},"content":{"rendered":"<p>Emmanuel Macron en t\u00eate, c&rsquo;est un probl\u00e8me si on se penche sur son\u00a0programme (tr\u00e8s peu pr\u00e9occup\u00e9 par l&rsquo;\u00e9cologie, notamment, qui est pourtant l&rsquo;urgence vitale de notre \u00e9poque), mais\u00a0c&rsquo;est moins probl\u00e9matique si l&rsquo;on se demande ce que signifie ce vote du point de vue de son \u00e9lectorat, si on analyse ce que ses \u00e9lecteurs projettent sur le personnage. D\u00e9j\u00e0, il semble incontestable que lesdits\u00a0\u00e9lecteurs veulent dire par leur vote qu&rsquo;ils ne croient plus \u00e0 la division du monde entre\u00a0PS\u00a0et RPR (et avatars successifs), qu&rsquo;ils ne veulent plus voir les m\u00eames t\u00eates d\u00e9filer ind\u00e9finiment \u00e0 l&rsquo;\u00e9cran, que cette pantomime de l&rsquo;alternance les a lass\u00e9s. Et cela\u00a0se comprend. Plus emb\u00eatant d&rsquo;une certaine mani\u00e8re, ce choix\u00a0peut aussi exprimer un ras-le-bol de la politique en g\u00e9n\u00e9ral : trop compliqu\u00e9, on ne veut plus de clivages, de lutte des classes, de choix. Je fais partie de ceux qui ont l&rsquo;impression de voir nos social-d\u00e9mocraties pr\u00eates \u00e0 basculer dans le\u00a0monde tel que nous l&rsquo;annon\u00e7ait la science-fiction des ann\u00e9es 1970, o\u00f9 les \u00c9tats c\u00e8dent d\u00e9finitivement la place \u00e0 des\u00a0corporations plus ou moins bienveillantes entre lesquelles se jouent les v\u00e9ritables jeux du pouvoirs, et qui n&rsquo;est jamais qu&rsquo;une forme anonyme de\u00a0f\u00e9odalit\u00e9. L&rsquo;immense avantage d&rsquo;une pr\u00e9visible victoire de Macron, en tout cas, tient dans ce que le personnage est moins \u00ab\u00a0clivant\u00a0\u00bb que d&rsquo;autres, et s&rsquo;il ne repr\u00e9sentera certainement pas la totalit\u00e9 (ni m\u00eame une majorit\u00e9) des fran\u00e7ais, il n&rsquo;est pas non plus un \u00e9pouvantail trop effrayant, il ne sera pas ha\u00ef ou craint par trois personnes\u00a0sur quatre, contrairement \u00e0 ses concurrents du soir Le Pen, Fillon et M\u00e9lenchon. Il n&rsquo;est pas raciste, ne d\u00e9teste pas les journalistes (qui lui ont offert\u00a0d&rsquo;exister), ne se d\u00e9signe aucun ennemi mortel, aucune cible (religieuse, ethnologique, culturelle, sociale, financi\u00e8re, institutionnelle, professionnelle), et au contraire, \u00e9tant donn\u00e9 sa position tr\u00e8s particuli\u00e8re, sera sans doute le premier pr\u00e9sident fran\u00e7ais depuis longtemps \u00e0 pouvoir construire une majorit\u00e9 politiquement h\u00e9t\u00e9roclite sans que l&rsquo;on parle de cohabitation ou d&rsquo;ouverture : puisque \u00ab\u00a0En marche !\u00a0\u00bb n&rsquo;est pas un parti, puisque d&rsquo;innombrables personnalit\u00e9s politiques\u00a0issues de grands partis concurrents ont fait conna\u00eetre leur ralliement, on peut imaginer que notre\u00a0prochain gouvernement sera un gouvernement de coalition o\u00f9 des personnes issues d&rsquo;horizons diff\u00e9rents devront travailler en bonne intelligence.<\/p>\n<div id=\"attachment_4919\" style=\"width: 1210px\" class=\"wp-caption aligncenter\"><img decoding=\"async\" aria-describedby=\"caption-attachment-4919\" class=\"wp-image-4919 size-full\" src=\"files\/2017\/04\/macron_affiche.jpg\" alt=\"\" width=\"1200\" height=\"900\" srcset=\"https:\/\/hyperbate.fr\/castagne\/files\/2017\/04\/macron_affiche.jpg 1200w, https:\/\/hyperbate.fr\/castagne\/files\/2017\/04\/macron_affiche-300x225.jpg 300w, https:\/\/hyperbate.fr\/castagne\/files\/2017\/04\/macron_affiche-768x576.jpg 768w, https:\/\/hyperbate.fr\/castagne\/files\/2017\/04\/macron_affiche-1024x768.jpg 1024w, https:\/\/hyperbate.fr\/castagne\/files\/2017\/04\/macron_affiche-624x468.jpg 624w\" sizes=\"(max-width: 1200px) 100vw, 1200px\" \/><p id=\"caption-attachment-4919\" class=\"wp-caption-text\">Vu \u00e0 Paris<\/p><\/div>\n<p>J&rsquo;esp\u00e8re que ceux que Macron a convaincus\u00a0supporteront le passage \u00e0 la r\u00e9alit\u00e9, l&rsquo;ouverture de la boite du chat de Schr\u00f6dinger, qui ne permettra plus d&rsquo;affirmer pouvoir superposer\u00a0simultan\u00e9ment\u00a0deux \u00e9tats incompatibles. Sans parler de la diff\u00e9rence entre leurs choix politiques respectifs, un Macron me semble gazeux, totalement d\u00e9nu\u00e9 de consistance face \u00e0 quelqu&rsquo;un comme M\u00e9lenchon. Et j&rsquo;ai peur que ceux qui ne le voient pas aujourd&rsquo;hui le d\u00e9couvrent un peu brutalement plus tard. Mais je peux me tromper sur l&rsquo;avenir, c&rsquo;est peut-\u00eatre pr\u00e9cis\u00e9ment ce manque d&rsquo;\u00e9paisseur politique qui a \u00e9t\u00e9 la\u00a0raison du succ\u00e8s\u00a0\u00e9lectoral de Macron. Si l&rsquo;on attend des gens qu&rsquo;ils votent rationnellement pour un programme clairement d\u00e9fini, il semble impossible de pr\u00e9f\u00e9rer Macron \u00e0 la plupart des dix autres candidats. Mais si le sens du vote est justement de refuser les programmes trop clairs, de refuser de se positionner en fonction de d\u00e9cisions techniques ou difficiles, alors, ce choix prend tout son sens. Finalement, l&rsquo;aura de Macron, c&rsquo;est la nouveaut\u00e9, la jeunesse, une certaine nonchalance vis \u00e0 vis de l&rsquo;histoire et de la tradition politique, une r\u00e9putation d&rsquo;\u00eatre favorable \u00e0 l&rsquo;esprit d&rsquo;entreprise, \u00e0 une certaine fluidit\u00e9 \u00e9conomique et \u00e0 l&rsquo;Union europ\u00e9enne. Tout \u00e7a est assez positif en soi, mais les arbitrages vont \u00eatre difficiles entre les int\u00e9r\u00eats des uns et des autres, et cela commencera d\u00e8s la constitution du premier gouvernement \u00ab\u00a0en marche\u00a0\u00bb.<\/p>\n<div id=\"attachment_4917\" style=\"width: 1210px\" class=\"wp-caption aligncenter\"><img decoding=\"async\" aria-describedby=\"caption-attachment-4917\" class=\"size-full wp-image-4917\" src=\"files\/2017\/04\/coucou.jpg\" alt=\"\" width=\"1200\" height=\"900\" srcset=\"https:\/\/hyperbate.fr\/castagne\/files\/2017\/04\/coucou.jpg 1200w, https:\/\/hyperbate.fr\/castagne\/files\/2017\/04\/coucou-300x225.jpg 300w, https:\/\/hyperbate.fr\/castagne\/files\/2017\/04\/coucou-768x576.jpg 768w, https:\/\/hyperbate.fr\/castagne\/files\/2017\/04\/coucou-1024x768.jpg 1024w, https:\/\/hyperbate.fr\/castagne\/files\/2017\/04\/coucou-624x468.jpg 624w\" sizes=\"(max-width: 1200px) 100vw, 1200px\" \/><p id=\"caption-attachment-4917\" class=\"wp-caption-text\">J&rsquo;ai eu tr\u00e8s peur en ouvrant l&rsquo;enveloppe et en d\u00e9couvrant la t\u00eate de Fran\u00e7ois Fillon &#8211; le moment m&rsquo;a imm\u00e9diatement rappel\u00e9 une sc\u00e8ne marquante du film Shining, o\u00f9 Jack Nicholson passe sa t\u00eate au travers d&rsquo;une porte qu&rsquo;il a attaqu\u00e9e \u00e0 la hache dans un acc\u00e8s de folie furieuse. Sans vouloir de mal au bonhomme (assez path\u00e9tique), j&rsquo;avoue que je suis surtout soulag\u00e9 de voir dispara\u00eetre ses id\u00e9es et ses soutiens de la campagne.<\/p><\/div>\n<p>Ce soir toujours, Jean-Luc M\u00e9lenchon a d\u00e9\u00e7u ou \u00e9nerv\u00e9 certains en refusant d&rsquo;extrapoler les premiers r\u00e9sultats \u00e9lectoraux \u00e0 la France enti\u00e8re, apparemment anim\u00e9 par l&rsquo;espoir d&rsquo;obtenir la troisi\u00e8me voire m\u00eame la seconde place de l&rsquo;\u00e9lection. Et surtout, il a f\u00e2ch\u00e9 en n&rsquo;appelant pas imm\u00e9diatement \u00e0 voter contre le Front National. rappelant que ceux qui l&rsquo;avaient choisi pour les repr\u00e9senter dans cette \u00e9lection ne lui avaient pas donn\u00e9 de mandat pour donner des consignes de vote et annon\u00e7ant que ceux-ci seront appel\u00e9s \u00e0 se prononcer rapidement. Certains reprochent \u00e0 M\u00e9lenchon de ne pas \u00eatre d\u00e9mocrate, mais cette fois on lui en veut de l&rsquo;\u00eatre trop ! Et puis qu&rsquo;est-ce qui est le plus \u00ab\u00a0r\u00e9publicain\u00a0\u00bb (quoique \u00e7a veuille dire) : en appeler <em>\u00ab\u00a0\u00e0 l&rsquo;intelligence de chacun\u00a0\u00bb<\/em>, comme l&rsquo;a fait M\u00e9lenchon, ou bien demander aux \u00e9lecteurs d&rsquo;aller mettre le bulletin qu&rsquo;ils ne veulent pas dans l&rsquo;urne, au nom de la d\u00e9mocratie ?<br \/>\nM\u00eame si je comprends le propos de M\u00e9lenchon, je pense qu&rsquo;il aurait \u00e9t\u00e9 bien qu&rsquo;il se positionne clairement d\u00e8s qu&rsquo;on lui a tendu le micro pour le faire,\u00a0histoire que ses \u00e9lecteurs ne se retrouvent pas accus\u00e9s d&rsquo;\u00eatre interchangeables avec ceux du Front National, accusation devenue syst\u00e9matique dans de nombreux m\u00e9dias et chez les d\u00e9tracteurs de la \u00ab\u00a0France insoumise\u00a0\u00bb et qui, il me semble, pose plus de questions quant aux priorit\u00e9s morales et politiques de ceux qui l&rsquo;\u00e9mettent qu&rsquo;elle n&rsquo;informe sur le mouvement et ses \u00e9lecteurs.<\/p>\n<p>Personnellement, j&rsquo;ai vot\u00e9 M\u00e9lenchon, j&rsquo;irai voter Macron, sans conviction mais aussi sans souffrance, plut\u00f4t heureux d&rsquo;avoir \u00e9chapp\u00e9 \u00e0 un second tour Fillon-Le Pen. Je ferai mon devoir, quoi, sans plaisir et sans espoirs.\u00a0Bien s\u00fbr, ce dimanche ne me semble\u00a0pas vraiment joyeux, je constate que mon pays est\u00a0tr\u00e8s \u00e0 droite, \u00e0 peine\u00a0plus concern\u00e9 par l&rsquo;\u00e9cologie que Donald Trump, et semble avoir perdu tout r\u00eave d&rsquo;avenir un peu ambitieux. C&rsquo;est ainsi,<br \/>\nle progr\u00e8s devra se faire autrement que par la lutte politique, ce que j&rsquo;ai, du reste, toujours su.<br \/>\nMais au moins, c&rsquo;est termin\u00e9, je vais pouvoir me remettre \u00e0 penser \u00e0 autre chose qu&rsquo;aux \u00e9lections, car celles-ci m&rsquo;ont paralys\u00e9 pendant deux semaines, alors m\u00eame que je ne suis militant\u00a0de rien et que j&rsquo;avais mille fois plus utile et intelligent \u00e0 faire. Je vais tenter\u00a0de ne pas trop m&rsquo;int\u00e9resser aux \u00e9lections l\u00e9gislatives qui se profilent. Le bon c\u00f4t\u00e9 c&rsquo;est que c&rsquo;est termin\u00e9.<\/p>\n","protected":false},"excerpt":{"rendered":"<p>Emmanuel Macron en t\u00eate, c&rsquo;est un probl\u00e8me si on se penche sur son\u00a0programme (tr\u00e8s peu pr\u00e9occup\u00e9 par l&rsquo;\u00e9cologie, notamment, qui est pourtant l&rsquo;urgence vitale de notre \u00e9poque), mais\u00a0c&rsquo;est moins probl\u00e9matique si l&rsquo;on se demande ce que signifie ce vote du point de vue de son \u00e9lectorat, si on analyse ce que ses \u00e9lecteurs projettent sur [&hellip;]<\/p>\n","protected":false},"author":1,"featured_media":0,"comment_status":"open","ping_status":"open","sticky":false,"template":"","format":"standard","meta":{"footnotes":""},"categories":[7],"tags":[],"class_list":["post-4901","post","type-post","status-publish","format-standard","hentry","category-democratie"],"_links":{"self":[{"href":"https:\/\/hyperbate.fr\/castagne\/wp-json\/wp\/v2\/posts\/4901","targetHints":{"allow":["GET"]}}],"collection":[{"href":"https:\/\/hyperbate.fr\/castagne\/wp-json\/wp\/v2\/posts"}],"about":[{"href":"https:\/\/hyperbate.fr\/castagne\/wp-json\/wp\/v2\/types\/post"}],"author":[{"embeddable":true,"href":"https:\/\/hyperbate.fr\/castagne\/wp-json\/wp\/v2\/users\/1"}],"replies":[{"embeddable":true,"href":"https:\/\/hyperbate.fr\/castagne\/wp-json\/wp\/v2\/comments?post=4901"}],"version-history":[{"count":3,"href":"https:\/\/hyperbate.fr\/castagne\/wp-json\/wp\/v2\/posts\/4901\/revisions"}],"predecessor-version":[{"id":4924,"href":"https:\/\/hyperbate.fr\/castagne\/wp-json\/wp\/v2\/posts\/4901\/revisions\/4924"}],"wp:attachment":[{"href":"https:\/\/hyperbate.fr\/castagne\/wp-json\/wp\/v2\/media?parent=4901"}],"wp:term":[{"taxonomy":"category","embeddable":true,"href":"https:\/\/hyperbate.fr\/castagne\/wp-json\/wp\/v2\/categories?post=4901"},{"taxonomy":"post_tag","embeddable":true,"href":"https:\/\/hyperbate.fr\/castagne\/wp-json\/wp\/v2\/tags?post=4901"}],"curies":[{"name":"wp","href":"https:\/\/api.w.org\/{rel}","templated":true}]}}