{"id":441,"date":"2013-05-02T11:26:06","date_gmt":"2013-05-02T10:26:06","guid":{"rendered":"http:\/\/hyperbate.fr\/castagne\/?p=441"},"modified":"2017-02-20T12:25:06","modified_gmt":"2017-02-20T11:25:06","slug":"quand-jentend-le-mot-culture-je-sors-mon-tract-ps","status":"publish","type":"post","link":"https:\/\/hyperbate.fr\/castagne\/2013\/05\/02\/quand-jentend-le-mot-culture-je-sors-mon-tract-ps\/","title":{"rendered":"Quand j&rsquo;entend le mot Culture je sors mon tract PS"},"content":{"rendered":"<p>La ville o\u00f9 j&rsquo;habite (Cormeilles-en-Parisis, dans le Val-d&rsquo;Oise), a toujours \u00e9t\u00e9 assez \u00e0 droite. C&rsquo;est une ville o\u00f9 ont longtemps cohabit\u00e9 une bourgeoisie franchement ais\u00e9e et des couches populaires, mais o\u00f9 ces deux groupes disparaissent peu \u00e0 peu au profit d&rsquo;une seule classe moyenne. J&rsquo;y vis depuis ma naissance et j&rsquo;ai connu l&rsquo;\u00e9poque o\u00f9 des vaches remontaient la grand&rsquo;rue pour aller p\u00e2turer. Aujourd&rsquo;hui, les anciens champs se couvrent de pavillons ou de petits immeubles, la population a tripl\u00e9, bient\u00f4t quadrupl\u00e9, et les vaches ont \u00e9t\u00e9 remplac\u00e9es par des v\u00e9hicules 4&#215;4 \u00e9quip\u00e9s de pare-buffles.<\/p>\n<p>Avec une r\u00e9gularit\u00e9 de coucou, le Parti Socialiste de ma ville se souvient de sa propre existence un an jour pour jour avant les \u00e9lections municipales. Voici le tract que j&rsquo;ai trouv\u00e9 dans ma boite hier, et qui est dat\u00e9 de mars 2013 :<\/p>\n<p><a href=\"files\/2013\/05\/tract_ps_p.jpg\"><img decoding=\"async\" class=\"alignnone size-full wp-image-442\" alt=\"tract_ps_p\" src=\"files\/2013\/05\/tract_ps_p.jpg\" width=\"640\" height=\"441\" srcset=\"https:\/\/hyperbate.fr\/castagne\/files\/2013\/05\/tract_ps_p.jpg 640w, https:\/\/hyperbate.fr\/castagne\/files\/2013\/05\/tract_ps_p-300x206.jpg 300w, https:\/\/hyperbate.fr\/castagne\/files\/2013\/05\/tract_ps_p-624x429.jpg 624w\" sizes=\"(max-width: 640px) 100vw, 640px\" \/><\/a><\/p>\n<p>J&rsquo;ignore qui le PS (qui fait g\u00e9n\u00e9ralement liste commune avec le PC et les Verts) compte pr\u00e9senter dans ma ville cette fois-ci. La derni\u00e8re fois, c&rsquo;\u00e9tait un militant local de longue date qui ne voulait, visiblement, surtout pas l&#8217;emporter. La fois pr\u00e9c\u00e9dente, ce parti proposait un\u00a0apparatchik carri\u00e9riste parachut\u00e9, vraisemblablement en vue d&rsquo;un \u00ab\u00a0destin\u00a0\u00bb plus ambitieux.<br \/>\nCette fois, pour l&rsquo;instant, pas de t\u00eate d&rsquo;affiche, juste un tract dont le message est clair : le budget de la commune est moins bon que ce que dit le maire, car si la ville est plut\u00f4t peu endett\u00e9e, les imp\u00f4ts ont augment\u00e9<sup><a href=\"#footnote_1_441\" id=\"identifier_1_441\" class=\"footnote-link footnote-identifier-link\" title=\"L&rsquo;augmentation des imp&ocirc;ts me semble strictement proportionn&eacute;e au d&eacute;sengagement de l&rsquo;&Eacute;tat dans les collectivit&eacute;s locales, du moins si je me fie &agrave; ce qu&rsquo;en dit la conseill&egrave;re g&eacute;n&eacute;rale locale, membre du parti socialiste (et qui, par ailleurs, me fait plut&ocirc;t bonne impression).\">1<\/a><\/sup> et la ville investit trop d&rsquo;argent dans la culture. Le m\u00eame tract s&rsquo;indigne d&rsquo;un projet d&rsquo;\u00e9cole des arts (un lieu qui accueillerait les \u00e9coles de musique et de danse de la ville, ce que le tract ne pr\u00e9cise pas) et, en m\u00eame temps, rappelle que l&rsquo;\u00e9cole de musique de la ville a des locaux exigus. Il se plaint \u00e9galement d&rsquo;un projet de r\u00e9habilitation d&rsquo;une vieille b\u00e2tisse \u00e0 laquelle les citoyens sont attach\u00e9s, qui accueillera, apr\u00e8s les travaux, un lieu d&rsquo;exposition et un pub. Ce pub sera g\u00e9r\u00e9 de mani\u00e8re priv\u00e9e mais il r\u00e9pond au cruel d\u00e9ficit de la ville en mati\u00e8re de lieux de convivialit\u00e9 et l&rsquo;id\u00e9e n&rsquo;est pas d\u00e9plaisante. Les travaux sont d&rsquo;ailleurs bien avanc\u00e9s (un peu tard pour annuler), et le tract ne dit pas ce que le PS envisagerait d&rsquo;en faire d&rsquo;autre.<br \/>\nC&rsquo;est d&rsquo;ailleurs tout le probl\u00e8me de ce tract qui cherche \u00e0 critiquer un bilan mais ne propose strictement rien, critique le \u00ab\u00a0co\u00fbt de fonctionnement\u00a0\u00bb des nouveaux \u00e9quipements (en se gardant bien de dire qu&rsquo;il s&rsquo;agit d&#8217;emplois), et se plaint \u00e0 la fois d&rsquo;un manque de structures et des frais qui sont engag\u00e9s dans la construction des structures qui font justement d\u00e9faut.<\/p>\n<div style=\"width: 650px\" class=\"wp-caption alignnone\"><img decoding=\"async\" alt=\"\" src=\"files\/2013\/05\/gnangnan.jpg\" width=\"640\" height=\"77\" \/><p class=\"wp-caption-text\">Visuels gnan-gnan et abstraits cens\u00e9s \u00e9voquer la ville, que le PS utilise apparemment un peu partout&#8230;<\/p><\/div>\n<p>Voir le PS utiliser une mise en page aux couleurs d&rsquo;\u00e9cole maternelle pour se plaindre, \u00e0 la mani\u00e8re du Front National, des imp\u00f4ts et du co\u00fbt de la culture, voil\u00e0 qui semble assez consternant, surtout venant d&rsquo;un parti qui s&rsquo;est toujours fait passer pour le champion de la culture. Longtemps endormie, provinciale, la ville est \u00e0 pr\u00e9sent \u00e9quip\u00e9e d&rsquo;un bon th\u00e9\u00e2tre, s&rsquo;occupe des jeunes et organise toutes sortes d&rsquo;\u00e9v\u00e9nements. On peut critiquer les tarifs d&rsquo;inscription aux activit\u00e9s culturelles, qui sont souvent \u00e9lev\u00e9s, on peut critiquer le fait que la ville soit structurellement coup\u00e9e en deux<sup><a href=\"#footnote_2_441\" id=\"identifier_2_441\" class=\"footnote-link footnote-identifier-link\" title=\"Tous les nouveaux &eacute;quipements partent dans le Sud de la ville, autrefois uniquement occup&eacute; par des champs : il va falloir accompagner &ccedil;a d&rsquo;un effort sur les transports en commun.\">2<\/a><\/sup>, ou encore l&rsquo;achat de mobilier urbain franchement laid<sup><a href=\"#footnote_3_441\" id=\"identifier_3_441\" class=\"footnote-link footnote-identifier-link\" title=\"La question du mobilier urbain est un probl&egrave;me national. Je ne suis jamais all&eacute; visiter de salons d&eacute;di&eacute;s &agrave; l&rsquo;&eacute;quipement des villes mais on m&rsquo;a racont&eacute; qu&rsquo;il valait mieux ne pas avoir mang&eacute; quelque chose de trop lourd avant, tant la laideur et l&rsquo;ignominie (mobiliers anti-jeunes, anti-clochards, anti-humains,&hellip;) sont la norme.\">3<\/a><\/sup>. Mais critiquer l&rsquo;investissement dans la culture sans faire aucune proposition<sup><a href=\"#footnote_4_441\" id=\"identifier_4_441\" class=\"footnote-link footnote-identifier-link\" title=\"On sent le passage d&eacute;l&eacute;t&egrave;re de la rh&eacute;torique Sarkozyste derri&egrave;re ce genre de discours : faire feu de tout bois, sans coh&eacute;rence, sans logique, en consid&eacute;rant que l&rsquo;&eacute;lecteur est de toute mani&egrave;re trop idiot pour comprendre qu&rsquo;on ne peut pas r&acirc;ler sur une chose et sur son contraire. C&rsquo;est peut-&ecirc;tre une m&eacute;thode efficace pour gagner des &eacute;lections, mais &ccedil;a a d&eacute;j&agrave; tu&eacute; ce que l&rsquo;UMP avait de digne, est-ce qu&rsquo;il faut maintenant faire subir le m&ecirc;me sort au PS ?\">4<\/a><\/sup> ?<br \/>\nEst-ce que le PS a d\u00e9cid\u00e9 d&rsquo;attaquer sur ce genre d&rsquo;air de mani\u00e8re nationale ?<br \/>\n\u00c7a m&rsquo;int\u00e9resse que les lecteurs de ce billet le confirment ou le contredisent.<\/p>\n<p>Pour moi, l&rsquo;\u00e9lection municipale a une importance majeure, car ce n&rsquo;est pas une \u00e9lection de grands principes abstraits, c&rsquo;est une \u00e9lection \u00e0 \u00e9chelle plut\u00f4t humaine, qui porte sur des questions concr\u00e8tes. Dans les villes de taille moyenne, comme la mienne, le PS n&rsquo;a jamais \u00e9t\u00e9 tr\u00e8s bon, \u00e0 ma connaissance. Ses \u00e9lus semblent souvent se r\u00eaver en d\u00e9put\u00e9s ou en s\u00e9nateurs, ils ne comprennent pas bien ce qu&rsquo;est une commune et ils ne comprennent pas pourquoi ils perdent les \u00e9lections ni pourquoi c&rsquo;est amplement m\u00e9rit\u00e9.<\/p>\n<ol class=\"footnotes\"><li id=\"footnote_1_441\" class=\"footnote\">L&rsquo;augmentation des imp\u00f4ts me semble strictement proportionn\u00e9e au d\u00e9sengagement de l&rsquo;\u00c9tat dans les collectivit\u00e9s locales, du moins <a href=\"http:\/\/anitabernier.parti-socialiste.fr\/20130320\/2013-un-budget-injuste-incoherent-insincere\/\" target=\"_blank\">si je me fie \u00e0 ce qu&rsquo;en dit la conseill\u00e8re g\u00e9n\u00e9rale locale<\/a>, membre du parti socialiste (et qui, par ailleurs, me fait plut\u00f4t bonne impression).<span class=\"footnote-back-link-wrapper\"> [<a href=\"#identifier_1_441\" class=\"footnote-link footnote-back-link\">&#8617;<\/a>]<\/span><\/li><li id=\"footnote_2_441\" class=\"footnote\">Tous les nouveaux \u00e9quipements partent dans le Sud de la ville, autrefois uniquement occup\u00e9 par des champs : il va falloir accompagner \u00e7a d&rsquo;un effort sur les transports en commun.<span class=\"footnote-back-link-wrapper\"> [<a href=\"#identifier_2_441\" class=\"footnote-link footnote-back-link\">&#8617;<\/a>]<\/span><\/li><li id=\"footnote_3_441\" class=\"footnote\">La question du mobilier urbain est un probl\u00e8me national. Je ne suis jamais all\u00e9 visiter de salons d\u00e9di\u00e9s \u00e0 l&rsquo;\u00e9quipement des villes mais on m&rsquo;a racont\u00e9 qu&rsquo;il valait mieux ne pas avoir mang\u00e9 quelque chose de trop lourd avant, tant la laideur et l&rsquo;ignominie (mobiliers anti-jeunes, anti-clochards, anti-humains,&#8230;) sont la norme.<span class=\"footnote-back-link-wrapper\"> [<a href=\"#identifier_3_441\" class=\"footnote-link footnote-back-link\">&#8617;<\/a>]<\/span><\/li><li id=\"footnote_4_441\" class=\"footnote\">On sent le passage d\u00e9l\u00e9t\u00e8re de la rh\u00e9torique Sarkozyste derri\u00e8re ce genre de discours : faire feu de tout bois, sans coh\u00e9rence, sans logique, en consid\u00e9rant que l&rsquo;\u00e9lecteur est de toute mani\u00e8re trop idiot pour comprendre qu&rsquo;on ne peut pas r\u00e2ler sur une chose et sur son contraire. C&rsquo;est peut-\u00eatre une m\u00e9thode efficace pour gagner des \u00e9lections, mais \u00e7a a d\u00e9j\u00e0 tu\u00e9 ce que l&rsquo;UMP avait de digne, est-ce qu&rsquo;il faut maintenant faire subir le m\u00eame sort au PS ?<span class=\"footnote-back-link-wrapper\"> [<a href=\"#identifier_4_441\" class=\"footnote-link footnote-back-link\">&#8617;<\/a>]<\/span><\/li><\/ol>","protected":false},"excerpt":{"rendered":"<p>La ville o\u00f9 j&rsquo;habite (Cormeilles-en-Parisis, dans le Val-d&rsquo;Oise), a toujours \u00e9t\u00e9 assez \u00e0 droite. C&rsquo;est une ville o\u00f9 ont longtemps cohabit\u00e9 une bourgeoisie franchement ais\u00e9e et des couches populaires, mais o\u00f9 ces deux groupes disparaissent peu \u00e0 peu au profit d&rsquo;une seule classe moyenne. J&rsquo;y vis depuis ma naissance et j&rsquo;ai connu l&rsquo;\u00e9poque o\u00f9 des [&hellip;]<\/p>\n","protected":false},"author":1,"featured_media":0,"comment_status":"open","ping_status":"open","sticky":false,"template":"","format":"standard","meta":{"footnotes":""},"categories":[7],"tags":[],"class_list":["post-441","post","type-post","status-publish","format-standard","hentry","category-democratie"],"_links":{"self":[{"href":"https:\/\/hyperbate.fr\/castagne\/wp-json\/wp\/v2\/posts\/441","targetHints":{"allow":["GET"]}}],"collection":[{"href":"https:\/\/hyperbate.fr\/castagne\/wp-json\/wp\/v2\/posts"}],"about":[{"href":"https:\/\/hyperbate.fr\/castagne\/wp-json\/wp\/v2\/types\/post"}],"author":[{"embeddable":true,"href":"https:\/\/hyperbate.fr\/castagne\/wp-json\/wp\/v2\/users\/1"}],"replies":[{"embeddable":true,"href":"https:\/\/hyperbate.fr\/castagne\/wp-json\/wp\/v2\/comments?post=441"}],"version-history":[{"count":1,"href":"https:\/\/hyperbate.fr\/castagne\/wp-json\/wp\/v2\/posts\/441\/revisions"}],"predecessor-version":[{"id":4394,"href":"https:\/\/hyperbate.fr\/castagne\/wp-json\/wp\/v2\/posts\/441\/revisions\/4394"}],"wp:attachment":[{"href":"https:\/\/hyperbate.fr\/castagne\/wp-json\/wp\/v2\/media?parent=441"}],"wp:term":[{"taxonomy":"category","embeddable":true,"href":"https:\/\/hyperbate.fr\/castagne\/wp-json\/wp\/v2\/categories?post=441"},{"taxonomy":"post_tag","embeddable":true,"href":"https:\/\/hyperbate.fr\/castagne\/wp-json\/wp\/v2\/tags?post=441"}],"curies":[{"name":"wp","href":"https:\/\/api.w.org\/{rel}","templated":true}]}}