{"id":4175,"date":"2017-01-09T17:49:18","date_gmt":"2017-01-09T16:49:18","guid":{"rendered":"http:\/\/hyperbate.fr\/castagne\/?p=4175"},"modified":"2017-01-10T16:12:55","modified_gmt":"2017-01-10T15:12:55","slug":"internet-contre-france-telecom","status":"publish","type":"post","link":"https:\/\/hyperbate.fr\/castagne\/2017\/01\/09\/internet-contre-france-telecom\/","title":{"rendered":"Internet contre France T\u00e9l\u00e9com"},"content":{"rendered":"<p>La phrase de Fran\u00e7ois Fillon au <em>Consumer Electronics Show<\/em> de Las Vegas, face au micro de l&rsquo;\u00e9mission <em>Quotidien<\/em>, sur TMC, a beaucoup fait jaser :<\/p>\n<blockquote><p>\u00abQu&rsquo;est-ce qu&rsquo;a fait M. Macron en mati\u00e8re de technologie? Il a fait des choses? Qu&rsquo;est ce que j&rsquo;ai fait moi? J&rsquo;ai ouvert les t\u00e9l\u00e9communications \u00e0 la concurrence. Vous pensez qu&rsquo;il y aurait de l&rsquo;internet en France si on avait toujours France Telecom avec des fonctionnaires? Et qui s&rsquo;opposait \u00e0 cette r\u00e9forme? La gauche\u00bb,<\/p><\/blockquote>\n<p>Dans la vieille tradition de l&rsquo;\u00e9lite politique fran\u00e7aise, l&rsquo;ordinateur, c&rsquo;est l&rsquo;outil de travail\u00a0des\u00a0secr\u00e9taires, autant dire un objet trivial auquel on ne pr\u00eate pas plus d&rsquo;attention qu&rsquo;\u00e0 l&rsquo;aspirateur que manipule\u00a0le personnel d&rsquo;entretien. En ce sens, Fillon (maudit soit son programme) est un cas singulier de politique technophile, presque attendrissant par\u00a0la mani\u00e8re dont il revendique\u00a0r\u00e9guli\u00e8rement\u00a0sa passion pour les technologies.<br \/>\nEn 2009, dans le magazine SVM, il avait dit :<\/p>\n<blockquote><p>\u00abJe suis un vrai \u00ab\u00a0geek\u00a0\u00bb. Je veux essayer toutes les nouveaut\u00e9s. En ce moment, j\u2019utilise principalement un iPhone 3G, un Nokia, un iPod nano et, c\u00f4t\u00e9 photo, un Nikon D700 et un Panasonic Lumix (&#8230;] Apr\u00e8s avoir \u00e9puis\u00e9 plus de trente PC, je suis pass\u00e9 au Mac, il y a six mois. J\u2019utilise deux MacBook Pro &#8211; un pour le travail et l\u2019autre pour mes besoins priv\u00e9s &#8211; et un iMac\u00bb<\/p><\/blockquote>\n<p>On voit que sa \u00ab\u00a0geekitude\u00a0\u00bb consiste plut\u00f4t \u00e0 acheter le dernier gadget qu&rsquo;\u00e0 \u00eatre un expert, et il est en ce sens logique\u00a0qu&rsquo;on le voie parader au <em>Consumer Electronic Show<\/em>\u00a0plut\u00f4t qu&rsquo;au\u00a0<em>Chaos Communication Congress<\/em> ou au <em>Def Con<\/em>.<\/p>\n<p><img decoding=\"async\" class=\"aligncenter size-full wp-image-4176\" src=\"files\/2017\/01\/fillon_internet.jpg\" alt=\"\" width=\"647\" height=\"348\" srcset=\"https:\/\/hyperbate.fr\/castagne\/files\/2017\/01\/fillon_internet.jpg 647w, https:\/\/hyperbate.fr\/castagne\/files\/2017\/01\/fillon_internet-300x161.jpg 300w, https:\/\/hyperbate.fr\/castagne\/files\/2017\/01\/fillon_internet-624x336.jpg 624w\" sizes=\"(max-width: 647px) 100vw, 647px\" \/><\/p>\n<p>Je ne fais pas partie de ceux qui ont spontan\u00e9ment ri \u00e0 la phrase par laquelle Fillon s&rsquo;attribuait l&rsquo;arriv\u00e9e d&rsquo;Internet en France. Je n&rsquo;ai aucune id\u00e9e de son r\u00f4le exact, mais en 1995, j&rsquo;\u00e9tais d\u00e9j\u00e0 Internaute, et j&rsquo;ai le souvenir fort d&rsquo;une \u00e9poque o\u00f9 <em>France T\u00e9l\u00e9com<\/em>,\u00a0attach\u00e9e \u00e0 son histoire, \u00e0 son pouvoir\u00a0et \u00e0 son\u00a0<em>Minitel<\/em>, a tout fait pour qu&rsquo;Internet n&rsquo;existe pas en France. Et, moi qui vois g\u00e9n\u00e9ralement d&rsquo;un bon \u0153il le fait que les services publics vitaux soient des monopoles publics, j&rsquo;ai consid\u00e9r\u00e9\u00a0<em>France T\u00e9l\u00e9com<\/em> comme un ennemi personnel pendant des ann\u00e9es et j&rsquo;ai eu du mal \u00e0 ressentir de la peine chaque fois que son pouvoir \u00e9tait grignot\u00e9 par la concurrence, car malgr\u00e9 l&rsquo;expertise technique, malgr\u00e9 le passif industriel, malgr\u00e9\u00a0la recherche de pointe du CNET (aujourd&rsquo;hui Orange Labs), malgr\u00e9 l&rsquo;incroyablement audacieux <em>Minitel<\/em><sup><a href=\"#footnote_1_4175\" id=\"identifier_1_4175\" class=\"footnote-link footnote-identifier-link\" title=\"Certains se moquent du Minitel, mais il marque une des derni&egrave;res fois o&ugrave;&nbsp;nos politiques ont cru que l&rsquo;innovation pouvait venir de France. Le fonctionnement technique du r&eacute;seau ou de l&rsquo;appareil n&rsquo;&eacute;taient pas d&rsquo;une modernit&eacute; folle, mais l&rsquo;id&eacute;e d&rsquo;installer gratuitement un terminal pour des services t&eacute;l&eacute;matiques chez chaque abonn&eacute; &eacute;tait extr&ecirc;mement ambitieuse et int&eacute;ressante.\">1<\/a><\/sup> France T\u00e9l\u00e9com \u00e9tait devenu un puissant frein au progr\u00e8s du r\u00e9seau mondial, dont le mod\u00e8le technique d\u00e9centralis\u00e9 semblait emp\u00eacher une mon\u00e9tisation traditionnelle et ma\u00eetris\u00e9e des communications. Il faut se rappeler du co\u00fbt d&rsquo;un b\u00eate appel t\u00e9l\u00e9phonique \u00e0 l&rsquo;\u00e9poque, et, avec le Minitel, du co\u00fbt d&rsquo;acc\u00e8s aux horaires des cin\u00e9mas ou \u00e0 la discussion en ligne. Je connais plus d&rsquo;une personne qui s&rsquo;est litt\u00e9ralement ruin\u00e9e en draguant sur Internet pour 1,25 franc la minute et \u00e0 1200 bit\/s.<br \/>\nAu moment de l&rsquo;arriv\u00e9e d&rsquo;Internet <em>France T\u00e9l\u00e9com<\/em> ne se voyait plus comme un grand service\u00a0public, c&rsquo;\u00e9tait une marque, et elle \u00e9tait en guerre contre toutes les autres soci\u00e9t\u00e9s de t\u00e9l\u00e9communications du monde pour conserver son territoire et en conqu\u00e9rir de nouveaux, partant avec une avance commerciale consid\u00e9rable, mais une culture des communications paternaliste, incompatible avec\u00a0un r\u00e9seau o\u00f9 les utilisateurs savent ce qui est bon pour eux.<br \/>\nLa vid\u00e9o qui suit, issue de la <a href=\"https:\/\/fr.wikipedia.org\/wiki\/Une_contre-histoire_de_l'Internet\">Contre-histoire de l&rsquo;Internet<\/a> diffus\u00e9e il y a quelques ann\u00e9es sur Arte est assez \u00e9loquente :<\/p>\n<p><iframe title=\"Quand France Telecom voulait interdire Internet...\" width=\"625\" height=\"352\" src=\"https:\/\/www.youtube.com\/embed\/dO4GaUmGdHY?feature=oembed\" frameborder=\"0\" allow=\"accelerometer; autoplay; clipboard-write; encrypted-media; gyroscope; picture-in-picture; web-share\" referrerpolicy=\"strict-origin-when-cross-origin\" allowfullscreen><\/iframe><\/p>\n<p>Fran\u00e7ois Fillon, en accord avec sa tradition\u00a0politique, dit d\u00e9sormais\u00a0que le probl\u00e8me \u00e9tait celui des fonctionnaires. Mais le probl\u00e8me n&rsquo;avait pas de lien avec\u00a0la question du statut des agents, c&rsquo;\u00e9tait un probl\u00e8me tr\u00e8s fran\u00e7ais de pouvoir, d&rsquo;abord : jusqu&rsquo;ici, les t\u00e9l\u00e9coms \u00e9taient une affaire d&rsquo;\u00c9tat<sup><a href=\"#footnote_2_4175\" id=\"identifier_2_4175\" class=\"footnote-link footnote-identifier-link\" title=\"France T&eacute;l&eacute;com et la Poste avaient m&ecirc;me leur minist&egrave;re, le minist&egrave;re des Postes, T&eacute;l&eacute;graphes et T&eacute;l&eacute;phones (PTT), devenu Postes et T&eacute;l&eacute;communications&nbsp;(P&amp;T). En 1980, Postes et t&eacute;l&eacute;phone sont devenus deux services s&eacute;par&eacute;s, destin&eacute;s &agrave; &ecirc;tre lentement amen&eacute;s &agrave; la privatisation et &agrave; la concurrence. En 1988, est n&eacute; France T&eacute;l&eacute;com, qui existe toujours mais qui est un peu cach&eacute; derri&egrave;re sa filiale\/marque&nbsp;internationale&nbsp;Orange, du&nbsp;nom d&rsquo;un op&eacute;rateur britannique rachet&eacute; par France T&eacute;l&eacute;com.\">2<\/a><\/sup>, et il n&rsquo;\u00e9tait pas question que \u00e7a se passe autrement. C&rsquo;\u00e9tait aussi une question de privatisation : les t\u00e9l\u00e9coms peuvent \u00eatre publics ou priv\u00e9s, l&rsquo;un et l&rsquo;autre fonctionnent, mais l&rsquo;\u00e9tat de transition, avec un secteur public qui se retrouve en position de concurrence et ne peut rien faire d&rsquo;autre que de voir son monopole grignot\u00e9, donne des horreurs\u00a0\u2014 les fameux suicides, c&rsquo;est \u00e7a, tout comme les d\u00e9rives actuelles de la SNCF et de la Poste, deux services dont je d\u00e9fends qu&rsquo;ils fondent l&rsquo;essentiel de ce qu&rsquo;il reste la fameuse \u00ab\u00a0identit\u00e9 nationale\u00a0\u00bb fran\u00e7aise<sup><a href=\"#footnote_3_4175\" id=\"identifier_3_4175\" class=\"footnote-link footnote-identifier-link\" title=\"Pour moi, la France, c&rsquo;est la SNCF et la Poste, qui maillent le territoire, c&rsquo;est l&rsquo;&eacute;ducation nationale, bien s&ucirc;r (mais elle n&rsquo;est pas en tr&egrave;s bon &eacute;tat et peine sans doute &agrave; se red&eacute;finir), ce sont les paysans, qui, comme on dit, font le paysage (mais les campagnes se d&eacute;sertifient et l&rsquo;automobile &ndash; ses autoroutes, ses parkings &ndash; rend tout laid et prend une place folle), c&rsquo;est un patrimoine mat&eacute;riel, architectural,&nbsp;et bien entendu, la nourriture. Le drapeau et la Marseillaise, comme les monuments aux morts, me rappellent surtout&nbsp;le nombre de gens qui ont fini dans des tranch&eacute;es&nbsp;pour leur gloire&nbsp;et j&rsquo;ai du mal &agrave; les appr&eacute;cier.&nbsp;\">3<\/a><\/sup> perdue que Sarkozy cherchait dans les b\u00e9nitiers et les drapeaux.<\/p>\n<p>S\u00e9bastien Crozier et H\u00e9l\u00e8ne Marcy, qui sont respectivement pr\u00e9sident et responsable\u00a0de la communication de la CFE-CGC Orange, ont publi\u00e9 <a href=\"http:\/\/www.huffingtonpost.fr\/sebastien-crozier\/francois-fillon-contre-les-fonctionnaires-de-france-telecom-ou\/\" target=\"_blank\">une tribune en r\u00e9ponse \u00e0 Fran\u00e7ois Fillon<\/a>, et, \u00e0 leur tour, racontent n&rsquo;importe quoi, laissant notamment entendre que France T\u00e9l\u00e9com a jou\u00e9 un r\u00f4le dans le d\u00e9ploiement de l&rsquo;ADSL alors que c&rsquo;est une invention des laboratoires Bell et, surtout (ceux qui y \u00e9taient s&rsquo;en souviennent), que l&rsquo;op\u00e9rateur historique a frein\u00e9 des quatre fers lorsque cette technologie est arriv\u00e9e, puisque ce haut-d\u00e9bit qui passait par le r\u00e9seau filaire normal faisait concurrence \u00e0 sa filiale Transpac\/ol\u00e9ane, qui fournissait un acc\u00e8s plus lent \u00e0 un tarif r\u00e9dhibitoire pour les usagers non-professionnels. Enfin, historiquement, l&rsquo;id\u00e9e qui se trouve au c\u0153ur du fonctionnement d&rsquo;Internet, la transmission par paquets, est bien une invention fran\u00e7aise, mais n&rsquo;\u00e9mane pas de France T\u00e9l\u00e9com : c&rsquo;est Louis Pouzin et son \u00e9quipe de l&rsquo;INRIA<sup><a href=\"#footnote_4_4175\" id=\"identifier_4_4175\" class=\"footnote-link footnote-identifier-link\" title=\"Outre l&rsquo;INRIA, rappelons que ce qui fait Internet aujourd&rsquo;hui &eacute;mane d&rsquo;organismes publics tels que la DARPA, la National Science Foundation ou le CERN.\">4<\/a><\/sup> qui en ont le m\u00e9rite, avec le r\u00e9seau Cyclades (1973)&#8230; Pr\u00e9cis\u00e9ment enterr\u00e9 au profit de X.25, technologie port\u00e9e par France T\u00e9l\u00e9com.<br \/>\nCette tribune rappelle que <em>France T\u00e9l\u00e9com<\/em>, qui a \u00e9t\u00e9 le 4e op\u00e9rateur t\u00e9l\u00e9phonique mondial, n&rsquo;est m\u00eame plus dans les dix premiers aujourd&rsquo;hui, et que le nombre de ses employ\u00e9s n&rsquo;a cess\u00e9 de baisser. Tout \u00e7a est vrai, mais on croirait entendre le petit \u00e9picier qui se plaint que la boutique voisine, qui vend de meilleurs produits moins chers et o\u00f9 on se montre\u00a0plus aimable, lui fasse perdre\u00a0sa client\u00e8le. Ben oui. \u00c9videmment !<br \/>\nReste que l&rsquo;agonie de <em>France T\u00e9l\u00e9com<\/em> n&rsquo;est pas une bonne nouvelle, car cette soci\u00e9t\u00e9 fait ce que les autres ne font pas : s&rsquo;occuper du r\u00e9seau t\u00e9l\u00e9phonique\u00a0fixe (mais aussi du d\u00e9roulage et de l&rsquo;entretien des c\u00e2bles maritimes, activit\u00e9 pour laquelle France T\u00e9l\u00e9com a une longue exp\u00e9rience et une grande expertise) et garantir son bon fonctionnement.<\/p>\n<p><img decoding=\"async\" class=\"aligncenter size-full wp-image-4204\" src=\"files\/2017\/01\/fillon_wauquiez_ces_las_vegas.jpg\" alt=\"\" width=\"300\" height=\"300\" srcset=\"https:\/\/hyperbate.fr\/castagne\/files\/2017\/01\/fillon_wauquiez_ces_las_vegas.jpg 300w, https:\/\/hyperbate.fr\/castagne\/files\/2017\/01\/fillon_wauquiez_ces_las_vegas-150x150.jpg 150w\" sizes=\"(max-width: 300px) 100vw, 300px\" \/><\/p>\n<p>Pour r\u00e9sumer, Fran\u00e7ois Fillon a tort de penser que les fonctionnaires \u00e9taient sp\u00e9cialement oppos\u00e9s \u00e0 Internet (Les agents de l&rsquo;\u00c9tat font ce qui leur est demand\u00e9), et n&rsquo;a pas forc\u00e9ment raison en affirmant que le changement de statut de France T\u00e9l\u00e9com a permis l&rsquo;essor du r\u00e9seau : si l&rsquo;entreprise publique\u00a0n&rsquo;avait pas \u00e9t\u00e9 contrainte \u00e0 jouer le jeu de la concurrence et de la rentabilit\u00e9, elle n&rsquo;aurait pas forc\u00e9ment eu besoin de se montrer d\u00e9loyale (puisque profitant de sa position dominante d&rsquo;origine) envers ses concurrents ni de faire preuve\u00a0d&rsquo;une bienveillance plut\u00f4t limit\u00e9e envers ses usagers\u00a0(ou ses employ\u00e9s), comme ce fut le cas.<\/p>\n<p><small><em>Ajout (10\/01\/2017) : on me signale ailleurs qu&rsquo;\u00e0 l&rsquo;\u00e9poque dont il est question il existait plusieurs approches distinctes d&rsquo;Internet chez France T\u00e9l\u00e9com, et que l&rsquo;hostilit\u00e9 envers le r\u00e9seau mondial n&rsquo;\u00e9tait pas forc\u00e9ment un sentiment g\u00e9n\u00e9ral et n&rsquo;\u00e9tait par exemple pas partag\u00e9 par l&rsquo;\u00e9quipe qui a fond\u00e9 le fournisseur d&rsquo;acc\u00e8s Wanadoo.<\/em><\/small><\/p>\n<ol class=\"footnotes\"><li id=\"footnote_1_4175\" class=\"footnote\">Certains se moquent du <em>Minitel<\/em>, mais il marque une des derni\u00e8res fois o\u00f9\u00a0nos politiques ont cru que l&rsquo;innovation pouvait venir de France. Le fonctionnement technique du r\u00e9seau ou de l&rsquo;appareil n&rsquo;\u00e9taient pas d&rsquo;une modernit\u00e9 folle, mais l&rsquo;id\u00e9e d&rsquo;installer gratuitement un terminal pour des services t\u00e9l\u00e9matiques chez chaque abonn\u00e9 \u00e9tait extr\u00eamement ambitieuse et int\u00e9ressante. <span class=\"footnote-back-link-wrapper\"> [<a href=\"#identifier_1_4175\" class=\"footnote-link footnote-back-link\">&#8617;<\/a>]<\/span><\/li><li id=\"footnote_2_4175\" class=\"footnote\">France T\u00e9l\u00e9com et la Poste avaient m\u00eame leur minist\u00e8re, le minist\u00e8re des <em>Postes, T\u00e9l\u00e9graphes et T\u00e9l\u00e9phones<\/em> (PTT), devenu <em>Postes et T\u00e9l\u00e9communications<\/em>\u00a0(P&amp;T). En 1980, Postes et t\u00e9l\u00e9phone sont devenus deux services s\u00e9par\u00e9s, destin\u00e9s \u00e0 \u00eatre lentement amen\u00e9s \u00e0 la privatisation et \u00e0 la concurrence. En 1988, est n\u00e9 <em>France T\u00e9l\u00e9com<\/em>, qui existe toujours mais qui est un peu cach\u00e9 derri\u00e8re sa filiale\/marque\u00a0internationale\u00a0<em>Orange<\/em>, du\u00a0nom d&rsquo;un op\u00e9rateur britannique rachet\u00e9 par <em>France T\u00e9l\u00e9com<\/em>.<span class=\"footnote-back-link-wrapper\"> [<a href=\"#identifier_2_4175\" class=\"footnote-link footnote-back-link\">&#8617;<\/a>]<\/span><\/li><li id=\"footnote_3_4175\" class=\"footnote\">Pour moi, la France, c&rsquo;est la SNCF et la Poste, qui maillent le territoire, c&rsquo;est l&rsquo;\u00e9ducation nationale, bien s\u00fbr (mais elle n&rsquo;est pas en tr\u00e8s bon \u00e9tat et peine sans doute \u00e0 se red\u00e9finir), ce sont les paysans, qui, comme on dit, font le paysage (mais les campagnes se d\u00e9sertifient et l&rsquo;automobile &#8211; ses autoroutes, ses parkings &#8211; rend tout laid et prend une place folle), c&rsquo;est un patrimoine mat\u00e9riel, architectural,\u00a0et bien entendu, la nourriture. Le drapeau et la Marseillaise, comme les monuments aux morts, me rappellent surtout\u00a0le nombre de gens qui ont fini dans des tranch\u00e9es\u00a0pour leur gloire\u00a0et j&rsquo;ai du mal \u00e0 les appr\u00e9cier.\u00a0<span class=\"footnote-back-link-wrapper\"> [<a href=\"#identifier_3_4175\" class=\"footnote-link footnote-back-link\">&#8617;<\/a>]<\/span><\/li><li id=\"footnote_4_4175\" class=\"footnote\">Outre l&rsquo;INRIA, rappelons que ce qui fait Internet aujourd&rsquo;hui \u00e9mane d&rsquo;organismes publics tels que la DARPA, la National Science Foundation ou le CERN. <span class=\"footnote-back-link-wrapper\"> [<a href=\"#identifier_4_4175\" class=\"footnote-link footnote-back-link\">&#8617;<\/a>]<\/span><\/li><\/ol>","protected":false},"excerpt":{"rendered":"<p>La phrase de Fran\u00e7ois Fillon au Consumer Electronics Show de Las Vegas, face au micro de l&rsquo;\u00e9mission Quotidien, sur TMC, a beaucoup fait jaser : \u00abQu&rsquo;est-ce qu&rsquo;a fait M. Macron en mati\u00e8re de technologie? Il a fait des choses? Qu&rsquo;est ce que j&rsquo;ai fait moi? J&rsquo;ai ouvert les t\u00e9l\u00e9communications \u00e0 la concurrence. Vous pensez qu&rsquo;il [&hellip;]<\/p>\n","protected":false},"author":1,"featured_media":0,"comment_status":"open","ping_status":"open","sticky":false,"template":"","format":"standard","meta":{"footnotes":""},"categories":[1],"tags":[],"class_list":["post-4175","post","type-post","status-publish","format-standard","hentry","category-non-classe"],"_links":{"self":[{"href":"https:\/\/hyperbate.fr\/castagne\/wp-json\/wp\/v2\/posts\/4175","targetHints":{"allow":["GET"]}}],"collection":[{"href":"https:\/\/hyperbate.fr\/castagne\/wp-json\/wp\/v2\/posts"}],"about":[{"href":"https:\/\/hyperbate.fr\/castagne\/wp-json\/wp\/v2\/types\/post"}],"author":[{"embeddable":true,"href":"https:\/\/hyperbate.fr\/castagne\/wp-json\/wp\/v2\/users\/1"}],"replies":[{"embeddable":true,"href":"https:\/\/hyperbate.fr\/castagne\/wp-json\/wp\/v2\/comments?post=4175"}],"version-history":[{"count":4,"href":"https:\/\/hyperbate.fr\/castagne\/wp-json\/wp\/v2\/posts\/4175\/revisions"}],"predecessor-version":[{"id":4209,"href":"https:\/\/hyperbate.fr\/castagne\/wp-json\/wp\/v2\/posts\/4175\/revisions\/4209"}],"wp:attachment":[{"href":"https:\/\/hyperbate.fr\/castagne\/wp-json\/wp\/v2\/media?parent=4175"}],"wp:term":[{"taxonomy":"category","embeddable":true,"href":"https:\/\/hyperbate.fr\/castagne\/wp-json\/wp\/v2\/categories?post=4175"},{"taxonomy":"post_tag","embeddable":true,"href":"https:\/\/hyperbate.fr\/castagne\/wp-json\/wp\/v2\/tags?post=4175"}],"curies":[{"name":"wp","href":"https:\/\/api.w.org\/{rel}","templated":true}]}}