{"id":391,"date":"2013-04-23T23:54:24","date_gmt":"2013-04-23T22:54:24","guid":{"rendered":"http:\/\/hyperbate.fr\/castagne\/?p=391"},"modified":"2013-04-24T08:22:14","modified_gmt":"2013-04-24T07:22:14","slug":"blind-dati","status":"publish","type":"post","link":"https:\/\/hyperbate.fr\/castagne\/2013\/04\/23\/blind-dati\/","title":{"rendered":"Blind Dati"},"content":{"rendered":"<p>Rachida Dati tente d&#8217;emp\u00eacher la publication d&rsquo;une bande-dessin\u00e9e qui semble enti\u00e8rement consacr\u00e9e \u00e0 sa vie priv\u00e9e, <em>Rachida, au nom des p\u00e8res<\/em>, par Yves Derai et Bernard Swysen, avec des dessins d&rsquo;un d\u00e9nomm\u00e9 Marco Paulo. L&rsquo;album sort jeudi. Paulo et Swysen avaient publi\u00e9 l&rsquo;an dernier, avec le juge Gilbert Thiel, <em>Le pouvoir de convaincre<\/em>, chez le m\u00eame \u00e9diteur <em>12bis<\/em>, un album qui \u00e9tait consacr\u00e9 \u00e0 d\u00e9crypter l&rsquo;ascension de Nicolas Sarkozy. Yves Derai, quant \u00e0 lui, avait publi\u00e9 en 2009, avec Michael Darmon, un essai consacr\u00e9 \u00e0 Rachida Dati et intitul\u00e9 <em>Belle-amie<\/em>, en r\u00e9f\u00e9rence \u00e9vidente au <em>Bel-Ami<\/em> de Maupassant. L&rsquo;\u00e9diteur s&rsquo;est fait une sp\u00e9cialit\u00e9 de ce genre de bandes dessin\u00e9es qui se situent \u00e0 mi-chemin entre l&rsquo;enqu\u00eate journalistique et la caricature : Ben Laden, Ahmadinejad, Carla Bruni, Nicolas Sarkozy, mais aussi l&rsquo;\u0153nologue Robert Parker,&#8230;<\/p>\n<p><img decoding=\"async\" class=\"aligncenter size-full wp-image-414\" alt=\"couv-aunomdpcouv\" src=\"files\/2013\/04\/couv-aunomdpcouv.jpg\" width=\"380\" height=\"518\" srcset=\"https:\/\/hyperbate.fr\/castagne\/files\/2013\/04\/couv-aunomdpcouv.jpg 380w, https:\/\/hyperbate.fr\/castagne\/files\/2013\/04\/couv-aunomdpcouv-220x300.jpg 220w\" sizes=\"(max-width: 380px) 100vw, 380px\" \/><\/p>\n<p>J&rsquo;ai tendance \u00e0 trouver le personnage de Rachida Dati assez passionnant, pour son ambition, son culot, son parcours qui rappelle effectivement Bel-Ami ou Rastignac, mais dans des conditions que n&rsquo;auraient pas imagin\u00e9 les romanciers du XIXe si\u00e8cle : femme, d&rsquo;une part, et deuxi\u00e8me n\u00e9e d&rsquo;une famille modeste de onze enfants, avec un p\u00e8re marocain et une m\u00e8re alg\u00e9rienne. Rien n&rsquo;assurait la r\u00e9ussite de Rachida Dati, alors elle a \u00ab\u00a0hack\u00e9\u00a0\u00bb un syst\u00e8me politique largement blanc et masculin en jouant sur ses faiblesses, multipliant les liaisons amoureuses simultan\u00e9es<sup><a href=\"#footnote_1_391\" id=\"identifier_1_391\" class=\"footnote-link footnote-identifier-link\" title=\"Selon Le Monde : &laquo;&nbsp;un animateur t&eacute;l&eacute;, un ministre, un PDG, un Premier ministre espagnol, l&rsquo;un des fr&egrave;res de Nicolas Sarkozy, un procureur g&eacute;n&eacute;ral qatari et l&rsquo;h&eacute;ritier d&rsquo;un empire de luxe&nbsp;&raquo;. On doit pouvoir s&rsquo;autoriser &agrave; se moquer de l&rsquo;opposition de Rachida Dati au &laquo;&nbsp;mariage pour tous&nbsp;&raquo; si l&rsquo;on consid&egrave;re la complexit&eacute; de la question de la paternit&eacute; de sa fille.\">1<\/a><\/sup>, argument utilis\u00e9, sans grande \u00e9l\u00e9gance, par un homme d&rsquo;affaire pour \u00e9chapper au test de paternit\u00e9 cens\u00e9 d\u00e9terminer s&rsquo;il est, ou non, le g\u00e9niteur de la fille de l&rsquo;ancienne garde des sceaux.<\/p>\n<p>Le personnage est hors-normes, son potentiel comique et path\u00e9tique est immense, mais cette bande dessin\u00e9e me met extr\u00eamement mal \u00e0 l&rsquo;aise. Peut-\u00eatre est-ce tout simplement parce que les trois pages aper\u00e7ues laissent penser que les auteurs ne sont ni Shakespeare, ni Balzac, ni Maupassant, ni Choderlos de Laclos, ni David Simon\u00a0\u2014 l&rsquo;auteur de <em>The Wire<\/em>.<br \/>\nJ&rsquo;ai l&rsquo;impression \u2014 peut-\u00eatre\u00a0erron\u00e9e, puisque je n&rsquo;ai pas lu le livre \u2014\u00a0qu&rsquo;il n&rsquo;y a en jeu ici que de railler une grenouille qui a voulu se faire aussi grosse que le b\u0153uf, et de renvoyer Rachida Dati \u00e0 ses origines sociales et \u00e0 son sexe, attitude condescendante qui est peut-\u00eatre pr\u00e9cis\u00e9ment ce qui l&rsquo;a amen\u00e9e \u00e0 transformer ses faiblesses en armes de conqu\u00eate et \u00e0 mettre avec un opportunisme constant son talent (dont je ne doute pas) au service d&rsquo;une ambition pure.<br \/>\nIl va sans dire que je ne suis pas pour la censure du livre (ni d&rsquo;aucun livre), j&rsquo;esp\u00e8re juste que le public ne cautionnera pas trop massivement ce genre de publication un peu lamentable.<\/p>\n<ol class=\"footnotes\"><li id=\"footnote_1_391\" class=\"footnote\">Selon Le Monde : <em>\u00ab\u00a0un animateur t\u00e9l\u00e9, un ministre, un PDG, un Premier ministre espagnol, l&rsquo;un des fr\u00e8res de Nicolas Sarkozy, un procureur g\u00e9n\u00e9ral qatari et l&rsquo;h\u00e9ritier d&rsquo;un empire de luxe\u00a0\u00bb<\/em>. On doit pouvoir s&rsquo;autoriser \u00e0 se moquer de l&rsquo;opposition de Rachida Dati au \u00ab\u00a0mariage pour tous\u00a0\u00bb si l&rsquo;on consid\u00e8re la complexit\u00e9 de la question de la paternit\u00e9 de sa fille.<span class=\"footnote-back-link-wrapper\"> [<a href=\"#identifier_1_391\" class=\"footnote-link footnote-back-link\">&#8617;<\/a>]<\/span><\/li><\/ol>","protected":false},"excerpt":{"rendered":"<p>Rachida Dati tente d&#8217;emp\u00eacher la publication d&rsquo;une bande-dessin\u00e9e qui semble enti\u00e8rement consacr\u00e9e \u00e0 sa vie priv\u00e9e, Rachida, au nom des p\u00e8res, par Yves Derai et Bernard Swysen, avec des dessins d&rsquo;un d\u00e9nomm\u00e9 Marco Paulo. L&rsquo;album sort jeudi. Paulo et Swysen avaient publi\u00e9 l&rsquo;an dernier, avec le juge Gilbert Thiel, Le pouvoir de convaincre, chez le [&hellip;]<\/p>\n","protected":false},"author":1,"featured_media":0,"comment_status":"open","ping_status":"open","sticky":false,"template":"","format":"standard","meta":{"footnotes":""},"categories":[1],"tags":[],"class_list":["post-391","post","type-post","status-publish","format-standard","hentry","category-non-classe"],"_links":{"self":[{"href":"https:\/\/hyperbate.fr\/castagne\/wp-json\/wp\/v2\/posts\/391","targetHints":{"allow":["GET"]}}],"collection":[{"href":"https:\/\/hyperbate.fr\/castagne\/wp-json\/wp\/v2\/posts"}],"about":[{"href":"https:\/\/hyperbate.fr\/castagne\/wp-json\/wp\/v2\/types\/post"}],"author":[{"embeddable":true,"href":"https:\/\/hyperbate.fr\/castagne\/wp-json\/wp\/v2\/users\/1"}],"replies":[{"embeddable":true,"href":"https:\/\/hyperbate.fr\/castagne\/wp-json\/wp\/v2\/comments?post=391"}],"version-history":[{"count":0,"href":"https:\/\/hyperbate.fr\/castagne\/wp-json\/wp\/v2\/posts\/391\/revisions"}],"wp:attachment":[{"href":"https:\/\/hyperbate.fr\/castagne\/wp-json\/wp\/v2\/media?parent=391"}],"wp:term":[{"taxonomy":"category","embeddable":true,"href":"https:\/\/hyperbate.fr\/castagne\/wp-json\/wp\/v2\/categories?post=391"},{"taxonomy":"post_tag","embeddable":true,"href":"https:\/\/hyperbate.fr\/castagne\/wp-json\/wp\/v2\/tags?post=391"}],"curies":[{"name":"wp","href":"https:\/\/api.w.org\/{rel}","templated":true}]}}