{"id":3891,"date":"2016-09-20T17:35:15","date_gmt":"2016-09-20T16:35:15","guid":{"rendered":"http:\/\/hyperbate.fr\/castagne\/?p=3891"},"modified":"2017-02-20T12:13:07","modified_gmt":"2017-02-20T11:13:07","slug":"nos-ancetres-les-gaulois","status":"publish","type":"post","link":"https:\/\/hyperbate.fr\/castagne\/2016\/09\/20\/nos-ancetres-les-gaulois\/","title":{"rendered":"Nos anc\u00eatres les Gaulois"},"content":{"rendered":"<p><em><small>(oui, je me fais avoir en participant \u00e0 la communication de type \u00ab\u00a0une grosse connerie\u00a0par jour\u00a0\u00bb qu&rsquo;utilise Sarkozy pour faire oublier l&rsquo;existence de ses concurrents \u00e0 la primaire, mais cette affaire l\u00e0\u00a0me semble soulever des questions int\u00e9ressantes au del\u00e0 de la pr\u00e9sidentielle)<\/small><\/em><\/p>\n<p><img decoding=\"async\" class=\"size-full wp-image-3904 aligncenter\" src=\"files\/2016\/09\/gaulois_en_costume_traditionnel.jpg\" alt=\"gaulois_en_costume_traditionnel\" width=\"800\" height=\"271\" srcset=\"https:\/\/hyperbate.fr\/castagne\/files\/2016\/09\/gaulois_en_costume_traditionnel.jpg 800w, https:\/\/hyperbate.fr\/castagne\/files\/2016\/09\/gaulois_en_costume_traditionnel-300x102.jpg 300w, https:\/\/hyperbate.fr\/castagne\/files\/2016\/09\/gaulois_en_costume_traditionnel-768x260.jpg 768w, https:\/\/hyperbate.fr\/castagne\/files\/2016\/09\/gaulois_en_costume_traditionnel-624x211.jpg 624w\" sizes=\"(max-width: 800px) 100vw, 800px\" \/><\/p>\n<p>Hier \u00e0 Franconville, juste derri\u00e8re chez moi, Nicolas Sarkozy est parvenu \u00e0 faire du bruit (oui oui, j&rsquo;y participe, j&rsquo;en suis conscient) avec cette d\u00e9claration :<\/p>\n<p><div id=\"attachment_3892\" style=\"width: 642px\" class=\"wp-caption aligncenter\"><img decoding=\"async\" aria-describedby=\"caption-attachment-3892\" class=\"wp-image-3892 size-full\" src=\"files\/2016\/09\/ancetres_les_gaulois.png\" alt=\"ancetres_les_gaulois\" width=\"632\" height=\"156\" srcset=\"https:\/\/hyperbate.fr\/castagne\/files\/2016\/09\/ancetres_les_gaulois.png 632w, https:\/\/hyperbate.fr\/castagne\/files\/2016\/09\/ancetres_les_gaulois-300x74.png 300w, https:\/\/hyperbate.fr\/castagne\/files\/2016\/09\/ancetres_les_gaulois-624x154.png 624w\" sizes=\"(max-width: 632px) 100vw, 632px\" \/><p id=\"caption-attachment-3892\" class=\"wp-caption-text\">\u00abSi l&rsquo;on veut devenir fran\u00e7ais, on parle fran\u00e7ais, on vit comme un Fran\u00e7ais. Nous ne nous contenterons plus d&rsquo;une int\u00e9gration qui ne marche plus, nous exigeons l&rsquo;assimilation. D\u00e8s que vous devenez fran\u00e7ais, vos anc\u00eatres sont gaulois (&#8230;) <em>[celui qui devient fran\u00e7ais doit se dire]<\/em>\u00a0J&rsquo;aime la France, j&rsquo;apprends l&rsquo;histoire de France, je vis comme un Fran\u00e7ais\u00bb.<\/p><\/div>On peut \u00e0 mon avis lire\u00a0pas mal de choses dans cette phrase, qui est moins risible\u00a0qu&rsquo;elle le semble de prime abord, et\u00a0qui contient plusieurs\u00a0tiroirs.<\/p>\n<p>On peut y voir une affirmation indubitablement positive : peu importe ses origines lointaines (et c&rsquo;est un fils de nobliau\u00a0magyar qui a un grand-p\u00e8re maternel juif de Thessalonique qui la prononce, ce n&rsquo;est pas indiff\u00e9rent), d\u00e8s que l&rsquo;on a une carte d&rsquo;identit\u00e9 fran\u00e7aise, alors on est fran\u00e7ais. C&rsquo;est le droit du sol (ou plut\u00f4t\u00a0le droit des papiers) contre le droit du sang, quoi, c&rsquo;est la L\u00e9gion \u00e9trang\u00e8re : la France est une id\u00e9e, pas une lign\u00e9e g\u00e9n\u00e9tique.<\/p>\n<div id=\"attachment_3893\" style=\"width: 510px\" class=\"wp-caption aligncenter\"><img decoding=\"async\" aria-describedby=\"caption-attachment-3893\" class=\"wp-image-3893 size-full\" src=\"files\/2016\/09\/porteurs_guinee.jpg\" alt=\"porteurs_guinee\" width=\"500\" height=\"325\" srcset=\"https:\/\/hyperbate.fr\/castagne\/files\/2016\/09\/porteurs_guinee.jpg 500w, https:\/\/hyperbate.fr\/castagne\/files\/2016\/09\/porteurs_guinee-300x195.jpg 300w\" sizes=\"(max-width: 500px) 100vw, 500px\" \/><p id=\"caption-attachment-3893\" class=\"wp-caption-text\">Fran\u00e7ois Fillon (Sabl\u00e9-sur-Sarthe, le 28 ao\u00fbt 2016) : \u00abla France n&rsquo;est pas coupable d&rsquo;avoir voulu faire partager sa culture aux peuples d&rsquo;Afrique\u00bb.<br \/>Effectivement, le partage culturel est une belle et grande chose. Mais la litt\u00e9rature de Fran\u00e7ois Villon, Moli\u00e8re, Voltaire et Victor Hugo n&rsquo;est sans doute malheureusement pas le seul souvenir que nous ayons laiss\u00e9 aux Africains.<\/p><\/div>\n<p>On peut y lire un clin d&rsquo;\u0153il au fameux <em>\u00ab\u00a0nos anc\u00eatres les Gaulois\u00a0\u00bb<\/em> que les instituteurs de l&rsquo;Empire colonial faisaient \u00e2nonner aux \u00e9coliers de toutes les latitudes, en \u00cele-de-France, en Afrique de l&rsquo;Ouest, au Maghreb, en Indochine, et m\u00eame en Bretagne<sup><a href=\"#footnote_1_3891\" id=\"identifier_1_3891\" class=\"footnote-link footnote-identifier-link\" title=\"La Bretagne est un&nbsp;duch&eacute; annex&eacute; par la France il y a un peu moins de cinq si&egrave;cles, qui est d&eacute;sormais c&eacute;l&egrave;bre pour son agriculture, ses probl&egrave;mes de pollution li&eacute;s &agrave; l&rsquo;agriculture,&nbsp;ses stations baln&eacute;aires d&eacute;di&eacute;es au tourisme familial CSP+. Avec le Pays de Galles, l&rsquo;Irlande et l&rsquo;&Eacute;cosse, c&rsquo;est en Bretagne que la culture celtique&nbsp;&mdash; c&rsquo;est &agrave; dire gauloise&nbsp;&mdash; a le plus longtemps perdur&eacute;, notamment par la langue. Langue qui valait aux petits bretons surpris &agrave; la parler d&rsquo;&ecirc;tre punis en &eacute;tant forc&eacute;s de porter le &laquo;&nbsp;symbole&nbsp;&raquo;, un objet infamant quelconque qui prouvait leur crime et a fini par leur en faire perdre la m&eacute;moire. Car si &laquo;&nbsp;nos anc&ecirc;tres&nbsp;&raquo; sont gaulois, leur langue a &eacute;t&eacute; interdite par la R&eacute;publique qui se r&eacute;clamait de leur filiation.\nMise &agrave; jour du 21\/09 : contrairement &agrave; des th&eacute;ories &agrave; pr&eacute;sent r&eacute;fut&eacute;es, le Breton ne descend pas du Gaulois, cf. discussion plus bas, au temps pour moi.\">1<\/a><\/sup>.\u00a0Les\u00a0Gaulois, s&rsquo;ils peuplaient bien une bonne partie de l&rsquo;actuelle Europe, de la p\u00e9ninsule ib\u00e9rique aux Pays-Bas, ont vu leur culture modifi\u00e9e\u00a0par l&rsquo;invasion romaine puis, au cours des premiers si\u00e8cles de l&rsquo;\u00e8re commune,\u00a0ont \u00e9t\u00e9\u00a0pouss\u00e9s vers l&rsquo;Ouest par la pression d\u00e9mographique, migratoire et militaire de tribus germaniques tels que les Burgondes, les Goths, les Alamans, les Alains, les Su\u00e8ves, les\u00a0Vandales, et bien entendu les Francs, qui ont donn\u00e9 son nom \u00e0 notre actuel pays.\u00a0Les Gaulois nous ont l\u00e9gu\u00e9 leur\u00a0toponymie (Paris, Lyon, et des milliers de lieux-dits sont directement issus de noms gaulois<sup><a href=\"#footnote_2_3891\" id=\"identifier_2_3891\" class=\"footnote-link footnote-identifier-link\" title=\"Ce qui n&rsquo;est&nbsp;pas le cas de&nbsp;Franconville (francorum&nbsp;villa), o&ugrave; Sarkozy a prononc&eacute; son discours.\">2<\/a><\/sup>, parfois revenus\u00a0apr\u00e8s une p\u00e9riode d&rsquo;usage d&rsquo;un nom romain \u2014 comme Lut\u00e8ce pour Paris), un vocabulaire li\u00e9 \u00e0 l&rsquo;agriculture et de l&rsquo;\u00e9levage (mouton, bouc, ruche, oignon) ou aux descriptions de la nature (caillou, bruy\u00e8re, ch\u00eane, mousse, \u00e9rable,&#8230;). Ils nous ont aussi laiss\u00e9 une l\u00e9gende, celle de cet anc\u00eatre mythique courageux et d\u00e9sordonn\u00e9, et ayant d\u00e9sesp\u00e9r\u00e9ment besoin d&rsquo;unit\u00e9 territoriale\u00a0et de chefs\u00a0indiscut\u00e9s.<br \/>\nC&rsquo;est pour des raisons id\u00e9ologiques que la p\u00e9dagogie de la IIIe r\u00e9publique est all\u00e9e chercher les Gaulois, qui ne sont ni les anc\u00eatres des Fran\u00e7ais, ni ceux de la culture fran\u00e7aise, dont l&rsquo;existence m\u00eame en tant qu&rsquo;entit\u00e9 est une construction, mais qui ont l&rsquo;avantage d&rsquo;\u00eatre le premier ensemble de peuples connu sur l&rsquo;actuel territoire fran\u00e7ais et de n&rsquo;\u00eatre li\u00e9s \u00e0 aucune religion ou lign\u00e9e monarchique s&rsquo;\u00e9tant impos\u00e9e depuis.\u00a0Et ils ont l&rsquo;avantage,\u00a0surtout, de ne plus \u00eatre l\u00e0 pour r\u00e9clamer leur h\u00e9ritage<sup><a href=\"#footnote_3_3891\" id=\"identifier_3_3891\" class=\"footnote-link footnote-identifier-link\" title=\"Dans la chanson Faut rigoler, Henri Salvador se tord les c&ocirc;tes&nbsp;en se souvenant de son instituteur antillais qui parlait de&nbsp;&laquo;&nbsp;nos&nbsp;anc&ecirc;tres les Gaulois&nbsp;&raquo;, mais ce n&rsquo;&eacute;tait pas plus&nbsp;absurde que dans le cas de la plupart des fran&ccedil;ais de l&rsquo;hexagone, surtout sachant l&rsquo;importante pr&eacute;sence bretonne aux&nbsp;Antilles fran&ccedil;aises.&nbsp;\">3<\/a><\/sup>. C&rsquo;est tout de m\u00eame un peu gonfl\u00e9 d&rsquo;aller les r\u00e9veiller, \u00e7a reviendrait \u00e0 dire\u00a0<em>\u00ab\u00a0d\u00e8s que l&rsquo;on devient \u00e9tasunien et qu&rsquo;on salue le drapeau am\u00e9ricain en mangeant des corn flakes, nos anc\u00eatres sont Apaches\u00a0\u00bb<\/em>.<\/p>\n<div id=\"attachment_3894\" style=\"width: 754px\" class=\"wp-caption aligncenter\"><img decoding=\"async\" aria-describedby=\"caption-attachment-3894\" class=\"wp-image-3894 size-full\" src=\"files\/2016\/09\/infirmieres_bulgares_francaises.png\" alt=\"infirmieres_bulgares_francaises\" width=\"744\" height=\"401\" srcset=\"https:\/\/hyperbate.fr\/castagne\/files\/2016\/09\/infirmieres_bulgares_francaises.png 744w, https:\/\/hyperbate.fr\/castagne\/files\/2016\/09\/infirmieres_bulgares_francaises-300x162.png 300w, https:\/\/hyperbate.fr\/castagne\/files\/2016\/09\/infirmieres_bulgares_francaises-624x336.png 624w\" sizes=\"(max-width: 744px) 100vw, 744px\" \/><p id=\"caption-attachment-3894\" class=\"wp-caption-text\">\u00c0 peine \u00e9lu, en 2007, Nicolas Sarkozy avait envoy\u00e9 en Libye son \u00e9pouse C\u00e9cilia demander \u00e0 Mouammar Kadhafi la lib\u00e9ration de cinq infirmi\u00e8re bulgare et d&rsquo;un m\u00e9decin (bulgare aussi, mais d&rsquo;origine palestinienne, ce qui lui a valu d&rsquo;\u00eatre nettement moins \u00e9voqu\u00e9 m\u00e9diatiquement), accus\u00e9s d&rsquo;avoir diffus\u00e9 le VIH en Libye. L&rsquo;affaire fut conclue, sans doute \u00e0 grands frais (contrats divers li\u00e9s \u00e0 l&rsquo;armement, au gaz, \u00e0 l&rsquo;\u00e9lectricit\u00e9, et \u00e0 la lib\u00e9ration d&rsquo;un prisonnier libyen), contrairement \u00e0 ce qui fut affirm\u00e9 alors. J&rsquo;avais \u00e9t\u00e9 frapp\u00e9 par la r\u00e9flexion de Nicolas Sarkozy, qui avait \u00e0 l&rsquo;\u00e9poque dit \u00ab\u00a0ces infirmi\u00e8res elles \u00e9taient fran\u00e7aises\u00a0\u00bb, non parce qu&rsquo;elles avaient le moindre rapport avec la France, mais parce que la France s&rsquo;est sentie li\u00e9e \u00e0 leur cas&#8230; Tandis qu&rsquo;au m\u00eame\u00a0les Bulgares et les Roumains n&rsquo;avaient pas le droit d&rsquo;\u00eatre des membres de l&rsquo;Union europ\u00e9enne comme les autres&#8230; Cette id\u00e9e variable de l&rsquo;identit\u00e9 nationale m&rsquo;avait rappel\u00e9e la phrase de Goebbels \u00e0 Fritz Lang, qui ne comprenait pas que le ministre lui propose de travailler pour lui alors que sa m\u00e8re \u00e9tait d&rsquo;origine juive et s&rsquo;\u00e9tait vu r\u00e9pondre : \u00ab\u00a0c&rsquo;est nous qui d\u00e9cidons qui est aryen\u00a0\u00bb<\/p><\/div>\n<p>Plus probl\u00e9matique, on peut inscrire cette petite phrase parmi les mille et une autres de son auteur (ou de ses coll\u00e8gues \u00e0 droite mais pas seulement) qui montrent un m\u00e9pris de l&rsquo;Histoire en tant que science : pour eux, l&rsquo;histoire n&rsquo;est pas un objet complexe et passionnant de recherche, c&rsquo;est un outil de gouvernement, qui sert \u00e0 fonder un mythe national destin\u00e9 \u00e0 l\u00e9gitimer un fonctionnement et des institutions.\u00a0Ici, le mythe est assum\u00e9 en tant que tel,\u00a0il balaye\u00a0tout nationalisme pr\u00e9tendant s&rsquo;appuyer sur une base ethnique, et au fond, ce n&rsquo;est pas moi (qui crois que les humains appartiennent tous \u00e0 la m\u00eame esp\u00e8ce) qui me plaindrais de l&rsquo;intention, mais j&rsquo;ai des r\u00e9serves sur la forme, car elle cause du tort \u00e0 une discipline scientifique qu&rsquo;elle transforme en fabrique fictionnelle. Certes, c&rsquo;est la croix que portent les historiens depuis toujours<sup><a href=\"#footnote_4_3891\" id=\"identifier_4_3891\" class=\"footnote-link footnote-identifier-link\" title=\"Un exemple parmi d&rsquo;autres : Avec son discours sur l&rsquo;origine des Francs, en 1714, o&ugrave; il affirmait que la tribu de Clovis &eacute;tait d&rsquo;origine germanique, l&rsquo;historien Nicolas Fr&eacute;ret a indign&eacute; un de ses pairs, l&rsquo;Abb&eacute; Vertot, qui l&rsquo;a d&eacute;nonc&eacute; et a obtenu que son coll&egrave;gue&nbsp;soit emprisonn&eacute; &agrave; la Bastille pendant six mois !\">4<\/a><\/sup> : leur science sert (consciemment ou non)\u00a0\u00e0 l\u00e9gitimer des pouvoirs, des dynasties, des religions, des valeurs, des rites,&#8230; et tout ceci se fait au d\u00e9triment de toute qu\u00eate sinc\u00e8re de v\u00e9rit\u00e9, et en s&rsquo;appuyant sur\u00a0des clich\u00e9s construits il y a cent cinquante ans pour amener les \u00e9coliers de la\u00a0IIIe R\u00e9publique se faire zigouiller \u00e0 Verdun. Le maniement ras-les-p\u00e2querettes de r\u00e9f\u00e9rences mythiques\u00a0\u2014 les Gaulois, Charles Martel, Jeanne d&rsquo;Arc, etc.\u00a0\u2014 a pour inconv\u00e9nient de s&rsquo;auto-entretenir, elle ne pousse pas le public \u00e0 creuser et \u00e0 s&rsquo;int\u00e9resser \u00e0 la complexit\u00e9 de la marche du monde. Au contraire, il sert \u00e0 rassurer les gens en leur disant de ne pas aller chercher trop loin \u00e0 comprendre qui ils sont eux-m\u00eames.<\/p>\n<p><img decoding=\"async\" class=\"size-full wp-image-3926 aligncenter\" src=\"files\/2016\/09\/gaulois.jpg\" alt=\"gaulois\" width=\"792\" height=\"323\" srcset=\"https:\/\/hyperbate.fr\/castagne\/files\/2016\/09\/gaulois.jpg 792w, https:\/\/hyperbate.fr\/castagne\/files\/2016\/09\/gaulois-300x122.jpg 300w, https:\/\/hyperbate.fr\/castagne\/files\/2016\/09\/gaulois-768x313.jpg 768w, https:\/\/hyperbate.fr\/castagne\/files\/2016\/09\/gaulois-624x254.jpg 624w\" sizes=\"(max-width: 792px) 100vw, 792px\" \/><\/p>\n<p>Il est triste\u00a0que les responsables politiques utilisent si mal\u00a0l&rsquo;histoire et si peu \u00e0 la science-fiction. L&rsquo;histoire est passionnante pour\u00a0elle-m\u00eame, bien s\u00fbr, mais aussi pour comprendre comment s&rsquo;est construit le monde dans lequel nous vivons. Or elle est souvent utilis\u00e9e pour valider des oppressions, pour cristalliser des syst\u00e8mes de dominations, quand ce n&rsquo;est pas pour d\u00e9clencher des guerres ! Ce que l&rsquo;on dit en utilisant l&rsquo;histoire comme instrument politique, c&rsquo;est que notre avenir est conditionn\u00e9 \u00e0 une lecture de notre pass\u00e9, que notre\u00a0futur est contenu dans nos origines, que celui qui ma\u00eetrise le discours sur les origines poss\u00e8de le droit \u00e0 d\u00e9cider de\u00a0ce que\u00a0l&rsquo;avenir pourra\u00a0ou ne pourra\u00a0pas \u00eatre.<br \/>\nLa science-fiction, elle, parle du caract\u00e8re ouvert du futur \u2014 voire du caract\u00e8re non-d\u00e9terministe du pass\u00e9, par le biais de son sous-genre l&rsquo;Uchronie<sup><a href=\"#footnote_5_3891\" id=\"identifier_5_3891\" class=\"footnote-link footnote-identifier-link\" title=\"L&rsquo;Uchronie&nbsp;m&eacute;dite sur ce qui e&ucirc;t pu &ecirc;tre (et si Napol&eacute;on n&rsquo;&eacute;tait pas parti &agrave; la conqu&ecirc;te de la Russie ? Et si Christophe Colomb n&rsquo;avait pas atteint les Antilles ? Des historiens emploient &agrave; pr&eacute;sent ce sous-genre de la science-fiction comme outil de travail, cf. &Eacute;crire l&rsquo;histoire avec des &laquo;&nbsp;si&nbsp;&raquo;,&nbsp;Actes de la recherche &agrave; l&rsquo;ENS #11, &eacute;d. rue d&rsquo;Ulm 2015.\">5<\/a><\/sup>. La politique devrait \u00eatre consacr\u00e9e \u00e0 imaginer un futur nouveau, diff\u00e9rent, qui aille au del\u00e0 de ce que nous connaissons d\u00e9j\u00e0, ou croyons conna\u00eetre.<\/p>\n<p>Pour finir, ce qui me g\u00e8ne dans le discours de Sarkozy sur l&rsquo;identit\u00e9, c&rsquo;est qu&rsquo;il dit aussi\u00a0que \u00ab\u00a0\u00eatre fran\u00e7ais\u00a0\u00bb est une situation bien\u00a0fragile car\u00a0conditionn\u00e9 \u00e0 respecter ce qu&rsquo;il consid\u00e8re comme relevant de la culture fran\u00e7aise. Lorsqu&rsquo;il refuse\u00a0<em>\u00ab\u00a0la tyrannie des minorit\u00e9s\u00a0\u00bb<\/em>, ou dit\u00a0\u00a0<em>\u00ab\u00a0Je n&rsquo;accepterai pas les comportements moyen\u00e2geux qui veulent qu&rsquo;un homme se baigne en maillot de bain, quand les femmes sont enferm\u00e9es [dans des burkinis]\u00a0\u00bb<\/em>, et ajoute que <em>\u00ab\u00a0la seule communaut\u00e9 qui vaille est la communaut\u00e9 fran\u00e7aise\u00a0\u00bb<\/em>, sa cible est claire, il\u00a0veut dire que, quoiqu&rsquo;en\u00a0dise\u00a0leur \u00e9tat civil,\u00a0certains fran\u00e7ais\u00a0doivent\u00a0\u00eatre consid\u00e9r\u00e9s comme des \u00e9trangers dans le pays o\u00f9 ils sont n\u00e9s et o\u00f9 ils ont grandi. Je suis curieux de savoir ce que sont les valeurs fran\u00e7aises selon Sarkozy : il dit qu&rsquo;il faut aimer la France, apprendre l&rsquo;histoire de France, vivre comme un Fran\u00e7ais, mais qu&rsquo;est-ce que \u00e7a implique pr\u00e9cis\u00e9ment ? Depuis quand existe-t-il des Fran\u00e7ais qui aiment la France ? Il y a peu de pays o\u00f9 l&rsquo;on aime autant r\u00e2ler sur soi-m\u00eame<sup><a href=\"#footnote_6_3891\" id=\"identifier_6_3891\" class=\"footnote-link footnote-identifier-link\" title=\"Les Belges, aussi, r&acirc;lent beaucoup sur les Belges, mais avec plus d&rsquo;humour. Comme le disait C&eacute;sar, les Belges sont les plus braves&nbsp;des peuples de la Gaule.\">6<\/a><\/sup>. Depuis quand les Fran\u00e7ais apprennent-t-ils l&rsquo;histoire, et quelle histoire veut-on qu&rsquo;ils apprennent ? Enfin, vivre comme un Fran\u00e7ais, c&rsquo;est quoi, exactement ? Regarder Jean-Pierre Pernaud \u00e0 midi, puis dig\u00e9rer devant l&rsquo;Inspecteur Derrick ? Arr\u00eater de manger de la viande pendant une semaine chaque fois qu&rsquo;\u00c9lise Lucet a diffus\u00e9 un documentaire pour d\u00e9noncer le probl\u00e8me ? Avoir des meubles Ik\u00e9a ? Se plaindre des embouteillages depuis sa voiture ? \u00catre persuad\u00e9 que le voisin gagne plus\u00a0et\u00a0travaille moins ? Les t\u00e9moignages d&rsquo;\u00e9trangers qui tentent de d\u00e9finir ce qu&rsquo;est l&rsquo;identit\u00e9 fran\u00e7aise remarquent surtout un fort penchant pour la bonne nourriture. C&rsquo;est aussi ce que je sauverais.<\/p>\n<ol class=\"footnotes\"><li id=\"footnote_1_3891\" class=\"footnote\">La Bretagne est un\u00a0duch\u00e9 annex\u00e9 par la France il y a un peu moins de cinq si\u00e8cles, qui est d\u00e9sormais c\u00e9l\u00e8bre pour son agriculture, ses probl\u00e8mes de pollution li\u00e9s \u00e0 l&rsquo;agriculture,\u00a0ses stations baln\u00e9aires d\u00e9di\u00e9es au tourisme familial CSP+. Avec le Pays de Galles, l&rsquo;Irlande et l&rsquo;\u00c9cosse, c&rsquo;est en Bretagne que la culture celtique\u00a0\u2014 c&rsquo;est \u00e0 dire gauloise\u00a0\u2014 a le plus longtemps perdur\u00e9, notamment par la langue. Langue qui valait aux petits bretons surpris \u00e0 la parler d&rsquo;\u00eatre punis en \u00e9tant forc\u00e9s de porter le <a href=\"https:\/\/fr.wikipedia.org\/wiki\/Symbole_(enseignement)\" target=\"_blank\">\u00ab\u00a0symbole\u00a0\u00bb<\/a>, un objet infamant quelconque qui prouvait leur crime et a fini par leur en faire perdre la m\u00e9moire. Car si <em>\u00ab\u00a0nos anc\u00eatres\u00a0\u00bb<\/em> sont gaulois, leur langue a \u00e9t\u00e9 interdite par la R\u00e9publique qui se r\u00e9clamait de leur filiation.<br \/>\n<strong>Mise \u00e0 jour<\/strong> du 21\/09 : contrairement \u00e0 des th\u00e9ories \u00e0 pr\u00e9sent r\u00e9fut\u00e9es, le Breton ne descend pas du <a href=\"https:\/\/fr.wikipedia.org\/wiki\/Gaulois_(langue)\" target=\"_blank\">Gaulois<\/a>, cf. discussion plus bas, au temps pour moi. <span class=\"footnote-back-link-wrapper\"> [<a href=\"#identifier_1_3891\" class=\"footnote-link footnote-back-link\">&#8617;<\/a>]<\/span><\/li><li id=\"footnote_2_3891\" class=\"footnote\">Ce qui n&rsquo;est\u00a0pas le cas de\u00a0Franconville (<em>francorum\u00a0villa<\/em>), o\u00f9 Sarkozy a prononc\u00e9 son discours. <span class=\"footnote-back-link-wrapper\"> [<a href=\"#identifier_2_3891\" class=\"footnote-link footnote-back-link\">&#8617;<\/a>]<\/span><\/li><li id=\"footnote_3_3891\" class=\"footnote\">Dans la chanson <em>Faut rigoler<\/em>, Henri Salvador se tord les c\u00f4tes\u00a0en se souvenant de son instituteur antillais qui parlait de\u00a0<em>\u00ab\u00a0nos\u00a0anc\u00eatres les Gaulois\u00a0\u00bb<\/em>, mais ce n&rsquo;\u00e9tait pas plus\u00a0absurde que dans le cas de la plupart des fran\u00e7ais de l&rsquo;hexagone, surtout sachant l&rsquo;importante pr\u00e9sence bretonne aux\u00a0Antilles fran\u00e7aises.\u00a0<span class=\"footnote-back-link-wrapper\"> [<a href=\"#identifier_3_3891\" class=\"footnote-link footnote-back-link\">&#8617;<\/a>]<\/span><\/li><li id=\"footnote_4_3891\" class=\"footnote\">Un exemple parmi d&rsquo;autres : Avec son discours sur l\u2019origine des Francs, en 1714, o\u00f9 il affirmait que la tribu de Clovis \u00e9tait d&rsquo;origine germanique, l&rsquo;historien Nicolas Fr\u00e9ret a indign\u00e9 un de ses pairs, l&rsquo;Abb\u00e9 Vertot, qui l&rsquo;a d\u00e9nonc\u00e9 et a obtenu que son coll\u00e8gue\u00a0soit emprisonn\u00e9 \u00e0 la Bastille pendant six mois ! <span class=\"footnote-back-link-wrapper\"> [<a href=\"#identifier_4_3891\" class=\"footnote-link footnote-back-link\">&#8617;<\/a>]<\/span><\/li><li id=\"footnote_5_3891\" class=\"footnote\">L&rsquo;Uchronie\u00a0m\u00e9dite sur ce qui e\u00fbt pu \u00eatre (et si Napol\u00e9on n&rsquo;\u00e9tait pas parti \u00e0 la conqu\u00eate de la Russie ? Et si Christophe Colomb n&rsquo;avait pas atteint les Antilles ? Des historiens emploient \u00e0 pr\u00e9sent ce sous-genre de la science-fiction comme outil de travail, cf. <em><a href=\"http:\/\/www.presses.ens.fr\/collections_23_actes-de-la-recherche-a-l-ens_ecrire-l-histoire-avec-des-si_978-2-7288-2605-6.html\" target=\"_blank\">\u00c9crire l&rsquo;histoire avec des \u00ab\u00a0si\u00a0\u00bb<\/a><\/em>,\u00a0Actes de la recherche \u00e0 l&rsquo;ENS #11, \u00e9d. rue d&rsquo;Ulm 2015. <span class=\"footnote-back-link-wrapper\"> [<a href=\"#identifier_5_3891\" class=\"footnote-link footnote-back-link\">&#8617;<\/a>]<\/span><\/li><li id=\"footnote_6_3891\" class=\"footnote\">Les Belges, aussi, r\u00e2lent beaucoup sur les Belges, mais avec plus d&rsquo;humour. Comme le disait C\u00e9sar, les Belges sont les plus braves\u00a0des peuples de la Gaule. <span class=\"footnote-back-link-wrapper\"> [<a href=\"#identifier_6_3891\" class=\"footnote-link footnote-back-link\">&#8617;<\/a>]<\/span><\/li><\/ol>","protected":false},"excerpt":{"rendered":"<p>(oui, je me fais avoir en participant \u00e0 la communication de type \u00ab\u00a0une grosse connerie\u00a0par jour\u00a0\u00bb qu&rsquo;utilise Sarkozy pour faire oublier l&rsquo;existence de ses concurrents \u00e0 la primaire, mais cette affaire l\u00e0\u00a0me semble soulever des questions int\u00e9ressantes au del\u00e0 de la pr\u00e9sidentielle) Hier \u00e0 Franconville, juste derri\u00e8re chez moi, Nicolas Sarkozy est parvenu \u00e0 faire [&hellip;]<\/p>\n","protected":false},"author":1,"featured_media":0,"comment_status":"open","ping_status":"open","sticky":false,"template":"","format":"standard","meta":{"footnotes":""},"categories":[5],"tags":[],"class_list":["post-3891","post","type-post","status-publish","format-standard","hentry","category-identites"],"_links":{"self":[{"href":"https:\/\/hyperbate.fr\/castagne\/wp-json\/wp\/v2\/posts\/3891","targetHints":{"allow":["GET"]}}],"collection":[{"href":"https:\/\/hyperbate.fr\/castagne\/wp-json\/wp\/v2\/posts"}],"about":[{"href":"https:\/\/hyperbate.fr\/castagne\/wp-json\/wp\/v2\/types\/post"}],"author":[{"embeddable":true,"href":"https:\/\/hyperbate.fr\/castagne\/wp-json\/wp\/v2\/users\/1"}],"replies":[{"embeddable":true,"href":"https:\/\/hyperbate.fr\/castagne\/wp-json\/wp\/v2\/comments?post=3891"}],"version-history":[{"count":3,"href":"https:\/\/hyperbate.fr\/castagne\/wp-json\/wp\/v2\/posts\/3891\/revisions"}],"predecessor-version":[{"id":3942,"href":"https:\/\/hyperbate.fr\/castagne\/wp-json\/wp\/v2\/posts\/3891\/revisions\/3942"}],"wp:attachment":[{"href":"https:\/\/hyperbate.fr\/castagne\/wp-json\/wp\/v2\/media?parent=3891"}],"wp:term":[{"taxonomy":"category","embeddable":true,"href":"https:\/\/hyperbate.fr\/castagne\/wp-json\/wp\/v2\/categories?post=3891"},{"taxonomy":"post_tag","embeddable":true,"href":"https:\/\/hyperbate.fr\/castagne\/wp-json\/wp\/v2\/tags?post=3891"}],"curies":[{"name":"wp","href":"https:\/\/api.w.org\/{rel}","templated":true}]}}